{"id":10000,"date":"2023-10-09T08:25:18","date_gmt":"2023-10-09T11:25:18","guid":{"rendered":"https:\/\/brasilnoticias.org\/site\/?p=10000"},"modified":"2023-10-08T18:26:58","modified_gmt":"2023-10-08T21:26:58","slug":"jequie-recebe-unidade-de-oncologia-com-atendimentos-de-alta-complexidade-investimento-e-de-r-11-milhao","status":"publish","type":"post","link":"https:\/\/brasilnoticias.org\/site\/jequie-recebe-unidade-de-oncologia-com-atendimentos-de-alta-complexidade-investimento-e-de-r-11-milhao\/","title":{"rendered":"Jequi\u00e9 recebe unidade de oncologia com atendimentos de alta complexidade; investimento \u00e9 de R$ 1,1 milh\u00e3o"},"content":{"rendered":"<p>O sudoeste baiano passa a ter, a partir desta sexta-feira (6), mais uma unidade de alta complexidade em oncologia (Unacon), no Hospital Geral Prado Valadares (HGPV), na cidade de Jequi\u00e9. Projeto do governo estadual, a nova unidade recebeu investimento de R$ 1,1 milh\u00e3o e oferece consultas ambulatoriais e de emerg\u00eancia, exames, cirurgias e sess\u00f5es de quimioterapia. O governador Jer\u00f4nimo Rodrigues, acompanhado de secret\u00e1rios de Estado, realizou a entrega oficial do equipamento e de outras obras no munic\u00edpio.<\/p>\n<p>Jer\u00f4nimo destacou a import\u00e2ncia de poder receber o tratamento adequado. \u201cQuando algu\u00e9m recebe o diagn\u00f3stico de c\u00e2ncer, perde o ch\u00e3o, porque imagina que n\u00e3o tem mais jeito. Mas, a cura pode chegar se descobrir e tratar em tempo. Por isso, vamos trabalhar para que em cada canto da Bahia tenha esse tipo de assist\u00eancia e as pessoas n\u00e3o precisem se deslocar para fazer o tratamento\u201d, afirmou o governador.<\/p>\n<p>Para a m\u00e9dica oncologista do HGPV, Luana de Assis Cartaxo, a nova Unacon veio para fortalecer o tratamento de c\u00e2ncer em uma regi\u00e3o que \u00e9 muito carente. \u201cEssa nova unidade vai ser muito importante tanto para a popula\u00e7\u00e3o de Jequi\u00e9 quanto das cidades vizinhas, pois vai reduzir o tempo de espera para tratamento e, principalmente, o desconforto de ter que viajar para os grandes centros para poder conseguir fazer o tratamento\u201d, afirmou a m\u00e9dica.<\/p>\n<p>A unidade come\u00e7a a funcionar com 12 cadeiras de quimioterapia, duas salas de estabiliza\u00e7\u00e3o, duas de consult\u00f3rios e duas capelas para a manipula\u00e7\u00e3o dos quimioter\u00e1picos. A estrutura tamb\u00e9m atende a cirurgias oncol\u00f3gicas de mastologia, urologia, ginecologia e de aparelho digestivo. A urg\u00eancia e emerg\u00eancia oncol\u00f3gica v\u00e3o contar, ainda, com a atua\u00e7\u00e3o de m\u00e9dicos especialistas em coloproctologia, urologia, ginecologia e mastologia, al\u00e9m de atendimentos para cuidados paliativos, realiza\u00e7\u00e3o de bi\u00f3psias, tomografia, resson\u00e2ncia magn\u00e9tica, colonoscopia, endoscopia e broncoscopia. Com o novo servi\u00e7o, a Bahia passa a contar com 27 unidades especializadas desse tipo.<\/p>\n<p>A secret\u00e1ria da Sa\u00fade Roberta Santana destaca ainda a entrega de quatro leitos de sa\u00fade mental na cl\u00ednica m\u00e9dica e dois de retaguarda na emerg\u00eancia no HGPV. \u201cEstamos requalificando a sa\u00fade mental dentro dos nossos hospitais de emerg\u00eancia e de urg\u00eancia, que \u00e9 onde deve ser tratada. Segundo a titular da Sesab, foram disponibilizados quatro leitos de sa\u00fade mental, mas est\u00e1 em estudo a \u00e1rea onde funcionava o antigo hospital psiqui\u00e1trico e desenvolvido projeto para poder tratar, de forma integral, dentro da cl\u00ednica m\u00e9dica, a sa\u00fade mental dos assistidos, como manda a nova pol\u00edtica antimanicomial.<\/p>\n<p>Na oportunidade, tamb\u00e9m foi autorizada a abertura de licita\u00e7\u00e3o para a reforma da recep\u00e7\u00e3o principal do hospital e das enfermarias. No local, est\u00e1 sendo planejada a estrutura\u00e7\u00e3o de um servi\u00e7o de hemodin\u00e2mica para diagn\u00f3stico de doen\u00e7as e condi\u00e7\u00f5es que afetam o sistema circulat\u00f3rio, como aneurismas. A unidade vai oferecer tratamentos como angioplastia coron\u00e1ria, angioplastia das art\u00e9rias dos membros, angioplastia das art\u00e9rias car\u00f3tidas (perif\u00e9ricas) e tratamento endovascular de aneurisma e art\u00e9rias cerebrais. Ser\u00e3o destinados R$ 14 milh\u00f5es para atender as demandas relacionadas aos diagn\u00f3sticos.<\/p>\n<p>O hospital, que j\u00e1 conta com servi\u00e7o ambulatorial, ter\u00e1 um ganho de mais consult\u00f3rios, sala de raio-x e de procedimentos e outros cuidados, com a assinatura para a constru\u00e7\u00e3o imediata do novo ambulat\u00f3rio. No espa\u00e7o, tamb\u00e9m ser\u00e1 constru\u00eddo um Centro de Ensino e Pesquisa.<\/p>\n<p>Qualidade de vida<\/p>\n<p>Ainda em Jequi\u00e9, o governador Jer\u00f4nimo Rodrigues tamb\u00e9m entregou a pavimenta\u00e7\u00e3o, terraplenagem e drenagem das ruas do bairro Joaquim Rom\u00e3o e a requalifica\u00e7\u00e3o de ruas do entorno e a recupera\u00e7\u00e3o da ponte Teodoro Sampaio sobre o Rio de Contas. As obras, executadas pela Companhia de Desenvolvimento Urbano do Estado da Bahia (Conder), somam um aporte de quase R$ 5 milh\u00f5es em infraestrutura por parte do Governo da Bahia.<\/p>\n<p>Na ocasi\u00e3o, os munic\u00edpios de Jequi\u00e9, Ipia\u00fa e Marac\u00e1s foram beneficiados ainda com a entrega da restaura\u00e7\u00e3o e sinaliza\u00e7\u00e3o do sistema vi\u00e1rio do Centro Industrial de Jequi\u00e9, que tamb\u00e9m recebeu drenagem e pavimenta\u00e7\u00e3o. Foram investidos R$ 9,5 milh\u00f5es.<\/p>\n<p>Foto: Mateus Pereira\/GOVBA<br \/>\nRep\u00f3rter: Milena Fahel\/GOVBA<\/p>\n","protected":false},"excerpt":{"rendered":"<p>O sudoeste baiano passa a ter, a partir desta sexta-feira (6), mais uma unidade de alta complexidade em oncologia (Unacon),<\/p>\n","protected":false},"author":4,"featured_media":10001,"comment_status":"open","ping_status":"open","sticky":false,"template":"","format":"standard","meta":{"colormag_page_container_layout":"default_layout","colormag_page_sidebar_layout":"default_layout","_FSMCFIC_featured_image_caption":"","_FSMCFIC_featured_image_nocaption":"","_FSMCFIC_featured_image_hide":"","footnotes":""},"categories":[2,1],"tags":[],"class_list":["post-10000","post","type-post","status-publish","format-standard","has-post-thumbnail","hentry","category-noticias","category-ultimas"],"yoast_head":"<!-- This site is optimized with the Yoast SEO plugin v27.1.1 - https:\/\/yoast.com\/product\/yoast-seo-wordpress\/ -->\n<title>Jequi\u00e9 recebe unidade de oncologia com atendimentos de alta complexidade; investimento \u00e9 de R$ 1,1 milh\u00e3o - Brasil not\u00edcias<\/title>\n<meta name=\"robots\" content=\"index, follow, max-snippet:-1, max-image-preview:large, max-video-preview:-1\" \/>\n<link rel=\"canonical\" href=\"https:\/\/brasilnoticias.org\/site\/jequie-recebe-unidade-de-oncologia-com-atendimentos-de-alta-complexidade-investimento-e-de-r-11-milhao\/\" \/>\n<meta property=\"og:locale\" content=\"pt_PT\" \/>\n<meta property=\"og:type\" content=\"article\" \/>\n<meta property=\"og:title\" content=\"Jequi\u00e9 recebe unidade de oncologia com atendimentos de alta complexidade; investimento \u00e9 de R$ 1,1 milh\u00e3o - Brasil not\u00edcias\" \/>\n<meta property=\"og:description\" content=\"O sudoeste baiano passa a ter, a partir desta sexta-feira (6), mais uma unidade de alta complexidade em oncologia (Unacon),\" \/>\n<meta property=\"og:url\" content=\"https:\/\/brasilnoticias.org\/site\/jequie-recebe-unidade-de-oncologia-com-atendimentos-de-alta-complexidade-investimento-e-de-r-11-milhao\/\" \/>\n<meta property=\"og:site_name\" content=\"Brasil not\u00edcias\" \/>\n<meta property=\"article:published_time\" content=\"2023-10-09T11:25:18+00:00\" \/>\n<meta property=\"og:image\" content=\"https:\/\/brasilnoticias.org\/site\/wp-content\/uploads\/2023\/10\/hospital-geral-prado-valadares-Foto-Mateus-Pereira-4-1068x609-1.jpeg\" \/>\n\t<meta property=\"og:image:width\" content=\"1068\" \/>\n\t<meta property=\"og:image:height\" content=\"609\" \/>\n\t<meta property=\"og:image:type\" content=\"image\/jpeg\" \/>\n<meta name=\"author\" content=\"Reda\u00e7\u00e3o\" \/>\n<meta name=\"twitter:card\" content=\"summary_large_image\" \/>\n<meta name=\"twitter:label1\" content=\"Escrito por\" \/>\n\t<meta name=\"twitter:data1\" content=\"Reda\u00e7\u00e3o\" \/>\n<script type=\"application\/ld+json\" class=\"yoast-schema-graph\">{\"@context\":\"https:\/\/schema.org\",\"@graph\":[{\"@type\":\"Article\",\"@id\":\"https:\/\/brasilnoticias.org\/site\/jequie-recebe-unidade-de-oncologia-com-atendimentos-de-alta-complexidade-investimento-e-de-r-11-milhao\/#article\",\"isPartOf\":{\"@id\":\"https:\/\/brasilnoticias.org\/site\/jequie-recebe-unidade-de-oncologia-com-atendimentos-de-alta-complexidade-investimento-e-de-r-11-milhao\/\"},\"author\":{\"name\":\"Reda\u00e7\u00e3o\",\"@id\":\"https:\/\/brasilnoticias.org\/site\/#\/schema\/person\/03bbbfe6c7634ad18c26444ea39049fa\"},\"headline\":\"Jequi\u00e9 recebe unidade de oncologia com atendimentos de alta complexidade; investimento \u00e9 de R$ 1,1 milh\u00e3o\",\"datePublished\":\"2023-10-09T11:25:18+00:00\",\"mainEntityOfPage\":{\"@id\":\"https:\/\/brasilnoticias.org\/site\/jequie-recebe-unidade-de-oncologia-com-atendimentos-de-alta-complexidade-investimento-e-de-r-11-milhao\/\"},\"wordCount\":752,\"commentCount\":0,\"publisher\":{\"@id\":\"https:\/\/brasilnoticias.org\/site\/#organization\"},\"image\":{\"@id\":\"https:\/\/brasilnoticias.org\/site\/jequie-recebe-unidade-de-oncologia-com-atendimentos-de-alta-complexidade-investimento-e-de-r-11-milhao\/#primaryimage\"},\"thumbnailUrl\":\"https:\/\/brasilnoticias.org\/site\/wp-content\/uploads\/2023\/10\/hospital-geral-prado-valadares-Foto-Mateus-Pereira-4-1068x609-1.jpeg\",\"articleSection\":[\"Not\u00edcias\",\"\u00daltimas\"],\"inLanguage\":\"pt-PT\",\"potentialAction\":[{\"@type\":\"CommentAction\",\"name\":\"Comment\",\"target\":[\"https:\/\/brasilnoticias.org\/site\/jequie-recebe-unidade-de-oncologia-com-atendimentos-de-alta-complexidade-investimento-e-de-r-11-milhao\/#respond\"]}]},{\"@type\":\"WebPage\",\"@id\":\"https:\/\/brasilnoticias.org\/site\/jequie-recebe-unidade-de-oncologia-com-atendimentos-de-alta-complexidade-investimento-e-de-r-11-milhao\/\",\"url\":\"https:\/\/brasilnoticias.org\/site\/jequie-recebe-unidade-de-oncologia-com-atendimentos-de-alta-complexidade-investimento-e-de-r-11-milhao\/\",\"name\":\"Jequi\u00e9 recebe unidade de oncologia com atendimentos de alta complexidade; investimento \u00e9 de R$ 1,1 milh\u00e3o - Brasil not\u00edcias\",\"isPartOf\":{\"@id\":\"https:\/\/brasilnoticias.org\/site\/#website\"},\"primaryImageOfPage\":{\"@id\":\"https:\/\/brasilnoticias.org\/site\/jequie-recebe-unidade-de-oncologia-com-atendimentos-de-alta-complexidade-investimento-e-de-r-11-milhao\/#primaryimage\"},\"image\":{\"@id\":\"https:\/\/brasilnoticias.org\/site\/jequie-recebe-unidade-de-oncologia-com-atendimentos-de-alta-complexidade-investimento-e-de-r-11-milhao\/#primaryimage\"},\"thumbnailUrl\":\"https:\/\/brasilnoticias.org\/site\/wp-content\/uploads\/2023\/10\/hospital-geral-prado-valadares-Foto-Mateus-Pereira-4-1068x609-1.jpeg\",\"datePublished\":\"2023-10-09T11:25:18+00:00\",\"breadcrumb\":{\"@id\":\"https:\/\/brasilnoticias.org\/site\/jequie-recebe-unidade-de-oncologia-com-atendimentos-de-alta-complexidade-investimento-e-de-r-11-milhao\/#breadcrumb\"},\"inLanguage\":\"pt-PT\",\"potentialAction\":[{\"@type\":\"ReadAction\",\"target\":[\"https:\/\/brasilnoticias.org\/site\/jequie-recebe-unidade-de-oncologia-com-atendimentos-de-alta-complexidade-investimento-e-de-r-11-milhao\/\"]}]},{\"@type\":\"ImageObject\",\"inLanguage\":\"pt-PT\",\"@id\":\"https:\/\/brasilnoticias.org\/site\/jequie-recebe-unidade-de-oncologia-com-atendimentos-de-alta-complexidade-investimento-e-de-r-11-milhao\/#primaryimage\",\"url\":\"https:\/\/brasilnoticias.org\/site\/wp-content\/uploads\/2023\/10\/hospital-geral-prado-valadares-Foto-Mateus-Pereira-4-1068x609-1.jpeg\",\"contentUrl\":\"https:\/\/brasilnoticias.org\/site\/wp-content\/uploads\/2023\/10\/hospital-geral-prado-valadares-Foto-Mateus-Pereira-4-1068x609-1.jpeg\",\"width\":1068,\"height\":609},{\"@type\":\"BreadcrumbList\",\"@id\":\"https:\/\/brasilnoticias.org\/site\/jequie-recebe-unidade-de-oncologia-com-atendimentos-de-alta-complexidade-investimento-e-de-r-11-milhao\/#breadcrumb\",\"itemListElement\":[{\"@type\":\"ListItem\",\"position\":1,\"name\":\"In\u00edcio\",\"item\":\"https:\/\/brasilnoticias.org\/site\/\"},{\"@type\":\"ListItem\",\"position\":2,\"name\":\"Jequi\u00e9 recebe unidade de oncologia com atendimentos de alta complexidade; investimento \u00e9 de R$ 1,1 milh\u00e3o\"}]},{\"@type\":\"WebSite\",\"@id\":\"https:\/\/brasilnoticias.org\/site\/#website\",\"url\":\"https:\/\/brasilnoticias.org\/site\/\",\"name\":\"Brasil not\u00edcias\",\"description\":\"Brasil not\u00edcias\",\"publisher\":{\"@id\":\"https:\/\/brasilnoticias.org\/site\/#organization\"},\"potentialAction\":[{\"@type\":\"SearchAction\",\"target\":{\"@type\":\"EntryPoint\",\"urlTemplate\":\"https:\/\/brasilnoticias.org\/site\/?s={search_term_string}\"},\"query-input\":{\"@type\":\"PropertyValueSpecification\",\"valueRequired\":true,\"valueName\":\"search_term_string\"}}],\"inLanguage\":\"pt-PT\"},{\"@type\":\"Organization\",\"@id\":\"https:\/\/brasilnoticias.org\/site\/#organization\",\"name\":\"Brasil not\u00edcias\",\"url\":\"https:\/\/brasilnoticias.org\/site\/\",\"logo\":{\"@type\":\"ImageObject\",\"inLanguage\":\"pt-PT\",\"@id\":\"https:\/\/brasilnoticias.org\/site\/#\/schema\/logo\/image\/\",\"url\":\"https:\/\/brasilnoticias.org\/site\/wp-content\/uploads\/2022\/05\/cropped-brasilnoticias-mini.jpg\",\"contentUrl\":\"https:\/\/brasilnoticias.org\/site\/wp-content\/uploads\/2022\/05\/cropped-brasilnoticias-mini.jpg\",\"width\":314,\"height\":86,\"caption\":\"Brasil not\u00edcias\"},\"image\":{\"@id\":\"https:\/\/brasilnoticias.org\/site\/#\/schema\/logo\/image\/\"}},{\"@type\":\"Person\",\"@id\":\"https:\/\/brasilnoticias.org\/site\/#\/schema\/person\/03bbbfe6c7634ad18c26444ea39049fa\",\"name\":\"Reda\u00e7\u00e3o\",\"image\":{\"@type\":\"ImageObject\",\"inLanguage\":\"pt-PT\",\"@id\":\"https:\/\/brasilnoticias.org\/site\/#\/schema\/person\/image\/\",\"url\":\"https:\/\/secure.gravatar.com\/avatar\/9ecaf7327a696cb23ad926fedded5f1f04d7049de9e445375d55b48c001a6e42?s=96&d=mm&r=g\",\"contentUrl\":\"https:\/\/secure.gravatar.com\/avatar\/9ecaf7327a696cb23ad926fedded5f1f04d7049de9e445375d55b48c001a6e42?s=96&d=mm&r=g\",\"caption\":\"Reda\u00e7\u00e3o\"},\"url\":\"https:\/\/brasilnoticias.org\/site\/author\/henrique\/\"}]}<\/script>\n<!-- \/ Yoast SEO plugin. -->","yoast_head_json":{"title":"Jequi\u00e9 recebe unidade de oncologia com atendimentos de alta complexidade; investimento \u00e9 de R$ 1,1 milh\u00e3o - Brasil not\u00edcias","robots":{"index":"index","follow":"follow","max-snippet":"max-snippet:-1","max-image-preview":"max-image-preview:large","max-video-preview":"max-video-preview:-1"},"canonical":"https:\/\/brasilnoticias.org\/site\/jequie-recebe-unidade-de-oncologia-com-atendimentos-de-alta-complexidade-investimento-e-de-r-11-milhao\/","og_locale":"pt_PT","og_type":"article","og_title":"Jequi\u00e9 recebe unidade de oncologia com atendimentos de alta complexidade; investimento \u00e9 de R$ 1,1 milh\u00e3o - Brasil not\u00edcias","og_description":"O sudoeste baiano passa a ter, a partir desta sexta-feira (6), mais uma unidade de alta complexidade em oncologia (Unacon),","og_url":"https:\/\/brasilnoticias.org\/site\/jequie-recebe-unidade-de-oncologia-com-atendimentos-de-alta-complexidade-investimento-e-de-r-11-milhao\/","og_site_name":"Brasil not\u00edcias","article_published_time":"2023-10-09T11:25:18+00:00","og_image":[{"width":1068,"height":609,"url":"https:\/\/brasilnoticias.org\/site\/wp-content\/uploads\/2023\/10\/hospital-geral-prado-valadares-Foto-Mateus-Pereira-4-1068x609-1.jpeg","type":"image\/jpeg"}],"author":"Reda\u00e7\u00e3o","twitter_card":"summary_large_image","twitter_misc":{"Escrito por":"Reda\u00e7\u00e3o"},"schema":{"@context":"https:\/\/schema.org","@graph":[{"@type":"Article","@id":"https:\/\/brasilnoticias.org\/site\/jequie-recebe-unidade-de-oncologia-com-atendimentos-de-alta-complexidade-investimento-e-de-r-11-milhao\/#article","isPartOf":{"@id":"https:\/\/brasilnoticias.org\/site\/jequie-recebe-unidade-de-oncologia-com-atendimentos-de-alta-complexidade-investimento-e-de-r-11-milhao\/"},"author":{"name":"Reda\u00e7\u00e3o","@id":"https:\/\/brasilnoticias.org\/site\/#\/schema\/person\/03bbbfe6c7634ad18c26444ea39049fa"},"headline":"Jequi\u00e9 recebe unidade de oncologia com atendimentos de alta complexidade; investimento \u00e9 de R$ 1,1 milh\u00e3o","datePublished":"2023-10-09T11:25:18+00:00","mainEntityOfPage":{"@id":"https:\/\/brasilnoticias.org\/site\/jequie-recebe-unidade-de-oncologia-com-atendimentos-de-alta-complexidade-investimento-e-de-r-11-milhao\/"},"wordCount":752,"commentCount":0,"publisher":{"@id":"https:\/\/brasilnoticias.org\/site\/#organization"},"image":{"@id":"https:\/\/brasilnoticias.org\/site\/jequie-recebe-unidade-de-oncologia-com-atendimentos-de-alta-complexidade-investimento-e-de-r-11-milhao\/#primaryimage"},"thumbnailUrl":"https:\/\/brasilnoticias.org\/site\/wp-content\/uploads\/2023\/10\/hospital-geral-prado-valadares-Foto-Mateus-Pereira-4-1068x609-1.jpeg","articleSection":["Not\u00edcias","\u00daltimas"],"inLanguage":"pt-PT","potentialAction":[{"@type":"CommentAction","name":"Comment","target":["https:\/\/brasilnoticias.org\/site\/jequie-recebe-unidade-de-oncologia-com-atendimentos-de-alta-complexidade-investimento-e-de-r-11-milhao\/#respond"]}]},{"@type":"WebPage","@id":"https:\/\/brasilnoticias.org\/site\/jequie-recebe-unidade-de-oncologia-com-atendimentos-de-alta-complexidade-investimento-e-de-r-11-milhao\/","url":"https:\/\/brasilnoticias.org\/site\/jequie-recebe-unidade-de-oncologia-com-atendimentos-de-alta-complexidade-investimento-e-de-r-11-milhao\/","name":"Jequi\u00e9 recebe unidade de oncologia com atendimentos de alta complexidade; investimento \u00e9 de R$ 1,1 milh\u00e3o - Brasil not\u00edcias","isPartOf":{"@id":"https:\/\/brasilnoticias.org\/site\/#website"},"primaryImageOfPage":{"@id":"https:\/\/brasilnoticias.org\/site\/jequie-recebe-unidade-de-oncologia-com-atendimentos-de-alta-complexidade-investimento-e-de-r-11-milhao\/#primaryimage"},"image":{"@id":"https:\/\/brasilnoticias.org\/site\/jequie-recebe-unidade-de-oncologia-com-atendimentos-de-alta-complexidade-investimento-e-de-r-11-milhao\/#primaryimage"},"thumbnailUrl":"https:\/\/brasilnoticias.org\/site\/wp-content\/uploads\/2023\/10\/hospital-geral-prado-valadares-Foto-Mateus-Pereira-4-1068x609-1.jpeg","datePublished":"2023-10-09T11:25:18+00:00","breadcrumb":{"@id":"https:\/\/brasilnoticias.org\/site\/jequie-recebe-unidade-de-oncologia-com-atendimentos-de-alta-complexidade-investimento-e-de-r-11-milhao\/#breadcrumb"},"inLanguage":"pt-PT","potentialAction":[{"@type":"ReadAction","target":["https:\/\/brasilnoticias.org\/site\/jequie-recebe-unidade-de-oncologia-com-atendimentos-de-alta-complexidade-investimento-e-de-r-11-milhao\/"]}]},{"@type":"ImageObject","inLanguage":"pt-PT","@id":"https:\/\/brasilnoticias.org\/site\/jequie-recebe-unidade-de-oncologia-com-atendimentos-de-alta-complexidade-investimento-e-de-r-11-milhao\/#primaryimage","url":"https:\/\/brasilnoticias.org\/site\/wp-content\/uploads\/2023\/10\/hospital-geral-prado-valadares-Foto-Mateus-Pereira-4-1068x609-1.jpeg","contentUrl":"https:\/\/brasilnoticias.org\/site\/wp-content\/uploads\/2023\/10\/hospital-geral-prado-valadares-Foto-Mateus-Pereira-4-1068x609-1.jpeg","width":1068,"height":609},{"@type":"BreadcrumbList","@id":"https:\/\/brasilnoticias.org\/site\/jequie-recebe-unidade-de-oncologia-com-atendimentos-de-alta-complexidade-investimento-e-de-r-11-milhao\/#breadcrumb","itemListElement":[{"@type":"ListItem","position":1,"name":"In\u00edcio","item":"https:\/\/brasilnoticias.org\/site\/"},{"@type":"ListItem","position":2,"name":"Jequi\u00e9 recebe unidade de oncologia com atendimentos de alta complexidade; investimento \u00e9 de R$ 1,1 milh\u00e3o"}]},{"@type":"WebSite","@id":"https:\/\/brasilnoticias.org\/site\/#website","url":"https:\/\/brasilnoticias.org\/site\/","name":"Brasil not\u00edcias","description":"Brasil not\u00edcias","publisher":{"@id":"https:\/\/brasilnoticias.org\/site\/#organization"},"potentialAction":[{"@type":"SearchAction","target":{"@type":"EntryPoint","urlTemplate":"https:\/\/brasilnoticias.org\/site\/?s={search_term_string}"},"query-input":{"@type":"PropertyValueSpecification","valueRequired":true,"valueName":"search_term_string"}}],"inLanguage":"pt-PT"},{"@type":"Organization","@id":"https:\/\/brasilnoticias.org\/site\/#organization","name":"Brasil not\u00edcias","url":"https:\/\/brasilnoticias.org\/site\/","logo":{"@type":"ImageObject","inLanguage":"pt-PT","@id":"https:\/\/brasilnoticias.org\/site\/#\/schema\/logo\/image\/","url":"https:\/\/brasilnoticias.org\/site\/wp-content\/uploads\/2022\/05\/cropped-brasilnoticias-mini.jpg","contentUrl":"https:\/\/brasilnoticias.org\/site\/wp-content\/uploads\/2022\/05\/cropped-brasilnoticias-mini.jpg","width":314,"height":86,"caption":"Brasil not\u00edcias"},"image":{"@id":"https:\/\/brasilnoticias.org\/site\/#\/schema\/logo\/image\/"}},{"@type":"Person","@id":"https:\/\/brasilnoticias.org\/site\/#\/schema\/person\/03bbbfe6c7634ad18c26444ea39049fa","name":"Reda\u00e7\u00e3o","image":{"@type":"ImageObject","inLanguage":"pt-PT","@id":"https:\/\/brasilnoticias.org\/site\/#\/schema\/person\/image\/","url":"https:\/\/secure.gravatar.com\/avatar\/9ecaf7327a696cb23ad926fedded5f1f04d7049de9e445375d55b48c001a6e42?s=96&d=mm&r=g","contentUrl":"https:\/\/secure.gravatar.com\/avatar\/9ecaf7327a696cb23ad926fedded5f1f04d7049de9e445375d55b48c001a6e42?s=96&d=mm&r=g","caption":"Reda\u00e7\u00e3o"},"url":"https:\/\/brasilnoticias.org\/site\/author\/henrique\/"}]}},"_links":{"self":[{"href":"https:\/\/brasilnoticias.org\/site\/wp-json\/wp\/v2\/posts\/10000","targetHints":{"allow":["GET"]}}],"collection":[{"href":"https:\/\/brasilnoticias.org\/site\/wp-json\/wp\/v2\/posts"}],"about":[{"href":"https:\/\/brasilnoticias.org\/site\/wp-json\/wp\/v2\/types\/post"}],"author":[{"embeddable":true,"href":"https:\/\/brasilnoticias.org\/site\/wp-json\/wp\/v2\/users\/4"}],"replies":[{"embeddable":true,"href":"https:\/\/brasilnoticias.org\/site\/wp-json\/wp\/v2\/comments?post=10000"}],"version-history":[{"count":1,"href":"https:\/\/brasilnoticias.org\/site\/wp-json\/wp\/v2\/posts\/10000\/revisions"}],"predecessor-version":[{"id":10002,"href":"https:\/\/brasilnoticias.org\/site\/wp-json\/wp\/v2\/posts\/10000\/revisions\/10002"}],"wp:featuredmedia":[{"embeddable":true,"href":"https:\/\/brasilnoticias.org\/site\/wp-json\/wp\/v2\/media\/10001"}],"wp:attachment":[{"href":"https:\/\/brasilnoticias.org\/site\/wp-json\/wp\/v2\/media?parent=10000"}],"wp:term":[{"taxonomy":"category","embeddable":true,"href":"https:\/\/brasilnoticias.org\/site\/wp-json\/wp\/v2\/categories?post=10000"},{"taxonomy":"post_tag","embeddable":true,"href":"https:\/\/brasilnoticias.org\/site\/wp-json\/wp\/v2\/tags?post=10000"}],"curies":[{"name":"wp","href":"https:\/\/api.w.org\/{rel}","templated":true}]}}