{"id":10003,"date":"2023-10-09T09:00:02","date_gmt":"2023-10-09T12:00:02","guid":{"rendered":"https:\/\/brasilnoticias.org\/site\/?p=10003"},"modified":"2023-10-08T18:28:18","modified_gmt":"2023-10-08T21:28:18","slug":"bahia-e-referencia-em-geracao-de-emprego-com-5-mil-novos-postos-de-trabalho-e-projetos-do-governo-do-estado-para-qualificacao-de-mao-de-obra","status":"publish","type":"post","link":"https:\/\/brasilnoticias.org\/site\/bahia-e-referencia-em-geracao-de-emprego-com-5-mil-novos-postos-de-trabalho-e-projetos-do-governo-do-estado-para-qualificacao-de-mao-de-obra\/","title":{"rendered":"Bahia \u00e9 refer\u00eancia em gera\u00e7\u00e3o de emprego, com 5 mil novos postos de trabalho e projetos do Governo do Estado para qualifica\u00e7\u00e3o de m\u00e3o de obra"},"content":{"rendered":"<p>De janeiro a setembro deste ano, 49 novos empreendimentos foram implantados na Bahia, gerando R$ 3,96 bilh\u00f5es em investimentos e 5 mil empregos. A previs\u00e3o \u00e9 de que, nos pr\u00f3ximos anos, sejam gerados 34,5 mil empregos, a partir de 380 empreendimentos, que foram ou est\u00e3o sendo instalados ou ampliados no estado, com aporte de R$ 127 bilh\u00f5es para o incremento da economia baiana. Os n\u00fameros refletem estrat\u00e9gias desenvolvidas pelo Governo do Estado para a instala\u00e7\u00e3o de empreendimentos, como ocorre com a chinesa BYD e empresas dos ramos de energia e\u00f3lica e de minera\u00e7\u00e3o. <\/p>\n<p>O secret\u00e1rio de Desenvolvimento Econ\u00f4mico, \u00c2ngelo Almeida, enfatiza que as empresas t\u00eam sinalizado positivamente aos esfor\u00e7os do Governo do Estado, validando a instala\u00e7\u00e3o de novos neg\u00f3cios na Bahia ao considerar o ecossistema que envolve importantes atrativos, que norteiam decis\u00f5es de investimentos de empresas globais. \u201cRecentemente, n\u00f3s tivemos a inaugura\u00e7\u00e3o de um parque e\u00f3lico, sob o comando da AES Brasil, empresa l\u00edder na produ\u00e7\u00e3o de energia limpa e que conta com o diferencial de ter mulheres atuando em toda sua linha de produ\u00e7\u00e3o\u201d, comenta o titular da pasta.<\/p>\n<p>O Complexo E\u00f3lico de Tucano, operado 100% por mulheres, com investimento de R$ 1,5 bilh\u00e3o, integra um dos 23 ativos que a AES Brasil mant\u00e9m em sete estados brasileiros, nas fontes e\u00f3lica, solar e h\u00eddrica, e \u00e9 o primeiro complexo e\u00f3lico constru\u00eddo pela empresa no pa\u00eds. A coordenadora de usina e\u00f3lica da EAS Brasil, Juliana Oliveira, fala sobre sua surpresa em comandar uma equipe exclusivamente feminina: \u201cparticipar e ser l\u00edder de uma equipe 100% feminina \u00e9 uma honra e um grande desafio, porque, hoje, a gente tem um papel tanto de transformar a energia em energia limpa, promovendo um mundo melhor, de inspirar outras mulheres a entrarem no setor el\u00e9trico e participar dessa mudan\u00e7a social e energ\u00e9tica\u201d.<\/p>\n<p>Dentre os estados brasileiros, a Bahia \u00e9 o sexto com melhor saldo na gera\u00e7\u00e3o de empregos, este ano. Os postos de trabalho celetista avan\u00e7aram em todos os setores da economia, com destaque para o segmento de servi\u00e7os, que gerou 5.027 novas vagas. Em segundo lugar, o setor que re\u00fane a produ\u00e7\u00e3o de agricultura, pecu\u00e1ria, florestal, pesca e aquicultura foi o segundo que mais empregou, com mais de 1990 novos empregados. Os setores do com\u00e9rcio, ind\u00fastria geral e constru\u00e7\u00e3o tamb\u00e9m foram respons\u00e1veis pelo avan\u00e7o na gera\u00e7\u00e3o de novos postos de trabalho.<\/p>\n<p>O secret\u00e1rio de Desenvolvimento Econ\u00f4mico destaca, ainda, que a instala\u00e7\u00e3o de um empreendimento gera outros empregos indiretos. \u201cQuando a BYD, que \u00e9 a maior fabricante de carro el\u00e9trico do mundo, sai do seu territ\u00f3rio e escolhe a Bahia, ela traz cerca de cinco mil empregos diretos, mas as empresas sistemistas v\u00eam com ela, e, com estas, podemos atingir at\u00e9 cinquenta mil empregos diretos e indiretos\u201d, enfatizou \u00c2ngelo Almeida. <\/p>\n<p>A pedra fundamental para instala\u00e7\u00e3o de tr\u00eas f\u00e1bricas na Bahia ser\u00e1 lan\u00e7ada na pr\u00f3xima segunda-feira (9), durante evento que contar\u00e1 com a presen\u00e7a do governador Jer\u00f4nimo Rodrigues. Os investimentos priorizam, ainda, a descentraliza\u00e7\u00e3o da economia no estado, concentrando cerca de 81,5% dos empreendimentos no interior da Bahia e outros 18,4% das empresas na Regi\u00e3o Metropolitana de Salvador (RMS). <\/p>\n<p>Em paralelo ao plano para atra\u00e7\u00e3o de novos investimentos para o estado, a Secretaria do Trabalho, Emprego, Renda e Esporte (Setre) atua na estrutura\u00e7\u00e3o de projetos em prol da qualifica\u00e7\u00e3o de m\u00e3o de obra. Para contribuir com a contrata\u00e7\u00e3o de profissionais e mais oportunidades de emprego, foi institu\u00eddo o \u2018Bairro Empreendedor: Costurando Renda\u2019, que concluiu, nesta sexta-feira (6), a segunda etapa do projeto, com a forma\u00e7\u00e3o de mais 81 mulheres dos bairros da Liberdade e Paripe.<\/p>\n<p>O Instituto da Mulher Negra M\u00e3e Hilda Jitolu, no Curuzu, no bairro da Liberdade, \u00e9 uma das institui\u00e7\u00f5es parceiras do projeto, que tem o objetivo de motivar empreendimentos e gerar renda para as benefici\u00e1rias \u2013 na maioria, mulheres que n\u00e3o possuem renda fixa ou forma\u00e7\u00e3o profissional. A \u00faltima turma contou com aulas b\u00e1sicas de corte, costura e modelagem, com a professora Rita Gomes, e certificou 20 pessoas, que j\u00e1 saem com m\u00e1quinas de costura port\u00e1teis e kits alfaiate, doados pelo projeto, e prontas para colocar em pr\u00e1tica o aprendizado absorvido durante a qualifica\u00e7\u00e3o. <\/p>\n<p>Graduada em nutri\u00e7\u00e3o, Daiana Ribeiro, 41 anos, atua como arte-educadora e vem desenvolvendo o empreendedorismo. Por isso, aproveitou o curso de Corte e Costura, oferecido pelo \u2018Bairro Empreendedor\u2019, para ampliar suas possibilidades de atua\u00e7\u00e3o junto ao mercado de trabalho. Ela comercializa artigos afro e \u00e9tnicos em uma loja virtual \u2013 a Afro Afeto \u2013 e sua participa\u00e7\u00e3o no projeto trouxe novas perspectivas: \u201cvai melhorar e ajudar na economia, porque j\u00e1 t\u00ednhamos a ideia de fazer parcerias para costurar bolsas e customizar alguns produtos. Agora, que aprendi a costurar e ganhei a m\u00e1quina, eu vou poder fazer as coisas sem precisar pagar para parceiros\u201d.<\/p>\n<p>Com investimento de R$ 500 mil do Fundo de Promo\u00e7\u00e3o do Trabalho Decente (Funtrad), o Bairro Empreendedor j\u00e1 qualificou 200 mulheres em corte e costura e empreendedorismo. A primeira etapa certificou 119 mulheres residentes nos bairros do Uruguai, Sussuarana e S\u00e3o Marcos, em julho de 2023. O secret\u00e1rio do Trabalho, Emprego, Renda e Esporte, Davidson Magalh\u00e3es, destaca o poder de transforma\u00e7\u00e3o do projeto \u201c O \u2018Bairro Empreendedor\u2019 proporciona um acompanhamento que, al\u00e9m de qualificar profissionalmente, oferece suporte para a intermedia\u00e7\u00e3o de m\u00e3o de obra e incentiva o empreendedorismo por meio de pequenos neg\u00f3cios, que tamb\u00e9m movimentam a economia e a contra\u00e7\u00e3o de outros profissionais\u201d.<\/p>\n<p>O Governo do Estado tamb\u00e9m tem investido em programas de qualifica\u00e7\u00e3o social e profissional para os jovens e trabalhadores baianos, como intermedia\u00e7\u00e3o para o trabalho, seguro-desemprego, documenta\u00e7\u00e3o trabalhista e orienta\u00e7\u00e3o profissional. Um dos programas \u00e9 o \u2018Qualifica Bahia\u2019, que conta com recursos do Fundo de Combate e Erradica\u00e7\u00e3o da Pobreza (Funcep) e do Tesouro do Estado. O programa oferece cursos de forma\u00e7\u00e3o profissional em diversas \u00e1reas, de acordo com as voca\u00e7\u00f5es efetivas e potenciais dos territ\u00f3rios. <\/p>\n<p>Outro programa \u00e9 o \u2018Juventude Produtiva\u2019, que foi lan\u00e7ado recentemente com um investimento superior a R$ 8 milh\u00f5es. O programa contempla 17.040 estudantes ou egressos da rede p\u00fablica escolar, na faixa et\u00e1ria de 16 a 29 anos, oferecendo capacita\u00e7\u00e3o e orienta\u00e7\u00e3o para atividades empreendedoras e geradoras de renda. A a\u00e7\u00e3o visa impulsionar o desenvolvimento social e a autonomia econ\u00f4mica dos adolescentes e jovens baianos, estimulando a criatividade, a inova\u00e7\u00e3o e o protagonismo juvenil.<\/p>\n<p>Foto: Feij\u00e3o Almeida\/GOVBA<br \/>\nRep\u00f3rter: La\u00eds Nascimento\/GOVBA<\/p>\n","protected":false},"excerpt":{"rendered":"<p>De janeiro a setembro deste ano, 49 novos empreendimentos foram implantados na Bahia, gerando R$ 3,96 bilh\u00f5es em investimentos e<\/p>\n","protected":false},"author":4,"featured_media":10004,"comment_status":"open","ping_status":"open","sticky":false,"template":"","format":"standard","meta":{"colormag_page_container_layout":"default_layout","colormag_page_sidebar_layout":"default_layout","_FSMCFIC_featured_image_caption":"","_FSMCFIC_featured_image_nocaption":"","_FSMCFIC_featured_image_hide":"","footnotes":""},"categories":[2,1],"tags":[],"class_list":["post-10003","post","type-post","status-publish","format-standard","has-post-thumbnail","hentry","category-noticias","category-ultimas"],"yoast_head":"<!-- This site is optimized with the Yoast SEO plugin v27.1.1 - https:\/\/yoast.com\/product\/yoast-seo-wordpress\/ -->\n<title>Bahia \u00e9 refer\u00eancia em gera\u00e7\u00e3o de emprego, com 5 mil novos postos de trabalho e projetos do Governo do Estado para qualifica\u00e7\u00e3o de m\u00e3o de obra - Brasil not\u00edcias<\/title>\n<meta name=\"robots\" content=\"index, follow, max-snippet:-1, max-image-preview:large, max-video-preview:-1\" \/>\n<link rel=\"canonical\" href=\"https:\/\/brasilnoticias.org\/site\/bahia-e-referencia-em-geracao-de-emprego-com-5-mil-novos-postos-de-trabalho-e-projetos-do-governo-do-estado-para-qualificacao-de-mao-de-obra\/\" \/>\n<meta property=\"og:locale\" content=\"pt_PT\" \/>\n<meta property=\"og:type\" content=\"article\" \/>\n<meta property=\"og:title\" content=\"Bahia \u00e9 refer\u00eancia em gera\u00e7\u00e3o de emprego, com 5 mil novos postos de trabalho e projetos do Governo do Estado para qualifica\u00e7\u00e3o de m\u00e3o de obra - Brasil not\u00edcias\" \/>\n<meta property=\"og:description\" content=\"De janeiro a setembro deste ano, 49 novos empreendimentos foram implantados na Bahia, gerando R$ 3,96 bilh\u00f5es em investimentos e\" \/>\n<meta property=\"og:url\" content=\"https:\/\/brasilnoticias.org\/site\/bahia-e-referencia-em-geracao-de-emprego-com-5-mil-novos-postos-de-trabalho-e-projetos-do-governo-do-estado-para-qualificacao-de-mao-de-obra\/\" \/>\n<meta property=\"og:site_name\" content=\"Brasil not\u00edcias\" \/>\n<meta property=\"article:published_time\" content=\"2023-10-09T12:00:02+00:00\" \/>\n<meta property=\"og:image\" content=\"https:\/\/brasilnoticias.org\/site\/wp-content\/uploads\/2023\/10\/53022195256_49185919a2_k-1068x712-1.jpg\" \/>\n\t<meta property=\"og:image:width\" content=\"1068\" \/>\n\t<meta property=\"og:image:height\" content=\"712\" \/>\n\t<meta property=\"og:image:type\" content=\"image\/jpeg\" \/>\n<meta name=\"author\" content=\"Reda\u00e7\u00e3o\" \/>\n<meta name=\"twitter:card\" content=\"summary_large_image\" \/>\n<meta name=\"twitter:label1\" content=\"Escrito por\" \/>\n\t<meta name=\"twitter:data1\" content=\"Reda\u00e7\u00e3o\" \/>\n<script type=\"application\/ld+json\" class=\"yoast-schema-graph\">{\"@context\":\"https:\/\/schema.org\",\"@graph\":[{\"@type\":\"Article\",\"@id\":\"https:\/\/brasilnoticias.org\/site\/bahia-e-referencia-em-geracao-de-emprego-com-5-mil-novos-postos-de-trabalho-e-projetos-do-governo-do-estado-para-qualificacao-de-mao-de-obra\/#article\",\"isPartOf\":{\"@id\":\"https:\/\/brasilnoticias.org\/site\/bahia-e-referencia-em-geracao-de-emprego-com-5-mil-novos-postos-de-trabalho-e-projetos-do-governo-do-estado-para-qualificacao-de-mao-de-obra\/\"},\"author\":{\"name\":\"Reda\u00e7\u00e3o\",\"@id\":\"https:\/\/brasilnoticias.org\/site\/#\/schema\/person\/03bbbfe6c7634ad18c26444ea39049fa\"},\"headline\":\"Bahia \u00e9 refer\u00eancia em gera\u00e7\u00e3o de emprego, com 5 mil novos postos de trabalho e projetos do Governo do Estado para qualifica\u00e7\u00e3o de m\u00e3o de obra\",\"datePublished\":\"2023-10-09T12:00:02+00:00\",\"mainEntityOfPage\":{\"@id\":\"https:\/\/brasilnoticias.org\/site\/bahia-e-referencia-em-geracao-de-emprego-com-5-mil-novos-postos-de-trabalho-e-projetos-do-governo-do-estado-para-qualificacao-de-mao-de-obra\/\"},\"wordCount\":1153,\"commentCount\":0,\"publisher\":{\"@id\":\"https:\/\/brasilnoticias.org\/site\/#organization\"},\"image\":{\"@id\":\"https:\/\/brasilnoticias.org\/site\/bahia-e-referencia-em-geracao-de-emprego-com-5-mil-novos-postos-de-trabalho-e-projetos-do-governo-do-estado-para-qualificacao-de-mao-de-obra\/#primaryimage\"},\"thumbnailUrl\":\"https:\/\/brasilnoticias.org\/site\/wp-content\/uploads\/2023\/10\/53022195256_49185919a2_k-1068x712-1.jpg\",\"articleSection\":[\"Not\u00edcias\",\"\u00daltimas\"],\"inLanguage\":\"pt-PT\",\"potentialAction\":[{\"@type\":\"CommentAction\",\"name\":\"Comment\",\"target\":[\"https:\/\/brasilnoticias.org\/site\/bahia-e-referencia-em-geracao-de-emprego-com-5-mil-novos-postos-de-trabalho-e-projetos-do-governo-do-estado-para-qualificacao-de-mao-de-obra\/#respond\"]}]},{\"@type\":\"WebPage\",\"@id\":\"https:\/\/brasilnoticias.org\/site\/bahia-e-referencia-em-geracao-de-emprego-com-5-mil-novos-postos-de-trabalho-e-projetos-do-governo-do-estado-para-qualificacao-de-mao-de-obra\/\",\"url\":\"https:\/\/brasilnoticias.org\/site\/bahia-e-referencia-em-geracao-de-emprego-com-5-mil-novos-postos-de-trabalho-e-projetos-do-governo-do-estado-para-qualificacao-de-mao-de-obra\/\",\"name\":\"Bahia \u00e9 refer\u00eancia em gera\u00e7\u00e3o de emprego, com 5 mil novos postos de trabalho e projetos do Governo do Estado para qualifica\u00e7\u00e3o de m\u00e3o de obra - Brasil not\u00edcias\",\"isPartOf\":{\"@id\":\"https:\/\/brasilnoticias.org\/site\/#website\"},\"primaryImageOfPage\":{\"@id\":\"https:\/\/brasilnoticias.org\/site\/bahia-e-referencia-em-geracao-de-emprego-com-5-mil-novos-postos-de-trabalho-e-projetos-do-governo-do-estado-para-qualificacao-de-mao-de-obra\/#primaryimage\"},\"image\":{\"@id\":\"https:\/\/brasilnoticias.org\/site\/bahia-e-referencia-em-geracao-de-emprego-com-5-mil-novos-postos-de-trabalho-e-projetos-do-governo-do-estado-para-qualificacao-de-mao-de-obra\/#primaryimage\"},\"thumbnailUrl\":\"https:\/\/brasilnoticias.org\/site\/wp-content\/uploads\/2023\/10\/53022195256_49185919a2_k-1068x712-1.jpg\",\"datePublished\":\"2023-10-09T12:00:02+00:00\",\"breadcrumb\":{\"@id\":\"https:\/\/brasilnoticias.org\/site\/bahia-e-referencia-em-geracao-de-emprego-com-5-mil-novos-postos-de-trabalho-e-projetos-do-governo-do-estado-para-qualificacao-de-mao-de-obra\/#breadcrumb\"},\"inLanguage\":\"pt-PT\",\"potentialAction\":[{\"@type\":\"ReadAction\",\"target\":[\"https:\/\/brasilnoticias.org\/site\/bahia-e-referencia-em-geracao-de-emprego-com-5-mil-novos-postos-de-trabalho-e-projetos-do-governo-do-estado-para-qualificacao-de-mao-de-obra\/\"]}]},{\"@type\":\"ImageObject\",\"inLanguage\":\"pt-PT\",\"@id\":\"https:\/\/brasilnoticias.org\/site\/bahia-e-referencia-em-geracao-de-emprego-com-5-mil-novos-postos-de-trabalho-e-projetos-do-governo-do-estado-para-qualificacao-de-mao-de-obra\/#primaryimage\",\"url\":\"https:\/\/brasilnoticias.org\/site\/wp-content\/uploads\/2023\/10\/53022195256_49185919a2_k-1068x712-1.jpg\",\"contentUrl\":\"https:\/\/brasilnoticias.org\/site\/wp-content\/uploads\/2023\/10\/53022195256_49185919a2_k-1068x712-1.jpg\",\"width\":1068,\"height\":712},{\"@type\":\"BreadcrumbList\",\"@id\":\"https:\/\/brasilnoticias.org\/site\/bahia-e-referencia-em-geracao-de-emprego-com-5-mil-novos-postos-de-trabalho-e-projetos-do-governo-do-estado-para-qualificacao-de-mao-de-obra\/#breadcrumb\",\"itemListElement\":[{\"@type\":\"ListItem\",\"position\":1,\"name\":\"In\u00edcio\",\"item\":\"https:\/\/brasilnoticias.org\/site\/\"},{\"@type\":\"ListItem\",\"position\":2,\"name\":\"Bahia \u00e9 refer\u00eancia em gera\u00e7\u00e3o de emprego, com 5 mil novos postos de trabalho e projetos do Governo do Estado para qualifica\u00e7\u00e3o de m\u00e3o de obra\"}]},{\"@type\":\"WebSite\",\"@id\":\"https:\/\/brasilnoticias.org\/site\/#website\",\"url\":\"https:\/\/brasilnoticias.org\/site\/\",\"name\":\"Brasil not\u00edcias\",\"description\":\"Brasil not\u00edcias\",\"publisher\":{\"@id\":\"https:\/\/brasilnoticias.org\/site\/#organization\"},\"potentialAction\":[{\"@type\":\"SearchAction\",\"target\":{\"@type\":\"EntryPoint\",\"urlTemplate\":\"https:\/\/brasilnoticias.org\/site\/?s={search_term_string}\"},\"query-input\":{\"@type\":\"PropertyValueSpecification\",\"valueRequired\":true,\"valueName\":\"search_term_string\"}}],\"inLanguage\":\"pt-PT\"},{\"@type\":\"Organization\",\"@id\":\"https:\/\/brasilnoticias.org\/site\/#organization\",\"name\":\"Brasil not\u00edcias\",\"url\":\"https:\/\/brasilnoticias.org\/site\/\",\"logo\":{\"@type\":\"ImageObject\",\"inLanguage\":\"pt-PT\",\"@id\":\"https:\/\/brasilnoticias.org\/site\/#\/schema\/logo\/image\/\",\"url\":\"https:\/\/brasilnoticias.org\/site\/wp-content\/uploads\/2022\/05\/cropped-brasilnoticias-mini.jpg\",\"contentUrl\":\"https:\/\/brasilnoticias.org\/site\/wp-content\/uploads\/2022\/05\/cropped-brasilnoticias-mini.jpg\",\"width\":314,\"height\":86,\"caption\":\"Brasil not\u00edcias\"},\"image\":{\"@id\":\"https:\/\/brasilnoticias.org\/site\/#\/schema\/logo\/image\/\"}},{\"@type\":\"Person\",\"@id\":\"https:\/\/brasilnoticias.org\/site\/#\/schema\/person\/03bbbfe6c7634ad18c26444ea39049fa\",\"name\":\"Reda\u00e7\u00e3o\",\"image\":{\"@type\":\"ImageObject\",\"inLanguage\":\"pt-PT\",\"@id\":\"https:\/\/brasilnoticias.org\/site\/#\/schema\/person\/image\/\",\"url\":\"https:\/\/secure.gravatar.com\/avatar\/9ecaf7327a696cb23ad926fedded5f1f04d7049de9e445375d55b48c001a6e42?s=96&d=mm&r=g\",\"contentUrl\":\"https:\/\/secure.gravatar.com\/avatar\/9ecaf7327a696cb23ad926fedded5f1f04d7049de9e445375d55b48c001a6e42?s=96&d=mm&r=g\",\"caption\":\"Reda\u00e7\u00e3o\"},\"url\":\"https:\/\/brasilnoticias.org\/site\/author\/henrique\/\"}]}<\/script>\n<!-- \/ Yoast SEO plugin. -->","yoast_head_json":{"title":"Bahia \u00e9 refer\u00eancia em gera\u00e7\u00e3o de emprego, com 5 mil novos postos de trabalho e projetos do Governo do Estado para qualifica\u00e7\u00e3o de m\u00e3o de obra - Brasil not\u00edcias","robots":{"index":"index","follow":"follow","max-snippet":"max-snippet:-1","max-image-preview":"max-image-preview:large","max-video-preview":"max-video-preview:-1"},"canonical":"https:\/\/brasilnoticias.org\/site\/bahia-e-referencia-em-geracao-de-emprego-com-5-mil-novos-postos-de-trabalho-e-projetos-do-governo-do-estado-para-qualificacao-de-mao-de-obra\/","og_locale":"pt_PT","og_type":"article","og_title":"Bahia \u00e9 refer\u00eancia em gera\u00e7\u00e3o de emprego, com 5 mil novos postos de trabalho e projetos do Governo do Estado para qualifica\u00e7\u00e3o de m\u00e3o de obra - Brasil not\u00edcias","og_description":"De janeiro a setembro deste ano, 49 novos empreendimentos foram implantados na Bahia, gerando R$ 3,96 bilh\u00f5es em investimentos e","og_url":"https:\/\/brasilnoticias.org\/site\/bahia-e-referencia-em-geracao-de-emprego-com-5-mil-novos-postos-de-trabalho-e-projetos-do-governo-do-estado-para-qualificacao-de-mao-de-obra\/","og_site_name":"Brasil not\u00edcias","article_published_time":"2023-10-09T12:00:02+00:00","og_image":[{"width":1068,"height":712,"url":"https:\/\/brasilnoticias.org\/site\/wp-content\/uploads\/2023\/10\/53022195256_49185919a2_k-1068x712-1.jpg","type":"image\/jpeg"}],"author":"Reda\u00e7\u00e3o","twitter_card":"summary_large_image","twitter_misc":{"Escrito por":"Reda\u00e7\u00e3o"},"schema":{"@context":"https:\/\/schema.org","@graph":[{"@type":"Article","@id":"https:\/\/brasilnoticias.org\/site\/bahia-e-referencia-em-geracao-de-emprego-com-5-mil-novos-postos-de-trabalho-e-projetos-do-governo-do-estado-para-qualificacao-de-mao-de-obra\/#article","isPartOf":{"@id":"https:\/\/brasilnoticias.org\/site\/bahia-e-referencia-em-geracao-de-emprego-com-5-mil-novos-postos-de-trabalho-e-projetos-do-governo-do-estado-para-qualificacao-de-mao-de-obra\/"},"author":{"name":"Reda\u00e7\u00e3o","@id":"https:\/\/brasilnoticias.org\/site\/#\/schema\/person\/03bbbfe6c7634ad18c26444ea39049fa"},"headline":"Bahia \u00e9 refer\u00eancia em gera\u00e7\u00e3o de emprego, com 5 mil novos postos de trabalho e projetos do Governo do Estado para qualifica\u00e7\u00e3o de m\u00e3o de obra","datePublished":"2023-10-09T12:00:02+00:00","mainEntityOfPage":{"@id":"https:\/\/brasilnoticias.org\/site\/bahia-e-referencia-em-geracao-de-emprego-com-5-mil-novos-postos-de-trabalho-e-projetos-do-governo-do-estado-para-qualificacao-de-mao-de-obra\/"},"wordCount":1153,"commentCount":0,"publisher":{"@id":"https:\/\/brasilnoticias.org\/site\/#organization"},"image":{"@id":"https:\/\/brasilnoticias.org\/site\/bahia-e-referencia-em-geracao-de-emprego-com-5-mil-novos-postos-de-trabalho-e-projetos-do-governo-do-estado-para-qualificacao-de-mao-de-obra\/#primaryimage"},"thumbnailUrl":"https:\/\/brasilnoticias.org\/site\/wp-content\/uploads\/2023\/10\/53022195256_49185919a2_k-1068x712-1.jpg","articleSection":["Not\u00edcias","\u00daltimas"],"inLanguage":"pt-PT","potentialAction":[{"@type":"CommentAction","name":"Comment","target":["https:\/\/brasilnoticias.org\/site\/bahia-e-referencia-em-geracao-de-emprego-com-5-mil-novos-postos-de-trabalho-e-projetos-do-governo-do-estado-para-qualificacao-de-mao-de-obra\/#respond"]}]},{"@type":"WebPage","@id":"https:\/\/brasilnoticias.org\/site\/bahia-e-referencia-em-geracao-de-emprego-com-5-mil-novos-postos-de-trabalho-e-projetos-do-governo-do-estado-para-qualificacao-de-mao-de-obra\/","url":"https:\/\/brasilnoticias.org\/site\/bahia-e-referencia-em-geracao-de-emprego-com-5-mil-novos-postos-de-trabalho-e-projetos-do-governo-do-estado-para-qualificacao-de-mao-de-obra\/","name":"Bahia \u00e9 refer\u00eancia em gera\u00e7\u00e3o de emprego, com 5 mil novos postos de trabalho e projetos do Governo do Estado para qualifica\u00e7\u00e3o de m\u00e3o de obra - Brasil not\u00edcias","isPartOf":{"@id":"https:\/\/brasilnoticias.org\/site\/#website"},"primaryImageOfPage":{"@id":"https:\/\/brasilnoticias.org\/site\/bahia-e-referencia-em-geracao-de-emprego-com-5-mil-novos-postos-de-trabalho-e-projetos-do-governo-do-estado-para-qualificacao-de-mao-de-obra\/#primaryimage"},"image":{"@id":"https:\/\/brasilnoticias.org\/site\/bahia-e-referencia-em-geracao-de-emprego-com-5-mil-novos-postos-de-trabalho-e-projetos-do-governo-do-estado-para-qualificacao-de-mao-de-obra\/#primaryimage"},"thumbnailUrl":"https:\/\/brasilnoticias.org\/site\/wp-content\/uploads\/2023\/10\/53022195256_49185919a2_k-1068x712-1.jpg","datePublished":"2023-10-09T12:00:02+00:00","breadcrumb":{"@id":"https:\/\/brasilnoticias.org\/site\/bahia-e-referencia-em-geracao-de-emprego-com-5-mil-novos-postos-de-trabalho-e-projetos-do-governo-do-estado-para-qualificacao-de-mao-de-obra\/#breadcrumb"},"inLanguage":"pt-PT","potentialAction":[{"@type":"ReadAction","target":["https:\/\/brasilnoticias.org\/site\/bahia-e-referencia-em-geracao-de-emprego-com-5-mil-novos-postos-de-trabalho-e-projetos-do-governo-do-estado-para-qualificacao-de-mao-de-obra\/"]}]},{"@type":"ImageObject","inLanguage":"pt-PT","@id":"https:\/\/brasilnoticias.org\/site\/bahia-e-referencia-em-geracao-de-emprego-com-5-mil-novos-postos-de-trabalho-e-projetos-do-governo-do-estado-para-qualificacao-de-mao-de-obra\/#primaryimage","url":"https:\/\/brasilnoticias.org\/site\/wp-content\/uploads\/2023\/10\/53022195256_49185919a2_k-1068x712-1.jpg","contentUrl":"https:\/\/brasilnoticias.org\/site\/wp-content\/uploads\/2023\/10\/53022195256_49185919a2_k-1068x712-1.jpg","width":1068,"height":712},{"@type":"BreadcrumbList","@id":"https:\/\/brasilnoticias.org\/site\/bahia-e-referencia-em-geracao-de-emprego-com-5-mil-novos-postos-de-trabalho-e-projetos-do-governo-do-estado-para-qualificacao-de-mao-de-obra\/#breadcrumb","itemListElement":[{"@type":"ListItem","position":1,"name":"In\u00edcio","item":"https:\/\/brasilnoticias.org\/site\/"},{"@type":"ListItem","position":2,"name":"Bahia \u00e9 refer\u00eancia em gera\u00e7\u00e3o de emprego, com 5 mil novos postos de trabalho e projetos do Governo do Estado para qualifica\u00e7\u00e3o de m\u00e3o de obra"}]},{"@type":"WebSite","@id":"https:\/\/brasilnoticias.org\/site\/#website","url":"https:\/\/brasilnoticias.org\/site\/","name":"Brasil not\u00edcias","description":"Brasil not\u00edcias","publisher":{"@id":"https:\/\/brasilnoticias.org\/site\/#organization"},"potentialAction":[{"@type":"SearchAction","target":{"@type":"EntryPoint","urlTemplate":"https:\/\/brasilnoticias.org\/site\/?s={search_term_string}"},"query-input":{"@type":"PropertyValueSpecification","valueRequired":true,"valueName":"search_term_string"}}],"inLanguage":"pt-PT"},{"@type":"Organization","@id":"https:\/\/brasilnoticias.org\/site\/#organization","name":"Brasil not\u00edcias","url":"https:\/\/brasilnoticias.org\/site\/","logo":{"@type":"ImageObject","inLanguage":"pt-PT","@id":"https:\/\/brasilnoticias.org\/site\/#\/schema\/logo\/image\/","url":"https:\/\/brasilnoticias.org\/site\/wp-content\/uploads\/2022\/05\/cropped-brasilnoticias-mini.jpg","contentUrl":"https:\/\/brasilnoticias.org\/site\/wp-content\/uploads\/2022\/05\/cropped-brasilnoticias-mini.jpg","width":314,"height":86,"caption":"Brasil not\u00edcias"},"image":{"@id":"https:\/\/brasilnoticias.org\/site\/#\/schema\/logo\/image\/"}},{"@type":"Person","@id":"https:\/\/brasilnoticias.org\/site\/#\/schema\/person\/03bbbfe6c7634ad18c26444ea39049fa","name":"Reda\u00e7\u00e3o","image":{"@type":"ImageObject","inLanguage":"pt-PT","@id":"https:\/\/brasilnoticias.org\/site\/#\/schema\/person\/image\/","url":"https:\/\/secure.gravatar.com\/avatar\/9ecaf7327a696cb23ad926fedded5f1f04d7049de9e445375d55b48c001a6e42?s=96&d=mm&r=g","contentUrl":"https:\/\/secure.gravatar.com\/avatar\/9ecaf7327a696cb23ad926fedded5f1f04d7049de9e445375d55b48c001a6e42?s=96&d=mm&r=g","caption":"Reda\u00e7\u00e3o"},"url":"https:\/\/brasilnoticias.org\/site\/author\/henrique\/"}]}},"_links":{"self":[{"href":"https:\/\/brasilnoticias.org\/site\/wp-json\/wp\/v2\/posts\/10003","targetHints":{"allow":["GET"]}}],"collection":[{"href":"https:\/\/brasilnoticias.org\/site\/wp-json\/wp\/v2\/posts"}],"about":[{"href":"https:\/\/brasilnoticias.org\/site\/wp-json\/wp\/v2\/types\/post"}],"author":[{"embeddable":true,"href":"https:\/\/brasilnoticias.org\/site\/wp-json\/wp\/v2\/users\/4"}],"replies":[{"embeddable":true,"href":"https:\/\/brasilnoticias.org\/site\/wp-json\/wp\/v2\/comments?post=10003"}],"version-history":[{"count":1,"href":"https:\/\/brasilnoticias.org\/site\/wp-json\/wp\/v2\/posts\/10003\/revisions"}],"predecessor-version":[{"id":10005,"href":"https:\/\/brasilnoticias.org\/site\/wp-json\/wp\/v2\/posts\/10003\/revisions\/10005"}],"wp:featuredmedia":[{"embeddable":true,"href":"https:\/\/brasilnoticias.org\/site\/wp-json\/wp\/v2\/media\/10004"}],"wp:attachment":[{"href":"https:\/\/brasilnoticias.org\/site\/wp-json\/wp\/v2\/media?parent=10003"}],"wp:term":[{"taxonomy":"category","embeddable":true,"href":"https:\/\/brasilnoticias.org\/site\/wp-json\/wp\/v2\/categories?post=10003"},{"taxonomy":"post_tag","embeddable":true,"href":"https:\/\/brasilnoticias.org\/site\/wp-json\/wp\/v2\/tags?post=10003"}],"curies":[{"name":"wp","href":"https:\/\/api.w.org\/{rel}","templated":true}]}}