{"id":10010,"date":"2023-10-09T15:19:10","date_gmt":"2023-10-09T18:19:10","guid":{"rendered":"https:\/\/brasilnoticias.org\/site\/?p=10010"},"modified":"2023-10-09T15:19:10","modified_gmt":"2023-10-09T18:19:10","slug":"homem-sobe-no-teto-de-estacao-de-metro-no-iguatemi-e-joga-placas-de-metal-na-pista-video","status":"publish","type":"post","link":"https:\/\/brasilnoticias.org\/site\/homem-sobe-no-teto-de-estacao-de-metro-no-iguatemi-e-joga-placas-de-metal-na-pista-video\/","title":{"rendered":"Homem sobe no teto de esta\u00e7\u00e3o de metr\u00f4 no Iguatemi e joga placas de metal na pista (v\u00eddeo)"},"content":{"rendered":"<p>Um indiv\u00edduo escalou o teto da Esta\u00e7\u00e3o de Metr\u00f4 Rodovi\u00e1ria em Salvador, onde removeu placas de metal do telhado, arremessando-as na Avenida Tancredo Neves durante a manh\u00e3 de segunda-feira, 9 de outubro. O Corpo de Bombeiros relatou que o homem estava passando por um surto, e essa a\u00e7\u00e3o tumultuosa se estendeu por aproximadamente tr\u00eas horas.<\/p>\n<p>Por quest\u00f5es de seguran\u00e7a dos motoristas, a Superintend\u00eancia de Tr\u00e2nsito do Salvador (Transalvador) fechou pelo menos tr\u00eas faixas da avenida. Equipes do Corpo de Bombeiros e da Pol\u00edcia Militar se encontram no local na tentativa de persuadir o indiv\u00edduo a descer.<\/p>\n<p>Conforme informa\u00e7\u00f5es adicionais dos Bombeiros, o homem chegou \u00e0 cena por volta das 4h e percorreu todo o comprimento do teto da esta\u00e7\u00e3o de metr\u00f4. No entanto, as autoridades n\u00e3o conseguiram estabelecer um di\u00e1logo com o homem, dada sua agita\u00e7\u00e3o. Quando os bombeiros conseguiram acessar o teto da esta\u00e7\u00e3o, o homem os atacou com socos e chutes, exigindo a interven\u00e7\u00e3o de pelo menos nove bombeiros para cont\u00ea-lo.<\/p>\n<p>Um dos bombeiros explicou: \u201cComo ele estava muito agressivo, n\u00e3o conseguimos dialogar com ele. Precisamos colocar um n\u00famero maior de pessoas l\u00e1 em cima para se aproximar e conter fisicamente. Ele foi imobilizado\u201d.<\/p>\n<p>Para garantir o cuidado adequado, o Servi\u00e7o de Atendimento M\u00f3vel de Urg\u00eancia (Samu) tamb\u00e9m foi chamado, e o indiv\u00edduo foi levado para a ambul\u00e2ncia, onde recebeu seda\u00e7\u00e3o.<\/p>\n<p>VIDEO:<\/p>\n<blockquote class=\"twitter-tweet\">\n<p lang=\"pt\" dir=\"ltr\">Homem sobe no teto de esta\u00e7\u00e3o de metr\u00f4 em Salvador e joga placas de metal na pista <a href=\"https:\/\/t.co\/864UhVv4vB\">pic.twitter.com\/864UhVv4vB<\/a><\/p>\n<p>&mdash; Salvador Not\u00edcia Oficial (@SalvadorNotcia2) <a href=\"https:\/\/twitter.com\/SalvadorNotcia2\/status\/1711330926297305422?ref_src=twsrc%5Etfw\">October 9, 2023<\/a><\/p><\/blockquote>\n<p> <script async src=\"https:\/\/platform.twitter.com\/widgets.js\" charset=\"utf-8\"><\/script><\/p>\n<p>Foto: TV Bahia<br \/>\nSalvador Not\u00edcias<\/p>\n","protected":false},"excerpt":{"rendered":"<p>Um indiv\u00edduo escalou o teto da Esta\u00e7\u00e3o de Metr\u00f4 Rodovi\u00e1ria em Salvador, onde removeu placas de metal do telhado, arremessando-as<\/p>\n","protected":false},"author":4,"featured_media":10011,"comment_status":"open","ping_status":"open","sticky":false,"template":"","format":"standard","meta":{"colormag_page_container_layout":"default_layout","colormag_page_sidebar_layout":"default_layout","_FSMCFIC_featured_image_caption":"","_FSMCFIC_featured_image_nocaption":"","_FSMCFIC_featured_image_hide":"","footnotes":""},"categories":[2,1],"tags":[],"class_list":["post-10010","post","type-post","status-publish","format-standard","has-post-thumbnail","hentry","category-noticias","category-ultimas"],"yoast_head":"<!-- This site is optimized with the Yoast SEO plugin v27.1.1 - https:\/\/yoast.com\/product\/yoast-seo-wordpress\/ -->\n<title>Homem sobe no teto de esta\u00e7\u00e3o de metr\u00f4 no Iguatemi e joga placas de metal na pista (v\u00eddeo) - Brasil not\u00edcias<\/title>\n<meta name=\"robots\" content=\"index, follow, max-snippet:-1, max-image-preview:large, max-video-preview:-1\" \/>\n<link rel=\"canonical\" href=\"https:\/\/brasilnoticias.org\/site\/homem-sobe-no-teto-de-estacao-de-metro-no-iguatemi-e-joga-placas-de-metal-na-pista-video\/\" \/>\n<meta property=\"og:locale\" content=\"pt_PT\" \/>\n<meta property=\"og:type\" content=\"article\" \/>\n<meta property=\"og:title\" content=\"Homem sobe no teto de esta\u00e7\u00e3o de metr\u00f4 no Iguatemi e joga placas de metal na pista (v\u00eddeo) - Brasil not\u00edcias\" \/>\n<meta property=\"og:description\" content=\"Um indiv\u00edduo escalou o teto da Esta\u00e7\u00e3o de Metr\u00f4 Rodovi\u00e1ria em Salvador, onde removeu placas de metal do telhado, arremessando-as\" \/>\n<meta property=\"og:url\" content=\"https:\/\/brasilnoticias.org\/site\/homem-sobe-no-teto-de-estacao-de-metro-no-iguatemi-e-joga-placas-de-metal-na-pista-video\/\" \/>\n<meta property=\"og:site_name\" content=\"Brasil not\u00edcias\" \/>\n<meta property=\"article:published_time\" content=\"2023-10-09T18:19:10+00:00\" \/>\n<meta property=\"og:image\" content=\"https:\/\/brasilnoticias.org\/site\/wp-content\/uploads\/2023\/10\/jandira-dantas-2023-10-09t065758.999_Easy-Resize.com_-640x401.jpg.webp\" \/>\n\t<meta property=\"og:image:width\" content=\"640\" \/>\n\t<meta property=\"og:image:height\" content=\"401\" \/>\n\t<meta property=\"og:image:type\" content=\"image\/webp\" \/>\n<meta name=\"author\" content=\"Reda\u00e7\u00e3o\" \/>\n<meta name=\"twitter:card\" content=\"summary_large_image\" \/>\n<meta name=\"twitter:label1\" content=\"Escrito por\" \/>\n\t<meta name=\"twitter:data1\" content=\"Reda\u00e7\u00e3o\" \/>\n<script type=\"application\/ld+json\" class=\"yoast-schema-graph\">{\"@context\":\"https:\/\/schema.org\",\"@graph\":[{\"@type\":\"Article\",\"@id\":\"https:\/\/brasilnoticias.org\/site\/homem-sobe-no-teto-de-estacao-de-metro-no-iguatemi-e-joga-placas-de-metal-na-pista-video\/#article\",\"isPartOf\":{\"@id\":\"https:\/\/brasilnoticias.org\/site\/homem-sobe-no-teto-de-estacao-de-metro-no-iguatemi-e-joga-placas-de-metal-na-pista-video\/\"},\"author\":{\"name\":\"Reda\u00e7\u00e3o\",\"@id\":\"https:\/\/brasilnoticias.org\/site\/#\/schema\/person\/03bbbfe6c7634ad18c26444ea39049fa\"},\"headline\":\"Homem sobe no teto de esta\u00e7\u00e3o de metr\u00f4 no Iguatemi e joga placas de metal na pista (v\u00eddeo)\",\"datePublished\":\"2023-10-09T18:19:10+00:00\",\"mainEntityOfPage\":{\"@id\":\"https:\/\/brasilnoticias.org\/site\/homem-sobe-no-teto-de-estacao-de-metro-no-iguatemi-e-joga-placas-de-metal-na-pista-video\/\"},\"wordCount\":307,\"commentCount\":0,\"publisher\":{\"@id\":\"https:\/\/brasilnoticias.org\/site\/#organization\"},\"image\":{\"@id\":\"https:\/\/brasilnoticias.org\/site\/homem-sobe-no-teto-de-estacao-de-metro-no-iguatemi-e-joga-placas-de-metal-na-pista-video\/#primaryimage\"},\"thumbnailUrl\":\"https:\/\/brasilnoticias.org\/site\/wp-content\/uploads\/2023\/10\/jandira-dantas-2023-10-09t065758.999_Easy-Resize.com_-640x401.jpg.webp\",\"articleSection\":[\"Not\u00edcias\",\"\u00daltimas\"],\"inLanguage\":\"pt-PT\",\"potentialAction\":[{\"@type\":\"CommentAction\",\"name\":\"Comment\",\"target\":[\"https:\/\/brasilnoticias.org\/site\/homem-sobe-no-teto-de-estacao-de-metro-no-iguatemi-e-joga-placas-de-metal-na-pista-video\/#respond\"]}]},{\"@type\":\"WebPage\",\"@id\":\"https:\/\/brasilnoticias.org\/site\/homem-sobe-no-teto-de-estacao-de-metro-no-iguatemi-e-joga-placas-de-metal-na-pista-video\/\",\"url\":\"https:\/\/brasilnoticias.org\/site\/homem-sobe-no-teto-de-estacao-de-metro-no-iguatemi-e-joga-placas-de-metal-na-pista-video\/\",\"name\":\"Homem sobe no teto de esta\u00e7\u00e3o de metr\u00f4 no Iguatemi e joga placas de metal na pista (v\u00eddeo) - Brasil not\u00edcias\",\"isPartOf\":{\"@id\":\"https:\/\/brasilnoticias.org\/site\/#website\"},\"primaryImageOfPage\":{\"@id\":\"https:\/\/brasilnoticias.org\/site\/homem-sobe-no-teto-de-estacao-de-metro-no-iguatemi-e-joga-placas-de-metal-na-pista-video\/#primaryimage\"},\"image\":{\"@id\":\"https:\/\/brasilnoticias.org\/site\/homem-sobe-no-teto-de-estacao-de-metro-no-iguatemi-e-joga-placas-de-metal-na-pista-video\/#primaryimage\"},\"thumbnailUrl\":\"https:\/\/brasilnoticias.org\/site\/wp-content\/uploads\/2023\/10\/jandira-dantas-2023-10-09t065758.999_Easy-Resize.com_-640x401.jpg.webp\",\"datePublished\":\"2023-10-09T18:19:10+00:00\",\"breadcrumb\":{\"@id\":\"https:\/\/brasilnoticias.org\/site\/homem-sobe-no-teto-de-estacao-de-metro-no-iguatemi-e-joga-placas-de-metal-na-pista-video\/#breadcrumb\"},\"inLanguage\":\"pt-PT\",\"potentialAction\":[{\"@type\":\"ReadAction\",\"target\":[\"https:\/\/brasilnoticias.org\/site\/homem-sobe-no-teto-de-estacao-de-metro-no-iguatemi-e-joga-placas-de-metal-na-pista-video\/\"]}]},{\"@type\":\"ImageObject\",\"inLanguage\":\"pt-PT\",\"@id\":\"https:\/\/brasilnoticias.org\/site\/homem-sobe-no-teto-de-estacao-de-metro-no-iguatemi-e-joga-placas-de-metal-na-pista-video\/#primaryimage\",\"url\":\"https:\/\/brasilnoticias.org\/site\/wp-content\/uploads\/2023\/10\/jandira-dantas-2023-10-09t065758.999_Easy-Resize.com_-640x401.jpg.webp\",\"contentUrl\":\"https:\/\/brasilnoticias.org\/site\/wp-content\/uploads\/2023\/10\/jandira-dantas-2023-10-09t065758.999_Easy-Resize.com_-640x401.jpg.webp\",\"width\":640,\"height\":401},{\"@type\":\"BreadcrumbList\",\"@id\":\"https:\/\/brasilnoticias.org\/site\/homem-sobe-no-teto-de-estacao-de-metro-no-iguatemi-e-joga-placas-de-metal-na-pista-video\/#breadcrumb\",\"itemListElement\":[{\"@type\":\"ListItem\",\"position\":1,\"name\":\"In\u00edcio\",\"item\":\"https:\/\/brasilnoticias.org\/site\/\"},{\"@type\":\"ListItem\",\"position\":2,\"name\":\"Homem sobe no teto de esta\u00e7\u00e3o de metr\u00f4 no Iguatemi e joga placas de metal na pista (v\u00eddeo)\"}]},{\"@type\":\"WebSite\",\"@id\":\"https:\/\/brasilnoticias.org\/site\/#website\",\"url\":\"https:\/\/brasilnoticias.org\/site\/\",\"name\":\"Brasil not\u00edcias\",\"description\":\"Brasil not\u00edcias\",\"publisher\":{\"@id\":\"https:\/\/brasilnoticias.org\/site\/#organization\"},\"potentialAction\":[{\"@type\":\"SearchAction\",\"target\":{\"@type\":\"EntryPoint\",\"urlTemplate\":\"https:\/\/brasilnoticias.org\/site\/?s={search_term_string}\"},\"query-input\":{\"@type\":\"PropertyValueSpecification\",\"valueRequired\":true,\"valueName\":\"search_term_string\"}}],\"inLanguage\":\"pt-PT\"},{\"@type\":\"Organization\",\"@id\":\"https:\/\/brasilnoticias.org\/site\/#organization\",\"name\":\"Brasil not\u00edcias\",\"url\":\"https:\/\/brasilnoticias.org\/site\/\",\"logo\":{\"@type\":\"ImageObject\",\"inLanguage\":\"pt-PT\",\"@id\":\"https:\/\/brasilnoticias.org\/site\/#\/schema\/logo\/image\/\",\"url\":\"https:\/\/brasilnoticias.org\/site\/wp-content\/uploads\/2022\/05\/cropped-brasilnoticias-mini.jpg\",\"contentUrl\":\"https:\/\/brasilnoticias.org\/site\/wp-content\/uploads\/2022\/05\/cropped-brasilnoticias-mini.jpg\",\"width\":314,\"height\":86,\"caption\":\"Brasil not\u00edcias\"},\"image\":{\"@id\":\"https:\/\/brasilnoticias.org\/site\/#\/schema\/logo\/image\/\"}},{\"@type\":\"Person\",\"@id\":\"https:\/\/brasilnoticias.org\/site\/#\/schema\/person\/03bbbfe6c7634ad18c26444ea39049fa\",\"name\":\"Reda\u00e7\u00e3o\",\"image\":{\"@type\":\"ImageObject\",\"inLanguage\":\"pt-PT\",\"@id\":\"https:\/\/brasilnoticias.org\/site\/#\/schema\/person\/image\/\",\"url\":\"https:\/\/secure.gravatar.com\/avatar\/9ecaf7327a696cb23ad926fedded5f1f04d7049de9e445375d55b48c001a6e42?s=96&d=mm&r=g\",\"contentUrl\":\"https:\/\/secure.gravatar.com\/avatar\/9ecaf7327a696cb23ad926fedded5f1f04d7049de9e445375d55b48c001a6e42?s=96&d=mm&r=g\",\"caption\":\"Reda\u00e7\u00e3o\"},\"url\":\"https:\/\/brasilnoticias.org\/site\/author\/henrique\/\"}]}<\/script>\n<!-- \/ Yoast SEO plugin. -->","yoast_head_json":{"title":"Homem sobe no teto de esta\u00e7\u00e3o de metr\u00f4 no Iguatemi e joga placas de metal na pista (v\u00eddeo) - Brasil not\u00edcias","robots":{"index":"index","follow":"follow","max-snippet":"max-snippet:-1","max-image-preview":"max-image-preview:large","max-video-preview":"max-video-preview:-1"},"canonical":"https:\/\/brasilnoticias.org\/site\/homem-sobe-no-teto-de-estacao-de-metro-no-iguatemi-e-joga-placas-de-metal-na-pista-video\/","og_locale":"pt_PT","og_type":"article","og_title":"Homem sobe no teto de esta\u00e7\u00e3o de metr\u00f4 no Iguatemi e joga placas de metal na pista (v\u00eddeo) - Brasil not\u00edcias","og_description":"Um indiv\u00edduo escalou o teto da Esta\u00e7\u00e3o de Metr\u00f4 Rodovi\u00e1ria em Salvador, onde removeu placas de metal do telhado, arremessando-as","og_url":"https:\/\/brasilnoticias.org\/site\/homem-sobe-no-teto-de-estacao-de-metro-no-iguatemi-e-joga-placas-de-metal-na-pista-video\/","og_site_name":"Brasil not\u00edcias","article_published_time":"2023-10-09T18:19:10+00:00","og_image":[{"width":640,"height":401,"url":"https:\/\/brasilnoticias.org\/site\/wp-content\/uploads\/2023\/10\/jandira-dantas-2023-10-09t065758.999_Easy-Resize.com_-640x401.jpg.webp","type":"image\/webp"}],"author":"Reda\u00e7\u00e3o","twitter_card":"summary_large_image","twitter_misc":{"Escrito por":"Reda\u00e7\u00e3o"},"schema":{"@context":"https:\/\/schema.org","@graph":[{"@type":"Article","@id":"https:\/\/brasilnoticias.org\/site\/homem-sobe-no-teto-de-estacao-de-metro-no-iguatemi-e-joga-placas-de-metal-na-pista-video\/#article","isPartOf":{"@id":"https:\/\/brasilnoticias.org\/site\/homem-sobe-no-teto-de-estacao-de-metro-no-iguatemi-e-joga-placas-de-metal-na-pista-video\/"},"author":{"name":"Reda\u00e7\u00e3o","@id":"https:\/\/brasilnoticias.org\/site\/#\/schema\/person\/03bbbfe6c7634ad18c26444ea39049fa"},"headline":"Homem sobe no teto de esta\u00e7\u00e3o de metr\u00f4 no Iguatemi e joga placas de metal na pista (v\u00eddeo)","datePublished":"2023-10-09T18:19:10+00:00","mainEntityOfPage":{"@id":"https:\/\/brasilnoticias.org\/site\/homem-sobe-no-teto-de-estacao-de-metro-no-iguatemi-e-joga-placas-de-metal-na-pista-video\/"},"wordCount":307,"commentCount":0,"publisher":{"@id":"https:\/\/brasilnoticias.org\/site\/#organization"},"image":{"@id":"https:\/\/brasilnoticias.org\/site\/homem-sobe-no-teto-de-estacao-de-metro-no-iguatemi-e-joga-placas-de-metal-na-pista-video\/#primaryimage"},"thumbnailUrl":"https:\/\/brasilnoticias.org\/site\/wp-content\/uploads\/2023\/10\/jandira-dantas-2023-10-09t065758.999_Easy-Resize.com_-640x401.jpg.webp","articleSection":["Not\u00edcias","\u00daltimas"],"inLanguage":"pt-PT","potentialAction":[{"@type":"CommentAction","name":"Comment","target":["https:\/\/brasilnoticias.org\/site\/homem-sobe-no-teto-de-estacao-de-metro-no-iguatemi-e-joga-placas-de-metal-na-pista-video\/#respond"]}]},{"@type":"WebPage","@id":"https:\/\/brasilnoticias.org\/site\/homem-sobe-no-teto-de-estacao-de-metro-no-iguatemi-e-joga-placas-de-metal-na-pista-video\/","url":"https:\/\/brasilnoticias.org\/site\/homem-sobe-no-teto-de-estacao-de-metro-no-iguatemi-e-joga-placas-de-metal-na-pista-video\/","name":"Homem sobe no teto de esta\u00e7\u00e3o de metr\u00f4 no Iguatemi e joga placas de metal na pista (v\u00eddeo) - Brasil not\u00edcias","isPartOf":{"@id":"https:\/\/brasilnoticias.org\/site\/#website"},"primaryImageOfPage":{"@id":"https:\/\/brasilnoticias.org\/site\/homem-sobe-no-teto-de-estacao-de-metro-no-iguatemi-e-joga-placas-de-metal-na-pista-video\/#primaryimage"},"image":{"@id":"https:\/\/brasilnoticias.org\/site\/homem-sobe-no-teto-de-estacao-de-metro-no-iguatemi-e-joga-placas-de-metal-na-pista-video\/#primaryimage"},"thumbnailUrl":"https:\/\/brasilnoticias.org\/site\/wp-content\/uploads\/2023\/10\/jandira-dantas-2023-10-09t065758.999_Easy-Resize.com_-640x401.jpg.webp","datePublished":"2023-10-09T18:19:10+00:00","breadcrumb":{"@id":"https:\/\/brasilnoticias.org\/site\/homem-sobe-no-teto-de-estacao-de-metro-no-iguatemi-e-joga-placas-de-metal-na-pista-video\/#breadcrumb"},"inLanguage":"pt-PT","potentialAction":[{"@type":"ReadAction","target":["https:\/\/brasilnoticias.org\/site\/homem-sobe-no-teto-de-estacao-de-metro-no-iguatemi-e-joga-placas-de-metal-na-pista-video\/"]}]},{"@type":"ImageObject","inLanguage":"pt-PT","@id":"https:\/\/brasilnoticias.org\/site\/homem-sobe-no-teto-de-estacao-de-metro-no-iguatemi-e-joga-placas-de-metal-na-pista-video\/#primaryimage","url":"https:\/\/brasilnoticias.org\/site\/wp-content\/uploads\/2023\/10\/jandira-dantas-2023-10-09t065758.999_Easy-Resize.com_-640x401.jpg.webp","contentUrl":"https:\/\/brasilnoticias.org\/site\/wp-content\/uploads\/2023\/10\/jandira-dantas-2023-10-09t065758.999_Easy-Resize.com_-640x401.jpg.webp","width":640,"height":401},{"@type":"BreadcrumbList","@id":"https:\/\/brasilnoticias.org\/site\/homem-sobe-no-teto-de-estacao-de-metro-no-iguatemi-e-joga-placas-de-metal-na-pista-video\/#breadcrumb","itemListElement":[{"@type":"ListItem","position":1,"name":"In\u00edcio","item":"https:\/\/brasilnoticias.org\/site\/"},{"@type":"ListItem","position":2,"name":"Homem sobe no teto de esta\u00e7\u00e3o de metr\u00f4 no Iguatemi e joga placas de metal na pista (v\u00eddeo)"}]},{"@type":"WebSite","@id":"https:\/\/brasilnoticias.org\/site\/#website","url":"https:\/\/brasilnoticias.org\/site\/","name":"Brasil not\u00edcias","description":"Brasil not\u00edcias","publisher":{"@id":"https:\/\/brasilnoticias.org\/site\/#organization"},"potentialAction":[{"@type":"SearchAction","target":{"@type":"EntryPoint","urlTemplate":"https:\/\/brasilnoticias.org\/site\/?s={search_term_string}"},"query-input":{"@type":"PropertyValueSpecification","valueRequired":true,"valueName":"search_term_string"}}],"inLanguage":"pt-PT"},{"@type":"Organization","@id":"https:\/\/brasilnoticias.org\/site\/#organization","name":"Brasil not\u00edcias","url":"https:\/\/brasilnoticias.org\/site\/","logo":{"@type":"ImageObject","inLanguage":"pt-PT","@id":"https:\/\/brasilnoticias.org\/site\/#\/schema\/logo\/image\/","url":"https:\/\/brasilnoticias.org\/site\/wp-content\/uploads\/2022\/05\/cropped-brasilnoticias-mini.jpg","contentUrl":"https:\/\/brasilnoticias.org\/site\/wp-content\/uploads\/2022\/05\/cropped-brasilnoticias-mini.jpg","width":314,"height":86,"caption":"Brasil not\u00edcias"},"image":{"@id":"https:\/\/brasilnoticias.org\/site\/#\/schema\/logo\/image\/"}},{"@type":"Person","@id":"https:\/\/brasilnoticias.org\/site\/#\/schema\/person\/03bbbfe6c7634ad18c26444ea39049fa","name":"Reda\u00e7\u00e3o","image":{"@type":"ImageObject","inLanguage":"pt-PT","@id":"https:\/\/brasilnoticias.org\/site\/#\/schema\/person\/image\/","url":"https:\/\/secure.gravatar.com\/avatar\/9ecaf7327a696cb23ad926fedded5f1f04d7049de9e445375d55b48c001a6e42?s=96&d=mm&r=g","contentUrl":"https:\/\/secure.gravatar.com\/avatar\/9ecaf7327a696cb23ad926fedded5f1f04d7049de9e445375d55b48c001a6e42?s=96&d=mm&r=g","caption":"Reda\u00e7\u00e3o"},"url":"https:\/\/brasilnoticias.org\/site\/author\/henrique\/"}]}},"_links":{"self":[{"href":"https:\/\/brasilnoticias.org\/site\/wp-json\/wp\/v2\/posts\/10010","targetHints":{"allow":["GET"]}}],"collection":[{"href":"https:\/\/brasilnoticias.org\/site\/wp-json\/wp\/v2\/posts"}],"about":[{"href":"https:\/\/brasilnoticias.org\/site\/wp-json\/wp\/v2\/types\/post"}],"author":[{"embeddable":true,"href":"https:\/\/brasilnoticias.org\/site\/wp-json\/wp\/v2\/users\/4"}],"replies":[{"embeddable":true,"href":"https:\/\/brasilnoticias.org\/site\/wp-json\/wp\/v2\/comments?post=10010"}],"version-history":[{"count":1,"href":"https:\/\/brasilnoticias.org\/site\/wp-json\/wp\/v2\/posts\/10010\/revisions"}],"predecessor-version":[{"id":10012,"href":"https:\/\/brasilnoticias.org\/site\/wp-json\/wp\/v2\/posts\/10010\/revisions\/10012"}],"wp:featuredmedia":[{"embeddable":true,"href":"https:\/\/brasilnoticias.org\/site\/wp-json\/wp\/v2\/media\/10011"}],"wp:attachment":[{"href":"https:\/\/brasilnoticias.org\/site\/wp-json\/wp\/v2\/media?parent=10010"}],"wp:term":[{"taxonomy":"category","embeddable":true,"href":"https:\/\/brasilnoticias.org\/site\/wp-json\/wp\/v2\/categories?post=10010"},{"taxonomy":"post_tag","embeddable":true,"href":"https:\/\/brasilnoticias.org\/site\/wp-json\/wp\/v2\/tags?post=10010"}],"curies":[{"name":"wp","href":"https:\/\/api.w.org\/{rel}","templated":true}]}}