{"id":10013,"date":"2023-10-09T15:25:23","date_gmt":"2023-10-09T18:25:23","guid":{"rendered":"https:\/\/brasilnoticias.org\/site\/?p=10013"},"modified":"2023-10-09T15:25:23","modified_gmt":"2023-10-09T18:25:23","slug":"ministerio-anuncia-que-israel-liberou-entrada-de-avioes-da-fab-para-repatriacao-de-brasileiros","status":"publish","type":"post","link":"https:\/\/brasilnoticias.org\/site\/ministerio-anuncia-que-israel-liberou-entrada-de-avioes-da-fab-para-repatriacao-de-brasileiros\/","title":{"rendered":"Minist\u00e9rio anuncia que Israel liberou entrada de avi\u00f5es da FAB para repatria\u00e7\u00e3o de brasileiros"},"content":{"rendered":"<p>O primeiro avi\u00e3o decolou do Brasil \u00e0s 18h do domingo e chegou na It\u00e1lia \u00e0s 2h48 desta segunda-feira, onde aguardou at\u00e9 receber a autoriza\u00e7\u00e3o e seguir at\u00e9 Israel<\/p>\n<p>O Minist\u00e9rio das Rela\u00e7\u00f5es Exteriores anunciou, nesta segunda-feira (9), que Israel autorizou a realiza\u00e7\u00e3o de sobrevoos e pousos de aeronaves da For\u00e7a A\u00e9rea Brasileira (FAB) para que seja feita a repatria\u00e7\u00e3o de brasileiros em solo israelense. At\u00e9 o momento, 1,7 mil cidad\u00e3os manifestaram para a  Embaixada em Tel Aviv interesse na repatria\u00e7\u00e3o.<\/p>\n<p>Em nota, a pasta assegurou que permanece \u201cacompanhando a situa\u00e7\u00e3o dos turistas e das comunidades brasileiras em Israel e na Palestina\u201d. O minist\u00e9rio tamb\u00e9m desaconselhou \u201cquaisquer deslocamentos n\u00e3o essenciais para a regi\u00e3o&#8221;.<\/p>\n<p>A declara\u00e7\u00e3o foi feita ap\u00f3s o governo brasileiro ter iniciado, neste domingo (8), uma opera\u00e7\u00e3o com seis aeronaves FAB para opera\u00e7\u00e3o de repatria\u00e7\u00e3o. O primeiro avi\u00e3o, um KC-30, decolou do Brasil \u00e0s 18h e chegou na It\u00e1lia \u00e0s 2h48 desta segunda-feira, onde aguardou at\u00e9 receber a autoriza\u00e7\u00e3o e seguir at\u00e9 Israel.<\/p>\n<p>A prioridade no momento ser\u00e1 auxiliar os residentes do Brasil que est\u00e3o na regi\u00e3o sem passagem a\u00e9rea de volta. Segundo o minist\u00e9rio, o segundo avi\u00e3o utilizado na opera\u00e7\u00e3o tem a previs\u00e3o de sair de Bras\u00edlia ainda durante a tarde desta segunda-feira.<\/p>\n<p>Foto: Divulga\u00e7\u00e3o<br \/>\nPor: Metro1<\/p>\n","protected":false},"excerpt":{"rendered":"<p>O primeiro avi\u00e3o decolou do Brasil \u00e0s 18h do domingo e chegou na It\u00e1lia \u00e0s 2h48 desta segunda-feira, onde aguardou<\/p>\n","protected":false},"author":4,"featured_media":10014,"comment_status":"open","ping_status":"open","sticky":false,"template":"","format":"standard","meta":{"colormag_page_container_layout":"default_layout","colormag_page_sidebar_layout":"default_layout","_FSMCFIC_featured_image_caption":"","_FSMCFIC_featured_image_nocaption":"","_FSMCFIC_featured_image_hide":"","footnotes":""},"categories":[2,1],"tags":[],"class_list":["post-10013","post","type-post","status-publish","format-standard","has-post-thumbnail","hentry","category-noticias","category-ultimas"],"yoast_head":"<!-- This site is optimized with the Yoast SEO plugin v27.1.1 - https:\/\/yoast.com\/product\/yoast-seo-wordpress\/ -->\n<title>Minist\u00e9rio anuncia que Israel liberou entrada de avi\u00f5es da FAB para repatria\u00e7\u00e3o de brasileiros - Brasil not\u00edcias<\/title>\n<meta name=\"robots\" content=\"index, follow, max-snippet:-1, max-image-preview:large, max-video-preview:-1\" \/>\n<link rel=\"canonical\" href=\"https:\/\/brasilnoticias.org\/site\/ministerio-anuncia-que-israel-liberou-entrada-de-avioes-da-fab-para-repatriacao-de-brasileiros\/\" \/>\n<meta property=\"og:locale\" content=\"pt_PT\" \/>\n<meta property=\"og:type\" content=\"article\" \/>\n<meta property=\"og:title\" content=\"Minist\u00e9rio anuncia que Israel liberou entrada de avi\u00f5es da FAB para repatria\u00e7\u00e3o de brasileiros - Brasil not\u00edcias\" \/>\n<meta property=\"og:description\" content=\"O primeiro avi\u00e3o decolou do Brasil \u00e0s 18h do domingo e chegou na It\u00e1lia \u00e0s 2h48 desta segunda-feira, onde aguardou\" \/>\n<meta property=\"og:url\" content=\"https:\/\/brasilnoticias.org\/site\/ministerio-anuncia-que-israel-liberou-entrada-de-avioes-da-fab-para-repatriacao-de-brasileiros\/\" \/>\n<meta property=\"og:site_name\" content=\"Brasil not\u00edcias\" \/>\n<meta property=\"article:published_time\" content=\"2023-10-09T18:25:23+00:00\" \/>\n<meta property=\"og:image\" content=\"https:\/\/brasilnoticias.org\/site\/wp-content\/uploads\/2023\/10\/141830ministerio-anuncia-que-israel-liberou-entrada-de-avioes-da-fab-para-repatriacao-de-brasileiros-3.jpg\" \/>\n\t<meta property=\"og:image:width\" content=\"1600\" \/>\n\t<meta property=\"og:image:height\" content=\"752\" \/>\n\t<meta property=\"og:image:type\" content=\"image\/jpeg\" \/>\n<meta name=\"author\" content=\"Reda\u00e7\u00e3o\" \/>\n<meta name=\"twitter:card\" content=\"summary_large_image\" \/>\n<meta name=\"twitter:label1\" content=\"Escrito por\" \/>\n\t<meta name=\"twitter:data1\" content=\"Reda\u00e7\u00e3o\" \/>\n<script type=\"application\/ld+json\" class=\"yoast-schema-graph\">{\"@context\":\"https:\/\/schema.org\",\"@graph\":[{\"@type\":\"Article\",\"@id\":\"https:\/\/brasilnoticias.org\/site\/ministerio-anuncia-que-israel-liberou-entrada-de-avioes-da-fab-para-repatriacao-de-brasileiros\/#article\",\"isPartOf\":{\"@id\":\"https:\/\/brasilnoticias.org\/site\/ministerio-anuncia-que-israel-liberou-entrada-de-avioes-da-fab-para-repatriacao-de-brasileiros\/\"},\"author\":{\"name\":\"Reda\u00e7\u00e3o\",\"@id\":\"https:\/\/brasilnoticias.org\/site\/#\/schema\/person\/03bbbfe6c7634ad18c26444ea39049fa\"},\"headline\":\"Minist\u00e9rio anuncia que Israel liberou entrada de avi\u00f5es da FAB para repatria\u00e7\u00e3o de brasileiros\",\"datePublished\":\"2023-10-09T18:25:23+00:00\",\"mainEntityOfPage\":{\"@id\":\"https:\/\/brasilnoticias.org\/site\/ministerio-anuncia-que-israel-liberou-entrada-de-avioes-da-fab-para-repatriacao-de-brasileiros\/\"},\"wordCount\":255,\"commentCount\":0,\"publisher\":{\"@id\":\"https:\/\/brasilnoticias.org\/site\/#organization\"},\"image\":{\"@id\":\"https:\/\/brasilnoticias.org\/site\/ministerio-anuncia-que-israel-liberou-entrada-de-avioes-da-fab-para-repatriacao-de-brasileiros\/#primaryimage\"},\"thumbnailUrl\":\"https:\/\/brasilnoticias.org\/site\/wp-content\/uploads\/2023\/10\/141830ministerio-anuncia-que-israel-liberou-entrada-de-avioes-da-fab-para-repatriacao-de-brasileiros-3.jpg\",\"articleSection\":[\"Not\u00edcias\",\"\u00daltimas\"],\"inLanguage\":\"pt-PT\",\"potentialAction\":[{\"@type\":\"CommentAction\",\"name\":\"Comment\",\"target\":[\"https:\/\/brasilnoticias.org\/site\/ministerio-anuncia-que-israel-liberou-entrada-de-avioes-da-fab-para-repatriacao-de-brasileiros\/#respond\"]}]},{\"@type\":\"WebPage\",\"@id\":\"https:\/\/brasilnoticias.org\/site\/ministerio-anuncia-que-israel-liberou-entrada-de-avioes-da-fab-para-repatriacao-de-brasileiros\/\",\"url\":\"https:\/\/brasilnoticias.org\/site\/ministerio-anuncia-que-israel-liberou-entrada-de-avioes-da-fab-para-repatriacao-de-brasileiros\/\",\"name\":\"Minist\u00e9rio anuncia que Israel liberou entrada de avi\u00f5es da FAB para repatria\u00e7\u00e3o de brasileiros - Brasil not\u00edcias\",\"isPartOf\":{\"@id\":\"https:\/\/brasilnoticias.org\/site\/#website\"},\"primaryImageOfPage\":{\"@id\":\"https:\/\/brasilnoticias.org\/site\/ministerio-anuncia-que-israel-liberou-entrada-de-avioes-da-fab-para-repatriacao-de-brasileiros\/#primaryimage\"},\"image\":{\"@id\":\"https:\/\/brasilnoticias.org\/site\/ministerio-anuncia-que-israel-liberou-entrada-de-avioes-da-fab-para-repatriacao-de-brasileiros\/#primaryimage\"},\"thumbnailUrl\":\"https:\/\/brasilnoticias.org\/site\/wp-content\/uploads\/2023\/10\/141830ministerio-anuncia-que-israel-liberou-entrada-de-avioes-da-fab-para-repatriacao-de-brasileiros-3.jpg\",\"datePublished\":\"2023-10-09T18:25:23+00:00\",\"breadcrumb\":{\"@id\":\"https:\/\/brasilnoticias.org\/site\/ministerio-anuncia-que-israel-liberou-entrada-de-avioes-da-fab-para-repatriacao-de-brasileiros\/#breadcrumb\"},\"inLanguage\":\"pt-PT\",\"potentialAction\":[{\"@type\":\"ReadAction\",\"target\":[\"https:\/\/brasilnoticias.org\/site\/ministerio-anuncia-que-israel-liberou-entrada-de-avioes-da-fab-para-repatriacao-de-brasileiros\/\"]}]},{\"@type\":\"ImageObject\",\"inLanguage\":\"pt-PT\",\"@id\":\"https:\/\/brasilnoticias.org\/site\/ministerio-anuncia-que-israel-liberou-entrada-de-avioes-da-fab-para-repatriacao-de-brasileiros\/#primaryimage\",\"url\":\"https:\/\/brasilnoticias.org\/site\/wp-content\/uploads\/2023\/10\/141830ministerio-anuncia-que-israel-liberou-entrada-de-avioes-da-fab-para-repatriacao-de-brasileiros-3.jpg\",\"contentUrl\":\"https:\/\/brasilnoticias.org\/site\/wp-content\/uploads\/2023\/10\/141830ministerio-anuncia-que-israel-liberou-entrada-de-avioes-da-fab-para-repatriacao-de-brasileiros-3.jpg\",\"width\":1600,\"height\":752},{\"@type\":\"BreadcrumbList\",\"@id\":\"https:\/\/brasilnoticias.org\/site\/ministerio-anuncia-que-israel-liberou-entrada-de-avioes-da-fab-para-repatriacao-de-brasileiros\/#breadcrumb\",\"itemListElement\":[{\"@type\":\"ListItem\",\"position\":1,\"name\":\"In\u00edcio\",\"item\":\"https:\/\/brasilnoticias.org\/site\/\"},{\"@type\":\"ListItem\",\"position\":2,\"name\":\"Minist\u00e9rio anuncia que Israel liberou entrada de avi\u00f5es da FAB para repatria\u00e7\u00e3o de brasileiros\"}]},{\"@type\":\"WebSite\",\"@id\":\"https:\/\/brasilnoticias.org\/site\/#website\",\"url\":\"https:\/\/brasilnoticias.org\/site\/\",\"name\":\"Brasil not\u00edcias\",\"description\":\"Brasil not\u00edcias\",\"publisher\":{\"@id\":\"https:\/\/brasilnoticias.org\/site\/#organization\"},\"potentialAction\":[{\"@type\":\"SearchAction\",\"target\":{\"@type\":\"EntryPoint\",\"urlTemplate\":\"https:\/\/brasilnoticias.org\/site\/?s={search_term_string}\"},\"query-input\":{\"@type\":\"PropertyValueSpecification\",\"valueRequired\":true,\"valueName\":\"search_term_string\"}}],\"inLanguage\":\"pt-PT\"},{\"@type\":\"Organization\",\"@id\":\"https:\/\/brasilnoticias.org\/site\/#organization\",\"name\":\"Brasil not\u00edcias\",\"url\":\"https:\/\/brasilnoticias.org\/site\/\",\"logo\":{\"@type\":\"ImageObject\",\"inLanguage\":\"pt-PT\",\"@id\":\"https:\/\/brasilnoticias.org\/site\/#\/schema\/logo\/image\/\",\"url\":\"https:\/\/brasilnoticias.org\/site\/wp-content\/uploads\/2022\/05\/cropped-brasilnoticias-mini.jpg\",\"contentUrl\":\"https:\/\/brasilnoticias.org\/site\/wp-content\/uploads\/2022\/05\/cropped-brasilnoticias-mini.jpg\",\"width\":314,\"height\":86,\"caption\":\"Brasil not\u00edcias\"},\"image\":{\"@id\":\"https:\/\/brasilnoticias.org\/site\/#\/schema\/logo\/image\/\"}},{\"@type\":\"Person\",\"@id\":\"https:\/\/brasilnoticias.org\/site\/#\/schema\/person\/03bbbfe6c7634ad18c26444ea39049fa\",\"name\":\"Reda\u00e7\u00e3o\",\"image\":{\"@type\":\"ImageObject\",\"inLanguage\":\"pt-PT\",\"@id\":\"https:\/\/brasilnoticias.org\/site\/#\/schema\/person\/image\/\",\"url\":\"https:\/\/secure.gravatar.com\/avatar\/9ecaf7327a696cb23ad926fedded5f1f04d7049de9e445375d55b48c001a6e42?s=96&d=mm&r=g\",\"contentUrl\":\"https:\/\/secure.gravatar.com\/avatar\/9ecaf7327a696cb23ad926fedded5f1f04d7049de9e445375d55b48c001a6e42?s=96&d=mm&r=g\",\"caption\":\"Reda\u00e7\u00e3o\"},\"url\":\"https:\/\/brasilnoticias.org\/site\/author\/henrique\/\"}]}<\/script>\n<!-- \/ Yoast SEO plugin. -->","yoast_head_json":{"title":"Minist\u00e9rio anuncia que Israel liberou entrada de avi\u00f5es da FAB para repatria\u00e7\u00e3o de brasileiros - Brasil not\u00edcias","robots":{"index":"index","follow":"follow","max-snippet":"max-snippet:-1","max-image-preview":"max-image-preview:large","max-video-preview":"max-video-preview:-1"},"canonical":"https:\/\/brasilnoticias.org\/site\/ministerio-anuncia-que-israel-liberou-entrada-de-avioes-da-fab-para-repatriacao-de-brasileiros\/","og_locale":"pt_PT","og_type":"article","og_title":"Minist\u00e9rio anuncia que Israel liberou entrada de avi\u00f5es da FAB para repatria\u00e7\u00e3o de brasileiros - Brasil not\u00edcias","og_description":"O primeiro avi\u00e3o decolou do Brasil \u00e0s 18h do domingo e chegou na It\u00e1lia \u00e0s 2h48 desta segunda-feira, onde aguardou","og_url":"https:\/\/brasilnoticias.org\/site\/ministerio-anuncia-que-israel-liberou-entrada-de-avioes-da-fab-para-repatriacao-de-brasileiros\/","og_site_name":"Brasil not\u00edcias","article_published_time":"2023-10-09T18:25:23+00:00","og_image":[{"width":1600,"height":752,"url":"https:\/\/brasilnoticias.org\/site\/wp-content\/uploads\/2023\/10\/141830ministerio-anuncia-que-israel-liberou-entrada-de-avioes-da-fab-para-repatriacao-de-brasileiros-3.jpg","type":"image\/jpeg"}],"author":"Reda\u00e7\u00e3o","twitter_card":"summary_large_image","twitter_misc":{"Escrito por":"Reda\u00e7\u00e3o"},"schema":{"@context":"https:\/\/schema.org","@graph":[{"@type":"Article","@id":"https:\/\/brasilnoticias.org\/site\/ministerio-anuncia-que-israel-liberou-entrada-de-avioes-da-fab-para-repatriacao-de-brasileiros\/#article","isPartOf":{"@id":"https:\/\/brasilnoticias.org\/site\/ministerio-anuncia-que-israel-liberou-entrada-de-avioes-da-fab-para-repatriacao-de-brasileiros\/"},"author":{"name":"Reda\u00e7\u00e3o","@id":"https:\/\/brasilnoticias.org\/site\/#\/schema\/person\/03bbbfe6c7634ad18c26444ea39049fa"},"headline":"Minist\u00e9rio anuncia que Israel liberou entrada de avi\u00f5es da FAB para repatria\u00e7\u00e3o de brasileiros","datePublished":"2023-10-09T18:25:23+00:00","mainEntityOfPage":{"@id":"https:\/\/brasilnoticias.org\/site\/ministerio-anuncia-que-israel-liberou-entrada-de-avioes-da-fab-para-repatriacao-de-brasileiros\/"},"wordCount":255,"commentCount":0,"publisher":{"@id":"https:\/\/brasilnoticias.org\/site\/#organization"},"image":{"@id":"https:\/\/brasilnoticias.org\/site\/ministerio-anuncia-que-israel-liberou-entrada-de-avioes-da-fab-para-repatriacao-de-brasileiros\/#primaryimage"},"thumbnailUrl":"https:\/\/brasilnoticias.org\/site\/wp-content\/uploads\/2023\/10\/141830ministerio-anuncia-que-israel-liberou-entrada-de-avioes-da-fab-para-repatriacao-de-brasileiros-3.jpg","articleSection":["Not\u00edcias","\u00daltimas"],"inLanguage":"pt-PT","potentialAction":[{"@type":"CommentAction","name":"Comment","target":["https:\/\/brasilnoticias.org\/site\/ministerio-anuncia-que-israel-liberou-entrada-de-avioes-da-fab-para-repatriacao-de-brasileiros\/#respond"]}]},{"@type":"WebPage","@id":"https:\/\/brasilnoticias.org\/site\/ministerio-anuncia-que-israel-liberou-entrada-de-avioes-da-fab-para-repatriacao-de-brasileiros\/","url":"https:\/\/brasilnoticias.org\/site\/ministerio-anuncia-que-israel-liberou-entrada-de-avioes-da-fab-para-repatriacao-de-brasileiros\/","name":"Minist\u00e9rio anuncia que Israel liberou entrada de avi\u00f5es da FAB para repatria\u00e7\u00e3o de brasileiros - Brasil not\u00edcias","isPartOf":{"@id":"https:\/\/brasilnoticias.org\/site\/#website"},"primaryImageOfPage":{"@id":"https:\/\/brasilnoticias.org\/site\/ministerio-anuncia-que-israel-liberou-entrada-de-avioes-da-fab-para-repatriacao-de-brasileiros\/#primaryimage"},"image":{"@id":"https:\/\/brasilnoticias.org\/site\/ministerio-anuncia-que-israel-liberou-entrada-de-avioes-da-fab-para-repatriacao-de-brasileiros\/#primaryimage"},"thumbnailUrl":"https:\/\/brasilnoticias.org\/site\/wp-content\/uploads\/2023\/10\/141830ministerio-anuncia-que-israel-liberou-entrada-de-avioes-da-fab-para-repatriacao-de-brasileiros-3.jpg","datePublished":"2023-10-09T18:25:23+00:00","breadcrumb":{"@id":"https:\/\/brasilnoticias.org\/site\/ministerio-anuncia-que-israel-liberou-entrada-de-avioes-da-fab-para-repatriacao-de-brasileiros\/#breadcrumb"},"inLanguage":"pt-PT","potentialAction":[{"@type":"ReadAction","target":["https:\/\/brasilnoticias.org\/site\/ministerio-anuncia-que-israel-liberou-entrada-de-avioes-da-fab-para-repatriacao-de-brasileiros\/"]}]},{"@type":"ImageObject","inLanguage":"pt-PT","@id":"https:\/\/brasilnoticias.org\/site\/ministerio-anuncia-que-israel-liberou-entrada-de-avioes-da-fab-para-repatriacao-de-brasileiros\/#primaryimage","url":"https:\/\/brasilnoticias.org\/site\/wp-content\/uploads\/2023\/10\/141830ministerio-anuncia-que-israel-liberou-entrada-de-avioes-da-fab-para-repatriacao-de-brasileiros-3.jpg","contentUrl":"https:\/\/brasilnoticias.org\/site\/wp-content\/uploads\/2023\/10\/141830ministerio-anuncia-que-israel-liberou-entrada-de-avioes-da-fab-para-repatriacao-de-brasileiros-3.jpg","width":1600,"height":752},{"@type":"BreadcrumbList","@id":"https:\/\/brasilnoticias.org\/site\/ministerio-anuncia-que-israel-liberou-entrada-de-avioes-da-fab-para-repatriacao-de-brasileiros\/#breadcrumb","itemListElement":[{"@type":"ListItem","position":1,"name":"In\u00edcio","item":"https:\/\/brasilnoticias.org\/site\/"},{"@type":"ListItem","position":2,"name":"Minist\u00e9rio anuncia que Israel liberou entrada de avi\u00f5es da FAB para repatria\u00e7\u00e3o de brasileiros"}]},{"@type":"WebSite","@id":"https:\/\/brasilnoticias.org\/site\/#website","url":"https:\/\/brasilnoticias.org\/site\/","name":"Brasil not\u00edcias","description":"Brasil not\u00edcias","publisher":{"@id":"https:\/\/brasilnoticias.org\/site\/#organization"},"potentialAction":[{"@type":"SearchAction","target":{"@type":"EntryPoint","urlTemplate":"https:\/\/brasilnoticias.org\/site\/?s={search_term_string}"},"query-input":{"@type":"PropertyValueSpecification","valueRequired":true,"valueName":"search_term_string"}}],"inLanguage":"pt-PT"},{"@type":"Organization","@id":"https:\/\/brasilnoticias.org\/site\/#organization","name":"Brasil not\u00edcias","url":"https:\/\/brasilnoticias.org\/site\/","logo":{"@type":"ImageObject","inLanguage":"pt-PT","@id":"https:\/\/brasilnoticias.org\/site\/#\/schema\/logo\/image\/","url":"https:\/\/brasilnoticias.org\/site\/wp-content\/uploads\/2022\/05\/cropped-brasilnoticias-mini.jpg","contentUrl":"https:\/\/brasilnoticias.org\/site\/wp-content\/uploads\/2022\/05\/cropped-brasilnoticias-mini.jpg","width":314,"height":86,"caption":"Brasil not\u00edcias"},"image":{"@id":"https:\/\/brasilnoticias.org\/site\/#\/schema\/logo\/image\/"}},{"@type":"Person","@id":"https:\/\/brasilnoticias.org\/site\/#\/schema\/person\/03bbbfe6c7634ad18c26444ea39049fa","name":"Reda\u00e7\u00e3o","image":{"@type":"ImageObject","inLanguage":"pt-PT","@id":"https:\/\/brasilnoticias.org\/site\/#\/schema\/person\/image\/","url":"https:\/\/secure.gravatar.com\/avatar\/9ecaf7327a696cb23ad926fedded5f1f04d7049de9e445375d55b48c001a6e42?s=96&d=mm&r=g","contentUrl":"https:\/\/secure.gravatar.com\/avatar\/9ecaf7327a696cb23ad926fedded5f1f04d7049de9e445375d55b48c001a6e42?s=96&d=mm&r=g","caption":"Reda\u00e7\u00e3o"},"url":"https:\/\/brasilnoticias.org\/site\/author\/henrique\/"}]}},"_links":{"self":[{"href":"https:\/\/brasilnoticias.org\/site\/wp-json\/wp\/v2\/posts\/10013","targetHints":{"allow":["GET"]}}],"collection":[{"href":"https:\/\/brasilnoticias.org\/site\/wp-json\/wp\/v2\/posts"}],"about":[{"href":"https:\/\/brasilnoticias.org\/site\/wp-json\/wp\/v2\/types\/post"}],"author":[{"embeddable":true,"href":"https:\/\/brasilnoticias.org\/site\/wp-json\/wp\/v2\/users\/4"}],"replies":[{"embeddable":true,"href":"https:\/\/brasilnoticias.org\/site\/wp-json\/wp\/v2\/comments?post=10013"}],"version-history":[{"count":1,"href":"https:\/\/brasilnoticias.org\/site\/wp-json\/wp\/v2\/posts\/10013\/revisions"}],"predecessor-version":[{"id":10015,"href":"https:\/\/brasilnoticias.org\/site\/wp-json\/wp\/v2\/posts\/10013\/revisions\/10015"}],"wp:featuredmedia":[{"embeddable":true,"href":"https:\/\/brasilnoticias.org\/site\/wp-json\/wp\/v2\/media\/10014"}],"wp:attachment":[{"href":"https:\/\/brasilnoticias.org\/site\/wp-json\/wp\/v2\/media?parent=10013"}],"wp:term":[{"taxonomy":"category","embeddable":true,"href":"https:\/\/brasilnoticias.org\/site\/wp-json\/wp\/v2\/categories?post=10013"},{"taxonomy":"post_tag","embeddable":true,"href":"https:\/\/brasilnoticias.org\/site\/wp-json\/wp\/v2\/tags?post=10013"}],"curies":[{"name":"wp","href":"https:\/\/api.w.org\/{rel}","templated":true}]}}