{"id":10018,"date":"2023-10-10T06:00:08","date_gmt":"2023-10-10T09:00:08","guid":{"rendered":"https:\/\/brasilnoticias.org\/site\/?p=10018"},"modified":"2023-10-09T19:26:23","modified_gmt":"2023-10-09T22:26:23","slug":"saiba-quem-assume-a-gestao-da-concessionaria-litoral-norte-e-da-estrada-do-coco-linha-verde","status":"publish","type":"post","link":"https:\/\/brasilnoticias.org\/site\/saiba-quem-assume-a-gestao-da-concessionaria-litoral-norte-e-da-estrada-do-coco-linha-verde\/","title":{"rendered":"Saiba quem assume a gest\u00e3o da Concession\u00e1ria Litoral Norte e da Estrada do Coco \/ Linha Verde"},"content":{"rendered":"<p>Grupo \u00e1rabe Mubadala assume a gest\u00e3o da Concession\u00e1ria Litoral Norte e da Estrada do Coco \/ Linha Verde, segundo reportagem do Bahia Econ\u00f4mica.<\/p>\n<p>A transfer\u00eancia de gest\u00e3o ocorre ap\u00f3s o grupo fechar um acordo com a Invepar, atual detentora das concess\u00f5es, para reestruturar uma d\u00edvida de cerca de R$ 1,07 bilh\u00e3o, diz a publica\u00e7\u00e3o.<\/p>\n<p>Ainda de acordo com a reportagem, \u201ca d\u00edvida \u00e9 referente \u00e0 emiss\u00e3o de deb\u00eantures e pelo contrato, o Mubadala vai receber as a\u00e7\u00f5es da CLN e mais R$ 110 milh\u00f5es\u201d.<\/p>\n<p>Foto: Divulga\u00e7\u00e3o \/ CLN<br \/>\nBNews<\/p>\n","protected":false},"excerpt":{"rendered":"<p>Grupo \u00e1rabe Mubadala assume a gest\u00e3o da Concession\u00e1ria Litoral Norte e da Estrada do Coco \/ Linha Verde, segundo reportagem<\/p>\n","protected":false},"author":4,"featured_media":10019,"comment_status":"open","ping_status":"open","sticky":false,"template":"","format":"standard","meta":{"colormag_page_container_layout":"default_layout","colormag_page_sidebar_layout":"default_layout","_FSMCFIC_featured_image_caption":"","_FSMCFIC_featured_image_nocaption":"","_FSMCFIC_featured_image_hide":"","footnotes":""},"categories":[2,1],"tags":[],"class_list":["post-10018","post","type-post","status-publish","format-standard","has-post-thumbnail","hentry","category-noticias","category-ultimas"],"yoast_head":"<!-- This site is optimized with the Yoast SEO plugin v27.1.1 - https:\/\/yoast.com\/product\/yoast-seo-wordpress\/ -->\n<title>Saiba quem assume a gest\u00e3o da Concession\u00e1ria Litoral Norte e da Estrada do Coco \/ Linha Verde - Brasil not\u00edcias<\/title>\n<meta name=\"robots\" content=\"index, follow, max-snippet:-1, max-image-preview:large, max-video-preview:-1\" \/>\n<link rel=\"canonical\" href=\"https:\/\/brasilnoticias.org\/site\/saiba-quem-assume-a-gestao-da-concessionaria-litoral-norte-e-da-estrada-do-coco-linha-verde\/\" \/>\n<meta property=\"og:locale\" content=\"pt_PT\" \/>\n<meta property=\"og:type\" content=\"article\" \/>\n<meta property=\"og:title\" content=\"Saiba quem assume a gest\u00e3o da Concession\u00e1ria Litoral Norte e da Estrada do Coco \/ Linha Verde - Brasil not\u00edcias\" \/>\n<meta property=\"og:description\" content=\"Grupo \u00e1rabe Mubadala assume a gest\u00e3o da Concession\u00e1ria Litoral Norte e da Estrada do Coco \/ Linha Verde, segundo reportagem\" \/>\n<meta property=\"og:url\" content=\"https:\/\/brasilnoticias.org\/site\/saiba-quem-assume-a-gestao-da-concessionaria-litoral-norte-e-da-estrada-do-coco-linha-verde\/\" \/>\n<meta property=\"og:site_name\" content=\"Brasil not\u00edcias\" \/>\n<meta property=\"article:published_time\" content=\"2023-10-10T09:00:08+00:00\" \/>\n<meta property=\"og:image\" content=\"https:\/\/brasilnoticias.org\/site\/wp-content\/uploads\/2023\/10\/cln_widelg.webp\" \/>\n\t<meta property=\"og:image:width\" content=\"474\" \/>\n\t<meta property=\"og:image:height\" content=\"335\" \/>\n\t<meta property=\"og:image:type\" content=\"image\/webp\" \/>\n<meta name=\"author\" content=\"Reda\u00e7\u00e3o\" \/>\n<meta name=\"twitter:card\" content=\"summary_large_image\" \/>\n<meta name=\"twitter:label1\" content=\"Escrito por\" \/>\n\t<meta name=\"twitter:data1\" content=\"Reda\u00e7\u00e3o\" \/>\n<script type=\"application\/ld+json\" class=\"yoast-schema-graph\">{\"@context\":\"https:\/\/schema.org\",\"@graph\":[{\"@type\":\"Article\",\"@id\":\"https:\/\/brasilnoticias.org\/site\/saiba-quem-assume-a-gestao-da-concessionaria-litoral-norte-e-da-estrada-do-coco-linha-verde\/#article\",\"isPartOf\":{\"@id\":\"https:\/\/brasilnoticias.org\/site\/saiba-quem-assume-a-gestao-da-concessionaria-litoral-norte-e-da-estrada-do-coco-linha-verde\/\"},\"author\":{\"name\":\"Reda\u00e7\u00e3o\",\"@id\":\"https:\/\/brasilnoticias.org\/site\/#\/schema\/person\/03bbbfe6c7634ad18c26444ea39049fa\"},\"headline\":\"Saiba quem assume a gest\u00e3o da Concession\u00e1ria Litoral Norte e da Estrada do Coco \/ Linha Verde\",\"datePublished\":\"2023-10-10T09:00:08+00:00\",\"mainEntityOfPage\":{\"@id\":\"https:\/\/brasilnoticias.org\/site\/saiba-quem-assume-a-gestao-da-concessionaria-litoral-norte-e-da-estrada-do-coco-linha-verde\/\"},\"wordCount\":117,\"commentCount\":0,\"publisher\":{\"@id\":\"https:\/\/brasilnoticias.org\/site\/#organization\"},\"image\":{\"@id\":\"https:\/\/brasilnoticias.org\/site\/saiba-quem-assume-a-gestao-da-concessionaria-litoral-norte-e-da-estrada-do-coco-linha-verde\/#primaryimage\"},\"thumbnailUrl\":\"https:\/\/brasilnoticias.org\/site\/wp-content\/uploads\/2023\/10\/cln_widelg.webp\",\"articleSection\":[\"Not\u00edcias\",\"\u00daltimas\"],\"inLanguage\":\"pt-PT\",\"potentialAction\":[{\"@type\":\"CommentAction\",\"name\":\"Comment\",\"target\":[\"https:\/\/brasilnoticias.org\/site\/saiba-quem-assume-a-gestao-da-concessionaria-litoral-norte-e-da-estrada-do-coco-linha-verde\/#respond\"]}]},{\"@type\":\"WebPage\",\"@id\":\"https:\/\/brasilnoticias.org\/site\/saiba-quem-assume-a-gestao-da-concessionaria-litoral-norte-e-da-estrada-do-coco-linha-verde\/\",\"url\":\"https:\/\/brasilnoticias.org\/site\/saiba-quem-assume-a-gestao-da-concessionaria-litoral-norte-e-da-estrada-do-coco-linha-verde\/\",\"name\":\"Saiba quem assume a gest\u00e3o da Concession\u00e1ria Litoral Norte e da Estrada do Coco \/ Linha Verde - Brasil not\u00edcias\",\"isPartOf\":{\"@id\":\"https:\/\/brasilnoticias.org\/site\/#website\"},\"primaryImageOfPage\":{\"@id\":\"https:\/\/brasilnoticias.org\/site\/saiba-quem-assume-a-gestao-da-concessionaria-litoral-norte-e-da-estrada-do-coco-linha-verde\/#primaryimage\"},\"image\":{\"@id\":\"https:\/\/brasilnoticias.org\/site\/saiba-quem-assume-a-gestao-da-concessionaria-litoral-norte-e-da-estrada-do-coco-linha-verde\/#primaryimage\"},\"thumbnailUrl\":\"https:\/\/brasilnoticias.org\/site\/wp-content\/uploads\/2023\/10\/cln_widelg.webp\",\"datePublished\":\"2023-10-10T09:00:08+00:00\",\"breadcrumb\":{\"@id\":\"https:\/\/brasilnoticias.org\/site\/saiba-quem-assume-a-gestao-da-concessionaria-litoral-norte-e-da-estrada-do-coco-linha-verde\/#breadcrumb\"},\"inLanguage\":\"pt-PT\",\"potentialAction\":[{\"@type\":\"ReadAction\",\"target\":[\"https:\/\/brasilnoticias.org\/site\/saiba-quem-assume-a-gestao-da-concessionaria-litoral-norte-e-da-estrada-do-coco-linha-verde\/\"]}]},{\"@type\":\"ImageObject\",\"inLanguage\":\"pt-PT\",\"@id\":\"https:\/\/brasilnoticias.org\/site\/saiba-quem-assume-a-gestao-da-concessionaria-litoral-norte-e-da-estrada-do-coco-linha-verde\/#primaryimage\",\"url\":\"https:\/\/brasilnoticias.org\/site\/wp-content\/uploads\/2023\/10\/cln_widelg.webp\",\"contentUrl\":\"https:\/\/brasilnoticias.org\/site\/wp-content\/uploads\/2023\/10\/cln_widelg.webp\",\"width\":474,\"height\":335},{\"@type\":\"BreadcrumbList\",\"@id\":\"https:\/\/brasilnoticias.org\/site\/saiba-quem-assume-a-gestao-da-concessionaria-litoral-norte-e-da-estrada-do-coco-linha-verde\/#breadcrumb\",\"itemListElement\":[{\"@type\":\"ListItem\",\"position\":1,\"name\":\"In\u00edcio\",\"item\":\"https:\/\/brasilnoticias.org\/site\/\"},{\"@type\":\"ListItem\",\"position\":2,\"name\":\"Saiba quem assume a gest\u00e3o da Concession\u00e1ria Litoral Norte e da Estrada do Coco \/ Linha Verde\"}]},{\"@type\":\"WebSite\",\"@id\":\"https:\/\/brasilnoticias.org\/site\/#website\",\"url\":\"https:\/\/brasilnoticias.org\/site\/\",\"name\":\"Brasil not\u00edcias\",\"description\":\"Brasil not\u00edcias\",\"publisher\":{\"@id\":\"https:\/\/brasilnoticias.org\/site\/#organization\"},\"potentialAction\":[{\"@type\":\"SearchAction\",\"target\":{\"@type\":\"EntryPoint\",\"urlTemplate\":\"https:\/\/brasilnoticias.org\/site\/?s={search_term_string}\"},\"query-input\":{\"@type\":\"PropertyValueSpecification\",\"valueRequired\":true,\"valueName\":\"search_term_string\"}}],\"inLanguage\":\"pt-PT\"},{\"@type\":\"Organization\",\"@id\":\"https:\/\/brasilnoticias.org\/site\/#organization\",\"name\":\"Brasil not\u00edcias\",\"url\":\"https:\/\/brasilnoticias.org\/site\/\",\"logo\":{\"@type\":\"ImageObject\",\"inLanguage\":\"pt-PT\",\"@id\":\"https:\/\/brasilnoticias.org\/site\/#\/schema\/logo\/image\/\",\"url\":\"https:\/\/brasilnoticias.org\/site\/wp-content\/uploads\/2022\/05\/cropped-brasilnoticias-mini.jpg\",\"contentUrl\":\"https:\/\/brasilnoticias.org\/site\/wp-content\/uploads\/2022\/05\/cropped-brasilnoticias-mini.jpg\",\"width\":314,\"height\":86,\"caption\":\"Brasil not\u00edcias\"},\"image\":{\"@id\":\"https:\/\/brasilnoticias.org\/site\/#\/schema\/logo\/image\/\"}},{\"@type\":\"Person\",\"@id\":\"https:\/\/brasilnoticias.org\/site\/#\/schema\/person\/03bbbfe6c7634ad18c26444ea39049fa\",\"name\":\"Reda\u00e7\u00e3o\",\"image\":{\"@type\":\"ImageObject\",\"inLanguage\":\"pt-PT\",\"@id\":\"https:\/\/brasilnoticias.org\/site\/#\/schema\/person\/image\/\",\"url\":\"https:\/\/secure.gravatar.com\/avatar\/9ecaf7327a696cb23ad926fedded5f1f04d7049de9e445375d55b48c001a6e42?s=96&d=mm&r=g\",\"contentUrl\":\"https:\/\/secure.gravatar.com\/avatar\/9ecaf7327a696cb23ad926fedded5f1f04d7049de9e445375d55b48c001a6e42?s=96&d=mm&r=g\",\"caption\":\"Reda\u00e7\u00e3o\"},\"url\":\"https:\/\/brasilnoticias.org\/site\/author\/henrique\/\"}]}<\/script>\n<!-- \/ Yoast SEO plugin. -->","yoast_head_json":{"title":"Saiba quem assume a gest\u00e3o da Concession\u00e1ria Litoral Norte e da Estrada do Coco \/ Linha Verde - Brasil not\u00edcias","robots":{"index":"index","follow":"follow","max-snippet":"max-snippet:-1","max-image-preview":"max-image-preview:large","max-video-preview":"max-video-preview:-1"},"canonical":"https:\/\/brasilnoticias.org\/site\/saiba-quem-assume-a-gestao-da-concessionaria-litoral-norte-e-da-estrada-do-coco-linha-verde\/","og_locale":"pt_PT","og_type":"article","og_title":"Saiba quem assume a gest\u00e3o da Concession\u00e1ria Litoral Norte e da Estrada do Coco \/ Linha Verde - Brasil not\u00edcias","og_description":"Grupo \u00e1rabe Mubadala assume a gest\u00e3o da Concession\u00e1ria Litoral Norte e da Estrada do Coco \/ Linha Verde, segundo reportagem","og_url":"https:\/\/brasilnoticias.org\/site\/saiba-quem-assume-a-gestao-da-concessionaria-litoral-norte-e-da-estrada-do-coco-linha-verde\/","og_site_name":"Brasil not\u00edcias","article_published_time":"2023-10-10T09:00:08+00:00","og_image":[{"width":474,"height":335,"url":"https:\/\/brasilnoticias.org\/site\/wp-content\/uploads\/2023\/10\/cln_widelg.webp","type":"image\/webp"}],"author":"Reda\u00e7\u00e3o","twitter_card":"summary_large_image","twitter_misc":{"Escrito por":"Reda\u00e7\u00e3o"},"schema":{"@context":"https:\/\/schema.org","@graph":[{"@type":"Article","@id":"https:\/\/brasilnoticias.org\/site\/saiba-quem-assume-a-gestao-da-concessionaria-litoral-norte-e-da-estrada-do-coco-linha-verde\/#article","isPartOf":{"@id":"https:\/\/brasilnoticias.org\/site\/saiba-quem-assume-a-gestao-da-concessionaria-litoral-norte-e-da-estrada-do-coco-linha-verde\/"},"author":{"name":"Reda\u00e7\u00e3o","@id":"https:\/\/brasilnoticias.org\/site\/#\/schema\/person\/03bbbfe6c7634ad18c26444ea39049fa"},"headline":"Saiba quem assume a gest\u00e3o da Concession\u00e1ria Litoral Norte e da Estrada do Coco \/ Linha Verde","datePublished":"2023-10-10T09:00:08+00:00","mainEntityOfPage":{"@id":"https:\/\/brasilnoticias.org\/site\/saiba-quem-assume-a-gestao-da-concessionaria-litoral-norte-e-da-estrada-do-coco-linha-verde\/"},"wordCount":117,"commentCount":0,"publisher":{"@id":"https:\/\/brasilnoticias.org\/site\/#organization"},"image":{"@id":"https:\/\/brasilnoticias.org\/site\/saiba-quem-assume-a-gestao-da-concessionaria-litoral-norte-e-da-estrada-do-coco-linha-verde\/#primaryimage"},"thumbnailUrl":"https:\/\/brasilnoticias.org\/site\/wp-content\/uploads\/2023\/10\/cln_widelg.webp","articleSection":["Not\u00edcias","\u00daltimas"],"inLanguage":"pt-PT","potentialAction":[{"@type":"CommentAction","name":"Comment","target":["https:\/\/brasilnoticias.org\/site\/saiba-quem-assume-a-gestao-da-concessionaria-litoral-norte-e-da-estrada-do-coco-linha-verde\/#respond"]}]},{"@type":"WebPage","@id":"https:\/\/brasilnoticias.org\/site\/saiba-quem-assume-a-gestao-da-concessionaria-litoral-norte-e-da-estrada-do-coco-linha-verde\/","url":"https:\/\/brasilnoticias.org\/site\/saiba-quem-assume-a-gestao-da-concessionaria-litoral-norte-e-da-estrada-do-coco-linha-verde\/","name":"Saiba quem assume a gest\u00e3o da Concession\u00e1ria Litoral Norte e da Estrada do Coco \/ Linha Verde - Brasil not\u00edcias","isPartOf":{"@id":"https:\/\/brasilnoticias.org\/site\/#website"},"primaryImageOfPage":{"@id":"https:\/\/brasilnoticias.org\/site\/saiba-quem-assume-a-gestao-da-concessionaria-litoral-norte-e-da-estrada-do-coco-linha-verde\/#primaryimage"},"image":{"@id":"https:\/\/brasilnoticias.org\/site\/saiba-quem-assume-a-gestao-da-concessionaria-litoral-norte-e-da-estrada-do-coco-linha-verde\/#primaryimage"},"thumbnailUrl":"https:\/\/brasilnoticias.org\/site\/wp-content\/uploads\/2023\/10\/cln_widelg.webp","datePublished":"2023-10-10T09:00:08+00:00","breadcrumb":{"@id":"https:\/\/brasilnoticias.org\/site\/saiba-quem-assume-a-gestao-da-concessionaria-litoral-norte-e-da-estrada-do-coco-linha-verde\/#breadcrumb"},"inLanguage":"pt-PT","potentialAction":[{"@type":"ReadAction","target":["https:\/\/brasilnoticias.org\/site\/saiba-quem-assume-a-gestao-da-concessionaria-litoral-norte-e-da-estrada-do-coco-linha-verde\/"]}]},{"@type":"ImageObject","inLanguage":"pt-PT","@id":"https:\/\/brasilnoticias.org\/site\/saiba-quem-assume-a-gestao-da-concessionaria-litoral-norte-e-da-estrada-do-coco-linha-verde\/#primaryimage","url":"https:\/\/brasilnoticias.org\/site\/wp-content\/uploads\/2023\/10\/cln_widelg.webp","contentUrl":"https:\/\/brasilnoticias.org\/site\/wp-content\/uploads\/2023\/10\/cln_widelg.webp","width":474,"height":335},{"@type":"BreadcrumbList","@id":"https:\/\/brasilnoticias.org\/site\/saiba-quem-assume-a-gestao-da-concessionaria-litoral-norte-e-da-estrada-do-coco-linha-verde\/#breadcrumb","itemListElement":[{"@type":"ListItem","position":1,"name":"In\u00edcio","item":"https:\/\/brasilnoticias.org\/site\/"},{"@type":"ListItem","position":2,"name":"Saiba quem assume a gest\u00e3o da Concession\u00e1ria Litoral Norte e da Estrada do Coco \/ Linha Verde"}]},{"@type":"WebSite","@id":"https:\/\/brasilnoticias.org\/site\/#website","url":"https:\/\/brasilnoticias.org\/site\/","name":"Brasil not\u00edcias","description":"Brasil not\u00edcias","publisher":{"@id":"https:\/\/brasilnoticias.org\/site\/#organization"},"potentialAction":[{"@type":"SearchAction","target":{"@type":"EntryPoint","urlTemplate":"https:\/\/brasilnoticias.org\/site\/?s={search_term_string}"},"query-input":{"@type":"PropertyValueSpecification","valueRequired":true,"valueName":"search_term_string"}}],"inLanguage":"pt-PT"},{"@type":"Organization","@id":"https:\/\/brasilnoticias.org\/site\/#organization","name":"Brasil not\u00edcias","url":"https:\/\/brasilnoticias.org\/site\/","logo":{"@type":"ImageObject","inLanguage":"pt-PT","@id":"https:\/\/brasilnoticias.org\/site\/#\/schema\/logo\/image\/","url":"https:\/\/brasilnoticias.org\/site\/wp-content\/uploads\/2022\/05\/cropped-brasilnoticias-mini.jpg","contentUrl":"https:\/\/brasilnoticias.org\/site\/wp-content\/uploads\/2022\/05\/cropped-brasilnoticias-mini.jpg","width":314,"height":86,"caption":"Brasil not\u00edcias"},"image":{"@id":"https:\/\/brasilnoticias.org\/site\/#\/schema\/logo\/image\/"}},{"@type":"Person","@id":"https:\/\/brasilnoticias.org\/site\/#\/schema\/person\/03bbbfe6c7634ad18c26444ea39049fa","name":"Reda\u00e7\u00e3o","image":{"@type":"ImageObject","inLanguage":"pt-PT","@id":"https:\/\/brasilnoticias.org\/site\/#\/schema\/person\/image\/","url":"https:\/\/secure.gravatar.com\/avatar\/9ecaf7327a696cb23ad926fedded5f1f04d7049de9e445375d55b48c001a6e42?s=96&d=mm&r=g","contentUrl":"https:\/\/secure.gravatar.com\/avatar\/9ecaf7327a696cb23ad926fedded5f1f04d7049de9e445375d55b48c001a6e42?s=96&d=mm&r=g","caption":"Reda\u00e7\u00e3o"},"url":"https:\/\/brasilnoticias.org\/site\/author\/henrique\/"}]}},"_links":{"self":[{"href":"https:\/\/brasilnoticias.org\/site\/wp-json\/wp\/v2\/posts\/10018","targetHints":{"allow":["GET"]}}],"collection":[{"href":"https:\/\/brasilnoticias.org\/site\/wp-json\/wp\/v2\/posts"}],"about":[{"href":"https:\/\/brasilnoticias.org\/site\/wp-json\/wp\/v2\/types\/post"}],"author":[{"embeddable":true,"href":"https:\/\/brasilnoticias.org\/site\/wp-json\/wp\/v2\/users\/4"}],"replies":[{"embeddable":true,"href":"https:\/\/brasilnoticias.org\/site\/wp-json\/wp\/v2\/comments?post=10018"}],"version-history":[{"count":1,"href":"https:\/\/brasilnoticias.org\/site\/wp-json\/wp\/v2\/posts\/10018\/revisions"}],"predecessor-version":[{"id":10020,"href":"https:\/\/brasilnoticias.org\/site\/wp-json\/wp\/v2\/posts\/10018\/revisions\/10020"}],"wp:featuredmedia":[{"embeddable":true,"href":"https:\/\/brasilnoticias.org\/site\/wp-json\/wp\/v2\/media\/10019"}],"wp:attachment":[{"href":"https:\/\/brasilnoticias.org\/site\/wp-json\/wp\/v2\/media?parent=10018"}],"wp:term":[{"taxonomy":"category","embeddable":true,"href":"https:\/\/brasilnoticias.org\/site\/wp-json\/wp\/v2\/categories?post=10018"},{"taxonomy":"post_tag","embeddable":true,"href":"https:\/\/brasilnoticias.org\/site\/wp-json\/wp\/v2\/tags?post=10018"}],"curies":[{"name":"wp","href":"https:\/\/api.w.org\/{rel}","templated":true}]}}