{"id":10033,"date":"2023-10-10T07:00:50","date_gmt":"2023-10-10T10:00:50","guid":{"rendered":"https:\/\/brasilnoticias.org\/site\/?p=10033"},"modified":"2023-10-09T19:54:30","modified_gmt":"2023-10-09T22:54:30","slug":"hamas-diz-que-matara-civis-sequestrados-caso-israel-siga-com-ataques-a-gaza","status":"publish","type":"post","link":"https:\/\/brasilnoticias.org\/site\/hamas-diz-que-matara-civis-sequestrados-caso-israel-siga-com-ataques-a-gaza\/","title":{"rendered":"Hamas diz que matar\u00e1 civis sequestrados caso Israel siga com ataques a Gaza"},"content":{"rendered":"<p>O an\u00fancio foi feito pelo porta-voz dos Brigadas al-Qassam, bra\u00e7o armado do Hamas<\/p>\n<p>O Hamas amea\u00e7a matar os civis sequestrados pelo bra\u00e7o armado do grupo, as Brigadas al-Qassam.  A a\u00e7\u00e3o est\u00e1 condicionada ao fim dos bombardeios realizados por Israel contra edif\u00edcios residenciais na Faixa de Gaza.<\/p>\n<p>O porta-voz dos Brigadas al-Qassam disse, nesta segunda-feira (9), que a fac\u00e7\u00e3o age &#8220;de acordo com as leis isl\u00e2micas&#8221;. Sobre a situa\u00e7\u00e3o dos prisioneiros, foi informado que eles estariam \u201cs\u00e3o e salvos\u201d, mas que poderia mudar caso Tel Aviv n\u00e3o cumprisse com as condicionantes.<\/p>\n<p>N\u00e3o h\u00e1 informa\u00e7\u00f5es divulgadas, por parte do Hamas, de quantos ref\u00e9ns foram sequestrados, j\u00e1 Israel afirma que mais de 100 est\u00e3o sob priva\u00e7\u00e3o de liberdade . &#8220;A partir de agora, qualquer ataque ao nosso povo, sem aviso pr\u00e9vio, resultar\u00e1 na execu\u00e7\u00e3o de ref\u00e9ns civis, que ser\u00e1 transmitida em v\u00eddeo&#8221;, afirmou o porta-voz das Brigadas.<\/p>\n<p>Foto: Reprodu\u00e7\u00e3o\/Redes sociais<br \/>\nPor: Metro1<\/p>\n","protected":false},"excerpt":{"rendered":"<p>O an\u00fancio foi feito pelo porta-voz dos Brigadas al-Qassam, bra\u00e7o armado do Hamas O Hamas amea\u00e7a matar os civis sequestrados<\/p>\n","protected":false},"author":4,"featured_media":10034,"comment_status":"open","ping_status":"open","sticky":false,"template":"","format":"standard","meta":{"colormag_page_container_layout":"default_layout","colormag_page_sidebar_layout":"default_layout","_FSMCFIC_featured_image_caption":"","_FSMCFIC_featured_image_nocaption":"","_FSMCFIC_featured_image_hide":"","footnotes":""},"categories":[6,1],"tags":[],"class_list":["post-10033","post","type-post","status-publish","format-standard","has-post-thumbnail","hentry","category-mundo","category-ultimas"],"yoast_head":"<!-- This site is optimized with the Yoast SEO plugin v27.1.1 - https:\/\/yoast.com\/product\/yoast-seo-wordpress\/ -->\n<title>Hamas diz que matar\u00e1 civis sequestrados caso Israel siga com ataques a Gaza - Brasil not\u00edcias<\/title>\n<meta name=\"robots\" content=\"index, follow, max-snippet:-1, max-image-preview:large, max-video-preview:-1\" \/>\n<link rel=\"canonical\" href=\"https:\/\/brasilnoticias.org\/site\/hamas-diz-que-matara-civis-sequestrados-caso-israel-siga-com-ataques-a-gaza\/\" \/>\n<meta property=\"og:locale\" content=\"pt_PT\" \/>\n<meta property=\"og:type\" content=\"article\" \/>\n<meta property=\"og:title\" content=\"Hamas diz que matar\u00e1 civis sequestrados caso Israel siga com ataques a Gaza - Brasil not\u00edcias\" \/>\n<meta property=\"og:description\" content=\"O an\u00fancio foi feito pelo porta-voz dos Brigadas al-Qassam, bra\u00e7o armado do Hamas O Hamas amea\u00e7a matar os civis sequestrados\" \/>\n<meta property=\"og:url\" content=\"https:\/\/brasilnoticias.org\/site\/hamas-diz-que-matara-civis-sequestrados-caso-israel-siga-com-ataques-a-gaza\/\" \/>\n<meta property=\"og:site_name\" content=\"Brasil not\u00edcias\" \/>\n<meta property=\"article:published_time\" content=\"2023-10-10T10:00:50+00:00\" \/>\n<meta property=\"og:image\" content=\"https:\/\/brasilnoticias.org\/site\/wp-content\/uploads\/2023\/10\/141836hamas-diz-que-matara-civis-sequestrados-caso-israel-siga-com-ataques-a-gaza-3.jpg\" \/>\n\t<meta property=\"og:image:width\" content=\"1600\" \/>\n\t<meta property=\"og:image:height\" content=\"752\" \/>\n\t<meta property=\"og:image:type\" content=\"image\/jpeg\" \/>\n<meta name=\"author\" content=\"Reda\u00e7\u00e3o\" \/>\n<meta name=\"twitter:card\" content=\"summary_large_image\" \/>\n<meta name=\"twitter:label1\" content=\"Escrito por\" \/>\n\t<meta name=\"twitter:data1\" content=\"Reda\u00e7\u00e3o\" \/>\n<script type=\"application\/ld+json\" class=\"yoast-schema-graph\">{\"@context\":\"https:\/\/schema.org\",\"@graph\":[{\"@type\":\"Article\",\"@id\":\"https:\/\/brasilnoticias.org\/site\/hamas-diz-que-matara-civis-sequestrados-caso-israel-siga-com-ataques-a-gaza\/#article\",\"isPartOf\":{\"@id\":\"https:\/\/brasilnoticias.org\/site\/hamas-diz-que-matara-civis-sequestrados-caso-israel-siga-com-ataques-a-gaza\/\"},\"author\":{\"name\":\"Reda\u00e7\u00e3o\",\"@id\":\"https:\/\/brasilnoticias.org\/site\/#\/schema\/person\/03bbbfe6c7634ad18c26444ea39049fa\"},\"headline\":\"Hamas diz que matar\u00e1 civis sequestrados caso Israel siga com ataques a Gaza\",\"datePublished\":\"2023-10-10T10:00:50+00:00\",\"mainEntityOfPage\":{\"@id\":\"https:\/\/brasilnoticias.org\/site\/hamas-diz-que-matara-civis-sequestrados-caso-israel-siga-com-ataques-a-gaza\/\"},\"wordCount\":181,\"commentCount\":0,\"publisher\":{\"@id\":\"https:\/\/brasilnoticias.org\/site\/#organization\"},\"image\":{\"@id\":\"https:\/\/brasilnoticias.org\/site\/hamas-diz-que-matara-civis-sequestrados-caso-israel-siga-com-ataques-a-gaza\/#primaryimage\"},\"thumbnailUrl\":\"https:\/\/brasilnoticias.org\/site\/wp-content\/uploads\/2023\/10\/141836hamas-diz-que-matara-civis-sequestrados-caso-israel-siga-com-ataques-a-gaza-3.jpg\",\"articleSection\":[\"Mundo\",\"\u00daltimas\"],\"inLanguage\":\"pt-PT\",\"potentialAction\":[{\"@type\":\"CommentAction\",\"name\":\"Comment\",\"target\":[\"https:\/\/brasilnoticias.org\/site\/hamas-diz-que-matara-civis-sequestrados-caso-israel-siga-com-ataques-a-gaza\/#respond\"]}]},{\"@type\":\"WebPage\",\"@id\":\"https:\/\/brasilnoticias.org\/site\/hamas-diz-que-matara-civis-sequestrados-caso-israel-siga-com-ataques-a-gaza\/\",\"url\":\"https:\/\/brasilnoticias.org\/site\/hamas-diz-que-matara-civis-sequestrados-caso-israel-siga-com-ataques-a-gaza\/\",\"name\":\"Hamas diz que matar\u00e1 civis sequestrados caso Israel siga com ataques a Gaza - Brasil not\u00edcias\",\"isPartOf\":{\"@id\":\"https:\/\/brasilnoticias.org\/site\/#website\"},\"primaryImageOfPage\":{\"@id\":\"https:\/\/brasilnoticias.org\/site\/hamas-diz-que-matara-civis-sequestrados-caso-israel-siga-com-ataques-a-gaza\/#primaryimage\"},\"image\":{\"@id\":\"https:\/\/brasilnoticias.org\/site\/hamas-diz-que-matara-civis-sequestrados-caso-israel-siga-com-ataques-a-gaza\/#primaryimage\"},\"thumbnailUrl\":\"https:\/\/brasilnoticias.org\/site\/wp-content\/uploads\/2023\/10\/141836hamas-diz-que-matara-civis-sequestrados-caso-israel-siga-com-ataques-a-gaza-3.jpg\",\"datePublished\":\"2023-10-10T10:00:50+00:00\",\"breadcrumb\":{\"@id\":\"https:\/\/brasilnoticias.org\/site\/hamas-diz-que-matara-civis-sequestrados-caso-israel-siga-com-ataques-a-gaza\/#breadcrumb\"},\"inLanguage\":\"pt-PT\",\"potentialAction\":[{\"@type\":\"ReadAction\",\"target\":[\"https:\/\/brasilnoticias.org\/site\/hamas-diz-que-matara-civis-sequestrados-caso-israel-siga-com-ataques-a-gaza\/\"]}]},{\"@type\":\"ImageObject\",\"inLanguage\":\"pt-PT\",\"@id\":\"https:\/\/brasilnoticias.org\/site\/hamas-diz-que-matara-civis-sequestrados-caso-israel-siga-com-ataques-a-gaza\/#primaryimage\",\"url\":\"https:\/\/brasilnoticias.org\/site\/wp-content\/uploads\/2023\/10\/141836hamas-diz-que-matara-civis-sequestrados-caso-israel-siga-com-ataques-a-gaza-3.jpg\",\"contentUrl\":\"https:\/\/brasilnoticias.org\/site\/wp-content\/uploads\/2023\/10\/141836hamas-diz-que-matara-civis-sequestrados-caso-israel-siga-com-ataques-a-gaza-3.jpg\",\"width\":1600,\"height\":752},{\"@type\":\"BreadcrumbList\",\"@id\":\"https:\/\/brasilnoticias.org\/site\/hamas-diz-que-matara-civis-sequestrados-caso-israel-siga-com-ataques-a-gaza\/#breadcrumb\",\"itemListElement\":[{\"@type\":\"ListItem\",\"position\":1,\"name\":\"In\u00edcio\",\"item\":\"https:\/\/brasilnoticias.org\/site\/\"},{\"@type\":\"ListItem\",\"position\":2,\"name\":\"Hamas diz que matar\u00e1 civis sequestrados caso Israel siga com ataques a Gaza\"}]},{\"@type\":\"WebSite\",\"@id\":\"https:\/\/brasilnoticias.org\/site\/#website\",\"url\":\"https:\/\/brasilnoticias.org\/site\/\",\"name\":\"Brasil not\u00edcias\",\"description\":\"Brasil not\u00edcias\",\"publisher\":{\"@id\":\"https:\/\/brasilnoticias.org\/site\/#organization\"},\"potentialAction\":[{\"@type\":\"SearchAction\",\"target\":{\"@type\":\"EntryPoint\",\"urlTemplate\":\"https:\/\/brasilnoticias.org\/site\/?s={search_term_string}\"},\"query-input\":{\"@type\":\"PropertyValueSpecification\",\"valueRequired\":true,\"valueName\":\"search_term_string\"}}],\"inLanguage\":\"pt-PT\"},{\"@type\":\"Organization\",\"@id\":\"https:\/\/brasilnoticias.org\/site\/#organization\",\"name\":\"Brasil not\u00edcias\",\"url\":\"https:\/\/brasilnoticias.org\/site\/\",\"logo\":{\"@type\":\"ImageObject\",\"inLanguage\":\"pt-PT\",\"@id\":\"https:\/\/brasilnoticias.org\/site\/#\/schema\/logo\/image\/\",\"url\":\"https:\/\/brasilnoticias.org\/site\/wp-content\/uploads\/2022\/05\/cropped-brasilnoticias-mini.jpg\",\"contentUrl\":\"https:\/\/brasilnoticias.org\/site\/wp-content\/uploads\/2022\/05\/cropped-brasilnoticias-mini.jpg\",\"width\":314,\"height\":86,\"caption\":\"Brasil not\u00edcias\"},\"image\":{\"@id\":\"https:\/\/brasilnoticias.org\/site\/#\/schema\/logo\/image\/\"}},{\"@type\":\"Person\",\"@id\":\"https:\/\/brasilnoticias.org\/site\/#\/schema\/person\/03bbbfe6c7634ad18c26444ea39049fa\",\"name\":\"Reda\u00e7\u00e3o\",\"image\":{\"@type\":\"ImageObject\",\"inLanguage\":\"pt-PT\",\"@id\":\"https:\/\/brasilnoticias.org\/site\/#\/schema\/person\/image\/\",\"url\":\"https:\/\/secure.gravatar.com\/avatar\/9ecaf7327a696cb23ad926fedded5f1f04d7049de9e445375d55b48c001a6e42?s=96&d=mm&r=g\",\"contentUrl\":\"https:\/\/secure.gravatar.com\/avatar\/9ecaf7327a696cb23ad926fedded5f1f04d7049de9e445375d55b48c001a6e42?s=96&d=mm&r=g\",\"caption\":\"Reda\u00e7\u00e3o\"},\"url\":\"https:\/\/brasilnoticias.org\/site\/author\/henrique\/\"}]}<\/script>\n<!-- \/ Yoast SEO plugin. -->","yoast_head_json":{"title":"Hamas diz que matar\u00e1 civis sequestrados caso Israel siga com ataques a Gaza - Brasil not\u00edcias","robots":{"index":"index","follow":"follow","max-snippet":"max-snippet:-1","max-image-preview":"max-image-preview:large","max-video-preview":"max-video-preview:-1"},"canonical":"https:\/\/brasilnoticias.org\/site\/hamas-diz-que-matara-civis-sequestrados-caso-israel-siga-com-ataques-a-gaza\/","og_locale":"pt_PT","og_type":"article","og_title":"Hamas diz que matar\u00e1 civis sequestrados caso Israel siga com ataques a Gaza - Brasil not\u00edcias","og_description":"O an\u00fancio foi feito pelo porta-voz dos Brigadas al-Qassam, bra\u00e7o armado do Hamas O Hamas amea\u00e7a matar os civis sequestrados","og_url":"https:\/\/brasilnoticias.org\/site\/hamas-diz-que-matara-civis-sequestrados-caso-israel-siga-com-ataques-a-gaza\/","og_site_name":"Brasil not\u00edcias","article_published_time":"2023-10-10T10:00:50+00:00","og_image":[{"width":1600,"height":752,"url":"https:\/\/brasilnoticias.org\/site\/wp-content\/uploads\/2023\/10\/141836hamas-diz-que-matara-civis-sequestrados-caso-israel-siga-com-ataques-a-gaza-3.jpg","type":"image\/jpeg"}],"author":"Reda\u00e7\u00e3o","twitter_card":"summary_large_image","twitter_misc":{"Escrito por":"Reda\u00e7\u00e3o"},"schema":{"@context":"https:\/\/schema.org","@graph":[{"@type":"Article","@id":"https:\/\/brasilnoticias.org\/site\/hamas-diz-que-matara-civis-sequestrados-caso-israel-siga-com-ataques-a-gaza\/#article","isPartOf":{"@id":"https:\/\/brasilnoticias.org\/site\/hamas-diz-que-matara-civis-sequestrados-caso-israel-siga-com-ataques-a-gaza\/"},"author":{"name":"Reda\u00e7\u00e3o","@id":"https:\/\/brasilnoticias.org\/site\/#\/schema\/person\/03bbbfe6c7634ad18c26444ea39049fa"},"headline":"Hamas diz que matar\u00e1 civis sequestrados caso Israel siga com ataques a Gaza","datePublished":"2023-10-10T10:00:50+00:00","mainEntityOfPage":{"@id":"https:\/\/brasilnoticias.org\/site\/hamas-diz-que-matara-civis-sequestrados-caso-israel-siga-com-ataques-a-gaza\/"},"wordCount":181,"commentCount":0,"publisher":{"@id":"https:\/\/brasilnoticias.org\/site\/#organization"},"image":{"@id":"https:\/\/brasilnoticias.org\/site\/hamas-diz-que-matara-civis-sequestrados-caso-israel-siga-com-ataques-a-gaza\/#primaryimage"},"thumbnailUrl":"https:\/\/brasilnoticias.org\/site\/wp-content\/uploads\/2023\/10\/141836hamas-diz-que-matara-civis-sequestrados-caso-israel-siga-com-ataques-a-gaza-3.jpg","articleSection":["Mundo","\u00daltimas"],"inLanguage":"pt-PT","potentialAction":[{"@type":"CommentAction","name":"Comment","target":["https:\/\/brasilnoticias.org\/site\/hamas-diz-que-matara-civis-sequestrados-caso-israel-siga-com-ataques-a-gaza\/#respond"]}]},{"@type":"WebPage","@id":"https:\/\/brasilnoticias.org\/site\/hamas-diz-que-matara-civis-sequestrados-caso-israel-siga-com-ataques-a-gaza\/","url":"https:\/\/brasilnoticias.org\/site\/hamas-diz-que-matara-civis-sequestrados-caso-israel-siga-com-ataques-a-gaza\/","name":"Hamas diz que matar\u00e1 civis sequestrados caso Israel siga com ataques a Gaza - Brasil not\u00edcias","isPartOf":{"@id":"https:\/\/brasilnoticias.org\/site\/#website"},"primaryImageOfPage":{"@id":"https:\/\/brasilnoticias.org\/site\/hamas-diz-que-matara-civis-sequestrados-caso-israel-siga-com-ataques-a-gaza\/#primaryimage"},"image":{"@id":"https:\/\/brasilnoticias.org\/site\/hamas-diz-que-matara-civis-sequestrados-caso-israel-siga-com-ataques-a-gaza\/#primaryimage"},"thumbnailUrl":"https:\/\/brasilnoticias.org\/site\/wp-content\/uploads\/2023\/10\/141836hamas-diz-que-matara-civis-sequestrados-caso-israel-siga-com-ataques-a-gaza-3.jpg","datePublished":"2023-10-10T10:00:50+00:00","breadcrumb":{"@id":"https:\/\/brasilnoticias.org\/site\/hamas-diz-que-matara-civis-sequestrados-caso-israel-siga-com-ataques-a-gaza\/#breadcrumb"},"inLanguage":"pt-PT","potentialAction":[{"@type":"ReadAction","target":["https:\/\/brasilnoticias.org\/site\/hamas-diz-que-matara-civis-sequestrados-caso-israel-siga-com-ataques-a-gaza\/"]}]},{"@type":"ImageObject","inLanguage":"pt-PT","@id":"https:\/\/brasilnoticias.org\/site\/hamas-diz-que-matara-civis-sequestrados-caso-israel-siga-com-ataques-a-gaza\/#primaryimage","url":"https:\/\/brasilnoticias.org\/site\/wp-content\/uploads\/2023\/10\/141836hamas-diz-que-matara-civis-sequestrados-caso-israel-siga-com-ataques-a-gaza-3.jpg","contentUrl":"https:\/\/brasilnoticias.org\/site\/wp-content\/uploads\/2023\/10\/141836hamas-diz-que-matara-civis-sequestrados-caso-israel-siga-com-ataques-a-gaza-3.jpg","width":1600,"height":752},{"@type":"BreadcrumbList","@id":"https:\/\/brasilnoticias.org\/site\/hamas-diz-que-matara-civis-sequestrados-caso-israel-siga-com-ataques-a-gaza\/#breadcrumb","itemListElement":[{"@type":"ListItem","position":1,"name":"In\u00edcio","item":"https:\/\/brasilnoticias.org\/site\/"},{"@type":"ListItem","position":2,"name":"Hamas diz que matar\u00e1 civis sequestrados caso Israel siga com ataques a Gaza"}]},{"@type":"WebSite","@id":"https:\/\/brasilnoticias.org\/site\/#website","url":"https:\/\/brasilnoticias.org\/site\/","name":"Brasil not\u00edcias","description":"Brasil not\u00edcias","publisher":{"@id":"https:\/\/brasilnoticias.org\/site\/#organization"},"potentialAction":[{"@type":"SearchAction","target":{"@type":"EntryPoint","urlTemplate":"https:\/\/brasilnoticias.org\/site\/?s={search_term_string}"},"query-input":{"@type":"PropertyValueSpecification","valueRequired":true,"valueName":"search_term_string"}}],"inLanguage":"pt-PT"},{"@type":"Organization","@id":"https:\/\/brasilnoticias.org\/site\/#organization","name":"Brasil not\u00edcias","url":"https:\/\/brasilnoticias.org\/site\/","logo":{"@type":"ImageObject","inLanguage":"pt-PT","@id":"https:\/\/brasilnoticias.org\/site\/#\/schema\/logo\/image\/","url":"https:\/\/brasilnoticias.org\/site\/wp-content\/uploads\/2022\/05\/cropped-brasilnoticias-mini.jpg","contentUrl":"https:\/\/brasilnoticias.org\/site\/wp-content\/uploads\/2022\/05\/cropped-brasilnoticias-mini.jpg","width":314,"height":86,"caption":"Brasil not\u00edcias"},"image":{"@id":"https:\/\/brasilnoticias.org\/site\/#\/schema\/logo\/image\/"}},{"@type":"Person","@id":"https:\/\/brasilnoticias.org\/site\/#\/schema\/person\/03bbbfe6c7634ad18c26444ea39049fa","name":"Reda\u00e7\u00e3o","image":{"@type":"ImageObject","inLanguage":"pt-PT","@id":"https:\/\/brasilnoticias.org\/site\/#\/schema\/person\/image\/","url":"https:\/\/secure.gravatar.com\/avatar\/9ecaf7327a696cb23ad926fedded5f1f04d7049de9e445375d55b48c001a6e42?s=96&d=mm&r=g","contentUrl":"https:\/\/secure.gravatar.com\/avatar\/9ecaf7327a696cb23ad926fedded5f1f04d7049de9e445375d55b48c001a6e42?s=96&d=mm&r=g","caption":"Reda\u00e7\u00e3o"},"url":"https:\/\/brasilnoticias.org\/site\/author\/henrique\/"}]}},"_links":{"self":[{"href":"https:\/\/brasilnoticias.org\/site\/wp-json\/wp\/v2\/posts\/10033","targetHints":{"allow":["GET"]}}],"collection":[{"href":"https:\/\/brasilnoticias.org\/site\/wp-json\/wp\/v2\/posts"}],"about":[{"href":"https:\/\/brasilnoticias.org\/site\/wp-json\/wp\/v2\/types\/post"}],"author":[{"embeddable":true,"href":"https:\/\/brasilnoticias.org\/site\/wp-json\/wp\/v2\/users\/4"}],"replies":[{"embeddable":true,"href":"https:\/\/brasilnoticias.org\/site\/wp-json\/wp\/v2\/comments?post=10033"}],"version-history":[{"count":1,"href":"https:\/\/brasilnoticias.org\/site\/wp-json\/wp\/v2\/posts\/10033\/revisions"}],"predecessor-version":[{"id":10035,"href":"https:\/\/brasilnoticias.org\/site\/wp-json\/wp\/v2\/posts\/10033\/revisions\/10035"}],"wp:featuredmedia":[{"embeddable":true,"href":"https:\/\/brasilnoticias.org\/site\/wp-json\/wp\/v2\/media\/10034"}],"wp:attachment":[{"href":"https:\/\/brasilnoticias.org\/site\/wp-json\/wp\/v2\/media?parent=10033"}],"wp:term":[{"taxonomy":"category","embeddable":true,"href":"https:\/\/brasilnoticias.org\/site\/wp-json\/wp\/v2\/categories?post=10033"},{"taxonomy":"post_tag","embeddable":true,"href":"https:\/\/brasilnoticias.org\/site\/wp-json\/wp\/v2\/tags?post=10033"}],"curies":[{"name":"wp","href":"https:\/\/api.w.org\/{rel}","templated":true}]}}