{"id":10036,"date":"2023-10-10T20:23:16","date_gmt":"2023-10-10T23:23:16","guid":{"rendered":"https:\/\/brasilnoticias.org\/site\/?p=10036"},"modified":"2023-10-10T20:23:16","modified_gmt":"2023-10-10T23:23:16","slug":"hospital-roberto-santos-da-inicio-as-comemoracoes-do-dia-das-criancas-com-a-cantora-gilmelandia","status":"publish","type":"post","link":"https:\/\/brasilnoticias.org\/site\/hospital-roberto-santos-da-inicio-as-comemoracoes-do-dia-das-criancas-com-a-cantora-gilmelandia\/","title":{"rendered":"Hospital Roberto Santos d\u00e1 in\u00edcio \u00e0s comemora\u00e7\u00f5es do dia das crian\u00e7as com a cantora Gilmel\u00e2ndia"},"content":{"rendered":"<p>O Hospital Geral Roberto Santos (HGRS), que ter\u00e1 uma programa\u00e7\u00e3o extensa nesta semana das crian\u00e7as, abriu as comemora\u00e7\u00f5es nesta segunda-feira (09), com  a participa\u00e7\u00e3o especial de Gilmel\u00e2ndia, que alegrou a crian\u00e7ada com suas m\u00fasicas e com suas m\u00e1gicas.<\/p>\n<p>A artista fez quest\u00e3o de registrar que esta n\u00e3o \u00e9 a primeira fez que se apresenta para os pacientes pedi\u00e1tricos do Roberto Santos. \u201cEsta parceria j\u00e1 vem de longe e me deixa muito feliz de ter a oportunidade de trazer um pouco de alegria para essas crian\u00e7as\u201d, afirmou Gilmel\u00e2ndia.<\/p>\n<p>No mesmo dia, a Oficina de M\u00fasica do hospital, criada pelo setor de Recursos Humanos, com a participa\u00e7\u00e3o de diversos colaboradores, percorreram as alas pedi\u00e1tricas da unidade, levando muita m\u00fasica para os pequenos.<\/p>\n<p>E as comemora\u00e7\u00f5es continuam ao longo da semana. Na ter\u00e7a-feira (10), vai ser o dia de pegar um cineminha (no hospital), participar de uma roda de capoeira infantil, al\u00e9m de ter a oportunidade de participar das outras brincadeiras que comp\u00f5em a programa\u00e7\u00e3o exclusiva para as crian\u00e7as internadas na HGRS. J\u00e1 os \u201cDoutores do Verbo\u201d v\u00e3o fazer a alegria da crian\u00e7ada na quarta-feira (11), com brincadeiras diversas e show de anima\u00e7\u00e3o.<\/p>\n<p>E quem pensa que na quinta-feira (12) n\u00e3o ter\u00e1 atividades por conta do feriado se engana, o servi\u00e7o de nutri\u00e7\u00e3o do HGRS vai preparar um lanche especial, chamar um<\/p>\n<p>animador e distribuir presentes. Tudo isso para impedir que o dia das crian\u00e7as passe em branco para aqueles que  que est\u00e3o internados no Hospital Roberto Santos.<\/p>\n<p>As m\u00e3es ressaltaram que esta iniciativa \u00e9 maravilhosa e, al\u00e9m de trazer alegria para seus filhos, tamb\u00e9m \u201cnos alegra um pouco, <\/p>\n<p>pois a gente fica aqui preocupado com nossas crian\u00e7as, mas a\u00ed chega essas pessoas maravilhosas nos alegrando um pouco\u201d, pontou Jaiana Paula Rocha Coelho, m\u00e3e do pequeno  Jeferson J\u00fanior Rocha de Jesus, que estava na emerg\u00eancia pedi\u00e1trica do HGRS na tarde desta segunda-feira(09).<\/p>\n<p>Foto: Divulga\u00e7\u00e3o<br \/>\nFonte: Ascom\/HGRS<\/p>\n","protected":false},"excerpt":{"rendered":"<p>O Hospital Geral Roberto Santos (HGRS), que ter\u00e1 uma programa\u00e7\u00e3o extensa nesta semana das crian\u00e7as, abriu as comemora\u00e7\u00f5es nesta segunda-feira<\/p>\n","protected":false},"author":4,"featured_media":10037,"comment_status":"open","ping_status":"open","sticky":false,"template":"","format":"standard","meta":{"colormag_page_container_layout":"default_layout","colormag_page_sidebar_layout":"default_layout","_FSMCFIC_featured_image_caption":"","_FSMCFIC_featured_image_nocaption":"","_FSMCFIC_featured_image_hide":"","footnotes":""},"categories":[2,1],"tags":[],"class_list":["post-10036","post","type-post","status-publish","format-standard","has-post-thumbnail","hentry","category-noticias","category-ultimas"],"yoast_head":"<!-- This site is optimized with the Yoast SEO plugin v27.1.1 - https:\/\/yoast.com\/product\/yoast-seo-wordpress\/ -->\n<title>Hospital Roberto Santos d\u00e1 in\u00edcio \u00e0s comemora\u00e7\u00f5es do dia das crian\u00e7as com a cantora Gilmel\u00e2ndia - Brasil not\u00edcias<\/title>\n<meta name=\"robots\" content=\"index, follow, max-snippet:-1, max-image-preview:large, max-video-preview:-1\" \/>\n<link rel=\"canonical\" href=\"https:\/\/brasilnoticias.org\/site\/hospital-roberto-santos-da-inicio-as-comemoracoes-do-dia-das-criancas-com-a-cantora-gilmelandia\/\" \/>\n<meta property=\"og:locale\" content=\"pt_PT\" \/>\n<meta property=\"og:type\" content=\"article\" \/>\n<meta property=\"og:title\" content=\"Hospital Roberto Santos d\u00e1 in\u00edcio \u00e0s comemora\u00e7\u00f5es do dia das crian\u00e7as com a cantora Gilmel\u00e2ndia - Brasil not\u00edcias\" \/>\n<meta property=\"og:description\" content=\"O Hospital Geral Roberto Santos (HGRS), que ter\u00e1 uma programa\u00e7\u00e3o extensa nesta semana das crian\u00e7as, abriu as comemora\u00e7\u00f5es nesta segunda-feira\" \/>\n<meta property=\"og:url\" content=\"https:\/\/brasilnoticias.org\/site\/hospital-roberto-santos-da-inicio-as-comemoracoes-do-dia-das-criancas-com-a-cantora-gilmelandia\/\" \/>\n<meta property=\"og:site_name\" content=\"Brasil not\u00edcias\" \/>\n<meta property=\"article:published_time\" content=\"2023-10-10T23:23:16+00:00\" \/>\n<meta property=\"og:image\" content=\"https:\/\/brasilnoticias.org\/site\/wp-content\/uploads\/2023\/10\/baixados-3-696x522-1.png\" \/>\n\t<meta property=\"og:image:width\" content=\"696\" \/>\n\t<meta property=\"og:image:height\" content=\"522\" \/>\n\t<meta property=\"og:image:type\" content=\"image\/png\" \/>\n<meta name=\"author\" content=\"Reda\u00e7\u00e3o\" \/>\n<meta name=\"twitter:card\" content=\"summary_large_image\" \/>\n<meta name=\"twitter:label1\" content=\"Escrito por\" \/>\n\t<meta name=\"twitter:data1\" content=\"Reda\u00e7\u00e3o\" \/>\n<script type=\"application\/ld+json\" class=\"yoast-schema-graph\">{\"@context\":\"https:\/\/schema.org\",\"@graph\":[{\"@type\":\"Article\",\"@id\":\"https:\/\/brasilnoticias.org\/site\/hospital-roberto-santos-da-inicio-as-comemoracoes-do-dia-das-criancas-com-a-cantora-gilmelandia\/#article\",\"isPartOf\":{\"@id\":\"https:\/\/brasilnoticias.org\/site\/hospital-roberto-santos-da-inicio-as-comemoracoes-do-dia-das-criancas-com-a-cantora-gilmelandia\/\"},\"author\":{\"name\":\"Reda\u00e7\u00e3o\",\"@id\":\"https:\/\/brasilnoticias.org\/site\/#\/schema\/person\/03bbbfe6c7634ad18c26444ea39049fa\"},\"headline\":\"Hospital Roberto Santos d\u00e1 in\u00edcio \u00e0s comemora\u00e7\u00f5es do dia das crian\u00e7as com a cantora Gilmel\u00e2ndia\",\"datePublished\":\"2023-10-10T23:23:16+00:00\",\"mainEntityOfPage\":{\"@id\":\"https:\/\/brasilnoticias.org\/site\/hospital-roberto-santos-da-inicio-as-comemoracoes-do-dia-das-criancas-com-a-cantora-gilmelandia\/\"},\"wordCount\":367,\"commentCount\":0,\"publisher\":{\"@id\":\"https:\/\/brasilnoticias.org\/site\/#organization\"},\"image\":{\"@id\":\"https:\/\/brasilnoticias.org\/site\/hospital-roberto-santos-da-inicio-as-comemoracoes-do-dia-das-criancas-com-a-cantora-gilmelandia\/#primaryimage\"},\"thumbnailUrl\":\"https:\/\/brasilnoticias.org\/site\/wp-content\/uploads\/2023\/10\/baixados-3-696x522-1.png\",\"articleSection\":[\"Not\u00edcias\",\"\u00daltimas\"],\"inLanguage\":\"pt-PT\",\"potentialAction\":[{\"@type\":\"CommentAction\",\"name\":\"Comment\",\"target\":[\"https:\/\/brasilnoticias.org\/site\/hospital-roberto-santos-da-inicio-as-comemoracoes-do-dia-das-criancas-com-a-cantora-gilmelandia\/#respond\"]}]},{\"@type\":\"WebPage\",\"@id\":\"https:\/\/brasilnoticias.org\/site\/hospital-roberto-santos-da-inicio-as-comemoracoes-do-dia-das-criancas-com-a-cantora-gilmelandia\/\",\"url\":\"https:\/\/brasilnoticias.org\/site\/hospital-roberto-santos-da-inicio-as-comemoracoes-do-dia-das-criancas-com-a-cantora-gilmelandia\/\",\"name\":\"Hospital Roberto Santos d\u00e1 in\u00edcio \u00e0s comemora\u00e7\u00f5es do dia das crian\u00e7as com a cantora Gilmel\u00e2ndia - Brasil not\u00edcias\",\"isPartOf\":{\"@id\":\"https:\/\/brasilnoticias.org\/site\/#website\"},\"primaryImageOfPage\":{\"@id\":\"https:\/\/brasilnoticias.org\/site\/hospital-roberto-santos-da-inicio-as-comemoracoes-do-dia-das-criancas-com-a-cantora-gilmelandia\/#primaryimage\"},\"image\":{\"@id\":\"https:\/\/brasilnoticias.org\/site\/hospital-roberto-santos-da-inicio-as-comemoracoes-do-dia-das-criancas-com-a-cantora-gilmelandia\/#primaryimage\"},\"thumbnailUrl\":\"https:\/\/brasilnoticias.org\/site\/wp-content\/uploads\/2023\/10\/baixados-3-696x522-1.png\",\"datePublished\":\"2023-10-10T23:23:16+00:00\",\"breadcrumb\":{\"@id\":\"https:\/\/brasilnoticias.org\/site\/hospital-roberto-santos-da-inicio-as-comemoracoes-do-dia-das-criancas-com-a-cantora-gilmelandia\/#breadcrumb\"},\"inLanguage\":\"pt-PT\",\"potentialAction\":[{\"@type\":\"ReadAction\",\"target\":[\"https:\/\/brasilnoticias.org\/site\/hospital-roberto-santos-da-inicio-as-comemoracoes-do-dia-das-criancas-com-a-cantora-gilmelandia\/\"]}]},{\"@type\":\"ImageObject\",\"inLanguage\":\"pt-PT\",\"@id\":\"https:\/\/brasilnoticias.org\/site\/hospital-roberto-santos-da-inicio-as-comemoracoes-do-dia-das-criancas-com-a-cantora-gilmelandia\/#primaryimage\",\"url\":\"https:\/\/brasilnoticias.org\/site\/wp-content\/uploads\/2023\/10\/baixados-3-696x522-1.png\",\"contentUrl\":\"https:\/\/brasilnoticias.org\/site\/wp-content\/uploads\/2023\/10\/baixados-3-696x522-1.png\",\"width\":696,\"height\":522},{\"@type\":\"BreadcrumbList\",\"@id\":\"https:\/\/brasilnoticias.org\/site\/hospital-roberto-santos-da-inicio-as-comemoracoes-do-dia-das-criancas-com-a-cantora-gilmelandia\/#breadcrumb\",\"itemListElement\":[{\"@type\":\"ListItem\",\"position\":1,\"name\":\"In\u00edcio\",\"item\":\"https:\/\/brasilnoticias.org\/site\/\"},{\"@type\":\"ListItem\",\"position\":2,\"name\":\"Hospital Roberto Santos d\u00e1 in\u00edcio \u00e0s comemora\u00e7\u00f5es do dia das crian\u00e7as com a cantora Gilmel\u00e2ndia\"}]},{\"@type\":\"WebSite\",\"@id\":\"https:\/\/brasilnoticias.org\/site\/#website\",\"url\":\"https:\/\/brasilnoticias.org\/site\/\",\"name\":\"Brasil not\u00edcias\",\"description\":\"Brasil not\u00edcias\",\"publisher\":{\"@id\":\"https:\/\/brasilnoticias.org\/site\/#organization\"},\"potentialAction\":[{\"@type\":\"SearchAction\",\"target\":{\"@type\":\"EntryPoint\",\"urlTemplate\":\"https:\/\/brasilnoticias.org\/site\/?s={search_term_string}\"},\"query-input\":{\"@type\":\"PropertyValueSpecification\",\"valueRequired\":true,\"valueName\":\"search_term_string\"}}],\"inLanguage\":\"pt-PT\"},{\"@type\":\"Organization\",\"@id\":\"https:\/\/brasilnoticias.org\/site\/#organization\",\"name\":\"Brasil not\u00edcias\",\"url\":\"https:\/\/brasilnoticias.org\/site\/\",\"logo\":{\"@type\":\"ImageObject\",\"inLanguage\":\"pt-PT\",\"@id\":\"https:\/\/brasilnoticias.org\/site\/#\/schema\/logo\/image\/\",\"url\":\"https:\/\/brasilnoticias.org\/site\/wp-content\/uploads\/2022\/05\/cropped-brasilnoticias-mini.jpg\",\"contentUrl\":\"https:\/\/brasilnoticias.org\/site\/wp-content\/uploads\/2022\/05\/cropped-brasilnoticias-mini.jpg\",\"width\":314,\"height\":86,\"caption\":\"Brasil not\u00edcias\"},\"image\":{\"@id\":\"https:\/\/brasilnoticias.org\/site\/#\/schema\/logo\/image\/\"}},{\"@type\":\"Person\",\"@id\":\"https:\/\/brasilnoticias.org\/site\/#\/schema\/person\/03bbbfe6c7634ad18c26444ea39049fa\",\"name\":\"Reda\u00e7\u00e3o\",\"image\":{\"@type\":\"ImageObject\",\"inLanguage\":\"pt-PT\",\"@id\":\"https:\/\/brasilnoticias.org\/site\/#\/schema\/person\/image\/\",\"url\":\"https:\/\/secure.gravatar.com\/avatar\/9ecaf7327a696cb23ad926fedded5f1f04d7049de9e445375d55b48c001a6e42?s=96&d=mm&r=g\",\"contentUrl\":\"https:\/\/secure.gravatar.com\/avatar\/9ecaf7327a696cb23ad926fedded5f1f04d7049de9e445375d55b48c001a6e42?s=96&d=mm&r=g\",\"caption\":\"Reda\u00e7\u00e3o\"},\"url\":\"https:\/\/brasilnoticias.org\/site\/author\/henrique\/\"}]}<\/script>\n<!-- \/ Yoast SEO plugin. -->","yoast_head_json":{"title":"Hospital Roberto Santos d\u00e1 in\u00edcio \u00e0s comemora\u00e7\u00f5es do dia das crian\u00e7as com a cantora Gilmel\u00e2ndia - Brasil not\u00edcias","robots":{"index":"index","follow":"follow","max-snippet":"max-snippet:-1","max-image-preview":"max-image-preview:large","max-video-preview":"max-video-preview:-1"},"canonical":"https:\/\/brasilnoticias.org\/site\/hospital-roberto-santos-da-inicio-as-comemoracoes-do-dia-das-criancas-com-a-cantora-gilmelandia\/","og_locale":"pt_PT","og_type":"article","og_title":"Hospital Roberto Santos d\u00e1 in\u00edcio \u00e0s comemora\u00e7\u00f5es do dia das crian\u00e7as com a cantora Gilmel\u00e2ndia - Brasil not\u00edcias","og_description":"O Hospital Geral Roberto Santos (HGRS), que ter\u00e1 uma programa\u00e7\u00e3o extensa nesta semana das crian\u00e7as, abriu as comemora\u00e7\u00f5es nesta segunda-feira","og_url":"https:\/\/brasilnoticias.org\/site\/hospital-roberto-santos-da-inicio-as-comemoracoes-do-dia-das-criancas-com-a-cantora-gilmelandia\/","og_site_name":"Brasil not\u00edcias","article_published_time":"2023-10-10T23:23:16+00:00","og_image":[{"width":696,"height":522,"url":"https:\/\/brasilnoticias.org\/site\/wp-content\/uploads\/2023\/10\/baixados-3-696x522-1.png","type":"image\/png"}],"author":"Reda\u00e7\u00e3o","twitter_card":"summary_large_image","twitter_misc":{"Escrito por":"Reda\u00e7\u00e3o"},"schema":{"@context":"https:\/\/schema.org","@graph":[{"@type":"Article","@id":"https:\/\/brasilnoticias.org\/site\/hospital-roberto-santos-da-inicio-as-comemoracoes-do-dia-das-criancas-com-a-cantora-gilmelandia\/#article","isPartOf":{"@id":"https:\/\/brasilnoticias.org\/site\/hospital-roberto-santos-da-inicio-as-comemoracoes-do-dia-das-criancas-com-a-cantora-gilmelandia\/"},"author":{"name":"Reda\u00e7\u00e3o","@id":"https:\/\/brasilnoticias.org\/site\/#\/schema\/person\/03bbbfe6c7634ad18c26444ea39049fa"},"headline":"Hospital Roberto Santos d\u00e1 in\u00edcio \u00e0s comemora\u00e7\u00f5es do dia das crian\u00e7as com a cantora Gilmel\u00e2ndia","datePublished":"2023-10-10T23:23:16+00:00","mainEntityOfPage":{"@id":"https:\/\/brasilnoticias.org\/site\/hospital-roberto-santos-da-inicio-as-comemoracoes-do-dia-das-criancas-com-a-cantora-gilmelandia\/"},"wordCount":367,"commentCount":0,"publisher":{"@id":"https:\/\/brasilnoticias.org\/site\/#organization"},"image":{"@id":"https:\/\/brasilnoticias.org\/site\/hospital-roberto-santos-da-inicio-as-comemoracoes-do-dia-das-criancas-com-a-cantora-gilmelandia\/#primaryimage"},"thumbnailUrl":"https:\/\/brasilnoticias.org\/site\/wp-content\/uploads\/2023\/10\/baixados-3-696x522-1.png","articleSection":["Not\u00edcias","\u00daltimas"],"inLanguage":"pt-PT","potentialAction":[{"@type":"CommentAction","name":"Comment","target":["https:\/\/brasilnoticias.org\/site\/hospital-roberto-santos-da-inicio-as-comemoracoes-do-dia-das-criancas-com-a-cantora-gilmelandia\/#respond"]}]},{"@type":"WebPage","@id":"https:\/\/brasilnoticias.org\/site\/hospital-roberto-santos-da-inicio-as-comemoracoes-do-dia-das-criancas-com-a-cantora-gilmelandia\/","url":"https:\/\/brasilnoticias.org\/site\/hospital-roberto-santos-da-inicio-as-comemoracoes-do-dia-das-criancas-com-a-cantora-gilmelandia\/","name":"Hospital Roberto Santos d\u00e1 in\u00edcio \u00e0s comemora\u00e7\u00f5es do dia das crian\u00e7as com a cantora Gilmel\u00e2ndia - Brasil not\u00edcias","isPartOf":{"@id":"https:\/\/brasilnoticias.org\/site\/#website"},"primaryImageOfPage":{"@id":"https:\/\/brasilnoticias.org\/site\/hospital-roberto-santos-da-inicio-as-comemoracoes-do-dia-das-criancas-com-a-cantora-gilmelandia\/#primaryimage"},"image":{"@id":"https:\/\/brasilnoticias.org\/site\/hospital-roberto-santos-da-inicio-as-comemoracoes-do-dia-das-criancas-com-a-cantora-gilmelandia\/#primaryimage"},"thumbnailUrl":"https:\/\/brasilnoticias.org\/site\/wp-content\/uploads\/2023\/10\/baixados-3-696x522-1.png","datePublished":"2023-10-10T23:23:16+00:00","breadcrumb":{"@id":"https:\/\/brasilnoticias.org\/site\/hospital-roberto-santos-da-inicio-as-comemoracoes-do-dia-das-criancas-com-a-cantora-gilmelandia\/#breadcrumb"},"inLanguage":"pt-PT","potentialAction":[{"@type":"ReadAction","target":["https:\/\/brasilnoticias.org\/site\/hospital-roberto-santos-da-inicio-as-comemoracoes-do-dia-das-criancas-com-a-cantora-gilmelandia\/"]}]},{"@type":"ImageObject","inLanguage":"pt-PT","@id":"https:\/\/brasilnoticias.org\/site\/hospital-roberto-santos-da-inicio-as-comemoracoes-do-dia-das-criancas-com-a-cantora-gilmelandia\/#primaryimage","url":"https:\/\/brasilnoticias.org\/site\/wp-content\/uploads\/2023\/10\/baixados-3-696x522-1.png","contentUrl":"https:\/\/brasilnoticias.org\/site\/wp-content\/uploads\/2023\/10\/baixados-3-696x522-1.png","width":696,"height":522},{"@type":"BreadcrumbList","@id":"https:\/\/brasilnoticias.org\/site\/hospital-roberto-santos-da-inicio-as-comemoracoes-do-dia-das-criancas-com-a-cantora-gilmelandia\/#breadcrumb","itemListElement":[{"@type":"ListItem","position":1,"name":"In\u00edcio","item":"https:\/\/brasilnoticias.org\/site\/"},{"@type":"ListItem","position":2,"name":"Hospital Roberto Santos d\u00e1 in\u00edcio \u00e0s comemora\u00e7\u00f5es do dia das crian\u00e7as com a cantora Gilmel\u00e2ndia"}]},{"@type":"WebSite","@id":"https:\/\/brasilnoticias.org\/site\/#website","url":"https:\/\/brasilnoticias.org\/site\/","name":"Brasil not\u00edcias","description":"Brasil not\u00edcias","publisher":{"@id":"https:\/\/brasilnoticias.org\/site\/#organization"},"potentialAction":[{"@type":"SearchAction","target":{"@type":"EntryPoint","urlTemplate":"https:\/\/brasilnoticias.org\/site\/?s={search_term_string}"},"query-input":{"@type":"PropertyValueSpecification","valueRequired":true,"valueName":"search_term_string"}}],"inLanguage":"pt-PT"},{"@type":"Organization","@id":"https:\/\/brasilnoticias.org\/site\/#organization","name":"Brasil not\u00edcias","url":"https:\/\/brasilnoticias.org\/site\/","logo":{"@type":"ImageObject","inLanguage":"pt-PT","@id":"https:\/\/brasilnoticias.org\/site\/#\/schema\/logo\/image\/","url":"https:\/\/brasilnoticias.org\/site\/wp-content\/uploads\/2022\/05\/cropped-brasilnoticias-mini.jpg","contentUrl":"https:\/\/brasilnoticias.org\/site\/wp-content\/uploads\/2022\/05\/cropped-brasilnoticias-mini.jpg","width":314,"height":86,"caption":"Brasil not\u00edcias"},"image":{"@id":"https:\/\/brasilnoticias.org\/site\/#\/schema\/logo\/image\/"}},{"@type":"Person","@id":"https:\/\/brasilnoticias.org\/site\/#\/schema\/person\/03bbbfe6c7634ad18c26444ea39049fa","name":"Reda\u00e7\u00e3o","image":{"@type":"ImageObject","inLanguage":"pt-PT","@id":"https:\/\/brasilnoticias.org\/site\/#\/schema\/person\/image\/","url":"https:\/\/secure.gravatar.com\/avatar\/9ecaf7327a696cb23ad926fedded5f1f04d7049de9e445375d55b48c001a6e42?s=96&d=mm&r=g","contentUrl":"https:\/\/secure.gravatar.com\/avatar\/9ecaf7327a696cb23ad926fedded5f1f04d7049de9e445375d55b48c001a6e42?s=96&d=mm&r=g","caption":"Reda\u00e7\u00e3o"},"url":"https:\/\/brasilnoticias.org\/site\/author\/henrique\/"}]}},"_links":{"self":[{"href":"https:\/\/brasilnoticias.org\/site\/wp-json\/wp\/v2\/posts\/10036","targetHints":{"allow":["GET"]}}],"collection":[{"href":"https:\/\/brasilnoticias.org\/site\/wp-json\/wp\/v2\/posts"}],"about":[{"href":"https:\/\/brasilnoticias.org\/site\/wp-json\/wp\/v2\/types\/post"}],"author":[{"embeddable":true,"href":"https:\/\/brasilnoticias.org\/site\/wp-json\/wp\/v2\/users\/4"}],"replies":[{"embeddable":true,"href":"https:\/\/brasilnoticias.org\/site\/wp-json\/wp\/v2\/comments?post=10036"}],"version-history":[{"count":1,"href":"https:\/\/brasilnoticias.org\/site\/wp-json\/wp\/v2\/posts\/10036\/revisions"}],"predecessor-version":[{"id":10038,"href":"https:\/\/brasilnoticias.org\/site\/wp-json\/wp\/v2\/posts\/10036\/revisions\/10038"}],"wp:featuredmedia":[{"embeddable":true,"href":"https:\/\/brasilnoticias.org\/site\/wp-json\/wp\/v2\/media\/10037"}],"wp:attachment":[{"href":"https:\/\/brasilnoticias.org\/site\/wp-json\/wp\/v2\/media?parent=10036"}],"wp:term":[{"taxonomy":"category","embeddable":true,"href":"https:\/\/brasilnoticias.org\/site\/wp-json\/wp\/v2\/categories?post=10036"},{"taxonomy":"post_tag","embeddable":true,"href":"https:\/\/brasilnoticias.org\/site\/wp-json\/wp\/v2\/tags?post=10036"}],"curies":[{"name":"wp","href":"https:\/\/api.w.org\/{rel}","templated":true}]}}