{"id":10039,"date":"2023-10-10T20:24:59","date_gmt":"2023-10-10T23:24:59","guid":{"rendered":"https:\/\/brasilnoticias.org\/site\/?p=10039"},"modified":"2023-10-10T20:24:59","modified_gmt":"2023-10-10T23:24:59","slug":"homem-e-preso-com-21-quilos-de-drogas-e-mais-de-r-31-mil-em-barreiras","status":"publish","type":"post","link":"https:\/\/brasilnoticias.org\/site\/homem-e-preso-com-21-quilos-de-drogas-e-mais-de-r-31-mil-em-barreiras\/","title":{"rendered":"Homem \u00e9 preso com 21 quilos de drogas e mais de R$ 31 mil em Barreiras"},"content":{"rendered":"<p>O homem preso com as drogas e o dinheiro j\u00e1 tinha passagem pela pol\u00edcia por tr\u00e1fico de drogas<\/p>\n<p>Cerca de 21 kg de drogas, R$ 31 mil, um rev\u00f3lver e outros itens il\u00edcitos foram apreendidos por equipes da Rondesp Oeste, no bairro de Santo Ant\u00f4nio, em Barreiras, no Oeste da Bahia. Um homem acabou preso em flagrante.<\/p>\n<p>A a\u00e7\u00e3o aconteceu na segunda-feira (9\/10) e segundo o comandante da Rondesp Oeste, capit\u00e3o Harley Santos Pereira, os policiais chegaram ao local ao verificarem uma den\u00fancia de recepta\u00e7\u00e3o de produtos roubados e encontram o suspeito com o material.<\/p>\n<p>Foram apreendidos 17,5 kg de crack, 3,5 kg de maconha, cerca de R$ 31,8 mil, um rev\u00f3lver calibre 38, um simulacro de pistola, muni\u00e7\u00f5es calibres.22 e.32, anota\u00e7\u00f5es sobre o com\u00e9rcio de Il\u00edcitos, tr\u00eas lixadeiras furtadas e outros itens.<\/p>\n<p>O homem foi conduzido para a 11\u00aa Coordenadoria Regional de Pol\u00edcia do Interior (Coorpin\/ Barreiras), onde acabou autuado por tr\u00e1fico, recepta\u00e7\u00e3o e posse ilegal de arma de fogo. Ele j\u00e1 tinha passagem por tr\u00e1fico de drogas.<\/p>\n<p>Foto: divulga\u00e7\u00e3o\/SSP<br \/>\nAratu On<\/p>\n","protected":false},"excerpt":{"rendered":"<p>O homem preso com as drogas e o dinheiro j\u00e1 tinha passagem pela pol\u00edcia por tr\u00e1fico de drogas Cerca de<\/p>\n","protected":false},"author":4,"featured_media":10040,"comment_status":"open","ping_status":"open","sticky":false,"template":"","format":"standard","meta":{"colormag_page_container_layout":"default_layout","colormag_page_sidebar_layout":"default_layout","_FSMCFIC_featured_image_caption":"","_FSMCFIC_featured_image_nocaption":"","_FSMCFIC_featured_image_hide":"","footnotes":""},"categories":[3,1],"tags":[],"class_list":["post-10039","post","type-post","status-publish","format-standard","has-post-thumbnail","hentry","category-policia","category-ultimas"],"yoast_head":"<!-- This site is optimized with the Yoast SEO plugin v27.1.1 - https:\/\/yoast.com\/product\/yoast-seo-wordpress\/ -->\n<title>Homem \u00e9 preso com 21 quilos de drogas e mais de R$ 31 mil em Barreiras - Brasil not\u00edcias<\/title>\n<meta name=\"robots\" content=\"index, follow, max-snippet:-1, max-image-preview:large, max-video-preview:-1\" \/>\n<link rel=\"canonical\" href=\"https:\/\/brasilnoticias.org\/site\/homem-e-preso-com-21-quilos-de-drogas-e-mais-de-r-31-mil-em-barreiras\/\" \/>\n<meta property=\"og:locale\" content=\"pt_PT\" \/>\n<meta property=\"og:type\" content=\"article\" \/>\n<meta property=\"og:title\" content=\"Homem \u00e9 preso com 21 quilos de drogas e mais de R$ 31 mil em Barreiras - Brasil not\u00edcias\" \/>\n<meta property=\"og:description\" content=\"O homem preso com as drogas e o dinheiro j\u00e1 tinha passagem pela pol\u00edcia por tr\u00e1fico de drogas Cerca de\" \/>\n<meta property=\"og:url\" content=\"https:\/\/brasilnoticias.org\/site\/homem-e-preso-com-21-quilos-de-drogas-e-mais-de-r-31-mil-em-barreiras\/\" \/>\n<meta property=\"og:site_name\" content=\"Brasil not\u00edcias\" \/>\n<meta property=\"article:published_time\" content=\"2023-10-10T23:24:59+00:00\" \/>\n<meta property=\"og:image\" content=\"https:\/\/brasilnoticias.org\/site\/wp-content\/uploads\/2023\/10\/WhatsApp-Image-2023-10-10-at-17.54.10-740x470-1.jpeg\" \/>\n\t<meta property=\"og:image:width\" content=\"740\" \/>\n\t<meta property=\"og:image:height\" content=\"470\" \/>\n\t<meta property=\"og:image:type\" content=\"image\/jpeg\" \/>\n<meta name=\"author\" content=\"Reda\u00e7\u00e3o\" \/>\n<meta name=\"twitter:card\" content=\"summary_large_image\" \/>\n<meta name=\"twitter:label1\" content=\"Escrito por\" \/>\n\t<meta name=\"twitter:data1\" content=\"Reda\u00e7\u00e3o\" \/>\n<script type=\"application\/ld+json\" class=\"yoast-schema-graph\">{\"@context\":\"https:\/\/schema.org\",\"@graph\":[{\"@type\":\"Article\",\"@id\":\"https:\/\/brasilnoticias.org\/site\/homem-e-preso-com-21-quilos-de-drogas-e-mais-de-r-31-mil-em-barreiras\/#article\",\"isPartOf\":{\"@id\":\"https:\/\/brasilnoticias.org\/site\/homem-e-preso-com-21-quilos-de-drogas-e-mais-de-r-31-mil-em-barreiras\/\"},\"author\":{\"name\":\"Reda\u00e7\u00e3o\",\"@id\":\"https:\/\/brasilnoticias.org\/site\/#\/schema\/person\/03bbbfe6c7634ad18c26444ea39049fa\"},\"headline\":\"Homem \u00e9 preso com 21 quilos de drogas e mais de R$ 31 mil em Barreiras\",\"datePublished\":\"2023-10-10T23:24:59+00:00\",\"mainEntityOfPage\":{\"@id\":\"https:\/\/brasilnoticias.org\/site\/homem-e-preso-com-21-quilos-de-drogas-e-mais-de-r-31-mil-em-barreiras\/\"},\"wordCount\":199,\"commentCount\":0,\"publisher\":{\"@id\":\"https:\/\/brasilnoticias.org\/site\/#organization\"},\"image\":{\"@id\":\"https:\/\/brasilnoticias.org\/site\/homem-e-preso-com-21-quilos-de-drogas-e-mais-de-r-31-mil-em-barreiras\/#primaryimage\"},\"thumbnailUrl\":\"https:\/\/brasilnoticias.org\/site\/wp-content\/uploads\/2023\/10\/WhatsApp-Image-2023-10-10-at-17.54.10-740x470-1.jpeg\",\"articleSection\":[\"Pol\u00edcia\",\"\u00daltimas\"],\"inLanguage\":\"pt-PT\",\"potentialAction\":[{\"@type\":\"CommentAction\",\"name\":\"Comment\",\"target\":[\"https:\/\/brasilnoticias.org\/site\/homem-e-preso-com-21-quilos-de-drogas-e-mais-de-r-31-mil-em-barreiras\/#respond\"]}]},{\"@type\":\"WebPage\",\"@id\":\"https:\/\/brasilnoticias.org\/site\/homem-e-preso-com-21-quilos-de-drogas-e-mais-de-r-31-mil-em-barreiras\/\",\"url\":\"https:\/\/brasilnoticias.org\/site\/homem-e-preso-com-21-quilos-de-drogas-e-mais-de-r-31-mil-em-barreiras\/\",\"name\":\"Homem \u00e9 preso com 21 quilos de drogas e mais de R$ 31 mil em Barreiras - Brasil not\u00edcias\",\"isPartOf\":{\"@id\":\"https:\/\/brasilnoticias.org\/site\/#website\"},\"primaryImageOfPage\":{\"@id\":\"https:\/\/brasilnoticias.org\/site\/homem-e-preso-com-21-quilos-de-drogas-e-mais-de-r-31-mil-em-barreiras\/#primaryimage\"},\"image\":{\"@id\":\"https:\/\/brasilnoticias.org\/site\/homem-e-preso-com-21-quilos-de-drogas-e-mais-de-r-31-mil-em-barreiras\/#primaryimage\"},\"thumbnailUrl\":\"https:\/\/brasilnoticias.org\/site\/wp-content\/uploads\/2023\/10\/WhatsApp-Image-2023-10-10-at-17.54.10-740x470-1.jpeg\",\"datePublished\":\"2023-10-10T23:24:59+00:00\",\"breadcrumb\":{\"@id\":\"https:\/\/brasilnoticias.org\/site\/homem-e-preso-com-21-quilos-de-drogas-e-mais-de-r-31-mil-em-barreiras\/#breadcrumb\"},\"inLanguage\":\"pt-PT\",\"potentialAction\":[{\"@type\":\"ReadAction\",\"target\":[\"https:\/\/brasilnoticias.org\/site\/homem-e-preso-com-21-quilos-de-drogas-e-mais-de-r-31-mil-em-barreiras\/\"]}]},{\"@type\":\"ImageObject\",\"inLanguage\":\"pt-PT\",\"@id\":\"https:\/\/brasilnoticias.org\/site\/homem-e-preso-com-21-quilos-de-drogas-e-mais-de-r-31-mil-em-barreiras\/#primaryimage\",\"url\":\"https:\/\/brasilnoticias.org\/site\/wp-content\/uploads\/2023\/10\/WhatsApp-Image-2023-10-10-at-17.54.10-740x470-1.jpeg\",\"contentUrl\":\"https:\/\/brasilnoticias.org\/site\/wp-content\/uploads\/2023\/10\/WhatsApp-Image-2023-10-10-at-17.54.10-740x470-1.jpeg\",\"width\":740,\"height\":470},{\"@type\":\"BreadcrumbList\",\"@id\":\"https:\/\/brasilnoticias.org\/site\/homem-e-preso-com-21-quilos-de-drogas-e-mais-de-r-31-mil-em-barreiras\/#breadcrumb\",\"itemListElement\":[{\"@type\":\"ListItem\",\"position\":1,\"name\":\"In\u00edcio\",\"item\":\"https:\/\/brasilnoticias.org\/site\/\"},{\"@type\":\"ListItem\",\"position\":2,\"name\":\"Homem \u00e9 preso com 21 quilos de drogas e mais de R$ 31 mil em Barreiras\"}]},{\"@type\":\"WebSite\",\"@id\":\"https:\/\/brasilnoticias.org\/site\/#website\",\"url\":\"https:\/\/brasilnoticias.org\/site\/\",\"name\":\"Brasil not\u00edcias\",\"description\":\"Brasil not\u00edcias\",\"publisher\":{\"@id\":\"https:\/\/brasilnoticias.org\/site\/#organization\"},\"potentialAction\":[{\"@type\":\"SearchAction\",\"target\":{\"@type\":\"EntryPoint\",\"urlTemplate\":\"https:\/\/brasilnoticias.org\/site\/?s={search_term_string}\"},\"query-input\":{\"@type\":\"PropertyValueSpecification\",\"valueRequired\":true,\"valueName\":\"search_term_string\"}}],\"inLanguage\":\"pt-PT\"},{\"@type\":\"Organization\",\"@id\":\"https:\/\/brasilnoticias.org\/site\/#organization\",\"name\":\"Brasil not\u00edcias\",\"url\":\"https:\/\/brasilnoticias.org\/site\/\",\"logo\":{\"@type\":\"ImageObject\",\"inLanguage\":\"pt-PT\",\"@id\":\"https:\/\/brasilnoticias.org\/site\/#\/schema\/logo\/image\/\",\"url\":\"https:\/\/brasilnoticias.org\/site\/wp-content\/uploads\/2022\/05\/cropped-brasilnoticias-mini.jpg\",\"contentUrl\":\"https:\/\/brasilnoticias.org\/site\/wp-content\/uploads\/2022\/05\/cropped-brasilnoticias-mini.jpg\",\"width\":314,\"height\":86,\"caption\":\"Brasil not\u00edcias\"},\"image\":{\"@id\":\"https:\/\/brasilnoticias.org\/site\/#\/schema\/logo\/image\/\"}},{\"@type\":\"Person\",\"@id\":\"https:\/\/brasilnoticias.org\/site\/#\/schema\/person\/03bbbfe6c7634ad18c26444ea39049fa\",\"name\":\"Reda\u00e7\u00e3o\",\"image\":{\"@type\":\"ImageObject\",\"inLanguage\":\"pt-PT\",\"@id\":\"https:\/\/brasilnoticias.org\/site\/#\/schema\/person\/image\/\",\"url\":\"https:\/\/secure.gravatar.com\/avatar\/9ecaf7327a696cb23ad926fedded5f1f04d7049de9e445375d55b48c001a6e42?s=96&d=mm&r=g\",\"contentUrl\":\"https:\/\/secure.gravatar.com\/avatar\/9ecaf7327a696cb23ad926fedded5f1f04d7049de9e445375d55b48c001a6e42?s=96&d=mm&r=g\",\"caption\":\"Reda\u00e7\u00e3o\"},\"url\":\"https:\/\/brasilnoticias.org\/site\/author\/henrique\/\"}]}<\/script>\n<!-- \/ Yoast SEO plugin. -->","yoast_head_json":{"title":"Homem \u00e9 preso com 21 quilos de drogas e mais de R$ 31 mil em Barreiras - Brasil not\u00edcias","robots":{"index":"index","follow":"follow","max-snippet":"max-snippet:-1","max-image-preview":"max-image-preview:large","max-video-preview":"max-video-preview:-1"},"canonical":"https:\/\/brasilnoticias.org\/site\/homem-e-preso-com-21-quilos-de-drogas-e-mais-de-r-31-mil-em-barreiras\/","og_locale":"pt_PT","og_type":"article","og_title":"Homem \u00e9 preso com 21 quilos de drogas e mais de R$ 31 mil em Barreiras - Brasil not\u00edcias","og_description":"O homem preso com as drogas e o dinheiro j\u00e1 tinha passagem pela pol\u00edcia por tr\u00e1fico de drogas Cerca de","og_url":"https:\/\/brasilnoticias.org\/site\/homem-e-preso-com-21-quilos-de-drogas-e-mais-de-r-31-mil-em-barreiras\/","og_site_name":"Brasil not\u00edcias","article_published_time":"2023-10-10T23:24:59+00:00","og_image":[{"width":740,"height":470,"url":"https:\/\/brasilnoticias.org\/site\/wp-content\/uploads\/2023\/10\/WhatsApp-Image-2023-10-10-at-17.54.10-740x470-1.jpeg","type":"image\/jpeg"}],"author":"Reda\u00e7\u00e3o","twitter_card":"summary_large_image","twitter_misc":{"Escrito por":"Reda\u00e7\u00e3o"},"schema":{"@context":"https:\/\/schema.org","@graph":[{"@type":"Article","@id":"https:\/\/brasilnoticias.org\/site\/homem-e-preso-com-21-quilos-de-drogas-e-mais-de-r-31-mil-em-barreiras\/#article","isPartOf":{"@id":"https:\/\/brasilnoticias.org\/site\/homem-e-preso-com-21-quilos-de-drogas-e-mais-de-r-31-mil-em-barreiras\/"},"author":{"name":"Reda\u00e7\u00e3o","@id":"https:\/\/brasilnoticias.org\/site\/#\/schema\/person\/03bbbfe6c7634ad18c26444ea39049fa"},"headline":"Homem \u00e9 preso com 21 quilos de drogas e mais de R$ 31 mil em Barreiras","datePublished":"2023-10-10T23:24:59+00:00","mainEntityOfPage":{"@id":"https:\/\/brasilnoticias.org\/site\/homem-e-preso-com-21-quilos-de-drogas-e-mais-de-r-31-mil-em-barreiras\/"},"wordCount":199,"commentCount":0,"publisher":{"@id":"https:\/\/brasilnoticias.org\/site\/#organization"},"image":{"@id":"https:\/\/brasilnoticias.org\/site\/homem-e-preso-com-21-quilos-de-drogas-e-mais-de-r-31-mil-em-barreiras\/#primaryimage"},"thumbnailUrl":"https:\/\/brasilnoticias.org\/site\/wp-content\/uploads\/2023\/10\/WhatsApp-Image-2023-10-10-at-17.54.10-740x470-1.jpeg","articleSection":["Pol\u00edcia","\u00daltimas"],"inLanguage":"pt-PT","potentialAction":[{"@type":"CommentAction","name":"Comment","target":["https:\/\/brasilnoticias.org\/site\/homem-e-preso-com-21-quilos-de-drogas-e-mais-de-r-31-mil-em-barreiras\/#respond"]}]},{"@type":"WebPage","@id":"https:\/\/brasilnoticias.org\/site\/homem-e-preso-com-21-quilos-de-drogas-e-mais-de-r-31-mil-em-barreiras\/","url":"https:\/\/brasilnoticias.org\/site\/homem-e-preso-com-21-quilos-de-drogas-e-mais-de-r-31-mil-em-barreiras\/","name":"Homem \u00e9 preso com 21 quilos de drogas e mais de R$ 31 mil em Barreiras - Brasil not\u00edcias","isPartOf":{"@id":"https:\/\/brasilnoticias.org\/site\/#website"},"primaryImageOfPage":{"@id":"https:\/\/brasilnoticias.org\/site\/homem-e-preso-com-21-quilos-de-drogas-e-mais-de-r-31-mil-em-barreiras\/#primaryimage"},"image":{"@id":"https:\/\/brasilnoticias.org\/site\/homem-e-preso-com-21-quilos-de-drogas-e-mais-de-r-31-mil-em-barreiras\/#primaryimage"},"thumbnailUrl":"https:\/\/brasilnoticias.org\/site\/wp-content\/uploads\/2023\/10\/WhatsApp-Image-2023-10-10-at-17.54.10-740x470-1.jpeg","datePublished":"2023-10-10T23:24:59+00:00","breadcrumb":{"@id":"https:\/\/brasilnoticias.org\/site\/homem-e-preso-com-21-quilos-de-drogas-e-mais-de-r-31-mil-em-barreiras\/#breadcrumb"},"inLanguage":"pt-PT","potentialAction":[{"@type":"ReadAction","target":["https:\/\/brasilnoticias.org\/site\/homem-e-preso-com-21-quilos-de-drogas-e-mais-de-r-31-mil-em-barreiras\/"]}]},{"@type":"ImageObject","inLanguage":"pt-PT","@id":"https:\/\/brasilnoticias.org\/site\/homem-e-preso-com-21-quilos-de-drogas-e-mais-de-r-31-mil-em-barreiras\/#primaryimage","url":"https:\/\/brasilnoticias.org\/site\/wp-content\/uploads\/2023\/10\/WhatsApp-Image-2023-10-10-at-17.54.10-740x470-1.jpeg","contentUrl":"https:\/\/brasilnoticias.org\/site\/wp-content\/uploads\/2023\/10\/WhatsApp-Image-2023-10-10-at-17.54.10-740x470-1.jpeg","width":740,"height":470},{"@type":"BreadcrumbList","@id":"https:\/\/brasilnoticias.org\/site\/homem-e-preso-com-21-quilos-de-drogas-e-mais-de-r-31-mil-em-barreiras\/#breadcrumb","itemListElement":[{"@type":"ListItem","position":1,"name":"In\u00edcio","item":"https:\/\/brasilnoticias.org\/site\/"},{"@type":"ListItem","position":2,"name":"Homem \u00e9 preso com 21 quilos de drogas e mais de R$ 31 mil em Barreiras"}]},{"@type":"WebSite","@id":"https:\/\/brasilnoticias.org\/site\/#website","url":"https:\/\/brasilnoticias.org\/site\/","name":"Brasil not\u00edcias","description":"Brasil not\u00edcias","publisher":{"@id":"https:\/\/brasilnoticias.org\/site\/#organization"},"potentialAction":[{"@type":"SearchAction","target":{"@type":"EntryPoint","urlTemplate":"https:\/\/brasilnoticias.org\/site\/?s={search_term_string}"},"query-input":{"@type":"PropertyValueSpecification","valueRequired":true,"valueName":"search_term_string"}}],"inLanguage":"pt-PT"},{"@type":"Organization","@id":"https:\/\/brasilnoticias.org\/site\/#organization","name":"Brasil not\u00edcias","url":"https:\/\/brasilnoticias.org\/site\/","logo":{"@type":"ImageObject","inLanguage":"pt-PT","@id":"https:\/\/brasilnoticias.org\/site\/#\/schema\/logo\/image\/","url":"https:\/\/brasilnoticias.org\/site\/wp-content\/uploads\/2022\/05\/cropped-brasilnoticias-mini.jpg","contentUrl":"https:\/\/brasilnoticias.org\/site\/wp-content\/uploads\/2022\/05\/cropped-brasilnoticias-mini.jpg","width":314,"height":86,"caption":"Brasil not\u00edcias"},"image":{"@id":"https:\/\/brasilnoticias.org\/site\/#\/schema\/logo\/image\/"}},{"@type":"Person","@id":"https:\/\/brasilnoticias.org\/site\/#\/schema\/person\/03bbbfe6c7634ad18c26444ea39049fa","name":"Reda\u00e7\u00e3o","image":{"@type":"ImageObject","inLanguage":"pt-PT","@id":"https:\/\/brasilnoticias.org\/site\/#\/schema\/person\/image\/","url":"https:\/\/secure.gravatar.com\/avatar\/9ecaf7327a696cb23ad926fedded5f1f04d7049de9e445375d55b48c001a6e42?s=96&d=mm&r=g","contentUrl":"https:\/\/secure.gravatar.com\/avatar\/9ecaf7327a696cb23ad926fedded5f1f04d7049de9e445375d55b48c001a6e42?s=96&d=mm&r=g","caption":"Reda\u00e7\u00e3o"},"url":"https:\/\/brasilnoticias.org\/site\/author\/henrique\/"}]}},"_links":{"self":[{"href":"https:\/\/brasilnoticias.org\/site\/wp-json\/wp\/v2\/posts\/10039","targetHints":{"allow":["GET"]}}],"collection":[{"href":"https:\/\/brasilnoticias.org\/site\/wp-json\/wp\/v2\/posts"}],"about":[{"href":"https:\/\/brasilnoticias.org\/site\/wp-json\/wp\/v2\/types\/post"}],"author":[{"embeddable":true,"href":"https:\/\/brasilnoticias.org\/site\/wp-json\/wp\/v2\/users\/4"}],"replies":[{"embeddable":true,"href":"https:\/\/brasilnoticias.org\/site\/wp-json\/wp\/v2\/comments?post=10039"}],"version-history":[{"count":1,"href":"https:\/\/brasilnoticias.org\/site\/wp-json\/wp\/v2\/posts\/10039\/revisions"}],"predecessor-version":[{"id":10041,"href":"https:\/\/brasilnoticias.org\/site\/wp-json\/wp\/v2\/posts\/10039\/revisions\/10041"}],"wp:featuredmedia":[{"embeddable":true,"href":"https:\/\/brasilnoticias.org\/site\/wp-json\/wp\/v2\/media\/10040"}],"wp:attachment":[{"href":"https:\/\/brasilnoticias.org\/site\/wp-json\/wp\/v2\/media?parent=10039"}],"wp:term":[{"taxonomy":"category","embeddable":true,"href":"https:\/\/brasilnoticias.org\/site\/wp-json\/wp\/v2\/categories?post=10039"},{"taxonomy":"post_tag","embeddable":true,"href":"https:\/\/brasilnoticias.org\/site\/wp-json\/wp\/v2\/tags?post=10039"}],"curies":[{"name":"wp","href":"https:\/\/api.w.org\/{rel}","templated":true}]}}