{"id":10063,"date":"2023-10-10T20:46:13","date_gmt":"2023-10-10T23:46:13","guid":{"rendered":"https:\/\/brasilnoticias.org\/site\/?p=10063"},"modified":"2023-10-10T20:46:13","modified_gmt":"2023-10-10T23:46:13","slug":"shows-oficinas-e-filmes-infantis-confira-atividades-da-semana-das-criancas-em-salvador","status":"publish","type":"post","link":"https:\/\/brasilnoticias.org\/site\/shows-oficinas-e-filmes-infantis-confira-atividades-da-semana-das-criancas-em-salvador\/","title":{"rendered":"Shows, oficinas e filmes infantis: confira atividades da Semana das Crian\u00e7as em Salvador"},"content":{"rendered":"<p>Na semana do Dia das Crian\u00e7as, Salvador ter\u00e1 atividades em shoppings, museus e no Parque da Cidade<\/p>\n<p>Na Semana das Crian\u00e7as, shoppings e museus da capital baiana est\u00e3o com programa\u00e7\u00f5es especiais voltadas para o p\u00fablico infantil. O Parque da Cidade tamb\u00e9m vai entrar no clima da data festiva, comemorada no pr\u00f3ximo dia 12.<\/p>\n<p>CONFIRA A PROGRAMA\u00c7\u00c3O <\/p>\n<p>Parque da Cidade<\/p>\n<p>O Parque da Cidade, no Itaigara, vai receber nesta quarta-feira (11\/10) o Festival das Crian\u00e7as, das 9h \u00e0s 14h, e ter\u00e1 uma extensa programa\u00e7\u00e3o.<\/p>\n<p>O evento vai oferecer ao p\u00fablico muitas brincadeiras atrav\u00e9s do programa Ruas de Lazer, oficinas de leitura e de ciclo de cuidados menstruais, servi\u00e7os voltados \u00e0 sa\u00fade infantil como administra\u00e7\u00e3o de vitamina A, escov\u00f3dromo, atualiza\u00e7\u00e3o de calend\u00e1rio vacinal e atividades educativas com o Centro de Zoonoses (CCZ). A programa\u00e7\u00e3o ainda contar\u00e1 com apresenta\u00e7\u00e3o da Banda da Guarda Civil Municipal (GCM) e doa\u00e7\u00e3o de mudas de plantas.<\/p>\n<p>As fam\u00edlias presentes tamb\u00e9m ter\u00e3o acesso a servi\u00e7os como atualiza\u00e7\u00e3o do Cad\u00danico, inscri\u00e7\u00e3o para servi\u00e7os do Centro de Refer\u00eancia de Assist\u00eancia Social (Cras) e Centro de Refer\u00eancia Especializado de Assist\u00eancia Social (Creas), pesquisar oportunidades de emprego e cursos de qualifica\u00e7\u00e3o dispon\u00edveis por meio do programa Treinar para Empregar, obter informa\u00e7\u00f5es sobre o Centro de Refer\u00eancia e Aten\u00e7\u00e3o \u00e0 Mulher em Movimento, al\u00e9m de receber orienta\u00e7\u00f5es jur\u00eddicas e sobre o programa Casa Legal.<\/p>\n<p>Museu Geol\u00f3gico<\/p>\n<p>O Museu Geol\u00f3gico da Bahia (MGB) funcionar\u00e1 normalmente durante o feriado de 12 de outubro. O espa\u00e7o conta 15 exposi\u00e7\u00f5es tem\u00e1ticas, entre elas, as salas do Universo e dos F\u00f3sseis. Al\u00e9m disso, o p\u00fablico tamb\u00e9m encontra no MGB o Cinema do Museu e um caf\u00e9, com vista para o mural do artista pl\u00e1stico Juarez Para\u00edso.<\/p>\n<p>O Museu Geol\u00f3gico est\u00e1 localizado na Avenida Sete de Setembro, n\u00ba 2195, no Corredor da Vit\u00f3ria. No feriado, no s\u00e1bado e no domingo, o funcionamento ser\u00e1 das 13h \u00e0s 17h. Na sexta-feira, das 13h \u00e0s 18h.<\/p>\n<p>Museu de Arte Moderna (MAM)<\/p>\n<p>A programa\u00e7\u00e3o da Semana da Crian\u00e7a no Museu de Arte Moderna (MAM Bahia) ser\u00e1 comemorada na quinta-feira (12) e no domingo (15), pela manh\u00e3 e tarde. Na quinta-feira (12\/10), h\u00e1 uma sess\u00e3o especial de cinema \u00e0s 10h, com o filme \u201cBicho 3 Megav\u00edrus\u201d com 1h15min de dura\u00e7\u00e3o. \u00c0 tarde o filme ser\u00e1 \u201cUm Filme de Cinema\u201d de 1h24min. A lota\u00e7\u00e3o do Cine MAM \u00e9 de 100 lugares e os filmes ter\u00e3o entrada gratuita.<\/p>\n<p>Ainda na quinta-feira, \u00e0s 15h30, acontece a Oficina de Pintura para Crian\u00e7as sob coordena\u00e7\u00e3o do setor Educativo nas Oficinas do MAM. Essa oficina tem 40 vagas e \u00e9 gratuita. \u00c0s 16h30, no P\u00e1tio da Capela, acontece uma apresenta\u00e7\u00e3o de Jiu-j\u00edtsu com crian\u00e7as do Projeto P\u00e9rolas, iniciativa que atende crian\u00e7as das comunidades mo entorno do Solar do Unh\u00e3o.<\/p>\n<p>No domingo (15\/10), a programa\u00e7\u00e3o come\u00e7a \u00e0s 10h30 no Cine MAM com o Projeto \u201cCinematografinho Festival de Curtinhas\u201d com uma hora de dura\u00e7\u00e3o e que ter\u00e1 cobran\u00e7a de ingressos da Saladearte, sendo meia R$ 17 e inteira R$ 34. \u00c0s 11h ser\u00e1 realizada a \u201cConta\u00e7\u00e3o de Hist\u00f3rias\u201d (Ver\u00f4nica e France Silva) nas Oficinas do MAM, com entrada gratuita. \u00c0s 14h, haver\u00e1 a exibi\u00e7\u00e3o gratuita do filme \u2018Bichos 3 \u2013 Megav\u00edrus\u2019 com 1h15min de dura\u00e7\u00e3o e lota\u00e7\u00e3o de 100 lugares.<\/p>\n<p>Tamb\u00e9m \u00e0s 14h, acontece a Oficina para crian\u00e7as \u201cDan\u00e7as Brincantes Corpo e Canto\u201d com o professor Gilmar Sampaio do Bal\u00e9 Teatro Castro Alves (BTCA), com acesso gratuito e apenas 30 vagas, no P\u00e1tio da Capela. \u00c0s 15h acontece as Oficinas de Pintura e Argila para Crian\u00e7as, gratuitas, com 40 vagas e que se realizam nas Oficinas do MAM. Finalizando a programa\u00e7\u00e3o, o BTCA far\u00e1, \u00e0s 16h, a apresenta\u00e7\u00e3o \u201cVoc\u00ea Sabia?\u201d, no P\u00e1tio da Capela, gratuitamente.<\/p>\n<p>Shopping Bela Vista<\/p>\n<p>Diversas a\u00e7\u00f5es integram a programa\u00e7\u00e3o do Shopping Bela Vista, a exemplo do espa\u00e7o \u201cKidPlay\u201d, localizado no piso central (L1), com diversos brinquedos para a crian\u00e7ada entre 3 e 13 anos. Os ingressos variam entre R$ 40 (para 30 minutos de brincadeira) e R$ 70 (tempo ilimitado).<\/p>\n<p>Al\u00e9m disso, na Pra\u00e7a de Alimenta\u00e7\u00e3o, acontece o evento \u201cHer\u00f3is no Mundo da Imagina\u00e7\u00e3o\u201d, que oferece oficinais de m\u00e1scaras e capas, bem como um espa\u00e7o chroma key onde a crian\u00e7a vai poder se transportar para o mundo da imagina\u00e7\u00e3o e receber essa foto no celular. Apresenta\u00e7\u00f5es teatrais e conta\u00e7\u00e3o de hist\u00f3rias integram a a\u00e7\u00e3o. \u00c9 preciso fazer agendamento no site do Shopping.<\/p>\n<p>Programa\u00e7\u00e3o:<\/p>\n<p>Apresenta\u00e7\u00e3o Teatral- 13h30 at\u00e9 13h50, 14h at\u00e9 14h20,14h30 at\u00e9 14h50, 15h at\u00e9 15h20<\/p>\n<p>Conta\u00e7\u00e3o de Hist\u00f3ria e\/ou Recrea\u00e7\u00e3o \u2013 15h30 at\u00e9 15h50, 16h at\u00e9 16h20, 16h30 at\u00e9 16h50, 17h at\u00e9 17h20<\/p>\n<p>Shopping Paseo<\/p>\n<p>A a\u00e7\u00e3o no Shopping Paseo , que funciona no feriado entre das 12h \u00e0s 19h, contar\u00e1 com show do grupo Canela Fina, no dia 12 de outubro. Al\u00e9m disso, a partir das 15h, o estabelecimento est\u00e1 com uma campanha de doa\u00e7\u00e3o para crian\u00e7as em situa\u00e7\u00e3o de vulnerabilidade atendidas pelo projeto Fam\u00edlia Adota Fam\u00edlia, atuante na Suburbana e no bairro de Areia Grande, na Regi\u00e3o Metropolitana de Salvador. As doa\u00e7\u00f5es podem ser brinquedos ou cal\u00e7ados, inclusive chinelos, tendo em vista que esta \u00e9 uma das suas maiores necessidades. Os itens podem ser para crian\u00e7as de todas as idades, novos ou em bom estado de convers\u00e3o.<\/p>\n<p>Shopping Itaigara<\/p>\n<p>No feriado de 12 de outubro haver\u00e1 pintura facial, escultura de bal\u00f5es, cama el\u00e1stica, pebolim e mesa aero hockey, no Shopping Itaigara. O estabelecimento funcionar\u00e1 especialmente das 11h \u00e0s 18h e ter\u00e1 estacionamento gratuito na data.<\/p>\n<p>Confira a programa\u00e7\u00e3o completa:<\/p>\n<p>11h10 \u2013 Espet\u00e1culo \u201cUm Amor de Lagartixa\u201d por Terezinha Passos<br \/>\n11h30 \u2013 Conta\u00e7\u00e3o de hist\u00f3ria \u2013 \u201cClara e o P\u00e9 de Chul\u00e9\u201d por Cristiane Prado<br \/>\n14h \u2013 Show da Trupe Musiclauns, com participa\u00e7\u00e3o do Perna de Pau<br \/>\n15h30 \u2013 Conta\u00e7\u00e3o de hist\u00f3ria \u201cO Pal\u00e1cio dos Elefantes\u201d por Tha\u00eds Vivas<br \/>\n16h \u2013 Lan\u00e7amento do livro \u201cEva\u201d da autora Regina Luz<br \/>\n16h \u2013 Show especial de Beto Narchi (na Pra\u00e7a de Alimenta\u00e7\u00e3o)<br \/>\n16h30 \u2013 Conta\u00e7\u00e3o encenada \u201cA Festa dos Pets\u201d por Marcela Rosa<br \/>\n17h30 \u2013 Lan\u00e7amento do livro \u201cEu N\u00e3o Gosto de Hist\u00f3rias\u201d por Carla Chastinet<\/p>\n<p>Salvador Norte Shopping<\/p>\n<p>No dia 12 de outubro, o Salvador Norte Shopping vai inaugurar a Play \u00c1rea (piso L2), um novo espa\u00e7o permanente do shopping, com brinquedos gratuitos voltados para crian\u00e7as de 3 a 8 anos, como: Amarelinha em 3D, Geod\u00e9sia, cama el\u00e1stica, escorregador, entre outros. A partir das 15h, haver\u00e1 uma Parada Musical, com personagens e lan\u00e7amento das tr\u00eas mascotes do shopping. A Parada acontece tamb\u00e9m no s\u00e1bado e domingo (14 e 15\/10).<\/p>\n<p>At\u00e9 o dia 12, as crian\u00e7as ainda podem aproveitar a Escola de Magia e Bruxaria (piso L3), com decora\u00e7\u00e3o, oficinas e aulas tem\u00e1ticas do universo m\u00e1gico. A visita\u00e7\u00e3o \u00e9 gratuita e a participa\u00e7\u00e3o nas aulas se d\u00e1 atrav\u00e9s de cadastro no SuperApp Salvador Norte.<\/p>\n<p>H\u00e1 tamb\u00e9m um circuito de atividades interativas, a atra\u00e7\u00e3o Garfield (piso L1), que possui piscina de bolinhas, escorregadores, cama el\u00e1stica, giro radical, obst\u00e1culos e t\u00faneis, al\u00e9m da cenografia que vai fazer os pequenos se sentirem na famosa hist\u00f3ria em quadrinhos. A atra\u00e7\u00e3o \u00e9 indicada para crian\u00e7as a partir de 2 anos, e \u00e9 obrigat\u00f3rio ter acompanhante para as crian\u00e7as abaixo dos 4 anos. Os ingressos custam a partir de R$ 40 (at\u00e9 30 minutos) e s\u00e3o vendidos no local.<\/p>\n<p>Salvador Shopping<\/p>\n<p>Arena Ghostforce, desfiles de moda, Halloween e promo\u00e7\u00e3o on-line de \u201cCompre e Ganhe\u201d com sacolas exclusivas e guloseimas da marca \u201cFini\u201d. Crian\u00e7as de 2 a 13 anos podem aproveitar a arena de aventuras \u201cGhostforce\u201d, na Pra\u00e7a Central, um circuito de atra\u00e7\u00f5es formado por jogo da mem\u00f3ria, cama de gato, piscina de espuma, basquete, slingshot humano, conjunto de argolas, cama el\u00e1stica, brinqued\u00e3o com tobog\u00e3 e espa\u00e7os instagram\u00e1veis. Os ingressos custam R$ 30 meia entrada (20 minutos) e vendidos no local; e online por meio do SuperApp Salvador Shopping e pelo site. Crian\u00e7as com Transtorno do Espectro Autista \u2013 TEA pagam R$ 15 por 20 minutos na arena. A atra\u00e7\u00e3o fica no shopping at\u00e9 o dia 18 de outubro.<\/p>\n<p>At\u00e9 o dia 12 de outubro, os clientes que realizarem compras on-line a partir de R$ 99 no SuperApp Salvador Shopping ou Salvador Shopping Online, v\u00e3o participar da promo\u00e7\u00e3o de \u201cCompre e Ganhe\u201d, e ganhar sacolas exclusivas e guloseimas de brinde. A promo\u00e7\u00e3o n\u00e3o \u00e9 v\u00e1lida para pedidos de alimenta\u00e7\u00e3o e servi\u00e7os.<\/p>\n<p>Shopping Paralela<\/p>\n<p>Na pr\u00f3xima sexta-feira, s\u00e1bado e domingo (13, 14 e 15\/10), a personagem \u201cGalinha Pintadinha\u201d vai interagir com a crian\u00e7ada e tirar fotos, das 14h \u00e0s 19h e ser\u00e1 gratuito, no piso L2, corredor da Vivara.<\/p>\n<p>Simultaneamente, funciona tamb\u00e9m no centro de compras o circuito da Galinha Pintadinha, indicado para crian\u00e7as at\u00e9 12 anos. No espa\u00e7o, tem piscina de bolinhas, m\u00f3dulos infl\u00e1veis e obst\u00e1culos sensoriais radicais, al\u00e9m de games, \u00e1rea de pintura, corredor de el\u00e1sticos, tapetes interativos, escorregadores e camas el\u00e1sticas. O valor para entrar na brincadeira \u00e9 de R$ 50 por 30 minutos e R$ 1 cada minuto extra.<\/p>\n<p>Ainda no Dia das Crian\u00e7as, vai acontecer a 2\u00aa edi\u00e7\u00e3o do QG com as Mam\u00e3es Baianas (@mamaesbaianas), no piso L2, no corredor da Ana Capri. Das 14h \u00e0s 19h, as crian\u00e7as poder\u00e3o participar de oficinas infantis, cantar e dan\u00e7ar, e ainda participar do circuito de lazer, tudo para animar a crian\u00e7ada neste m\u00eas mais que especial. Durante o evento, tamb\u00e9m ser\u00e1 distribu\u00eddo o passaporte de divers\u00e3o, que dar\u00e1 vouchers extras para a fam\u00edlia aproveitar as atra\u00e7\u00f5es de lazer. A cada tr\u00eas carimbos das opera\u00e7\u00f5es, ganha o voucher.<\/p>\n<p>Shopping Barra<\/p>\n<p>Na Pra\u00e7a Central Euvaldo Luz, no Shopping Barra, a crian\u00e7ada poder\u00e1 curtir o Castelo dos Monstrinhos, quem al\u00e9m de um cen\u00e1rio tem\u00e1tico, possui uma estrutura l\u00fadica e atrativa para as crian\u00e7as brincarem. O parque funcionar\u00e1 at\u00e9 o dia 22 de outubro e dentre as atra\u00e7\u00f5es, as crian\u00e7as v\u00e3o poder brincar em uma piscina gigante, com mais de 200 mil bolinhas, e se entreter em um castelo composto por tobog\u00e3 e escorregador t\u00fanel. Al\u00e9m destas atividades, ainda contar\u00e1 com uma a x\u00edcara girat\u00f3ria, um labirinto desafiador, camas el\u00e1sticas e um espa\u00e7o instagram\u00e1vel, feito especialmente para registrar uma foto com o monstrinho.<\/p>\n<p>Para acesso ao parque, o valor do ingresso \u00e9 de R$ 40 para o per\u00edodo de 30 minutos, e cada minuto adicional custa R$ 1. Dando seguimento \u00e0s a\u00e7\u00f5es de incentivo \u00e0 inclus\u00e3o, pessoas com defici\u00eancia e seus acompanhantes ter\u00e3o gratuidade por 30 minutos.<\/p>\n<p>Shopping Piedade<\/p>\n<p>Durante o dia 12 (quinta-feira), diversas atividades para a crian\u00e7ada acontecem no Shopping Piedade. Confira:<\/p>\n<p>Das 10h \u00e0s 12h, a Tia Leide e seus amigos personagens estar\u00e3o no piso L4 para muita alegria e brincadeiras;<\/p>\n<p>\u00c0s 13h, o incr\u00edvel M\u00e1gico Lorran vai encantar a todos no com sua apresenta\u00e7\u00e3o de ilusionismo (piso L4);<\/p>\n<p>A partir das 15h, a divers\u00e3o continua com o Feriad\u00e3o Divertido com a Tia Leide (piso L4);<\/p>\n<p>Al\u00e9m disso, o Parque Turminha do Rancho estar\u00e1 no piso L2, das 10h \u00e0s 18h, com diversas atividades para o p\u00fablico infantil.<\/p>\n<p>Outlet Premium<\/p>\n<p>12 de outubro (quinta-feira) \u2013 Dia das Crian\u00e7as \u2013 Inaugura\u00e7\u00e3o do Parque Infantil (local: Pra\u00e7a de Eventos); Grupo Unidunit\u00ea \u2013 das 16h \u00e0s 18h.<br \/>\n14 de outubro (s\u00e1bado) \u2013 Apresenta\u00e7\u00e3o dos Super-H\u00e9rois \u2013 das 16h \u00e0s 17h30.<br \/>\n15 de outubro (domingo) \u2013 Show Unidunit\u00ea \u2013 das 16h \u00e0s 18h.<\/p>\n<p>O Outlet ficar\u00e1 aberto no feriado das 9h \u00e0s 21h.<\/p>\n<p>Foto: Jefferson Peixoto\/Secom PMS<br \/>\nAratu On<\/p>\n","protected":false},"excerpt":{"rendered":"<p>Na semana do Dia das Crian\u00e7as, Salvador ter\u00e1 atividades em shoppings, museus e no Parque da Cidade Na Semana das<\/p>\n","protected":false},"author":4,"featured_media":10064,"comment_status":"open","ping_status":"open","sticky":false,"template":"","format":"standard","meta":{"colormag_page_container_layout":"default_layout","colormag_page_sidebar_layout":"default_layout","_FSMCFIC_featured_image_caption":"","_FSMCFIC_featured_image_nocaption":"","_FSMCFIC_featured_image_hide":"","footnotes":""},"categories":[2,1],"tags":[],"class_list":["post-10063","post","type-post","status-publish","format-standard","has-post-thumbnail","hentry","category-noticias","category-ultimas"],"yoast_head":"<!-- This site is optimized with the Yoast SEO plugin v27.1.1 - https:\/\/yoast.com\/product\/yoast-seo-wordpress\/ -->\n<title>Shows, oficinas e filmes infantis: confira atividades da Semana das Crian\u00e7as em Salvador - Brasil not\u00edcias<\/title>\n<meta name=\"robots\" content=\"index, follow, max-snippet:-1, max-image-preview:large, max-video-preview:-1\" \/>\n<link rel=\"canonical\" href=\"https:\/\/brasilnoticias.org\/site\/shows-oficinas-e-filmes-infantis-confira-atividades-da-semana-das-criancas-em-salvador\/\" \/>\n<meta property=\"og:locale\" content=\"pt_PT\" \/>\n<meta property=\"og:type\" content=\"article\" \/>\n<meta property=\"og:title\" content=\"Shows, oficinas e filmes infantis: confira atividades da Semana das Crian\u00e7as em Salvador - Brasil not\u00edcias\" \/>\n<meta property=\"og:description\" content=\"Na semana do Dia das Crian\u00e7as, Salvador ter\u00e1 atividades em shoppings, museus e no Parque da Cidade Na Semana das\" \/>\n<meta property=\"og:url\" content=\"https:\/\/brasilnoticias.org\/site\/shows-oficinas-e-filmes-infantis-confira-atividades-da-semana-das-criancas-em-salvador\/\" \/>\n<meta property=\"og:site_name\" content=\"Brasil not\u00edcias\" \/>\n<meta property=\"article:published_time\" content=\"2023-10-10T23:46:13+00:00\" \/>\n<meta property=\"og:image\" content=\"https:\/\/brasilnoticias.org\/site\/wp-content\/uploads\/2023\/10\/Parque-da-Cidade_Foto_Jefferson-Peixoto_Secom_Pms-5-740x470-1.jpg\" \/>\n\t<meta property=\"og:image:width\" content=\"740\" \/>\n\t<meta property=\"og:image:height\" content=\"470\" \/>\n\t<meta property=\"og:image:type\" content=\"image\/jpeg\" \/>\n<meta name=\"author\" content=\"Reda\u00e7\u00e3o\" \/>\n<meta name=\"twitter:card\" content=\"summary_large_image\" \/>\n<meta name=\"twitter:label1\" content=\"Escrito por\" \/>\n\t<meta name=\"twitter:data1\" content=\"Reda\u00e7\u00e3o\" \/>\n<script type=\"application\/ld+json\" class=\"yoast-schema-graph\">{\"@context\":\"https:\/\/schema.org\",\"@graph\":[{\"@type\":\"Article\",\"@id\":\"https:\/\/brasilnoticias.org\/site\/shows-oficinas-e-filmes-infantis-confira-atividades-da-semana-das-criancas-em-salvador\/#article\",\"isPartOf\":{\"@id\":\"https:\/\/brasilnoticias.org\/site\/shows-oficinas-e-filmes-infantis-confira-atividades-da-semana-das-criancas-em-salvador\/\"},\"author\":{\"name\":\"Reda\u00e7\u00e3o\",\"@id\":\"https:\/\/brasilnoticias.org\/site\/#\/schema\/person\/03bbbfe6c7634ad18c26444ea39049fa\"},\"headline\":\"Shows, oficinas e filmes infantis: confira atividades da Semana das Crian\u00e7as em Salvador\",\"datePublished\":\"2023-10-10T23:46:13+00:00\",\"mainEntityOfPage\":{\"@id\":\"https:\/\/brasilnoticias.org\/site\/shows-oficinas-e-filmes-infantis-confira-atividades-da-semana-das-criancas-em-salvador\/\"},\"wordCount\":2026,\"commentCount\":0,\"publisher\":{\"@id\":\"https:\/\/brasilnoticias.org\/site\/#organization\"},\"image\":{\"@id\":\"https:\/\/brasilnoticias.org\/site\/shows-oficinas-e-filmes-infantis-confira-atividades-da-semana-das-criancas-em-salvador\/#primaryimage\"},\"thumbnailUrl\":\"https:\/\/brasilnoticias.org\/site\/wp-content\/uploads\/2023\/10\/Parque-da-Cidade_Foto_Jefferson-Peixoto_Secom_Pms-5-740x470-1.jpg\",\"articleSection\":[\"Not\u00edcias\",\"\u00daltimas\"],\"inLanguage\":\"pt-PT\",\"potentialAction\":[{\"@type\":\"CommentAction\",\"name\":\"Comment\",\"target\":[\"https:\/\/brasilnoticias.org\/site\/shows-oficinas-e-filmes-infantis-confira-atividades-da-semana-das-criancas-em-salvador\/#respond\"]}]},{\"@type\":\"WebPage\",\"@id\":\"https:\/\/brasilnoticias.org\/site\/shows-oficinas-e-filmes-infantis-confira-atividades-da-semana-das-criancas-em-salvador\/\",\"url\":\"https:\/\/brasilnoticias.org\/site\/shows-oficinas-e-filmes-infantis-confira-atividades-da-semana-das-criancas-em-salvador\/\",\"name\":\"Shows, oficinas e filmes infantis: confira atividades da Semana das Crian\u00e7as em Salvador - Brasil not\u00edcias\",\"isPartOf\":{\"@id\":\"https:\/\/brasilnoticias.org\/site\/#website\"},\"primaryImageOfPage\":{\"@id\":\"https:\/\/brasilnoticias.org\/site\/shows-oficinas-e-filmes-infantis-confira-atividades-da-semana-das-criancas-em-salvador\/#primaryimage\"},\"image\":{\"@id\":\"https:\/\/brasilnoticias.org\/site\/shows-oficinas-e-filmes-infantis-confira-atividades-da-semana-das-criancas-em-salvador\/#primaryimage\"},\"thumbnailUrl\":\"https:\/\/brasilnoticias.org\/site\/wp-content\/uploads\/2023\/10\/Parque-da-Cidade_Foto_Jefferson-Peixoto_Secom_Pms-5-740x470-1.jpg\",\"datePublished\":\"2023-10-10T23:46:13+00:00\",\"breadcrumb\":{\"@id\":\"https:\/\/brasilnoticias.org\/site\/shows-oficinas-e-filmes-infantis-confira-atividades-da-semana-das-criancas-em-salvador\/#breadcrumb\"},\"inLanguage\":\"pt-PT\",\"potentialAction\":[{\"@type\":\"ReadAction\",\"target\":[\"https:\/\/brasilnoticias.org\/site\/shows-oficinas-e-filmes-infantis-confira-atividades-da-semana-das-criancas-em-salvador\/\"]}]},{\"@type\":\"ImageObject\",\"inLanguage\":\"pt-PT\",\"@id\":\"https:\/\/brasilnoticias.org\/site\/shows-oficinas-e-filmes-infantis-confira-atividades-da-semana-das-criancas-em-salvador\/#primaryimage\",\"url\":\"https:\/\/brasilnoticias.org\/site\/wp-content\/uploads\/2023\/10\/Parque-da-Cidade_Foto_Jefferson-Peixoto_Secom_Pms-5-740x470-1.jpg\",\"contentUrl\":\"https:\/\/brasilnoticias.org\/site\/wp-content\/uploads\/2023\/10\/Parque-da-Cidade_Foto_Jefferson-Peixoto_Secom_Pms-5-740x470-1.jpg\",\"width\":740,\"height\":470},{\"@type\":\"BreadcrumbList\",\"@id\":\"https:\/\/brasilnoticias.org\/site\/shows-oficinas-e-filmes-infantis-confira-atividades-da-semana-das-criancas-em-salvador\/#breadcrumb\",\"itemListElement\":[{\"@type\":\"ListItem\",\"position\":1,\"name\":\"In\u00edcio\",\"item\":\"https:\/\/brasilnoticias.org\/site\/\"},{\"@type\":\"ListItem\",\"position\":2,\"name\":\"Shows, oficinas e filmes infantis: confira atividades da Semana das Crian\u00e7as em Salvador\"}]},{\"@type\":\"WebSite\",\"@id\":\"https:\/\/brasilnoticias.org\/site\/#website\",\"url\":\"https:\/\/brasilnoticias.org\/site\/\",\"name\":\"Brasil not\u00edcias\",\"description\":\"Brasil not\u00edcias\",\"publisher\":{\"@id\":\"https:\/\/brasilnoticias.org\/site\/#organization\"},\"potentialAction\":[{\"@type\":\"SearchAction\",\"target\":{\"@type\":\"EntryPoint\",\"urlTemplate\":\"https:\/\/brasilnoticias.org\/site\/?s={search_term_string}\"},\"query-input\":{\"@type\":\"PropertyValueSpecification\",\"valueRequired\":true,\"valueName\":\"search_term_string\"}}],\"inLanguage\":\"pt-PT\"},{\"@type\":\"Organization\",\"@id\":\"https:\/\/brasilnoticias.org\/site\/#organization\",\"name\":\"Brasil not\u00edcias\",\"url\":\"https:\/\/brasilnoticias.org\/site\/\",\"logo\":{\"@type\":\"ImageObject\",\"inLanguage\":\"pt-PT\",\"@id\":\"https:\/\/brasilnoticias.org\/site\/#\/schema\/logo\/image\/\",\"url\":\"https:\/\/brasilnoticias.org\/site\/wp-content\/uploads\/2022\/05\/cropped-brasilnoticias-mini.jpg\",\"contentUrl\":\"https:\/\/brasilnoticias.org\/site\/wp-content\/uploads\/2022\/05\/cropped-brasilnoticias-mini.jpg\",\"width\":314,\"height\":86,\"caption\":\"Brasil not\u00edcias\"},\"image\":{\"@id\":\"https:\/\/brasilnoticias.org\/site\/#\/schema\/logo\/image\/\"}},{\"@type\":\"Person\",\"@id\":\"https:\/\/brasilnoticias.org\/site\/#\/schema\/person\/03bbbfe6c7634ad18c26444ea39049fa\",\"name\":\"Reda\u00e7\u00e3o\",\"image\":{\"@type\":\"ImageObject\",\"inLanguage\":\"pt-PT\",\"@id\":\"https:\/\/brasilnoticias.org\/site\/#\/schema\/person\/image\/\",\"url\":\"https:\/\/secure.gravatar.com\/avatar\/9ecaf7327a696cb23ad926fedded5f1f04d7049de9e445375d55b48c001a6e42?s=96&d=mm&r=g\",\"contentUrl\":\"https:\/\/secure.gravatar.com\/avatar\/9ecaf7327a696cb23ad926fedded5f1f04d7049de9e445375d55b48c001a6e42?s=96&d=mm&r=g\",\"caption\":\"Reda\u00e7\u00e3o\"},\"url\":\"https:\/\/brasilnoticias.org\/site\/author\/henrique\/\"}]}<\/script>\n<!-- \/ Yoast SEO plugin. -->","yoast_head_json":{"title":"Shows, oficinas e filmes infantis: confira atividades da Semana das Crian\u00e7as em Salvador - Brasil not\u00edcias","robots":{"index":"index","follow":"follow","max-snippet":"max-snippet:-1","max-image-preview":"max-image-preview:large","max-video-preview":"max-video-preview:-1"},"canonical":"https:\/\/brasilnoticias.org\/site\/shows-oficinas-e-filmes-infantis-confira-atividades-da-semana-das-criancas-em-salvador\/","og_locale":"pt_PT","og_type":"article","og_title":"Shows, oficinas e filmes infantis: confira atividades da Semana das Crian\u00e7as em Salvador - Brasil not\u00edcias","og_description":"Na semana do Dia das Crian\u00e7as, Salvador ter\u00e1 atividades em shoppings, museus e no Parque da Cidade Na Semana das","og_url":"https:\/\/brasilnoticias.org\/site\/shows-oficinas-e-filmes-infantis-confira-atividades-da-semana-das-criancas-em-salvador\/","og_site_name":"Brasil not\u00edcias","article_published_time":"2023-10-10T23:46:13+00:00","og_image":[{"width":740,"height":470,"url":"https:\/\/brasilnoticias.org\/site\/wp-content\/uploads\/2023\/10\/Parque-da-Cidade_Foto_Jefferson-Peixoto_Secom_Pms-5-740x470-1.jpg","type":"image\/jpeg"}],"author":"Reda\u00e7\u00e3o","twitter_card":"summary_large_image","twitter_misc":{"Escrito por":"Reda\u00e7\u00e3o"},"schema":{"@context":"https:\/\/schema.org","@graph":[{"@type":"Article","@id":"https:\/\/brasilnoticias.org\/site\/shows-oficinas-e-filmes-infantis-confira-atividades-da-semana-das-criancas-em-salvador\/#article","isPartOf":{"@id":"https:\/\/brasilnoticias.org\/site\/shows-oficinas-e-filmes-infantis-confira-atividades-da-semana-das-criancas-em-salvador\/"},"author":{"name":"Reda\u00e7\u00e3o","@id":"https:\/\/brasilnoticias.org\/site\/#\/schema\/person\/03bbbfe6c7634ad18c26444ea39049fa"},"headline":"Shows, oficinas e filmes infantis: confira atividades da Semana das Crian\u00e7as em Salvador","datePublished":"2023-10-10T23:46:13+00:00","mainEntityOfPage":{"@id":"https:\/\/brasilnoticias.org\/site\/shows-oficinas-e-filmes-infantis-confira-atividades-da-semana-das-criancas-em-salvador\/"},"wordCount":2026,"commentCount":0,"publisher":{"@id":"https:\/\/brasilnoticias.org\/site\/#organization"},"image":{"@id":"https:\/\/brasilnoticias.org\/site\/shows-oficinas-e-filmes-infantis-confira-atividades-da-semana-das-criancas-em-salvador\/#primaryimage"},"thumbnailUrl":"https:\/\/brasilnoticias.org\/site\/wp-content\/uploads\/2023\/10\/Parque-da-Cidade_Foto_Jefferson-Peixoto_Secom_Pms-5-740x470-1.jpg","articleSection":["Not\u00edcias","\u00daltimas"],"inLanguage":"pt-PT","potentialAction":[{"@type":"CommentAction","name":"Comment","target":["https:\/\/brasilnoticias.org\/site\/shows-oficinas-e-filmes-infantis-confira-atividades-da-semana-das-criancas-em-salvador\/#respond"]}]},{"@type":"WebPage","@id":"https:\/\/brasilnoticias.org\/site\/shows-oficinas-e-filmes-infantis-confira-atividades-da-semana-das-criancas-em-salvador\/","url":"https:\/\/brasilnoticias.org\/site\/shows-oficinas-e-filmes-infantis-confira-atividades-da-semana-das-criancas-em-salvador\/","name":"Shows, oficinas e filmes infantis: confira atividades da Semana das Crian\u00e7as em Salvador - Brasil not\u00edcias","isPartOf":{"@id":"https:\/\/brasilnoticias.org\/site\/#website"},"primaryImageOfPage":{"@id":"https:\/\/brasilnoticias.org\/site\/shows-oficinas-e-filmes-infantis-confira-atividades-da-semana-das-criancas-em-salvador\/#primaryimage"},"image":{"@id":"https:\/\/brasilnoticias.org\/site\/shows-oficinas-e-filmes-infantis-confira-atividades-da-semana-das-criancas-em-salvador\/#primaryimage"},"thumbnailUrl":"https:\/\/brasilnoticias.org\/site\/wp-content\/uploads\/2023\/10\/Parque-da-Cidade_Foto_Jefferson-Peixoto_Secom_Pms-5-740x470-1.jpg","datePublished":"2023-10-10T23:46:13+00:00","breadcrumb":{"@id":"https:\/\/brasilnoticias.org\/site\/shows-oficinas-e-filmes-infantis-confira-atividades-da-semana-das-criancas-em-salvador\/#breadcrumb"},"inLanguage":"pt-PT","potentialAction":[{"@type":"ReadAction","target":["https:\/\/brasilnoticias.org\/site\/shows-oficinas-e-filmes-infantis-confira-atividades-da-semana-das-criancas-em-salvador\/"]}]},{"@type":"ImageObject","inLanguage":"pt-PT","@id":"https:\/\/brasilnoticias.org\/site\/shows-oficinas-e-filmes-infantis-confira-atividades-da-semana-das-criancas-em-salvador\/#primaryimage","url":"https:\/\/brasilnoticias.org\/site\/wp-content\/uploads\/2023\/10\/Parque-da-Cidade_Foto_Jefferson-Peixoto_Secom_Pms-5-740x470-1.jpg","contentUrl":"https:\/\/brasilnoticias.org\/site\/wp-content\/uploads\/2023\/10\/Parque-da-Cidade_Foto_Jefferson-Peixoto_Secom_Pms-5-740x470-1.jpg","width":740,"height":470},{"@type":"BreadcrumbList","@id":"https:\/\/brasilnoticias.org\/site\/shows-oficinas-e-filmes-infantis-confira-atividades-da-semana-das-criancas-em-salvador\/#breadcrumb","itemListElement":[{"@type":"ListItem","position":1,"name":"In\u00edcio","item":"https:\/\/brasilnoticias.org\/site\/"},{"@type":"ListItem","position":2,"name":"Shows, oficinas e filmes infantis: confira atividades da Semana das Crian\u00e7as em Salvador"}]},{"@type":"WebSite","@id":"https:\/\/brasilnoticias.org\/site\/#website","url":"https:\/\/brasilnoticias.org\/site\/","name":"Brasil not\u00edcias","description":"Brasil not\u00edcias","publisher":{"@id":"https:\/\/brasilnoticias.org\/site\/#organization"},"potentialAction":[{"@type":"SearchAction","target":{"@type":"EntryPoint","urlTemplate":"https:\/\/brasilnoticias.org\/site\/?s={search_term_string}"},"query-input":{"@type":"PropertyValueSpecification","valueRequired":true,"valueName":"search_term_string"}}],"inLanguage":"pt-PT"},{"@type":"Organization","@id":"https:\/\/brasilnoticias.org\/site\/#organization","name":"Brasil not\u00edcias","url":"https:\/\/brasilnoticias.org\/site\/","logo":{"@type":"ImageObject","inLanguage":"pt-PT","@id":"https:\/\/brasilnoticias.org\/site\/#\/schema\/logo\/image\/","url":"https:\/\/brasilnoticias.org\/site\/wp-content\/uploads\/2022\/05\/cropped-brasilnoticias-mini.jpg","contentUrl":"https:\/\/brasilnoticias.org\/site\/wp-content\/uploads\/2022\/05\/cropped-brasilnoticias-mini.jpg","width":314,"height":86,"caption":"Brasil not\u00edcias"},"image":{"@id":"https:\/\/brasilnoticias.org\/site\/#\/schema\/logo\/image\/"}},{"@type":"Person","@id":"https:\/\/brasilnoticias.org\/site\/#\/schema\/person\/03bbbfe6c7634ad18c26444ea39049fa","name":"Reda\u00e7\u00e3o","image":{"@type":"ImageObject","inLanguage":"pt-PT","@id":"https:\/\/brasilnoticias.org\/site\/#\/schema\/person\/image\/","url":"https:\/\/secure.gravatar.com\/avatar\/9ecaf7327a696cb23ad926fedded5f1f04d7049de9e445375d55b48c001a6e42?s=96&d=mm&r=g","contentUrl":"https:\/\/secure.gravatar.com\/avatar\/9ecaf7327a696cb23ad926fedded5f1f04d7049de9e445375d55b48c001a6e42?s=96&d=mm&r=g","caption":"Reda\u00e7\u00e3o"},"url":"https:\/\/brasilnoticias.org\/site\/author\/henrique\/"}]}},"_links":{"self":[{"href":"https:\/\/brasilnoticias.org\/site\/wp-json\/wp\/v2\/posts\/10063","targetHints":{"allow":["GET"]}}],"collection":[{"href":"https:\/\/brasilnoticias.org\/site\/wp-json\/wp\/v2\/posts"}],"about":[{"href":"https:\/\/brasilnoticias.org\/site\/wp-json\/wp\/v2\/types\/post"}],"author":[{"embeddable":true,"href":"https:\/\/brasilnoticias.org\/site\/wp-json\/wp\/v2\/users\/4"}],"replies":[{"embeddable":true,"href":"https:\/\/brasilnoticias.org\/site\/wp-json\/wp\/v2\/comments?post=10063"}],"version-history":[{"count":1,"href":"https:\/\/brasilnoticias.org\/site\/wp-json\/wp\/v2\/posts\/10063\/revisions"}],"predecessor-version":[{"id":10065,"href":"https:\/\/brasilnoticias.org\/site\/wp-json\/wp\/v2\/posts\/10063\/revisions\/10065"}],"wp:featuredmedia":[{"embeddable":true,"href":"https:\/\/brasilnoticias.org\/site\/wp-json\/wp\/v2\/media\/10064"}],"wp:attachment":[{"href":"https:\/\/brasilnoticias.org\/site\/wp-json\/wp\/v2\/media?parent=10063"}],"wp:term":[{"taxonomy":"category","embeddable":true,"href":"https:\/\/brasilnoticias.org\/site\/wp-json\/wp\/v2\/categories?post=10063"},{"taxonomy":"post_tag","embeddable":true,"href":"https:\/\/brasilnoticias.org\/site\/wp-json\/wp\/v2\/tags?post=10063"}],"curies":[{"name":"wp","href":"https:\/\/api.w.org\/{rel}","templated":true}]}}