{"id":10073,"date":"2023-10-12T20:41:33","date_gmt":"2023-10-12T23:41:33","guid":{"rendered":"https:\/\/brasilnoticias.org\/site\/?p=10073"},"modified":"2023-10-12T20:41:33","modified_gmt":"2023-10-12T23:41:33","slug":"acionado-com-urgencia-aviao-presidencial-decola-para-repatriar-brasileiros-de-gaza","status":"publish","type":"post","link":"https:\/\/brasilnoticias.org\/site\/acionado-com-urgencia-aviao-presidencial-decola-para-repatriar-brasileiros-de-gaza\/","title":{"rendered":"Acionado com urg\u00eancia, avi\u00e3o presidencial decola para repatriar brasileiros de Gaza"},"content":{"rendered":"<p>O plano do governo \u00e9 evacuar os brasileiros com a forma\u00e7\u00e3o de um corredor humanit\u00e1rio at\u00e9 o territ\u00f3rio do Egito<\/p>\n<p>\u00c0s 16h30 desta quinta-feira, decolou mais avi\u00e3o da For\u00e7a A\u00e9rea Brasileira (FAB) para tentar repatriar brasileiros envolvido no conflito entre Israel e o grupo Hamas. Desta vez, os resgatados ser\u00e3o aqueles que est\u00e3o em Gaza. A aeronave tem como destino Roma, na It\u00e1lia, de onde aguardar\u00e1 autoriza\u00e7\u00e3o para resgatar o grupo no Egito.<\/p>\n<p>Segundo o comunicado da FAB, o acionamento foi feito em car\u00e1ter de urg\u00eancia. O avi\u00e3o pertencente \u00e0 Presid\u00eancia da Rep\u00fablica e tem a capacidade de transportar 40 passageiros. Esse \u00e9 o primeiro resgate de brasileiros em Gaza, as outras aeronaves foram enviadas para grupos que estavam em Israel. <\/p>\n<p>O plano do governo \u00e9 evacuar os brasileiros com a forma\u00e7\u00e3o de um corredor humanit\u00e1rio at\u00e9 o territ\u00f3rio do Egito. Segundo o Escrit\u00f3rio de Representa\u00e7\u00e3o do Brasil em Ramala, cidade da Cisjord\u00e2nia, 22 brasileiros que est\u00e3o em Gaza j\u00e1 pediram repatria\u00e7\u00e3o.<\/p>\n<p>Parte deles est\u00e1 alojada em uma escola cat\u00f3lica, mas, de acordo com diplomatas que acompanham de perto a situa\u00e7\u00e3o, correm o risco de morrer de fome. Os estoques da ag\u00eancia que distribui alimentos na regi\u00e3o est\u00e3o chegando ao fim, ap\u00f3s o bloqueio imposto por Israel.<\/p>\n<p>Foto: Jo\u00e9dson Alves\/Ag\u00eancia Brasil<br \/>\nPor: Metro1 <\/p>\n","protected":false},"excerpt":{"rendered":"<p>O plano do governo \u00e9 evacuar os brasileiros com a forma\u00e7\u00e3o de um corredor humanit\u00e1rio at\u00e9 o territ\u00f3rio do Egito<\/p>\n","protected":false},"author":4,"featured_media":10074,"comment_status":"open","ping_status":"open","sticky":false,"template":"","format":"standard","meta":{"colormag_page_container_layout":"default_layout","colormag_page_sidebar_layout":"default_layout","_FSMCFIC_featured_image_caption":"","_FSMCFIC_featured_image_nocaption":"","_FSMCFIC_featured_image_hide":"","footnotes":""},"categories":[2,1],"tags":[],"class_list":["post-10073","post","type-post","status-publish","format-standard","has-post-thumbnail","hentry","category-noticias","category-ultimas"],"yoast_head":"<!-- This site is optimized with the Yoast SEO plugin v27.1.1 - https:\/\/yoast.com\/product\/yoast-seo-wordpress\/ -->\n<title>Acionado com urg\u00eancia, avi\u00e3o presidencial decola para repatriar brasileiros de Gaza - Brasil not\u00edcias<\/title>\n<meta name=\"robots\" content=\"index, follow, max-snippet:-1, max-image-preview:large, max-video-preview:-1\" \/>\n<link rel=\"canonical\" href=\"https:\/\/brasilnoticias.org\/site\/acionado-com-urgencia-aviao-presidencial-decola-para-repatriar-brasileiros-de-gaza\/\" \/>\n<meta property=\"og:locale\" content=\"pt_PT\" \/>\n<meta property=\"og:type\" content=\"article\" \/>\n<meta property=\"og:title\" content=\"Acionado com urg\u00eancia, avi\u00e3o presidencial decola para repatriar brasileiros de Gaza - Brasil not\u00edcias\" \/>\n<meta property=\"og:description\" content=\"O plano do governo \u00e9 evacuar os brasileiros com a forma\u00e7\u00e3o de um corredor humanit\u00e1rio at\u00e9 o territ\u00f3rio do Egito\" \/>\n<meta property=\"og:url\" content=\"https:\/\/brasilnoticias.org\/site\/acionado-com-urgencia-aviao-presidencial-decola-para-repatriar-brasileiros-de-gaza\/\" \/>\n<meta property=\"og:site_name\" content=\"Brasil not\u00edcias\" \/>\n<meta property=\"article:published_time\" content=\"2023-10-12T23:41:33+00:00\" \/>\n<meta property=\"og:image\" content=\"https:\/\/brasilnoticias.org\/site\/wp-content\/uploads\/2023\/10\/141961acionado-com-urgencia-aviao-presidencial-decola-para-repatriar-brasileiros-de-gaza-3.jpg\" \/>\n\t<meta property=\"og:image:width\" content=\"1600\" \/>\n\t<meta property=\"og:image:height\" content=\"752\" \/>\n\t<meta property=\"og:image:type\" content=\"image\/jpeg\" \/>\n<meta name=\"author\" content=\"Reda\u00e7\u00e3o\" \/>\n<meta name=\"twitter:card\" content=\"summary_large_image\" \/>\n<meta name=\"twitter:label1\" content=\"Escrito por\" \/>\n\t<meta name=\"twitter:data1\" content=\"Reda\u00e7\u00e3o\" \/>\n<script type=\"application\/ld+json\" class=\"yoast-schema-graph\">{\"@context\":\"https:\/\/schema.org\",\"@graph\":[{\"@type\":\"Article\",\"@id\":\"https:\/\/brasilnoticias.org\/site\/acionado-com-urgencia-aviao-presidencial-decola-para-repatriar-brasileiros-de-gaza\/#article\",\"isPartOf\":{\"@id\":\"https:\/\/brasilnoticias.org\/site\/acionado-com-urgencia-aviao-presidencial-decola-para-repatriar-brasileiros-de-gaza\/\"},\"author\":{\"name\":\"Reda\u00e7\u00e3o\",\"@id\":\"https:\/\/brasilnoticias.org\/site\/#\/schema\/person\/03bbbfe6c7634ad18c26444ea39049fa\"},\"headline\":\"Acionado com urg\u00eancia, avi\u00e3o presidencial decola para repatriar brasileiros de Gaza\",\"datePublished\":\"2023-10-12T23:41:33+00:00\",\"mainEntityOfPage\":{\"@id\":\"https:\/\/brasilnoticias.org\/site\/acionado-com-urgencia-aviao-presidencial-decola-para-repatriar-brasileiros-de-gaza\/\"},\"wordCount\":252,\"commentCount\":0,\"publisher\":{\"@id\":\"https:\/\/brasilnoticias.org\/site\/#organization\"},\"image\":{\"@id\":\"https:\/\/brasilnoticias.org\/site\/acionado-com-urgencia-aviao-presidencial-decola-para-repatriar-brasileiros-de-gaza\/#primaryimage\"},\"thumbnailUrl\":\"https:\/\/brasilnoticias.org\/site\/wp-content\/uploads\/2023\/10\/141961acionado-com-urgencia-aviao-presidencial-decola-para-repatriar-brasileiros-de-gaza-3.jpg\",\"articleSection\":[\"Not\u00edcias\",\"\u00daltimas\"],\"inLanguage\":\"pt-PT\",\"potentialAction\":[{\"@type\":\"CommentAction\",\"name\":\"Comment\",\"target\":[\"https:\/\/brasilnoticias.org\/site\/acionado-com-urgencia-aviao-presidencial-decola-para-repatriar-brasileiros-de-gaza\/#respond\"]}]},{\"@type\":\"WebPage\",\"@id\":\"https:\/\/brasilnoticias.org\/site\/acionado-com-urgencia-aviao-presidencial-decola-para-repatriar-brasileiros-de-gaza\/\",\"url\":\"https:\/\/brasilnoticias.org\/site\/acionado-com-urgencia-aviao-presidencial-decola-para-repatriar-brasileiros-de-gaza\/\",\"name\":\"Acionado com urg\u00eancia, avi\u00e3o presidencial decola para repatriar brasileiros de Gaza - Brasil not\u00edcias\",\"isPartOf\":{\"@id\":\"https:\/\/brasilnoticias.org\/site\/#website\"},\"primaryImageOfPage\":{\"@id\":\"https:\/\/brasilnoticias.org\/site\/acionado-com-urgencia-aviao-presidencial-decola-para-repatriar-brasileiros-de-gaza\/#primaryimage\"},\"image\":{\"@id\":\"https:\/\/brasilnoticias.org\/site\/acionado-com-urgencia-aviao-presidencial-decola-para-repatriar-brasileiros-de-gaza\/#primaryimage\"},\"thumbnailUrl\":\"https:\/\/brasilnoticias.org\/site\/wp-content\/uploads\/2023\/10\/141961acionado-com-urgencia-aviao-presidencial-decola-para-repatriar-brasileiros-de-gaza-3.jpg\",\"datePublished\":\"2023-10-12T23:41:33+00:00\",\"breadcrumb\":{\"@id\":\"https:\/\/brasilnoticias.org\/site\/acionado-com-urgencia-aviao-presidencial-decola-para-repatriar-brasileiros-de-gaza\/#breadcrumb\"},\"inLanguage\":\"pt-PT\",\"potentialAction\":[{\"@type\":\"ReadAction\",\"target\":[\"https:\/\/brasilnoticias.org\/site\/acionado-com-urgencia-aviao-presidencial-decola-para-repatriar-brasileiros-de-gaza\/\"]}]},{\"@type\":\"ImageObject\",\"inLanguage\":\"pt-PT\",\"@id\":\"https:\/\/brasilnoticias.org\/site\/acionado-com-urgencia-aviao-presidencial-decola-para-repatriar-brasileiros-de-gaza\/#primaryimage\",\"url\":\"https:\/\/brasilnoticias.org\/site\/wp-content\/uploads\/2023\/10\/141961acionado-com-urgencia-aviao-presidencial-decola-para-repatriar-brasileiros-de-gaza-3.jpg\",\"contentUrl\":\"https:\/\/brasilnoticias.org\/site\/wp-content\/uploads\/2023\/10\/141961acionado-com-urgencia-aviao-presidencial-decola-para-repatriar-brasileiros-de-gaza-3.jpg\",\"width\":1600,\"height\":752},{\"@type\":\"BreadcrumbList\",\"@id\":\"https:\/\/brasilnoticias.org\/site\/acionado-com-urgencia-aviao-presidencial-decola-para-repatriar-brasileiros-de-gaza\/#breadcrumb\",\"itemListElement\":[{\"@type\":\"ListItem\",\"position\":1,\"name\":\"In\u00edcio\",\"item\":\"https:\/\/brasilnoticias.org\/site\/\"},{\"@type\":\"ListItem\",\"position\":2,\"name\":\"Acionado com urg\u00eancia, avi\u00e3o presidencial decola para repatriar brasileiros de Gaza\"}]},{\"@type\":\"WebSite\",\"@id\":\"https:\/\/brasilnoticias.org\/site\/#website\",\"url\":\"https:\/\/brasilnoticias.org\/site\/\",\"name\":\"Brasil not\u00edcias\",\"description\":\"Brasil not\u00edcias\",\"publisher\":{\"@id\":\"https:\/\/brasilnoticias.org\/site\/#organization\"},\"potentialAction\":[{\"@type\":\"SearchAction\",\"target\":{\"@type\":\"EntryPoint\",\"urlTemplate\":\"https:\/\/brasilnoticias.org\/site\/?s={search_term_string}\"},\"query-input\":{\"@type\":\"PropertyValueSpecification\",\"valueRequired\":true,\"valueName\":\"search_term_string\"}}],\"inLanguage\":\"pt-PT\"},{\"@type\":\"Organization\",\"@id\":\"https:\/\/brasilnoticias.org\/site\/#organization\",\"name\":\"Brasil not\u00edcias\",\"url\":\"https:\/\/brasilnoticias.org\/site\/\",\"logo\":{\"@type\":\"ImageObject\",\"inLanguage\":\"pt-PT\",\"@id\":\"https:\/\/brasilnoticias.org\/site\/#\/schema\/logo\/image\/\",\"url\":\"https:\/\/brasilnoticias.org\/site\/wp-content\/uploads\/2022\/05\/cropped-brasilnoticias-mini.jpg\",\"contentUrl\":\"https:\/\/brasilnoticias.org\/site\/wp-content\/uploads\/2022\/05\/cropped-brasilnoticias-mini.jpg\",\"width\":314,\"height\":86,\"caption\":\"Brasil not\u00edcias\"},\"image\":{\"@id\":\"https:\/\/brasilnoticias.org\/site\/#\/schema\/logo\/image\/\"}},{\"@type\":\"Person\",\"@id\":\"https:\/\/brasilnoticias.org\/site\/#\/schema\/person\/03bbbfe6c7634ad18c26444ea39049fa\",\"name\":\"Reda\u00e7\u00e3o\",\"image\":{\"@type\":\"ImageObject\",\"inLanguage\":\"pt-PT\",\"@id\":\"https:\/\/brasilnoticias.org\/site\/#\/schema\/person\/image\/\",\"url\":\"https:\/\/secure.gravatar.com\/avatar\/9ecaf7327a696cb23ad926fedded5f1f04d7049de9e445375d55b48c001a6e42?s=96&d=mm&r=g\",\"contentUrl\":\"https:\/\/secure.gravatar.com\/avatar\/9ecaf7327a696cb23ad926fedded5f1f04d7049de9e445375d55b48c001a6e42?s=96&d=mm&r=g\",\"caption\":\"Reda\u00e7\u00e3o\"},\"url\":\"https:\/\/brasilnoticias.org\/site\/author\/henrique\/\"}]}<\/script>\n<!-- \/ Yoast SEO plugin. -->","yoast_head_json":{"title":"Acionado com urg\u00eancia, avi\u00e3o presidencial decola para repatriar brasileiros de Gaza - Brasil not\u00edcias","robots":{"index":"index","follow":"follow","max-snippet":"max-snippet:-1","max-image-preview":"max-image-preview:large","max-video-preview":"max-video-preview:-1"},"canonical":"https:\/\/brasilnoticias.org\/site\/acionado-com-urgencia-aviao-presidencial-decola-para-repatriar-brasileiros-de-gaza\/","og_locale":"pt_PT","og_type":"article","og_title":"Acionado com urg\u00eancia, avi\u00e3o presidencial decola para repatriar brasileiros de Gaza - Brasil not\u00edcias","og_description":"O plano do governo \u00e9 evacuar os brasileiros com a forma\u00e7\u00e3o de um corredor humanit\u00e1rio at\u00e9 o territ\u00f3rio do Egito","og_url":"https:\/\/brasilnoticias.org\/site\/acionado-com-urgencia-aviao-presidencial-decola-para-repatriar-brasileiros-de-gaza\/","og_site_name":"Brasil not\u00edcias","article_published_time":"2023-10-12T23:41:33+00:00","og_image":[{"width":1600,"height":752,"url":"https:\/\/brasilnoticias.org\/site\/wp-content\/uploads\/2023\/10\/141961acionado-com-urgencia-aviao-presidencial-decola-para-repatriar-brasileiros-de-gaza-3.jpg","type":"image\/jpeg"}],"author":"Reda\u00e7\u00e3o","twitter_card":"summary_large_image","twitter_misc":{"Escrito por":"Reda\u00e7\u00e3o"},"schema":{"@context":"https:\/\/schema.org","@graph":[{"@type":"Article","@id":"https:\/\/brasilnoticias.org\/site\/acionado-com-urgencia-aviao-presidencial-decola-para-repatriar-brasileiros-de-gaza\/#article","isPartOf":{"@id":"https:\/\/brasilnoticias.org\/site\/acionado-com-urgencia-aviao-presidencial-decola-para-repatriar-brasileiros-de-gaza\/"},"author":{"name":"Reda\u00e7\u00e3o","@id":"https:\/\/brasilnoticias.org\/site\/#\/schema\/person\/03bbbfe6c7634ad18c26444ea39049fa"},"headline":"Acionado com urg\u00eancia, avi\u00e3o presidencial decola para repatriar brasileiros de Gaza","datePublished":"2023-10-12T23:41:33+00:00","mainEntityOfPage":{"@id":"https:\/\/brasilnoticias.org\/site\/acionado-com-urgencia-aviao-presidencial-decola-para-repatriar-brasileiros-de-gaza\/"},"wordCount":252,"commentCount":0,"publisher":{"@id":"https:\/\/brasilnoticias.org\/site\/#organization"},"image":{"@id":"https:\/\/brasilnoticias.org\/site\/acionado-com-urgencia-aviao-presidencial-decola-para-repatriar-brasileiros-de-gaza\/#primaryimage"},"thumbnailUrl":"https:\/\/brasilnoticias.org\/site\/wp-content\/uploads\/2023\/10\/141961acionado-com-urgencia-aviao-presidencial-decola-para-repatriar-brasileiros-de-gaza-3.jpg","articleSection":["Not\u00edcias","\u00daltimas"],"inLanguage":"pt-PT","potentialAction":[{"@type":"CommentAction","name":"Comment","target":["https:\/\/brasilnoticias.org\/site\/acionado-com-urgencia-aviao-presidencial-decola-para-repatriar-brasileiros-de-gaza\/#respond"]}]},{"@type":"WebPage","@id":"https:\/\/brasilnoticias.org\/site\/acionado-com-urgencia-aviao-presidencial-decola-para-repatriar-brasileiros-de-gaza\/","url":"https:\/\/brasilnoticias.org\/site\/acionado-com-urgencia-aviao-presidencial-decola-para-repatriar-brasileiros-de-gaza\/","name":"Acionado com urg\u00eancia, avi\u00e3o presidencial decola para repatriar brasileiros de Gaza - Brasil not\u00edcias","isPartOf":{"@id":"https:\/\/brasilnoticias.org\/site\/#website"},"primaryImageOfPage":{"@id":"https:\/\/brasilnoticias.org\/site\/acionado-com-urgencia-aviao-presidencial-decola-para-repatriar-brasileiros-de-gaza\/#primaryimage"},"image":{"@id":"https:\/\/brasilnoticias.org\/site\/acionado-com-urgencia-aviao-presidencial-decola-para-repatriar-brasileiros-de-gaza\/#primaryimage"},"thumbnailUrl":"https:\/\/brasilnoticias.org\/site\/wp-content\/uploads\/2023\/10\/141961acionado-com-urgencia-aviao-presidencial-decola-para-repatriar-brasileiros-de-gaza-3.jpg","datePublished":"2023-10-12T23:41:33+00:00","breadcrumb":{"@id":"https:\/\/brasilnoticias.org\/site\/acionado-com-urgencia-aviao-presidencial-decola-para-repatriar-brasileiros-de-gaza\/#breadcrumb"},"inLanguage":"pt-PT","potentialAction":[{"@type":"ReadAction","target":["https:\/\/brasilnoticias.org\/site\/acionado-com-urgencia-aviao-presidencial-decola-para-repatriar-brasileiros-de-gaza\/"]}]},{"@type":"ImageObject","inLanguage":"pt-PT","@id":"https:\/\/brasilnoticias.org\/site\/acionado-com-urgencia-aviao-presidencial-decola-para-repatriar-brasileiros-de-gaza\/#primaryimage","url":"https:\/\/brasilnoticias.org\/site\/wp-content\/uploads\/2023\/10\/141961acionado-com-urgencia-aviao-presidencial-decola-para-repatriar-brasileiros-de-gaza-3.jpg","contentUrl":"https:\/\/brasilnoticias.org\/site\/wp-content\/uploads\/2023\/10\/141961acionado-com-urgencia-aviao-presidencial-decola-para-repatriar-brasileiros-de-gaza-3.jpg","width":1600,"height":752},{"@type":"BreadcrumbList","@id":"https:\/\/brasilnoticias.org\/site\/acionado-com-urgencia-aviao-presidencial-decola-para-repatriar-brasileiros-de-gaza\/#breadcrumb","itemListElement":[{"@type":"ListItem","position":1,"name":"In\u00edcio","item":"https:\/\/brasilnoticias.org\/site\/"},{"@type":"ListItem","position":2,"name":"Acionado com urg\u00eancia, avi\u00e3o presidencial decola para repatriar brasileiros de Gaza"}]},{"@type":"WebSite","@id":"https:\/\/brasilnoticias.org\/site\/#website","url":"https:\/\/brasilnoticias.org\/site\/","name":"Brasil not\u00edcias","description":"Brasil not\u00edcias","publisher":{"@id":"https:\/\/brasilnoticias.org\/site\/#organization"},"potentialAction":[{"@type":"SearchAction","target":{"@type":"EntryPoint","urlTemplate":"https:\/\/brasilnoticias.org\/site\/?s={search_term_string}"},"query-input":{"@type":"PropertyValueSpecification","valueRequired":true,"valueName":"search_term_string"}}],"inLanguage":"pt-PT"},{"@type":"Organization","@id":"https:\/\/brasilnoticias.org\/site\/#organization","name":"Brasil not\u00edcias","url":"https:\/\/brasilnoticias.org\/site\/","logo":{"@type":"ImageObject","inLanguage":"pt-PT","@id":"https:\/\/brasilnoticias.org\/site\/#\/schema\/logo\/image\/","url":"https:\/\/brasilnoticias.org\/site\/wp-content\/uploads\/2022\/05\/cropped-brasilnoticias-mini.jpg","contentUrl":"https:\/\/brasilnoticias.org\/site\/wp-content\/uploads\/2022\/05\/cropped-brasilnoticias-mini.jpg","width":314,"height":86,"caption":"Brasil not\u00edcias"},"image":{"@id":"https:\/\/brasilnoticias.org\/site\/#\/schema\/logo\/image\/"}},{"@type":"Person","@id":"https:\/\/brasilnoticias.org\/site\/#\/schema\/person\/03bbbfe6c7634ad18c26444ea39049fa","name":"Reda\u00e7\u00e3o","image":{"@type":"ImageObject","inLanguage":"pt-PT","@id":"https:\/\/brasilnoticias.org\/site\/#\/schema\/person\/image\/","url":"https:\/\/secure.gravatar.com\/avatar\/9ecaf7327a696cb23ad926fedded5f1f04d7049de9e445375d55b48c001a6e42?s=96&d=mm&r=g","contentUrl":"https:\/\/secure.gravatar.com\/avatar\/9ecaf7327a696cb23ad926fedded5f1f04d7049de9e445375d55b48c001a6e42?s=96&d=mm&r=g","caption":"Reda\u00e7\u00e3o"},"url":"https:\/\/brasilnoticias.org\/site\/author\/henrique\/"}]}},"_links":{"self":[{"href":"https:\/\/brasilnoticias.org\/site\/wp-json\/wp\/v2\/posts\/10073","targetHints":{"allow":["GET"]}}],"collection":[{"href":"https:\/\/brasilnoticias.org\/site\/wp-json\/wp\/v2\/posts"}],"about":[{"href":"https:\/\/brasilnoticias.org\/site\/wp-json\/wp\/v2\/types\/post"}],"author":[{"embeddable":true,"href":"https:\/\/brasilnoticias.org\/site\/wp-json\/wp\/v2\/users\/4"}],"replies":[{"embeddable":true,"href":"https:\/\/brasilnoticias.org\/site\/wp-json\/wp\/v2\/comments?post=10073"}],"version-history":[{"count":1,"href":"https:\/\/brasilnoticias.org\/site\/wp-json\/wp\/v2\/posts\/10073\/revisions"}],"predecessor-version":[{"id":10075,"href":"https:\/\/brasilnoticias.org\/site\/wp-json\/wp\/v2\/posts\/10073\/revisions\/10075"}],"wp:featuredmedia":[{"embeddable":true,"href":"https:\/\/brasilnoticias.org\/site\/wp-json\/wp\/v2\/media\/10074"}],"wp:attachment":[{"href":"https:\/\/brasilnoticias.org\/site\/wp-json\/wp\/v2\/media?parent=10073"}],"wp:term":[{"taxonomy":"category","embeddable":true,"href":"https:\/\/brasilnoticias.org\/site\/wp-json\/wp\/v2\/categories?post=10073"},{"taxonomy":"post_tag","embeddable":true,"href":"https:\/\/brasilnoticias.org\/site\/wp-json\/wp\/v2\/tags?post=10073"}],"curies":[{"name":"wp","href":"https:\/\/api.w.org\/{rel}","templated":true}]}}