{"id":10095,"date":"2023-10-12T21:04:21","date_gmt":"2023-10-13T00:04:21","guid":{"rendered":"https:\/\/brasilnoticias.org\/site\/?p=10095"},"modified":"2023-10-12T21:04:21","modified_gmt":"2023-10-13T00:04:21","slug":"corpo-de-homem-e-encontrado-dentro-de-saco-no-bairro-da-caixa-dagua-ja-e-o-9o-caso-em-salvador-no-ano","status":"publish","type":"post","link":"https:\/\/brasilnoticias.org\/site\/corpo-de-homem-e-encontrado-dentro-de-saco-no-bairro-da-caixa-dagua-ja-e-o-9o-caso-em-salvador-no-ano\/","title":{"rendered":"Corpo de homem \u00e9 encontrado dentro de saco no bairro da Caixa D\u2019\u00c1gua; j\u00e1 \u00e9 o 9\u00ba caso em Salvador no ano"},"content":{"rendered":"<p>De acordo com a PM, o corpo foi encontrado na rua Manoel Drumond, sem documentos de identifica\u00e7\u00e3o<\/p>\n<p>O corpo de um homem foi encontrado dentro de um saco na manh\u00e3 desta quinta-feira (12\/10), no bairro da Caixa D\u2019\u00c1gua, em Salvador. Apenas em 2023, a capital baiana registrou outros nove casos semelhantes a esse.<\/p>\n<p>De acordo com a PM, o corpo foi encontrado por agentes da 37\u00aa Companhia Independente da Pol\u00edcia Militar (CIPM) na rua Manoel Drumond, sem documentos de identifica\u00e7\u00e3o. Equipes do Departamento de Pol\u00edcia T\u00e9cnica (DPT) fizeram a per\u00edcia no local e removeram a v\u00edtima.<\/p>\n<p>De acordo com a PM, o corpo foi encontrado por agentes da 37\u00aa Companhia Independente da Pol\u00edcia Militar (CIPM) na rua Manoel Drumond, sem documentos de identifica\u00e7\u00e3o. Equipes do Departamento de Pol\u00edcia T\u00e9cnica (DPT) fizeram a per\u00edcia no local e removeram a v\u00edtima.<\/p>\n<p>No dia 9 de setembro, o corpo de um homem foi encontrado por pescadores na praia da Pituba.<\/p>\n<p>Foto: Redes Sociais<br \/>\nAratu On<\/p>\n","protected":false},"excerpt":{"rendered":"<p>De acordo com a PM, o corpo foi encontrado na rua Manoel Drumond, sem documentos de identifica\u00e7\u00e3o O corpo de<\/p>\n","protected":false},"author":4,"featured_media":10096,"comment_status":"open","ping_status":"open","sticky":false,"template":"","format":"standard","meta":{"colormag_page_container_layout":"default_layout","colormag_page_sidebar_layout":"default_layout","_FSMCFIC_featured_image_caption":"","_FSMCFIC_featured_image_nocaption":"","_FSMCFIC_featured_image_hide":"","footnotes":""},"categories":[3,1],"tags":[],"class_list":["post-10095","post","type-post","status-publish","format-standard","has-post-thumbnail","hentry","category-policia","category-ultimas"],"yoast_head":"<!-- This site is optimized with the Yoast SEO plugin v27.1.1 - https:\/\/yoast.com\/product\/yoast-seo-wordpress\/ -->\n<title>Corpo de homem \u00e9 encontrado dentro de saco no bairro da Caixa D\u2019\u00c1gua; j\u00e1 \u00e9 o 9\u00ba caso em Salvador no ano - Brasil not\u00edcias<\/title>\n<meta name=\"robots\" content=\"index, follow, max-snippet:-1, max-image-preview:large, max-video-preview:-1\" \/>\n<link rel=\"canonical\" href=\"https:\/\/brasilnoticias.org\/site\/corpo-de-homem-e-encontrado-dentro-de-saco-no-bairro-da-caixa-dagua-ja-e-o-9o-caso-em-salvador-no-ano\/\" \/>\n<meta property=\"og:locale\" content=\"pt_PT\" \/>\n<meta property=\"og:type\" content=\"article\" \/>\n<meta property=\"og:title\" content=\"Corpo de homem \u00e9 encontrado dentro de saco no bairro da Caixa D\u2019\u00c1gua; j\u00e1 \u00e9 o 9\u00ba caso em Salvador no ano - Brasil not\u00edcias\" \/>\n<meta property=\"og:description\" content=\"De acordo com a PM, o corpo foi encontrado na rua Manoel Drumond, sem documentos de identifica\u00e7\u00e3o O corpo de\" \/>\n<meta property=\"og:url\" content=\"https:\/\/brasilnoticias.org\/site\/corpo-de-homem-e-encontrado-dentro-de-saco-no-bairro-da-caixa-dagua-ja-e-o-9o-caso-em-salvador-no-ano\/\" \/>\n<meta property=\"og:site_name\" content=\"Brasil not\u00edcias\" \/>\n<meta property=\"article:published_time\" content=\"2023-10-13T00:04:21+00:00\" \/>\n<meta property=\"og:image\" content=\"https:\/\/brasilnoticias.org\/site\/wp-content\/uploads\/2023\/10\/whatsapp-image-2023-10-12-at-11.20.23-740x470-1.jpg\" \/>\n\t<meta property=\"og:image:width\" content=\"740\" \/>\n\t<meta property=\"og:image:height\" content=\"470\" \/>\n\t<meta property=\"og:image:type\" content=\"image\/jpeg\" \/>\n<meta name=\"author\" content=\"Reda\u00e7\u00e3o\" \/>\n<meta name=\"twitter:card\" content=\"summary_large_image\" \/>\n<meta name=\"twitter:label1\" content=\"Escrito por\" \/>\n\t<meta name=\"twitter:data1\" content=\"Reda\u00e7\u00e3o\" \/>\n<script type=\"application\/ld+json\" class=\"yoast-schema-graph\">{\"@context\":\"https:\/\/schema.org\",\"@graph\":[{\"@type\":\"Article\",\"@id\":\"https:\/\/brasilnoticias.org\/site\/corpo-de-homem-e-encontrado-dentro-de-saco-no-bairro-da-caixa-dagua-ja-e-o-9o-caso-em-salvador-no-ano\/#article\",\"isPartOf\":{\"@id\":\"https:\/\/brasilnoticias.org\/site\/corpo-de-homem-e-encontrado-dentro-de-saco-no-bairro-da-caixa-dagua-ja-e-o-9o-caso-em-salvador-no-ano\/\"},\"author\":{\"name\":\"Reda\u00e7\u00e3o\",\"@id\":\"https:\/\/brasilnoticias.org\/site\/#\/schema\/person\/03bbbfe6c7634ad18c26444ea39049fa\"},\"headline\":\"Corpo de homem \u00e9 encontrado dentro de saco no bairro da Caixa D\u2019\u00c1gua; j\u00e1 \u00e9 o 9\u00ba caso em Salvador no ano\",\"datePublished\":\"2023-10-13T00:04:21+00:00\",\"mainEntityOfPage\":{\"@id\":\"https:\/\/brasilnoticias.org\/site\/corpo-de-homem-e-encontrado-dentro-de-saco-no-bairro-da-caixa-dagua-ja-e-o-9o-caso-em-salvador-no-ano\/\"},\"wordCount\":191,\"commentCount\":0,\"publisher\":{\"@id\":\"https:\/\/brasilnoticias.org\/site\/#organization\"},\"image\":{\"@id\":\"https:\/\/brasilnoticias.org\/site\/corpo-de-homem-e-encontrado-dentro-de-saco-no-bairro-da-caixa-dagua-ja-e-o-9o-caso-em-salvador-no-ano\/#primaryimage\"},\"thumbnailUrl\":\"https:\/\/brasilnoticias.org\/site\/wp-content\/uploads\/2023\/10\/whatsapp-image-2023-10-12-at-11.20.23-740x470-1.jpg\",\"articleSection\":[\"Pol\u00edcia\",\"\u00daltimas\"],\"inLanguage\":\"pt-PT\",\"potentialAction\":[{\"@type\":\"CommentAction\",\"name\":\"Comment\",\"target\":[\"https:\/\/brasilnoticias.org\/site\/corpo-de-homem-e-encontrado-dentro-de-saco-no-bairro-da-caixa-dagua-ja-e-o-9o-caso-em-salvador-no-ano\/#respond\"]}]},{\"@type\":\"WebPage\",\"@id\":\"https:\/\/brasilnoticias.org\/site\/corpo-de-homem-e-encontrado-dentro-de-saco-no-bairro-da-caixa-dagua-ja-e-o-9o-caso-em-salvador-no-ano\/\",\"url\":\"https:\/\/brasilnoticias.org\/site\/corpo-de-homem-e-encontrado-dentro-de-saco-no-bairro-da-caixa-dagua-ja-e-o-9o-caso-em-salvador-no-ano\/\",\"name\":\"Corpo de homem \u00e9 encontrado dentro de saco no bairro da Caixa D\u2019\u00c1gua; j\u00e1 \u00e9 o 9\u00ba caso em Salvador no ano - Brasil not\u00edcias\",\"isPartOf\":{\"@id\":\"https:\/\/brasilnoticias.org\/site\/#website\"},\"primaryImageOfPage\":{\"@id\":\"https:\/\/brasilnoticias.org\/site\/corpo-de-homem-e-encontrado-dentro-de-saco-no-bairro-da-caixa-dagua-ja-e-o-9o-caso-em-salvador-no-ano\/#primaryimage\"},\"image\":{\"@id\":\"https:\/\/brasilnoticias.org\/site\/corpo-de-homem-e-encontrado-dentro-de-saco-no-bairro-da-caixa-dagua-ja-e-o-9o-caso-em-salvador-no-ano\/#primaryimage\"},\"thumbnailUrl\":\"https:\/\/brasilnoticias.org\/site\/wp-content\/uploads\/2023\/10\/whatsapp-image-2023-10-12-at-11.20.23-740x470-1.jpg\",\"datePublished\":\"2023-10-13T00:04:21+00:00\",\"breadcrumb\":{\"@id\":\"https:\/\/brasilnoticias.org\/site\/corpo-de-homem-e-encontrado-dentro-de-saco-no-bairro-da-caixa-dagua-ja-e-o-9o-caso-em-salvador-no-ano\/#breadcrumb\"},\"inLanguage\":\"pt-PT\",\"potentialAction\":[{\"@type\":\"ReadAction\",\"target\":[\"https:\/\/brasilnoticias.org\/site\/corpo-de-homem-e-encontrado-dentro-de-saco-no-bairro-da-caixa-dagua-ja-e-o-9o-caso-em-salvador-no-ano\/\"]}]},{\"@type\":\"ImageObject\",\"inLanguage\":\"pt-PT\",\"@id\":\"https:\/\/brasilnoticias.org\/site\/corpo-de-homem-e-encontrado-dentro-de-saco-no-bairro-da-caixa-dagua-ja-e-o-9o-caso-em-salvador-no-ano\/#primaryimage\",\"url\":\"https:\/\/brasilnoticias.org\/site\/wp-content\/uploads\/2023\/10\/whatsapp-image-2023-10-12-at-11.20.23-740x470-1.jpg\",\"contentUrl\":\"https:\/\/brasilnoticias.org\/site\/wp-content\/uploads\/2023\/10\/whatsapp-image-2023-10-12-at-11.20.23-740x470-1.jpg\",\"width\":740,\"height\":470},{\"@type\":\"BreadcrumbList\",\"@id\":\"https:\/\/brasilnoticias.org\/site\/corpo-de-homem-e-encontrado-dentro-de-saco-no-bairro-da-caixa-dagua-ja-e-o-9o-caso-em-salvador-no-ano\/#breadcrumb\",\"itemListElement\":[{\"@type\":\"ListItem\",\"position\":1,\"name\":\"In\u00edcio\",\"item\":\"https:\/\/brasilnoticias.org\/site\/\"},{\"@type\":\"ListItem\",\"position\":2,\"name\":\"Corpo de homem \u00e9 encontrado dentro de saco no bairro da Caixa D\u2019\u00c1gua; j\u00e1 \u00e9 o 9\u00ba caso em Salvador no ano\"}]},{\"@type\":\"WebSite\",\"@id\":\"https:\/\/brasilnoticias.org\/site\/#website\",\"url\":\"https:\/\/brasilnoticias.org\/site\/\",\"name\":\"Brasil not\u00edcias\",\"description\":\"Brasil not\u00edcias\",\"publisher\":{\"@id\":\"https:\/\/brasilnoticias.org\/site\/#organization\"},\"potentialAction\":[{\"@type\":\"SearchAction\",\"target\":{\"@type\":\"EntryPoint\",\"urlTemplate\":\"https:\/\/brasilnoticias.org\/site\/?s={search_term_string}\"},\"query-input\":{\"@type\":\"PropertyValueSpecification\",\"valueRequired\":true,\"valueName\":\"search_term_string\"}}],\"inLanguage\":\"pt-PT\"},{\"@type\":\"Organization\",\"@id\":\"https:\/\/brasilnoticias.org\/site\/#organization\",\"name\":\"Brasil not\u00edcias\",\"url\":\"https:\/\/brasilnoticias.org\/site\/\",\"logo\":{\"@type\":\"ImageObject\",\"inLanguage\":\"pt-PT\",\"@id\":\"https:\/\/brasilnoticias.org\/site\/#\/schema\/logo\/image\/\",\"url\":\"https:\/\/brasilnoticias.org\/site\/wp-content\/uploads\/2022\/05\/cropped-brasilnoticias-mini.jpg\",\"contentUrl\":\"https:\/\/brasilnoticias.org\/site\/wp-content\/uploads\/2022\/05\/cropped-brasilnoticias-mini.jpg\",\"width\":314,\"height\":86,\"caption\":\"Brasil not\u00edcias\"},\"image\":{\"@id\":\"https:\/\/brasilnoticias.org\/site\/#\/schema\/logo\/image\/\"}},{\"@type\":\"Person\",\"@id\":\"https:\/\/brasilnoticias.org\/site\/#\/schema\/person\/03bbbfe6c7634ad18c26444ea39049fa\",\"name\":\"Reda\u00e7\u00e3o\",\"image\":{\"@type\":\"ImageObject\",\"inLanguage\":\"pt-PT\",\"@id\":\"https:\/\/brasilnoticias.org\/site\/#\/schema\/person\/image\/\",\"url\":\"https:\/\/secure.gravatar.com\/avatar\/9ecaf7327a696cb23ad926fedded5f1f04d7049de9e445375d55b48c001a6e42?s=96&d=mm&r=g\",\"contentUrl\":\"https:\/\/secure.gravatar.com\/avatar\/9ecaf7327a696cb23ad926fedded5f1f04d7049de9e445375d55b48c001a6e42?s=96&d=mm&r=g\",\"caption\":\"Reda\u00e7\u00e3o\"},\"url\":\"https:\/\/brasilnoticias.org\/site\/author\/henrique\/\"}]}<\/script>\n<!-- \/ Yoast SEO plugin. -->","yoast_head_json":{"title":"Corpo de homem \u00e9 encontrado dentro de saco no bairro da Caixa D\u2019\u00c1gua; j\u00e1 \u00e9 o 9\u00ba caso em Salvador no ano - Brasil not\u00edcias","robots":{"index":"index","follow":"follow","max-snippet":"max-snippet:-1","max-image-preview":"max-image-preview:large","max-video-preview":"max-video-preview:-1"},"canonical":"https:\/\/brasilnoticias.org\/site\/corpo-de-homem-e-encontrado-dentro-de-saco-no-bairro-da-caixa-dagua-ja-e-o-9o-caso-em-salvador-no-ano\/","og_locale":"pt_PT","og_type":"article","og_title":"Corpo de homem \u00e9 encontrado dentro de saco no bairro da Caixa D\u2019\u00c1gua; j\u00e1 \u00e9 o 9\u00ba caso em Salvador no ano - Brasil not\u00edcias","og_description":"De acordo com a PM, o corpo foi encontrado na rua Manoel Drumond, sem documentos de identifica\u00e7\u00e3o O corpo de","og_url":"https:\/\/brasilnoticias.org\/site\/corpo-de-homem-e-encontrado-dentro-de-saco-no-bairro-da-caixa-dagua-ja-e-o-9o-caso-em-salvador-no-ano\/","og_site_name":"Brasil not\u00edcias","article_published_time":"2023-10-13T00:04:21+00:00","og_image":[{"width":740,"height":470,"url":"https:\/\/brasilnoticias.org\/site\/wp-content\/uploads\/2023\/10\/whatsapp-image-2023-10-12-at-11.20.23-740x470-1.jpg","type":"image\/jpeg"}],"author":"Reda\u00e7\u00e3o","twitter_card":"summary_large_image","twitter_misc":{"Escrito por":"Reda\u00e7\u00e3o"},"schema":{"@context":"https:\/\/schema.org","@graph":[{"@type":"Article","@id":"https:\/\/brasilnoticias.org\/site\/corpo-de-homem-e-encontrado-dentro-de-saco-no-bairro-da-caixa-dagua-ja-e-o-9o-caso-em-salvador-no-ano\/#article","isPartOf":{"@id":"https:\/\/brasilnoticias.org\/site\/corpo-de-homem-e-encontrado-dentro-de-saco-no-bairro-da-caixa-dagua-ja-e-o-9o-caso-em-salvador-no-ano\/"},"author":{"name":"Reda\u00e7\u00e3o","@id":"https:\/\/brasilnoticias.org\/site\/#\/schema\/person\/03bbbfe6c7634ad18c26444ea39049fa"},"headline":"Corpo de homem \u00e9 encontrado dentro de saco no bairro da Caixa D\u2019\u00c1gua; j\u00e1 \u00e9 o 9\u00ba caso em Salvador no ano","datePublished":"2023-10-13T00:04:21+00:00","mainEntityOfPage":{"@id":"https:\/\/brasilnoticias.org\/site\/corpo-de-homem-e-encontrado-dentro-de-saco-no-bairro-da-caixa-dagua-ja-e-o-9o-caso-em-salvador-no-ano\/"},"wordCount":191,"commentCount":0,"publisher":{"@id":"https:\/\/brasilnoticias.org\/site\/#organization"},"image":{"@id":"https:\/\/brasilnoticias.org\/site\/corpo-de-homem-e-encontrado-dentro-de-saco-no-bairro-da-caixa-dagua-ja-e-o-9o-caso-em-salvador-no-ano\/#primaryimage"},"thumbnailUrl":"https:\/\/brasilnoticias.org\/site\/wp-content\/uploads\/2023\/10\/whatsapp-image-2023-10-12-at-11.20.23-740x470-1.jpg","articleSection":["Pol\u00edcia","\u00daltimas"],"inLanguage":"pt-PT","potentialAction":[{"@type":"CommentAction","name":"Comment","target":["https:\/\/brasilnoticias.org\/site\/corpo-de-homem-e-encontrado-dentro-de-saco-no-bairro-da-caixa-dagua-ja-e-o-9o-caso-em-salvador-no-ano\/#respond"]}]},{"@type":"WebPage","@id":"https:\/\/brasilnoticias.org\/site\/corpo-de-homem-e-encontrado-dentro-de-saco-no-bairro-da-caixa-dagua-ja-e-o-9o-caso-em-salvador-no-ano\/","url":"https:\/\/brasilnoticias.org\/site\/corpo-de-homem-e-encontrado-dentro-de-saco-no-bairro-da-caixa-dagua-ja-e-o-9o-caso-em-salvador-no-ano\/","name":"Corpo de homem \u00e9 encontrado dentro de saco no bairro da Caixa D\u2019\u00c1gua; j\u00e1 \u00e9 o 9\u00ba caso em Salvador no ano - Brasil not\u00edcias","isPartOf":{"@id":"https:\/\/brasilnoticias.org\/site\/#website"},"primaryImageOfPage":{"@id":"https:\/\/brasilnoticias.org\/site\/corpo-de-homem-e-encontrado-dentro-de-saco-no-bairro-da-caixa-dagua-ja-e-o-9o-caso-em-salvador-no-ano\/#primaryimage"},"image":{"@id":"https:\/\/brasilnoticias.org\/site\/corpo-de-homem-e-encontrado-dentro-de-saco-no-bairro-da-caixa-dagua-ja-e-o-9o-caso-em-salvador-no-ano\/#primaryimage"},"thumbnailUrl":"https:\/\/brasilnoticias.org\/site\/wp-content\/uploads\/2023\/10\/whatsapp-image-2023-10-12-at-11.20.23-740x470-1.jpg","datePublished":"2023-10-13T00:04:21+00:00","breadcrumb":{"@id":"https:\/\/brasilnoticias.org\/site\/corpo-de-homem-e-encontrado-dentro-de-saco-no-bairro-da-caixa-dagua-ja-e-o-9o-caso-em-salvador-no-ano\/#breadcrumb"},"inLanguage":"pt-PT","potentialAction":[{"@type":"ReadAction","target":["https:\/\/brasilnoticias.org\/site\/corpo-de-homem-e-encontrado-dentro-de-saco-no-bairro-da-caixa-dagua-ja-e-o-9o-caso-em-salvador-no-ano\/"]}]},{"@type":"ImageObject","inLanguage":"pt-PT","@id":"https:\/\/brasilnoticias.org\/site\/corpo-de-homem-e-encontrado-dentro-de-saco-no-bairro-da-caixa-dagua-ja-e-o-9o-caso-em-salvador-no-ano\/#primaryimage","url":"https:\/\/brasilnoticias.org\/site\/wp-content\/uploads\/2023\/10\/whatsapp-image-2023-10-12-at-11.20.23-740x470-1.jpg","contentUrl":"https:\/\/brasilnoticias.org\/site\/wp-content\/uploads\/2023\/10\/whatsapp-image-2023-10-12-at-11.20.23-740x470-1.jpg","width":740,"height":470},{"@type":"BreadcrumbList","@id":"https:\/\/brasilnoticias.org\/site\/corpo-de-homem-e-encontrado-dentro-de-saco-no-bairro-da-caixa-dagua-ja-e-o-9o-caso-em-salvador-no-ano\/#breadcrumb","itemListElement":[{"@type":"ListItem","position":1,"name":"In\u00edcio","item":"https:\/\/brasilnoticias.org\/site\/"},{"@type":"ListItem","position":2,"name":"Corpo de homem \u00e9 encontrado dentro de saco no bairro da Caixa D\u2019\u00c1gua; j\u00e1 \u00e9 o 9\u00ba caso em Salvador no ano"}]},{"@type":"WebSite","@id":"https:\/\/brasilnoticias.org\/site\/#website","url":"https:\/\/brasilnoticias.org\/site\/","name":"Brasil not\u00edcias","description":"Brasil not\u00edcias","publisher":{"@id":"https:\/\/brasilnoticias.org\/site\/#organization"},"potentialAction":[{"@type":"SearchAction","target":{"@type":"EntryPoint","urlTemplate":"https:\/\/brasilnoticias.org\/site\/?s={search_term_string}"},"query-input":{"@type":"PropertyValueSpecification","valueRequired":true,"valueName":"search_term_string"}}],"inLanguage":"pt-PT"},{"@type":"Organization","@id":"https:\/\/brasilnoticias.org\/site\/#organization","name":"Brasil not\u00edcias","url":"https:\/\/brasilnoticias.org\/site\/","logo":{"@type":"ImageObject","inLanguage":"pt-PT","@id":"https:\/\/brasilnoticias.org\/site\/#\/schema\/logo\/image\/","url":"https:\/\/brasilnoticias.org\/site\/wp-content\/uploads\/2022\/05\/cropped-brasilnoticias-mini.jpg","contentUrl":"https:\/\/brasilnoticias.org\/site\/wp-content\/uploads\/2022\/05\/cropped-brasilnoticias-mini.jpg","width":314,"height":86,"caption":"Brasil not\u00edcias"},"image":{"@id":"https:\/\/brasilnoticias.org\/site\/#\/schema\/logo\/image\/"}},{"@type":"Person","@id":"https:\/\/brasilnoticias.org\/site\/#\/schema\/person\/03bbbfe6c7634ad18c26444ea39049fa","name":"Reda\u00e7\u00e3o","image":{"@type":"ImageObject","inLanguage":"pt-PT","@id":"https:\/\/brasilnoticias.org\/site\/#\/schema\/person\/image\/","url":"https:\/\/secure.gravatar.com\/avatar\/9ecaf7327a696cb23ad926fedded5f1f04d7049de9e445375d55b48c001a6e42?s=96&d=mm&r=g","contentUrl":"https:\/\/secure.gravatar.com\/avatar\/9ecaf7327a696cb23ad926fedded5f1f04d7049de9e445375d55b48c001a6e42?s=96&d=mm&r=g","caption":"Reda\u00e7\u00e3o"},"url":"https:\/\/brasilnoticias.org\/site\/author\/henrique\/"}]}},"_links":{"self":[{"href":"https:\/\/brasilnoticias.org\/site\/wp-json\/wp\/v2\/posts\/10095","targetHints":{"allow":["GET"]}}],"collection":[{"href":"https:\/\/brasilnoticias.org\/site\/wp-json\/wp\/v2\/posts"}],"about":[{"href":"https:\/\/brasilnoticias.org\/site\/wp-json\/wp\/v2\/types\/post"}],"author":[{"embeddable":true,"href":"https:\/\/brasilnoticias.org\/site\/wp-json\/wp\/v2\/users\/4"}],"replies":[{"embeddable":true,"href":"https:\/\/brasilnoticias.org\/site\/wp-json\/wp\/v2\/comments?post=10095"}],"version-history":[{"count":1,"href":"https:\/\/brasilnoticias.org\/site\/wp-json\/wp\/v2\/posts\/10095\/revisions"}],"predecessor-version":[{"id":10097,"href":"https:\/\/brasilnoticias.org\/site\/wp-json\/wp\/v2\/posts\/10095\/revisions\/10097"}],"wp:featuredmedia":[{"embeddable":true,"href":"https:\/\/brasilnoticias.org\/site\/wp-json\/wp\/v2\/media\/10096"}],"wp:attachment":[{"href":"https:\/\/brasilnoticias.org\/site\/wp-json\/wp\/v2\/media?parent=10095"}],"wp:term":[{"taxonomy":"category","embeddable":true,"href":"https:\/\/brasilnoticias.org\/site\/wp-json\/wp\/v2\/categories?post=10095"},{"taxonomy":"post_tag","embeddable":true,"href":"https:\/\/brasilnoticias.org\/site\/wp-json\/wp\/v2\/tags?post=10095"}],"curies":[{"name":"wp","href":"https:\/\/api.w.org\/{rel}","templated":true}]}}