{"id":1012,"date":"2022-07-14T21:06:24","date_gmt":"2022-07-15T00:06:24","guid":{"rendered":"https:\/\/brasilnoticias.org\/site\/?p=1012"},"modified":"2022-07-14T21:06:24","modified_gmt":"2022-07-15T00:06:24","slug":"anestesista-preso-por-estupro-tem-clinica-de-ginecologia-com-o-pai-no-rio","status":"publish","type":"post","link":"https:\/\/brasilnoticias.org\/site\/anestesista-preso-por-estupro-tem-clinica-de-ginecologia-com-o-pai-no-rio\/","title":{"rendered":"ANESTESISTA PRESO POR ESTUPRO TEM CL\u00cdNICA DE GINECOLOGIA COM O PAI NO RIO"},"content":{"rendered":"<p>O anestesista Giovanni Quintella Bezerra, 31,\u00a0<a href=\"https:\/\/www.bnews.com.br\/noticias\/policia\/anestesista-e-preso-em-flagrante-por-estupro-de-paciente-durante-parto-cesarea.html\" target=\"_blank\" rel=\"noopener\">preso em flagrante na \u00faltima segunda (11) pelo estupro de uma gr\u00e1vida sedada durante uma cirurgia de parto<\/a>, tem uma cl\u00ednica de ginecologia junto com o pai no Rio de Janeiro.<\/p>\n<p>A empresa Femi Video Clinica Ltda. foi aberta h\u00e1 25 anos, em 1997, mas o filho s\u00f3 consta como s\u00f3cio h\u00e1 quatro anos e meio. Ela fica localizada em um pr\u00e9dio na Vila Isabel, bairro de classe m\u00e9dia e classe m\u00e9dia alta na zona norte carioca.<\/p>\n<p>Ele havia se formado em medicina meio ano antes, na Unifoa (Centro Universit\u00e1rio de Volta Redonda), mantida pela Funda\u00e7\u00e3o Oswaldo Aranha e localizada a cerca de duas horas do Rio.<\/p>\n<p>S\u00f3 concluiu a especializa\u00e7\u00e3o como anestesista, por\u00e9m, em mar\u00e7o deste ano, tirando o t\u00edtulo formalmente no m\u00eas seguinte, de acordo com a Pol\u00edcia Civil. Fazia procedimentos em diversos hospitais da capital e da Baixada Fluminense.<\/p>\n<p>Entre eles est\u00e3o os estaduais Get\u00falio Vargas, da Mulher (em S\u00e3o Jo\u00e3o de Meriti) e da M\u00e3e (em Mesquita), onde prestava servi\u00e7o havia seis meses como pessoa jur\u00eddica antes de ser preso, segundo a Secretaria de Estado de Sa\u00fade.<\/p>\n<p>Uma ex-funcion\u00e1ria administrativa do hospital onde ele foi flagrado no domingo (10) introduzindo o p\u00eanis na boca da paciente desacordada ap\u00f3s o parto, em S\u00e3o Jo\u00e3o de Meriti, descreveu uma mudan\u00e7a no comportamento de Bezerra entre abril e junho, quando trabalhou ali.<\/p>\n<p>\u00c0 reportagem ela contou que ele era uma pessoa \u201cmuito simp\u00e1tica e educada\u201d quando se conheceram. Depois de dois ou tr\u00eas plant\u00f5es, por\u00e9m, reparou que o m\u00e9dico passou a \u201centrar direto\u201d na recep\u00e7\u00e3o e ignorar os outros funcion\u00e1rios.<\/p>\n<p>A essa altura j\u00e1 havia condutas suspeitas dele relatadas no livro de ocorr\u00eancias da unidade, esp\u00e9cie de caderno de registros onde enfermeiros e equipes descrevem os acontecimentos entre as trocas de plant\u00e3o.<\/p>\n<p>Uma delas era sobre uma paciente que havia ficado sob efeito de anestesia por mais de 24 horas, situa\u00e7\u00e3o que tamb\u00e9m foi descrita por ao menos outras seis mulheres sedadas por Bezerra durante ces\u00e1reas no \u00faltimo m\u00eas.<\/p>\n<p>No livro de ocorr\u00eancia, a gente registrou as estranhezas dele, entre outras tantas [que aconteciam]. E eu li uma reclama\u00e7\u00e3o de um pai que disse que a esposa estava muito sedada ap\u00f3s a cirurgia\u201d, diz ela.<br \/>\nBezerra n\u00e3o morava pr\u00f3ximo \u00e0s unidades onde trabalhava, mas na Barra da Tijuca, bairro de classe alta na zona oeste do Rio onde tamb\u00e9m costumava frequentar uma academia.<\/p>\n<p>Ali tamb\u00e9m moram seus pais, que, segundo o jornal O Globo, t\u00eam ido diariamente ao im\u00f3vel para desocup\u00e1-lo a pedido do propriet\u00e1rio que teria ficado chocado com o crime. Tem ainda uma irm\u00e3 odontologista, que relatou nas redes sociais j\u00e1 ter sido v\u00edtima de abuso.<\/p>\n<p>\u201cN\u00e3o estou bem mas sei que vou ficar\u201d, escreveu ela. \u201cSou irm\u00e3 mas antes sou mulher. J\u00e1 fui v\u00edtima de abuso e eles n\u00e3o passar\u00e3o. Desgosto e vergonha. A \u00fanica coisa que pe\u00e7o \u00e9 que n\u00e3o propaguem o \u00f3dio\u201d, pediu ela, que n\u00e3o ter\u00e1 o nome divulgado. A reportagem n\u00e3o conseguiu fazer contato com ela.<\/p>\n<p>Quando mais novo, Bezerra estudou no Col\u00e9gio Cruzeiro, criado por imigrantes alem\u00e3es no s\u00e9culo 19. Hoje a escola tem duas unidades, uma no centro do Rio e outra em Jacarepagu\u00e1 (zona oeste).<br \/>\nEle chegou a se casar em 2018 em um castelo na Fran\u00e7a, em um \u201cdestination wedding\u201d \u2013quando os noivos escolhem celebrar a uni\u00e3o fora de sua cidade ou pa\u00eds de origem.<\/p>\n<p>Mas se separou e passou a namorar uma ginecologista obstetra do mesmo hospital onde foi preso em flagrante. O perfil dela foi deletado das redes sociais depois da repercuss\u00e3o do caso, assim como o dele.<br \/>\nDezenas de contas fake com o nome do m\u00e9dico j\u00e1 foram criadas. Uma delas diz que \u201cesse Instagram foi feito para expor\u201d o anestesista, j\u00e1 outra se descreve como \u201cf\u00e3 clube do melhor m\u00e9dico do Brasil\u201d.<\/p>\n<p>A reportagem n\u00e3o conseguiu contato com a defesa do m\u00e9dico, que ficou em sil\u00eancio durante seu depoimento \u00e0 pol\u00edcia. O jornal Folha de S.Paulo apurou que ele estava acompanhado de um advogado na audi\u00eancia de cust\u00f3dia, na ter\u00e7a (12), mas sua defesa ainda n\u00e3o se apresentou publicamente.<\/p>\n<p>No processo eletr\u00f4nico do Tribunal de Justi\u00e7a do RJ, Pedro Yunes Marones de Gusm\u00e3o aparece como seu advogado. A reportagem ligou para seu escrit\u00f3rio, mas n\u00e3o obteve retorno.<\/p>\n<p>&nbsp;<\/p>\n<p>&nbsp;<\/p>\n<p>&nbsp;<\/p>\n<p>Bnews<\/p>\n","protected":false},"excerpt":{"rendered":"<p>O anestesista Giovanni Quintella Bezerra, 31,\u00a0preso em flagrante na \u00faltima segunda (11) pelo estupro de uma gr\u00e1vida sedada durante uma<\/p>\n","protected":false},"author":2,"featured_media":1013,"comment_status":"open","ping_status":"open","sticky":false,"template":"","format":"standard","meta":{"colormag_page_container_layout":"default_layout","colormag_page_sidebar_layout":"default_layout","_FSMCFIC_featured_image_caption":"","_FSMCFIC_featured_image_nocaption":"","_FSMCFIC_featured_image_hide":"","footnotes":""},"categories":[3,1],"tags":[],"class_list":["post-1012","post","type-post","status-publish","format-standard","has-post-thumbnail","hentry","category-policia","category-ultimas"],"yoast_head":"<!-- This site is optimized with the Yoast SEO plugin v27.1.1 - https:\/\/yoast.com\/product\/yoast-seo-wordpress\/ -->\n<title>ANESTESISTA PRESO POR ESTUPRO TEM CL\u00cdNICA DE GINECOLOGIA COM O PAI NO RIO - Brasil not\u00edcias<\/title>\n<meta name=\"robots\" content=\"index, follow, max-snippet:-1, max-image-preview:large, max-video-preview:-1\" \/>\n<link rel=\"canonical\" href=\"https:\/\/brasilnoticias.org\/site\/anestesista-preso-por-estupro-tem-clinica-de-ginecologia-com-o-pai-no-rio\/\" \/>\n<meta property=\"og:locale\" content=\"pt_PT\" \/>\n<meta property=\"og:type\" content=\"article\" \/>\n<meta property=\"og:title\" content=\"ANESTESISTA PRESO POR ESTUPRO TEM CL\u00cdNICA DE GINECOLOGIA COM O PAI NO RIO - Brasil not\u00edcias\" \/>\n<meta property=\"og:description\" content=\"O anestesista Giovanni Quintella Bezerra, 31,\u00a0preso em flagrante na \u00faltima segunda (11) pelo estupro de uma gr\u00e1vida sedada durante uma\" \/>\n<meta property=\"og:url\" content=\"https:\/\/brasilnoticias.org\/site\/anestesista-preso-por-estupro-tem-clinica-de-ginecologia-com-o-pai-no-rio\/\" \/>\n<meta property=\"og:site_name\" content=\"Brasil not\u00edcias\" \/>\n<meta property=\"article:published_time\" content=\"2022-07-15T00:06:24+00:00\" \/>\n<meta property=\"og:image\" content=\"https:\/\/brasilnoticias.org\/site\/wp-content\/uploads\/2022\/07\/anestesista-preso_widelg.jpg\" \/>\n\t<meta property=\"og:image:width\" content=\"800\" \/>\n\t<meta property=\"og:image:height\" content=\"450\" \/>\n\t<meta property=\"og:image:type\" content=\"image\/jpeg\" \/>\n<meta name=\"author\" content=\"Reda\u00e7\u00e3o\" \/>\n<meta name=\"twitter:card\" content=\"summary_large_image\" \/>\n<meta name=\"twitter:label1\" content=\"Escrito por\" \/>\n\t<meta name=\"twitter:data1\" content=\"Reda\u00e7\u00e3o\" \/>\n\t<meta name=\"twitter:label2\" content=\"Tempo estimado de leitura\" \/>\n\t<meta name=\"twitter:data2\" content=\"4 minutos\" \/>\n<script type=\"application\/ld+json\" class=\"yoast-schema-graph\">{\"@context\":\"https:\/\/schema.org\",\"@graph\":[{\"@type\":\"Article\",\"@id\":\"https:\/\/brasilnoticias.org\/site\/anestesista-preso-por-estupro-tem-clinica-de-ginecologia-com-o-pai-no-rio\/#article\",\"isPartOf\":{\"@id\":\"https:\/\/brasilnoticias.org\/site\/anestesista-preso-por-estupro-tem-clinica-de-ginecologia-com-o-pai-no-rio\/\"},\"author\":{\"name\":\"Reda\u00e7\u00e3o\",\"@id\":\"https:\/\/brasilnoticias.org\/site\/#\/schema\/person\/f609fa847b5314f1c8b983342f34c798\"},\"headline\":\"ANESTESISTA PRESO POR ESTUPRO TEM CL\u00cdNICA DE GINECOLOGIA COM O PAI NO RIO\",\"datePublished\":\"2022-07-15T00:06:24+00:00\",\"mainEntityOfPage\":{\"@id\":\"https:\/\/brasilnoticias.org\/site\/anestesista-preso-por-estupro-tem-clinica-de-ginecologia-com-o-pai-no-rio\/\"},\"wordCount\":800,\"commentCount\":0,\"publisher\":{\"@id\":\"https:\/\/brasilnoticias.org\/site\/#organization\"},\"image\":{\"@id\":\"https:\/\/brasilnoticias.org\/site\/anestesista-preso-por-estupro-tem-clinica-de-ginecologia-com-o-pai-no-rio\/#primaryimage\"},\"thumbnailUrl\":\"https:\/\/brasilnoticias.org\/site\/wp-content\/uploads\/2022\/07\/anestesista-preso_widelg.jpg\",\"articleSection\":[\"Pol\u00edcia\",\"\u00daltimas\"],\"inLanguage\":\"pt-PT\",\"potentialAction\":[{\"@type\":\"CommentAction\",\"name\":\"Comment\",\"target\":[\"https:\/\/brasilnoticias.org\/site\/anestesista-preso-por-estupro-tem-clinica-de-ginecologia-com-o-pai-no-rio\/#respond\"]}]},{\"@type\":\"WebPage\",\"@id\":\"https:\/\/brasilnoticias.org\/site\/anestesista-preso-por-estupro-tem-clinica-de-ginecologia-com-o-pai-no-rio\/\",\"url\":\"https:\/\/brasilnoticias.org\/site\/anestesista-preso-por-estupro-tem-clinica-de-ginecologia-com-o-pai-no-rio\/\",\"name\":\"ANESTESISTA PRESO POR ESTUPRO TEM CL\u00cdNICA DE GINECOLOGIA COM O PAI NO RIO - Brasil not\u00edcias\",\"isPartOf\":{\"@id\":\"https:\/\/brasilnoticias.org\/site\/#website\"},\"primaryImageOfPage\":{\"@id\":\"https:\/\/brasilnoticias.org\/site\/anestesista-preso-por-estupro-tem-clinica-de-ginecologia-com-o-pai-no-rio\/#primaryimage\"},\"image\":{\"@id\":\"https:\/\/brasilnoticias.org\/site\/anestesista-preso-por-estupro-tem-clinica-de-ginecologia-com-o-pai-no-rio\/#primaryimage\"},\"thumbnailUrl\":\"https:\/\/brasilnoticias.org\/site\/wp-content\/uploads\/2022\/07\/anestesista-preso_widelg.jpg\",\"datePublished\":\"2022-07-15T00:06:24+00:00\",\"breadcrumb\":{\"@id\":\"https:\/\/brasilnoticias.org\/site\/anestesista-preso-por-estupro-tem-clinica-de-ginecologia-com-o-pai-no-rio\/#breadcrumb\"},\"inLanguage\":\"pt-PT\",\"potentialAction\":[{\"@type\":\"ReadAction\",\"target\":[\"https:\/\/brasilnoticias.org\/site\/anestesista-preso-por-estupro-tem-clinica-de-ginecologia-com-o-pai-no-rio\/\"]}]},{\"@type\":\"ImageObject\",\"inLanguage\":\"pt-PT\",\"@id\":\"https:\/\/brasilnoticias.org\/site\/anestesista-preso-por-estupro-tem-clinica-de-ginecologia-com-o-pai-no-rio\/#primaryimage\",\"url\":\"https:\/\/brasilnoticias.org\/site\/wp-content\/uploads\/2022\/07\/anestesista-preso_widelg.jpg\",\"contentUrl\":\"https:\/\/brasilnoticias.org\/site\/wp-content\/uploads\/2022\/07\/anestesista-preso_widelg.jpg\",\"width\":800,\"height\":450},{\"@type\":\"BreadcrumbList\",\"@id\":\"https:\/\/brasilnoticias.org\/site\/anestesista-preso-por-estupro-tem-clinica-de-ginecologia-com-o-pai-no-rio\/#breadcrumb\",\"itemListElement\":[{\"@type\":\"ListItem\",\"position\":1,\"name\":\"In\u00edcio\",\"item\":\"https:\/\/brasilnoticias.org\/site\/\"},{\"@type\":\"ListItem\",\"position\":2,\"name\":\"ANESTESISTA PRESO POR ESTUPRO TEM CL\u00cdNICA DE GINECOLOGIA COM O PAI NO RIO\"}]},{\"@type\":\"WebSite\",\"@id\":\"https:\/\/brasilnoticias.org\/site\/#website\",\"url\":\"https:\/\/brasilnoticias.org\/site\/\",\"name\":\"Brasil not\u00edcias\",\"description\":\"Brasil not\u00edcias\",\"publisher\":{\"@id\":\"https:\/\/brasilnoticias.org\/site\/#organization\"},\"potentialAction\":[{\"@type\":\"SearchAction\",\"target\":{\"@type\":\"EntryPoint\",\"urlTemplate\":\"https:\/\/brasilnoticias.org\/site\/?s={search_term_string}\"},\"query-input\":{\"@type\":\"PropertyValueSpecification\",\"valueRequired\":true,\"valueName\":\"search_term_string\"}}],\"inLanguage\":\"pt-PT\"},{\"@type\":\"Organization\",\"@id\":\"https:\/\/brasilnoticias.org\/site\/#organization\",\"name\":\"Brasil not\u00edcias\",\"url\":\"https:\/\/brasilnoticias.org\/site\/\",\"logo\":{\"@type\":\"ImageObject\",\"inLanguage\":\"pt-PT\",\"@id\":\"https:\/\/brasilnoticias.org\/site\/#\/schema\/logo\/image\/\",\"url\":\"https:\/\/brasilnoticias.org\/site\/wp-content\/uploads\/2022\/05\/cropped-brasilnoticias-mini.jpg\",\"contentUrl\":\"https:\/\/brasilnoticias.org\/site\/wp-content\/uploads\/2022\/05\/cropped-brasilnoticias-mini.jpg\",\"width\":314,\"height\":86,\"caption\":\"Brasil not\u00edcias\"},\"image\":{\"@id\":\"https:\/\/brasilnoticias.org\/site\/#\/schema\/logo\/image\/\"}},{\"@type\":\"Person\",\"@id\":\"https:\/\/brasilnoticias.org\/site\/#\/schema\/person\/f609fa847b5314f1c8b983342f34c798\",\"name\":\"Reda\u00e7\u00e3o\",\"image\":{\"@type\":\"ImageObject\",\"inLanguage\":\"pt-PT\",\"@id\":\"https:\/\/brasilnoticias.org\/site\/#\/schema\/person\/image\/\",\"url\":\"https:\/\/secure.gravatar.com\/avatar\/447284c06c1ad8b46465a36de9cd0d8326b73387a22799b8b1ffb1fbcff2ed0c?s=96&d=mm&r=g\",\"contentUrl\":\"https:\/\/secure.gravatar.com\/avatar\/447284c06c1ad8b46465a36de9cd0d8326b73387a22799b8b1ffb1fbcff2ed0c?s=96&d=mm&r=g\",\"caption\":\"Reda\u00e7\u00e3o\"},\"url\":\"https:\/\/brasilnoticias.org\/site\/author\/redacao\/\"}]}<\/script>\n<!-- \/ Yoast SEO plugin. -->","yoast_head_json":{"title":"ANESTESISTA PRESO POR ESTUPRO TEM CL\u00cdNICA DE GINECOLOGIA COM O PAI NO RIO - Brasil not\u00edcias","robots":{"index":"index","follow":"follow","max-snippet":"max-snippet:-1","max-image-preview":"max-image-preview:large","max-video-preview":"max-video-preview:-1"},"canonical":"https:\/\/brasilnoticias.org\/site\/anestesista-preso-por-estupro-tem-clinica-de-ginecologia-com-o-pai-no-rio\/","og_locale":"pt_PT","og_type":"article","og_title":"ANESTESISTA PRESO POR ESTUPRO TEM CL\u00cdNICA DE GINECOLOGIA COM O PAI NO RIO - Brasil not\u00edcias","og_description":"O anestesista Giovanni Quintella Bezerra, 31,\u00a0preso em flagrante na \u00faltima segunda (11) pelo estupro de uma gr\u00e1vida sedada durante uma","og_url":"https:\/\/brasilnoticias.org\/site\/anestesista-preso-por-estupro-tem-clinica-de-ginecologia-com-o-pai-no-rio\/","og_site_name":"Brasil not\u00edcias","article_published_time":"2022-07-15T00:06:24+00:00","og_image":[{"width":800,"height":450,"url":"https:\/\/brasilnoticias.org\/site\/wp-content\/uploads\/2022\/07\/anestesista-preso_widelg.jpg","type":"image\/jpeg"}],"author":"Reda\u00e7\u00e3o","twitter_card":"summary_large_image","twitter_misc":{"Escrito por":"Reda\u00e7\u00e3o","Tempo estimado de leitura":"4 minutos"},"schema":{"@context":"https:\/\/schema.org","@graph":[{"@type":"Article","@id":"https:\/\/brasilnoticias.org\/site\/anestesista-preso-por-estupro-tem-clinica-de-ginecologia-com-o-pai-no-rio\/#article","isPartOf":{"@id":"https:\/\/brasilnoticias.org\/site\/anestesista-preso-por-estupro-tem-clinica-de-ginecologia-com-o-pai-no-rio\/"},"author":{"name":"Reda\u00e7\u00e3o","@id":"https:\/\/brasilnoticias.org\/site\/#\/schema\/person\/f609fa847b5314f1c8b983342f34c798"},"headline":"ANESTESISTA PRESO POR ESTUPRO TEM CL\u00cdNICA DE GINECOLOGIA COM O PAI NO RIO","datePublished":"2022-07-15T00:06:24+00:00","mainEntityOfPage":{"@id":"https:\/\/brasilnoticias.org\/site\/anestesista-preso-por-estupro-tem-clinica-de-ginecologia-com-o-pai-no-rio\/"},"wordCount":800,"commentCount":0,"publisher":{"@id":"https:\/\/brasilnoticias.org\/site\/#organization"},"image":{"@id":"https:\/\/brasilnoticias.org\/site\/anestesista-preso-por-estupro-tem-clinica-de-ginecologia-com-o-pai-no-rio\/#primaryimage"},"thumbnailUrl":"https:\/\/brasilnoticias.org\/site\/wp-content\/uploads\/2022\/07\/anestesista-preso_widelg.jpg","articleSection":["Pol\u00edcia","\u00daltimas"],"inLanguage":"pt-PT","potentialAction":[{"@type":"CommentAction","name":"Comment","target":["https:\/\/brasilnoticias.org\/site\/anestesista-preso-por-estupro-tem-clinica-de-ginecologia-com-o-pai-no-rio\/#respond"]}]},{"@type":"WebPage","@id":"https:\/\/brasilnoticias.org\/site\/anestesista-preso-por-estupro-tem-clinica-de-ginecologia-com-o-pai-no-rio\/","url":"https:\/\/brasilnoticias.org\/site\/anestesista-preso-por-estupro-tem-clinica-de-ginecologia-com-o-pai-no-rio\/","name":"ANESTESISTA PRESO POR ESTUPRO TEM CL\u00cdNICA DE GINECOLOGIA COM O PAI NO RIO - Brasil not\u00edcias","isPartOf":{"@id":"https:\/\/brasilnoticias.org\/site\/#website"},"primaryImageOfPage":{"@id":"https:\/\/brasilnoticias.org\/site\/anestesista-preso-por-estupro-tem-clinica-de-ginecologia-com-o-pai-no-rio\/#primaryimage"},"image":{"@id":"https:\/\/brasilnoticias.org\/site\/anestesista-preso-por-estupro-tem-clinica-de-ginecologia-com-o-pai-no-rio\/#primaryimage"},"thumbnailUrl":"https:\/\/brasilnoticias.org\/site\/wp-content\/uploads\/2022\/07\/anestesista-preso_widelg.jpg","datePublished":"2022-07-15T00:06:24+00:00","breadcrumb":{"@id":"https:\/\/brasilnoticias.org\/site\/anestesista-preso-por-estupro-tem-clinica-de-ginecologia-com-o-pai-no-rio\/#breadcrumb"},"inLanguage":"pt-PT","potentialAction":[{"@type":"ReadAction","target":["https:\/\/brasilnoticias.org\/site\/anestesista-preso-por-estupro-tem-clinica-de-ginecologia-com-o-pai-no-rio\/"]}]},{"@type":"ImageObject","inLanguage":"pt-PT","@id":"https:\/\/brasilnoticias.org\/site\/anestesista-preso-por-estupro-tem-clinica-de-ginecologia-com-o-pai-no-rio\/#primaryimage","url":"https:\/\/brasilnoticias.org\/site\/wp-content\/uploads\/2022\/07\/anestesista-preso_widelg.jpg","contentUrl":"https:\/\/brasilnoticias.org\/site\/wp-content\/uploads\/2022\/07\/anestesista-preso_widelg.jpg","width":800,"height":450},{"@type":"BreadcrumbList","@id":"https:\/\/brasilnoticias.org\/site\/anestesista-preso-por-estupro-tem-clinica-de-ginecologia-com-o-pai-no-rio\/#breadcrumb","itemListElement":[{"@type":"ListItem","position":1,"name":"In\u00edcio","item":"https:\/\/brasilnoticias.org\/site\/"},{"@type":"ListItem","position":2,"name":"ANESTESISTA PRESO POR ESTUPRO TEM CL\u00cdNICA DE GINECOLOGIA COM O PAI NO RIO"}]},{"@type":"WebSite","@id":"https:\/\/brasilnoticias.org\/site\/#website","url":"https:\/\/brasilnoticias.org\/site\/","name":"Brasil not\u00edcias","description":"Brasil not\u00edcias","publisher":{"@id":"https:\/\/brasilnoticias.org\/site\/#organization"},"potentialAction":[{"@type":"SearchAction","target":{"@type":"EntryPoint","urlTemplate":"https:\/\/brasilnoticias.org\/site\/?s={search_term_string}"},"query-input":{"@type":"PropertyValueSpecification","valueRequired":true,"valueName":"search_term_string"}}],"inLanguage":"pt-PT"},{"@type":"Organization","@id":"https:\/\/brasilnoticias.org\/site\/#organization","name":"Brasil not\u00edcias","url":"https:\/\/brasilnoticias.org\/site\/","logo":{"@type":"ImageObject","inLanguage":"pt-PT","@id":"https:\/\/brasilnoticias.org\/site\/#\/schema\/logo\/image\/","url":"https:\/\/brasilnoticias.org\/site\/wp-content\/uploads\/2022\/05\/cropped-brasilnoticias-mini.jpg","contentUrl":"https:\/\/brasilnoticias.org\/site\/wp-content\/uploads\/2022\/05\/cropped-brasilnoticias-mini.jpg","width":314,"height":86,"caption":"Brasil not\u00edcias"},"image":{"@id":"https:\/\/brasilnoticias.org\/site\/#\/schema\/logo\/image\/"}},{"@type":"Person","@id":"https:\/\/brasilnoticias.org\/site\/#\/schema\/person\/f609fa847b5314f1c8b983342f34c798","name":"Reda\u00e7\u00e3o","image":{"@type":"ImageObject","inLanguage":"pt-PT","@id":"https:\/\/brasilnoticias.org\/site\/#\/schema\/person\/image\/","url":"https:\/\/secure.gravatar.com\/avatar\/447284c06c1ad8b46465a36de9cd0d8326b73387a22799b8b1ffb1fbcff2ed0c?s=96&d=mm&r=g","contentUrl":"https:\/\/secure.gravatar.com\/avatar\/447284c06c1ad8b46465a36de9cd0d8326b73387a22799b8b1ffb1fbcff2ed0c?s=96&d=mm&r=g","caption":"Reda\u00e7\u00e3o"},"url":"https:\/\/brasilnoticias.org\/site\/author\/redacao\/"}]}},"_links":{"self":[{"href":"https:\/\/brasilnoticias.org\/site\/wp-json\/wp\/v2\/posts\/1012","targetHints":{"allow":["GET"]}}],"collection":[{"href":"https:\/\/brasilnoticias.org\/site\/wp-json\/wp\/v2\/posts"}],"about":[{"href":"https:\/\/brasilnoticias.org\/site\/wp-json\/wp\/v2\/types\/post"}],"author":[{"embeddable":true,"href":"https:\/\/brasilnoticias.org\/site\/wp-json\/wp\/v2\/users\/2"}],"replies":[{"embeddable":true,"href":"https:\/\/brasilnoticias.org\/site\/wp-json\/wp\/v2\/comments?post=1012"}],"version-history":[{"count":1,"href":"https:\/\/brasilnoticias.org\/site\/wp-json\/wp\/v2\/posts\/1012\/revisions"}],"predecessor-version":[{"id":1014,"href":"https:\/\/brasilnoticias.org\/site\/wp-json\/wp\/v2\/posts\/1012\/revisions\/1014"}],"wp:featuredmedia":[{"embeddable":true,"href":"https:\/\/brasilnoticias.org\/site\/wp-json\/wp\/v2\/media\/1013"}],"wp:attachment":[{"href":"https:\/\/brasilnoticias.org\/site\/wp-json\/wp\/v2\/media?parent=1012"}],"wp:term":[{"taxonomy":"category","embeddable":true,"href":"https:\/\/brasilnoticias.org\/site\/wp-json\/wp\/v2\/categories?post=1012"},{"taxonomy":"post_tag","embeddable":true,"href":"https:\/\/brasilnoticias.org\/site\/wp-json\/wp\/v2\/tags?post=1012"}],"curies":[{"name":"wp","href":"https:\/\/api.w.org\/{rel}","templated":true}]}}