{"id":10122,"date":"2023-10-14T14:24:22","date_gmt":"2023-10-14T17:24:22","guid":{"rendered":"https:\/\/brasilnoticias.org\/site\/?p=10122"},"modified":"2023-10-14T14:24:22","modified_gmt":"2023-10-14T17:24:22","slug":"idoso-morre-e-6-pessoas-ficam-feridas-apos-acidente-perto-de-luis-eduardo-magalhaes","status":"publish","type":"post","link":"https:\/\/brasilnoticias.org\/site\/idoso-morre-e-6-pessoas-ficam-feridas-apos-acidente-perto-de-luis-eduardo-magalhaes\/","title":{"rendered":"Idoso morre e 6 pessoas ficam feridas ap\u00f3s acidente perto de Lu\u00eds Eduardo Magalh\u00e3es"},"content":{"rendered":"<p>O acidente teve in\u00edcio quando um ve\u00edculo tentou fazer uma convers\u00e3o \u00e0 esquerda da via e outro carro, que vinha na dire\u00e7\u00e3o contr\u00e1ria, precisou desviar para evitar uma colis\u00e3o frontal<\/p>\n<p>Um idoso de 66 anos morreu nesta sexta-feira (13) em um acidente entre tr\u00eas carros na BR-242, pr\u00f3ximo a Lu\u00eds Eduardo Magalh\u00e3es, na regi\u00e3o oeste da Bahia. Outras seis pessoas que estavam nos ve\u00edculos sofreram ferimentos leves, entre elas um beb\u00ea de cinco meses, de acordo com a Pol\u00edcia Rodovi\u00e1ria Federal (PRF).<\/p>\n<p>O acidente teve in\u00edcio quando um ve\u00edculo tentou fazer uma convers\u00e3o \u00e0 esquerda da via e outro carro, que vinha na dire\u00e7\u00e3o contr\u00e1ria, precisou desviar para evitar uma colis\u00e3o frontal.<\/p>\n<p>De acordo com o G1, no momento em que desviava para evitar a batida, um pneu do segundo ve\u00edculo estourou e provocou o capotamento do autom\u00f3vel. Todas as v\u00edtimas feridas foram socorridas pelo Servi\u00e7o de Atendimento M\u00f3vel de Urg\u00eancia (Samu) e encaminhadas para uma Unidade de Pronto Atendimento (UPA) de Lu\u00eds Eduardo Magalh\u00e3es.<\/p>\n<p>Foto: Reprodu\u00e7\u00e3o<br \/>\nAratu On<\/p>\n","protected":false},"excerpt":{"rendered":"<p>O acidente teve in\u00edcio quando um ve\u00edculo tentou fazer uma convers\u00e3o \u00e0 esquerda da via e outro carro, que vinha<\/p>\n","protected":false},"author":4,"featured_media":10123,"comment_status":"open","ping_status":"open","sticky":false,"template":"","format":"standard","meta":{"colormag_page_container_layout":"default_layout","colormag_page_sidebar_layout":"default_layout","_FSMCFIC_featured_image_caption":"","_FSMCFIC_featured_image_nocaption":"","_FSMCFIC_featured_image_hide":"","footnotes":""},"categories":[2,1],"tags":[],"class_list":["post-10122","post","type-post","status-publish","format-standard","has-post-thumbnail","hentry","category-noticias","category-ultimas"],"yoast_head":"<!-- This site is optimized with the Yoast SEO plugin v27.1.1 - https:\/\/yoast.com\/product\/yoast-seo-wordpress\/ -->\n<title>Idoso morre e 6 pessoas ficam feridas ap\u00f3s acidente perto de Lu\u00eds Eduardo Magalh\u00e3es - Brasil not\u00edcias<\/title>\n<meta name=\"robots\" content=\"index, follow, max-snippet:-1, max-image-preview:large, max-video-preview:-1\" \/>\n<link rel=\"canonical\" href=\"https:\/\/brasilnoticias.org\/site\/idoso-morre-e-6-pessoas-ficam-feridas-apos-acidente-perto-de-luis-eduardo-magalhaes\/\" \/>\n<meta property=\"og:locale\" content=\"pt_PT\" \/>\n<meta property=\"og:type\" content=\"article\" \/>\n<meta property=\"og:title\" content=\"Idoso morre e 6 pessoas ficam feridas ap\u00f3s acidente perto de Lu\u00eds Eduardo Magalh\u00e3es - Brasil not\u00edcias\" \/>\n<meta property=\"og:description\" content=\"O acidente teve in\u00edcio quando um ve\u00edculo tentou fazer uma convers\u00e3o \u00e0 esquerda da via e outro carro, que vinha\" \/>\n<meta property=\"og:url\" content=\"https:\/\/brasilnoticias.org\/site\/idoso-morre-e-6-pessoas-ficam-feridas-apos-acidente-perto-de-luis-eduardo-magalhaes\/\" \/>\n<meta property=\"og:site_name\" content=\"Brasil not\u00edcias\" \/>\n<meta property=\"article:published_time\" content=\"2023-10-14T17:24:22+00:00\" \/>\n<meta property=\"og:image\" content=\"https:\/\/brasilnoticias.org\/site\/wp-content\/uploads\/2023\/10\/cats-36.jpg\" \/>\n\t<meta property=\"og:image:width\" content=\"712\" \/>\n\t<meta property=\"og:image:height\" content=\"524\" \/>\n\t<meta property=\"og:image:type\" content=\"image\/jpeg\" \/>\n<meta name=\"author\" content=\"Reda\u00e7\u00e3o\" \/>\n<meta name=\"twitter:card\" content=\"summary_large_image\" \/>\n<meta name=\"twitter:label1\" content=\"Escrito por\" \/>\n\t<meta name=\"twitter:data1\" content=\"Reda\u00e7\u00e3o\" \/>\n<script type=\"application\/ld+json\" class=\"yoast-schema-graph\">{\"@context\":\"https:\/\/schema.org\",\"@graph\":[{\"@type\":\"Article\",\"@id\":\"https:\/\/brasilnoticias.org\/site\/idoso-morre-e-6-pessoas-ficam-feridas-apos-acidente-perto-de-luis-eduardo-magalhaes\/#article\",\"isPartOf\":{\"@id\":\"https:\/\/brasilnoticias.org\/site\/idoso-morre-e-6-pessoas-ficam-feridas-apos-acidente-perto-de-luis-eduardo-magalhaes\/\"},\"author\":{\"name\":\"Reda\u00e7\u00e3o\",\"@id\":\"https:\/\/brasilnoticias.org\/site\/#\/schema\/person\/03bbbfe6c7634ad18c26444ea39049fa\"},\"headline\":\"Idoso morre e 6 pessoas ficam feridas ap\u00f3s acidente perto de Lu\u00eds Eduardo Magalh\u00e3es\",\"datePublished\":\"2023-10-14T17:24:22+00:00\",\"mainEntityOfPage\":{\"@id\":\"https:\/\/brasilnoticias.org\/site\/idoso-morre-e-6-pessoas-ficam-feridas-apos-acidente-perto-de-luis-eduardo-magalhaes\/\"},\"wordCount\":210,\"commentCount\":0,\"publisher\":{\"@id\":\"https:\/\/brasilnoticias.org\/site\/#organization\"},\"image\":{\"@id\":\"https:\/\/brasilnoticias.org\/site\/idoso-morre-e-6-pessoas-ficam-feridas-apos-acidente-perto-de-luis-eduardo-magalhaes\/#primaryimage\"},\"thumbnailUrl\":\"https:\/\/brasilnoticias.org\/site\/wp-content\/uploads\/2023\/10\/cats-36.jpg\",\"articleSection\":[\"Not\u00edcias\",\"\u00daltimas\"],\"inLanguage\":\"pt-PT\",\"potentialAction\":[{\"@type\":\"CommentAction\",\"name\":\"Comment\",\"target\":[\"https:\/\/brasilnoticias.org\/site\/idoso-morre-e-6-pessoas-ficam-feridas-apos-acidente-perto-de-luis-eduardo-magalhaes\/#respond\"]}]},{\"@type\":\"WebPage\",\"@id\":\"https:\/\/brasilnoticias.org\/site\/idoso-morre-e-6-pessoas-ficam-feridas-apos-acidente-perto-de-luis-eduardo-magalhaes\/\",\"url\":\"https:\/\/brasilnoticias.org\/site\/idoso-morre-e-6-pessoas-ficam-feridas-apos-acidente-perto-de-luis-eduardo-magalhaes\/\",\"name\":\"Idoso morre e 6 pessoas ficam feridas ap\u00f3s acidente perto de Lu\u00eds Eduardo Magalh\u00e3es - Brasil not\u00edcias\",\"isPartOf\":{\"@id\":\"https:\/\/brasilnoticias.org\/site\/#website\"},\"primaryImageOfPage\":{\"@id\":\"https:\/\/brasilnoticias.org\/site\/idoso-morre-e-6-pessoas-ficam-feridas-apos-acidente-perto-de-luis-eduardo-magalhaes\/#primaryimage\"},\"image\":{\"@id\":\"https:\/\/brasilnoticias.org\/site\/idoso-morre-e-6-pessoas-ficam-feridas-apos-acidente-perto-de-luis-eduardo-magalhaes\/#primaryimage\"},\"thumbnailUrl\":\"https:\/\/brasilnoticias.org\/site\/wp-content\/uploads\/2023\/10\/cats-36.jpg\",\"datePublished\":\"2023-10-14T17:24:22+00:00\",\"breadcrumb\":{\"@id\":\"https:\/\/brasilnoticias.org\/site\/idoso-morre-e-6-pessoas-ficam-feridas-apos-acidente-perto-de-luis-eduardo-magalhaes\/#breadcrumb\"},\"inLanguage\":\"pt-PT\",\"potentialAction\":[{\"@type\":\"ReadAction\",\"target\":[\"https:\/\/brasilnoticias.org\/site\/idoso-morre-e-6-pessoas-ficam-feridas-apos-acidente-perto-de-luis-eduardo-magalhaes\/\"]}]},{\"@type\":\"ImageObject\",\"inLanguage\":\"pt-PT\",\"@id\":\"https:\/\/brasilnoticias.org\/site\/idoso-morre-e-6-pessoas-ficam-feridas-apos-acidente-perto-de-luis-eduardo-magalhaes\/#primaryimage\",\"url\":\"https:\/\/brasilnoticias.org\/site\/wp-content\/uploads\/2023\/10\/cats-36.jpg\",\"contentUrl\":\"https:\/\/brasilnoticias.org\/site\/wp-content\/uploads\/2023\/10\/cats-36.jpg\",\"width\":712,\"height\":524},{\"@type\":\"BreadcrumbList\",\"@id\":\"https:\/\/brasilnoticias.org\/site\/idoso-morre-e-6-pessoas-ficam-feridas-apos-acidente-perto-de-luis-eduardo-magalhaes\/#breadcrumb\",\"itemListElement\":[{\"@type\":\"ListItem\",\"position\":1,\"name\":\"In\u00edcio\",\"item\":\"https:\/\/brasilnoticias.org\/site\/\"},{\"@type\":\"ListItem\",\"position\":2,\"name\":\"Idoso morre e 6 pessoas ficam feridas ap\u00f3s acidente perto de Lu\u00eds Eduardo Magalh\u00e3es\"}]},{\"@type\":\"WebSite\",\"@id\":\"https:\/\/brasilnoticias.org\/site\/#website\",\"url\":\"https:\/\/brasilnoticias.org\/site\/\",\"name\":\"Brasil not\u00edcias\",\"description\":\"Brasil not\u00edcias\",\"publisher\":{\"@id\":\"https:\/\/brasilnoticias.org\/site\/#organization\"},\"potentialAction\":[{\"@type\":\"SearchAction\",\"target\":{\"@type\":\"EntryPoint\",\"urlTemplate\":\"https:\/\/brasilnoticias.org\/site\/?s={search_term_string}\"},\"query-input\":{\"@type\":\"PropertyValueSpecification\",\"valueRequired\":true,\"valueName\":\"search_term_string\"}}],\"inLanguage\":\"pt-PT\"},{\"@type\":\"Organization\",\"@id\":\"https:\/\/brasilnoticias.org\/site\/#organization\",\"name\":\"Brasil not\u00edcias\",\"url\":\"https:\/\/brasilnoticias.org\/site\/\",\"logo\":{\"@type\":\"ImageObject\",\"inLanguage\":\"pt-PT\",\"@id\":\"https:\/\/brasilnoticias.org\/site\/#\/schema\/logo\/image\/\",\"url\":\"https:\/\/brasilnoticias.org\/site\/wp-content\/uploads\/2022\/05\/cropped-brasilnoticias-mini.jpg\",\"contentUrl\":\"https:\/\/brasilnoticias.org\/site\/wp-content\/uploads\/2022\/05\/cropped-brasilnoticias-mini.jpg\",\"width\":314,\"height\":86,\"caption\":\"Brasil not\u00edcias\"},\"image\":{\"@id\":\"https:\/\/brasilnoticias.org\/site\/#\/schema\/logo\/image\/\"}},{\"@type\":\"Person\",\"@id\":\"https:\/\/brasilnoticias.org\/site\/#\/schema\/person\/03bbbfe6c7634ad18c26444ea39049fa\",\"name\":\"Reda\u00e7\u00e3o\",\"image\":{\"@type\":\"ImageObject\",\"inLanguage\":\"pt-PT\",\"@id\":\"https:\/\/brasilnoticias.org\/site\/#\/schema\/person\/image\/\",\"url\":\"https:\/\/secure.gravatar.com\/avatar\/9ecaf7327a696cb23ad926fedded5f1f04d7049de9e445375d55b48c001a6e42?s=96&d=mm&r=g\",\"contentUrl\":\"https:\/\/secure.gravatar.com\/avatar\/9ecaf7327a696cb23ad926fedded5f1f04d7049de9e445375d55b48c001a6e42?s=96&d=mm&r=g\",\"caption\":\"Reda\u00e7\u00e3o\"},\"url\":\"https:\/\/brasilnoticias.org\/site\/author\/henrique\/\"}]}<\/script>\n<!-- \/ Yoast SEO plugin. -->","yoast_head_json":{"title":"Idoso morre e 6 pessoas ficam feridas ap\u00f3s acidente perto de Lu\u00eds Eduardo Magalh\u00e3es - Brasil not\u00edcias","robots":{"index":"index","follow":"follow","max-snippet":"max-snippet:-1","max-image-preview":"max-image-preview:large","max-video-preview":"max-video-preview:-1"},"canonical":"https:\/\/brasilnoticias.org\/site\/idoso-morre-e-6-pessoas-ficam-feridas-apos-acidente-perto-de-luis-eduardo-magalhaes\/","og_locale":"pt_PT","og_type":"article","og_title":"Idoso morre e 6 pessoas ficam feridas ap\u00f3s acidente perto de Lu\u00eds Eduardo Magalh\u00e3es - Brasil not\u00edcias","og_description":"O acidente teve in\u00edcio quando um ve\u00edculo tentou fazer uma convers\u00e3o \u00e0 esquerda da via e outro carro, que vinha","og_url":"https:\/\/brasilnoticias.org\/site\/idoso-morre-e-6-pessoas-ficam-feridas-apos-acidente-perto-de-luis-eduardo-magalhaes\/","og_site_name":"Brasil not\u00edcias","article_published_time":"2023-10-14T17:24:22+00:00","og_image":[{"width":712,"height":524,"url":"https:\/\/brasilnoticias.org\/site\/wp-content\/uploads\/2023\/10\/cats-36.jpg","type":"image\/jpeg"}],"author":"Reda\u00e7\u00e3o","twitter_card":"summary_large_image","twitter_misc":{"Escrito por":"Reda\u00e7\u00e3o"},"schema":{"@context":"https:\/\/schema.org","@graph":[{"@type":"Article","@id":"https:\/\/brasilnoticias.org\/site\/idoso-morre-e-6-pessoas-ficam-feridas-apos-acidente-perto-de-luis-eduardo-magalhaes\/#article","isPartOf":{"@id":"https:\/\/brasilnoticias.org\/site\/idoso-morre-e-6-pessoas-ficam-feridas-apos-acidente-perto-de-luis-eduardo-magalhaes\/"},"author":{"name":"Reda\u00e7\u00e3o","@id":"https:\/\/brasilnoticias.org\/site\/#\/schema\/person\/03bbbfe6c7634ad18c26444ea39049fa"},"headline":"Idoso morre e 6 pessoas ficam feridas ap\u00f3s acidente perto de Lu\u00eds Eduardo Magalh\u00e3es","datePublished":"2023-10-14T17:24:22+00:00","mainEntityOfPage":{"@id":"https:\/\/brasilnoticias.org\/site\/idoso-morre-e-6-pessoas-ficam-feridas-apos-acidente-perto-de-luis-eduardo-magalhaes\/"},"wordCount":210,"commentCount":0,"publisher":{"@id":"https:\/\/brasilnoticias.org\/site\/#organization"},"image":{"@id":"https:\/\/brasilnoticias.org\/site\/idoso-morre-e-6-pessoas-ficam-feridas-apos-acidente-perto-de-luis-eduardo-magalhaes\/#primaryimage"},"thumbnailUrl":"https:\/\/brasilnoticias.org\/site\/wp-content\/uploads\/2023\/10\/cats-36.jpg","articleSection":["Not\u00edcias","\u00daltimas"],"inLanguage":"pt-PT","potentialAction":[{"@type":"CommentAction","name":"Comment","target":["https:\/\/brasilnoticias.org\/site\/idoso-morre-e-6-pessoas-ficam-feridas-apos-acidente-perto-de-luis-eduardo-magalhaes\/#respond"]}]},{"@type":"WebPage","@id":"https:\/\/brasilnoticias.org\/site\/idoso-morre-e-6-pessoas-ficam-feridas-apos-acidente-perto-de-luis-eduardo-magalhaes\/","url":"https:\/\/brasilnoticias.org\/site\/idoso-morre-e-6-pessoas-ficam-feridas-apos-acidente-perto-de-luis-eduardo-magalhaes\/","name":"Idoso morre e 6 pessoas ficam feridas ap\u00f3s acidente perto de Lu\u00eds Eduardo Magalh\u00e3es - Brasil not\u00edcias","isPartOf":{"@id":"https:\/\/brasilnoticias.org\/site\/#website"},"primaryImageOfPage":{"@id":"https:\/\/brasilnoticias.org\/site\/idoso-morre-e-6-pessoas-ficam-feridas-apos-acidente-perto-de-luis-eduardo-magalhaes\/#primaryimage"},"image":{"@id":"https:\/\/brasilnoticias.org\/site\/idoso-morre-e-6-pessoas-ficam-feridas-apos-acidente-perto-de-luis-eduardo-magalhaes\/#primaryimage"},"thumbnailUrl":"https:\/\/brasilnoticias.org\/site\/wp-content\/uploads\/2023\/10\/cats-36.jpg","datePublished":"2023-10-14T17:24:22+00:00","breadcrumb":{"@id":"https:\/\/brasilnoticias.org\/site\/idoso-morre-e-6-pessoas-ficam-feridas-apos-acidente-perto-de-luis-eduardo-magalhaes\/#breadcrumb"},"inLanguage":"pt-PT","potentialAction":[{"@type":"ReadAction","target":["https:\/\/brasilnoticias.org\/site\/idoso-morre-e-6-pessoas-ficam-feridas-apos-acidente-perto-de-luis-eduardo-magalhaes\/"]}]},{"@type":"ImageObject","inLanguage":"pt-PT","@id":"https:\/\/brasilnoticias.org\/site\/idoso-morre-e-6-pessoas-ficam-feridas-apos-acidente-perto-de-luis-eduardo-magalhaes\/#primaryimage","url":"https:\/\/brasilnoticias.org\/site\/wp-content\/uploads\/2023\/10\/cats-36.jpg","contentUrl":"https:\/\/brasilnoticias.org\/site\/wp-content\/uploads\/2023\/10\/cats-36.jpg","width":712,"height":524},{"@type":"BreadcrumbList","@id":"https:\/\/brasilnoticias.org\/site\/idoso-morre-e-6-pessoas-ficam-feridas-apos-acidente-perto-de-luis-eduardo-magalhaes\/#breadcrumb","itemListElement":[{"@type":"ListItem","position":1,"name":"In\u00edcio","item":"https:\/\/brasilnoticias.org\/site\/"},{"@type":"ListItem","position":2,"name":"Idoso morre e 6 pessoas ficam feridas ap\u00f3s acidente perto de Lu\u00eds Eduardo Magalh\u00e3es"}]},{"@type":"WebSite","@id":"https:\/\/brasilnoticias.org\/site\/#website","url":"https:\/\/brasilnoticias.org\/site\/","name":"Brasil not\u00edcias","description":"Brasil not\u00edcias","publisher":{"@id":"https:\/\/brasilnoticias.org\/site\/#organization"},"potentialAction":[{"@type":"SearchAction","target":{"@type":"EntryPoint","urlTemplate":"https:\/\/brasilnoticias.org\/site\/?s={search_term_string}"},"query-input":{"@type":"PropertyValueSpecification","valueRequired":true,"valueName":"search_term_string"}}],"inLanguage":"pt-PT"},{"@type":"Organization","@id":"https:\/\/brasilnoticias.org\/site\/#organization","name":"Brasil not\u00edcias","url":"https:\/\/brasilnoticias.org\/site\/","logo":{"@type":"ImageObject","inLanguage":"pt-PT","@id":"https:\/\/brasilnoticias.org\/site\/#\/schema\/logo\/image\/","url":"https:\/\/brasilnoticias.org\/site\/wp-content\/uploads\/2022\/05\/cropped-brasilnoticias-mini.jpg","contentUrl":"https:\/\/brasilnoticias.org\/site\/wp-content\/uploads\/2022\/05\/cropped-brasilnoticias-mini.jpg","width":314,"height":86,"caption":"Brasil not\u00edcias"},"image":{"@id":"https:\/\/brasilnoticias.org\/site\/#\/schema\/logo\/image\/"}},{"@type":"Person","@id":"https:\/\/brasilnoticias.org\/site\/#\/schema\/person\/03bbbfe6c7634ad18c26444ea39049fa","name":"Reda\u00e7\u00e3o","image":{"@type":"ImageObject","inLanguage":"pt-PT","@id":"https:\/\/brasilnoticias.org\/site\/#\/schema\/person\/image\/","url":"https:\/\/secure.gravatar.com\/avatar\/9ecaf7327a696cb23ad926fedded5f1f04d7049de9e445375d55b48c001a6e42?s=96&d=mm&r=g","contentUrl":"https:\/\/secure.gravatar.com\/avatar\/9ecaf7327a696cb23ad926fedded5f1f04d7049de9e445375d55b48c001a6e42?s=96&d=mm&r=g","caption":"Reda\u00e7\u00e3o"},"url":"https:\/\/brasilnoticias.org\/site\/author\/henrique\/"}]}},"_links":{"self":[{"href":"https:\/\/brasilnoticias.org\/site\/wp-json\/wp\/v2\/posts\/10122","targetHints":{"allow":["GET"]}}],"collection":[{"href":"https:\/\/brasilnoticias.org\/site\/wp-json\/wp\/v2\/posts"}],"about":[{"href":"https:\/\/brasilnoticias.org\/site\/wp-json\/wp\/v2\/types\/post"}],"author":[{"embeddable":true,"href":"https:\/\/brasilnoticias.org\/site\/wp-json\/wp\/v2\/users\/4"}],"replies":[{"embeddable":true,"href":"https:\/\/brasilnoticias.org\/site\/wp-json\/wp\/v2\/comments?post=10122"}],"version-history":[{"count":1,"href":"https:\/\/brasilnoticias.org\/site\/wp-json\/wp\/v2\/posts\/10122\/revisions"}],"predecessor-version":[{"id":10124,"href":"https:\/\/brasilnoticias.org\/site\/wp-json\/wp\/v2\/posts\/10122\/revisions\/10124"}],"wp:featuredmedia":[{"embeddable":true,"href":"https:\/\/brasilnoticias.org\/site\/wp-json\/wp\/v2\/media\/10123"}],"wp:attachment":[{"href":"https:\/\/brasilnoticias.org\/site\/wp-json\/wp\/v2\/media?parent=10122"}],"wp:term":[{"taxonomy":"category","embeddable":true,"href":"https:\/\/brasilnoticias.org\/site\/wp-json\/wp\/v2\/categories?post=10122"},{"taxonomy":"post_tag","embeddable":true,"href":"https:\/\/brasilnoticias.org\/site\/wp-json\/wp\/v2\/tags?post=10122"}],"curies":[{"name":"wp","href":"https:\/\/api.w.org\/{rel}","templated":true}]}}