{"id":10125,"date":"2023-10-14T14:29:19","date_gmt":"2023-10-14T17:29:19","guid":{"rendered":"https:\/\/brasilnoticias.org\/site\/?p=10125"},"modified":"2023-10-14T14:29:19","modified_gmt":"2023-10-14T17:29:19","slug":"linhas-de-onibus-terao-mudancas-a-partir-deste-sabado-14","status":"publish","type":"post","link":"https:\/\/brasilnoticias.org\/site\/linhas-de-onibus-terao-mudancas-a-partir-deste-sabado-14\/","title":{"rendered":"Linhas de \u00f4nibus ter\u00e3o mudan\u00e7as a partir deste s\u00e1bado (14)"},"content":{"rendered":"<p>A partir deste s\u00e1bado (14) algumas linhas de \u00f4nibus que circulam pelos bairros de Boa Vista de S\u00e3o Caetano, Marechal Rondon e Piraj\u00e1 sofrer\u00e3o mudan\u00e7as em fun\u00e7\u00e3o do in\u00edcio da opera\u00e7\u00e3o da nova linha do BRT, a B3, que iniciou a opera\u00e7\u00e3o no \u00faltimo dia 30 de setembro atendendo a regi\u00e3o do Caminho das \u00c1rvores e Avenida Paulo VI.<\/p>\n<p>As linhas 0345 \u2013 Boa Vista de S\u00e3o Caetano x Pituba, 0324 \u2013 Marechal Rondon x Pituba e 1508 \u2013 Piraj\u00e1 x Pituba passar\u00e3o a ter o Shopping da Bahia como ponto final, deixando de acessar o trecho atendido pela B3. Com isso, os usu\u00e1rios poder\u00e3o integrar com o BRT na esta\u00e7\u00e3o Rodovi\u00e1ria para seguir viagem. A mudan\u00e7a tem o objetivo de reduzir o percurso feito pelas linhas para que elas possam retornar ao bairro com maior agilidade.<\/p>\n<p>Com esta mudan\u00e7a, os usu\u00e1rios ter\u00e3o um ganho expressivo no n\u00famero de viagens de algumas linhas. Por exemplo, a 0324 \u2013 Marechal Rondon x Pituba, que hoje realiza 11 viagens di\u00e1rias, passar\u00e1 a ser 0325 \u2013 Marechal Rondon x Iguatemi, fazendo 86 viagens diariamente.<\/p>\n<p>Outras mudan\u00e7as<\/p>\n<p>Outras tr\u00eas linhas que tamb\u00e9m passariam por mudan\u00e7as neste s\u00e1bado ter\u00e3o as altera\u00e7\u00f5es adiadas por tempo indeterminado. A medida foi decidida em fun\u00e7\u00e3o de ajustes operacionais, de acordo com a equipe t\u00e9cnica da Secretaria Municipal de Mobilidade (Semob).<\/p>\n<p>\u201cCom o in\u00edcio da opera\u00e7\u00e3o da B3, optamos por fazer estas mudan\u00e7as de forma escalonada, buscando ajustar a opera\u00e7\u00e3o da melhor forma para o usu\u00e1rio do BRT\u201d, explicou o secret\u00e1rio da Semob, Fabrizzio Muller. Com isso, as linhas 1305 \u2013 Castelo Branco x Pituba, 1420 \u2013 Boca da Mata x Pituba e 1436 \u2013 Cajazeiras 11 x Pituba permanecer\u00e3o com seus itiner\u00e1rios inalterados.<\/p>\n<p>Foto: Bruno Concha\/ Secom<br \/>\nBahia 190<\/p>\n","protected":false},"excerpt":{"rendered":"<p>A partir deste s\u00e1bado (14) algumas linhas de \u00f4nibus que circulam pelos bairros de Boa Vista de S\u00e3o Caetano, Marechal<\/p>\n","protected":false},"author":4,"featured_media":10126,"comment_status":"open","ping_status":"open","sticky":false,"template":"","format":"standard","meta":{"colormag_page_container_layout":"default_layout","colormag_page_sidebar_layout":"default_layout","_FSMCFIC_featured_image_caption":"","_FSMCFIC_featured_image_nocaption":"","_FSMCFIC_featured_image_hide":"","footnotes":""},"categories":[2,1],"tags":[],"class_list":["post-10125","post","type-post","status-publish","format-standard","has-post-thumbnail","hentry","category-noticias","category-ultimas"],"yoast_head":"<!-- This site is optimized with the Yoast SEO plugin v27.1.1 - https:\/\/yoast.com\/product\/yoast-seo-wordpress\/ -->\n<title>Linhas de \u00f4nibus ter\u00e3o mudan\u00e7as a partir deste s\u00e1bado (14) - Brasil not\u00edcias<\/title>\n<meta name=\"robots\" content=\"index, follow, max-snippet:-1, max-image-preview:large, max-video-preview:-1\" \/>\n<link rel=\"canonical\" href=\"https:\/\/brasilnoticias.org\/site\/linhas-de-onibus-terao-mudancas-a-partir-deste-sabado-14\/\" \/>\n<meta property=\"og:locale\" content=\"pt_PT\" \/>\n<meta property=\"og:type\" content=\"article\" \/>\n<meta property=\"og:title\" content=\"Linhas de \u00f4nibus ter\u00e3o mudan\u00e7as a partir deste s\u00e1bado (14) - Brasil not\u00edcias\" \/>\n<meta property=\"og:description\" content=\"A partir deste s\u00e1bado (14) algumas linhas de \u00f4nibus que circulam pelos bairros de Boa Vista de S\u00e3o Caetano, Marechal\" \/>\n<meta property=\"og:url\" content=\"https:\/\/brasilnoticias.org\/site\/linhas-de-onibus-terao-mudancas-a-partir-deste-sabado-14\/\" \/>\n<meta property=\"og:site_name\" content=\"Brasil not\u00edcias\" \/>\n<meta property=\"article:published_time\" content=\"2023-10-14T17:29:19+00:00\" \/>\n<meta property=\"og:image\" content=\"https:\/\/brasilnoticias.org\/site\/wp-content\/uploads\/2023\/10\/WhatsApp-Image-2023-09-27-at-12.49.11.jpeg-1.webp\" \/>\n\t<meta property=\"og:image:width\" content=\"1600\" \/>\n\t<meta property=\"og:image:height\" content=\"1066\" \/>\n\t<meta property=\"og:image:type\" content=\"image\/webp\" \/>\n<meta name=\"author\" content=\"Reda\u00e7\u00e3o\" \/>\n<meta name=\"twitter:card\" content=\"summary_large_image\" \/>\n<meta name=\"twitter:label1\" content=\"Escrito por\" \/>\n\t<meta name=\"twitter:data1\" content=\"Reda\u00e7\u00e3o\" \/>\n<script type=\"application\/ld+json\" class=\"yoast-schema-graph\">{\"@context\":\"https:\/\/schema.org\",\"@graph\":[{\"@type\":\"Article\",\"@id\":\"https:\/\/brasilnoticias.org\/site\/linhas-de-onibus-terao-mudancas-a-partir-deste-sabado-14\/#article\",\"isPartOf\":{\"@id\":\"https:\/\/brasilnoticias.org\/site\/linhas-de-onibus-terao-mudancas-a-partir-deste-sabado-14\/\"},\"author\":{\"name\":\"Reda\u00e7\u00e3o\",\"@id\":\"https:\/\/brasilnoticias.org\/site\/#\/schema\/person\/03bbbfe6c7634ad18c26444ea39049fa\"},\"headline\":\"Linhas de \u00f4nibus ter\u00e3o mudan\u00e7as a partir deste s\u00e1bado (14)\",\"datePublished\":\"2023-10-14T17:29:19+00:00\",\"mainEntityOfPage\":{\"@id\":\"https:\/\/brasilnoticias.org\/site\/linhas-de-onibus-terao-mudancas-a-partir-deste-sabado-14\/\"},\"wordCount\":318,\"commentCount\":0,\"publisher\":{\"@id\":\"https:\/\/brasilnoticias.org\/site\/#organization\"},\"image\":{\"@id\":\"https:\/\/brasilnoticias.org\/site\/linhas-de-onibus-terao-mudancas-a-partir-deste-sabado-14\/#primaryimage\"},\"thumbnailUrl\":\"https:\/\/brasilnoticias.org\/site\/wp-content\/uploads\/2023\/10\/WhatsApp-Image-2023-09-27-at-12.49.11.jpeg-1.webp\",\"articleSection\":[\"Not\u00edcias\",\"\u00daltimas\"],\"inLanguage\":\"pt-PT\",\"potentialAction\":[{\"@type\":\"CommentAction\",\"name\":\"Comment\",\"target\":[\"https:\/\/brasilnoticias.org\/site\/linhas-de-onibus-terao-mudancas-a-partir-deste-sabado-14\/#respond\"]}]},{\"@type\":\"WebPage\",\"@id\":\"https:\/\/brasilnoticias.org\/site\/linhas-de-onibus-terao-mudancas-a-partir-deste-sabado-14\/\",\"url\":\"https:\/\/brasilnoticias.org\/site\/linhas-de-onibus-terao-mudancas-a-partir-deste-sabado-14\/\",\"name\":\"Linhas de \u00f4nibus ter\u00e3o mudan\u00e7as a partir deste s\u00e1bado (14) - Brasil not\u00edcias\",\"isPartOf\":{\"@id\":\"https:\/\/brasilnoticias.org\/site\/#website\"},\"primaryImageOfPage\":{\"@id\":\"https:\/\/brasilnoticias.org\/site\/linhas-de-onibus-terao-mudancas-a-partir-deste-sabado-14\/#primaryimage\"},\"image\":{\"@id\":\"https:\/\/brasilnoticias.org\/site\/linhas-de-onibus-terao-mudancas-a-partir-deste-sabado-14\/#primaryimage\"},\"thumbnailUrl\":\"https:\/\/brasilnoticias.org\/site\/wp-content\/uploads\/2023\/10\/WhatsApp-Image-2023-09-27-at-12.49.11.jpeg-1.webp\",\"datePublished\":\"2023-10-14T17:29:19+00:00\",\"breadcrumb\":{\"@id\":\"https:\/\/brasilnoticias.org\/site\/linhas-de-onibus-terao-mudancas-a-partir-deste-sabado-14\/#breadcrumb\"},\"inLanguage\":\"pt-PT\",\"potentialAction\":[{\"@type\":\"ReadAction\",\"target\":[\"https:\/\/brasilnoticias.org\/site\/linhas-de-onibus-terao-mudancas-a-partir-deste-sabado-14\/\"]}]},{\"@type\":\"ImageObject\",\"inLanguage\":\"pt-PT\",\"@id\":\"https:\/\/brasilnoticias.org\/site\/linhas-de-onibus-terao-mudancas-a-partir-deste-sabado-14\/#primaryimage\",\"url\":\"https:\/\/brasilnoticias.org\/site\/wp-content\/uploads\/2023\/10\/WhatsApp-Image-2023-09-27-at-12.49.11.jpeg-1.webp\",\"contentUrl\":\"https:\/\/brasilnoticias.org\/site\/wp-content\/uploads\/2023\/10\/WhatsApp-Image-2023-09-27-at-12.49.11.jpeg-1.webp\",\"width\":1600,\"height\":1066},{\"@type\":\"BreadcrumbList\",\"@id\":\"https:\/\/brasilnoticias.org\/site\/linhas-de-onibus-terao-mudancas-a-partir-deste-sabado-14\/#breadcrumb\",\"itemListElement\":[{\"@type\":\"ListItem\",\"position\":1,\"name\":\"In\u00edcio\",\"item\":\"https:\/\/brasilnoticias.org\/site\/\"},{\"@type\":\"ListItem\",\"position\":2,\"name\":\"Linhas de \u00f4nibus ter\u00e3o mudan\u00e7as a partir deste s\u00e1bado (14)\"}]},{\"@type\":\"WebSite\",\"@id\":\"https:\/\/brasilnoticias.org\/site\/#website\",\"url\":\"https:\/\/brasilnoticias.org\/site\/\",\"name\":\"Brasil not\u00edcias\",\"description\":\"Brasil not\u00edcias\",\"publisher\":{\"@id\":\"https:\/\/brasilnoticias.org\/site\/#organization\"},\"potentialAction\":[{\"@type\":\"SearchAction\",\"target\":{\"@type\":\"EntryPoint\",\"urlTemplate\":\"https:\/\/brasilnoticias.org\/site\/?s={search_term_string}\"},\"query-input\":{\"@type\":\"PropertyValueSpecification\",\"valueRequired\":true,\"valueName\":\"search_term_string\"}}],\"inLanguage\":\"pt-PT\"},{\"@type\":\"Organization\",\"@id\":\"https:\/\/brasilnoticias.org\/site\/#organization\",\"name\":\"Brasil not\u00edcias\",\"url\":\"https:\/\/brasilnoticias.org\/site\/\",\"logo\":{\"@type\":\"ImageObject\",\"inLanguage\":\"pt-PT\",\"@id\":\"https:\/\/brasilnoticias.org\/site\/#\/schema\/logo\/image\/\",\"url\":\"https:\/\/brasilnoticias.org\/site\/wp-content\/uploads\/2022\/05\/cropped-brasilnoticias-mini.jpg\",\"contentUrl\":\"https:\/\/brasilnoticias.org\/site\/wp-content\/uploads\/2022\/05\/cropped-brasilnoticias-mini.jpg\",\"width\":314,\"height\":86,\"caption\":\"Brasil not\u00edcias\"},\"image\":{\"@id\":\"https:\/\/brasilnoticias.org\/site\/#\/schema\/logo\/image\/\"}},{\"@type\":\"Person\",\"@id\":\"https:\/\/brasilnoticias.org\/site\/#\/schema\/person\/03bbbfe6c7634ad18c26444ea39049fa\",\"name\":\"Reda\u00e7\u00e3o\",\"image\":{\"@type\":\"ImageObject\",\"inLanguage\":\"pt-PT\",\"@id\":\"https:\/\/brasilnoticias.org\/site\/#\/schema\/person\/image\/\",\"url\":\"https:\/\/secure.gravatar.com\/avatar\/9ecaf7327a696cb23ad926fedded5f1f04d7049de9e445375d55b48c001a6e42?s=96&d=mm&r=g\",\"contentUrl\":\"https:\/\/secure.gravatar.com\/avatar\/9ecaf7327a696cb23ad926fedded5f1f04d7049de9e445375d55b48c001a6e42?s=96&d=mm&r=g\",\"caption\":\"Reda\u00e7\u00e3o\"},\"url\":\"https:\/\/brasilnoticias.org\/site\/author\/henrique\/\"}]}<\/script>\n<!-- \/ Yoast SEO plugin. -->","yoast_head_json":{"title":"Linhas de \u00f4nibus ter\u00e3o mudan\u00e7as a partir deste s\u00e1bado (14) - Brasil not\u00edcias","robots":{"index":"index","follow":"follow","max-snippet":"max-snippet:-1","max-image-preview":"max-image-preview:large","max-video-preview":"max-video-preview:-1"},"canonical":"https:\/\/brasilnoticias.org\/site\/linhas-de-onibus-terao-mudancas-a-partir-deste-sabado-14\/","og_locale":"pt_PT","og_type":"article","og_title":"Linhas de \u00f4nibus ter\u00e3o mudan\u00e7as a partir deste s\u00e1bado (14) - Brasil not\u00edcias","og_description":"A partir deste s\u00e1bado (14) algumas linhas de \u00f4nibus que circulam pelos bairros de Boa Vista de S\u00e3o Caetano, Marechal","og_url":"https:\/\/brasilnoticias.org\/site\/linhas-de-onibus-terao-mudancas-a-partir-deste-sabado-14\/","og_site_name":"Brasil not\u00edcias","article_published_time":"2023-10-14T17:29:19+00:00","og_image":[{"width":1600,"height":1066,"url":"https:\/\/brasilnoticias.org\/site\/wp-content\/uploads\/2023\/10\/WhatsApp-Image-2023-09-27-at-12.49.11.jpeg-1.webp","type":"image\/webp"}],"author":"Reda\u00e7\u00e3o","twitter_card":"summary_large_image","twitter_misc":{"Escrito por":"Reda\u00e7\u00e3o"},"schema":{"@context":"https:\/\/schema.org","@graph":[{"@type":"Article","@id":"https:\/\/brasilnoticias.org\/site\/linhas-de-onibus-terao-mudancas-a-partir-deste-sabado-14\/#article","isPartOf":{"@id":"https:\/\/brasilnoticias.org\/site\/linhas-de-onibus-terao-mudancas-a-partir-deste-sabado-14\/"},"author":{"name":"Reda\u00e7\u00e3o","@id":"https:\/\/brasilnoticias.org\/site\/#\/schema\/person\/03bbbfe6c7634ad18c26444ea39049fa"},"headline":"Linhas de \u00f4nibus ter\u00e3o mudan\u00e7as a partir deste s\u00e1bado (14)","datePublished":"2023-10-14T17:29:19+00:00","mainEntityOfPage":{"@id":"https:\/\/brasilnoticias.org\/site\/linhas-de-onibus-terao-mudancas-a-partir-deste-sabado-14\/"},"wordCount":318,"commentCount":0,"publisher":{"@id":"https:\/\/brasilnoticias.org\/site\/#organization"},"image":{"@id":"https:\/\/brasilnoticias.org\/site\/linhas-de-onibus-terao-mudancas-a-partir-deste-sabado-14\/#primaryimage"},"thumbnailUrl":"https:\/\/brasilnoticias.org\/site\/wp-content\/uploads\/2023\/10\/WhatsApp-Image-2023-09-27-at-12.49.11.jpeg-1.webp","articleSection":["Not\u00edcias","\u00daltimas"],"inLanguage":"pt-PT","potentialAction":[{"@type":"CommentAction","name":"Comment","target":["https:\/\/brasilnoticias.org\/site\/linhas-de-onibus-terao-mudancas-a-partir-deste-sabado-14\/#respond"]}]},{"@type":"WebPage","@id":"https:\/\/brasilnoticias.org\/site\/linhas-de-onibus-terao-mudancas-a-partir-deste-sabado-14\/","url":"https:\/\/brasilnoticias.org\/site\/linhas-de-onibus-terao-mudancas-a-partir-deste-sabado-14\/","name":"Linhas de \u00f4nibus ter\u00e3o mudan\u00e7as a partir deste s\u00e1bado (14) - Brasil not\u00edcias","isPartOf":{"@id":"https:\/\/brasilnoticias.org\/site\/#website"},"primaryImageOfPage":{"@id":"https:\/\/brasilnoticias.org\/site\/linhas-de-onibus-terao-mudancas-a-partir-deste-sabado-14\/#primaryimage"},"image":{"@id":"https:\/\/brasilnoticias.org\/site\/linhas-de-onibus-terao-mudancas-a-partir-deste-sabado-14\/#primaryimage"},"thumbnailUrl":"https:\/\/brasilnoticias.org\/site\/wp-content\/uploads\/2023\/10\/WhatsApp-Image-2023-09-27-at-12.49.11.jpeg-1.webp","datePublished":"2023-10-14T17:29:19+00:00","breadcrumb":{"@id":"https:\/\/brasilnoticias.org\/site\/linhas-de-onibus-terao-mudancas-a-partir-deste-sabado-14\/#breadcrumb"},"inLanguage":"pt-PT","potentialAction":[{"@type":"ReadAction","target":["https:\/\/brasilnoticias.org\/site\/linhas-de-onibus-terao-mudancas-a-partir-deste-sabado-14\/"]}]},{"@type":"ImageObject","inLanguage":"pt-PT","@id":"https:\/\/brasilnoticias.org\/site\/linhas-de-onibus-terao-mudancas-a-partir-deste-sabado-14\/#primaryimage","url":"https:\/\/brasilnoticias.org\/site\/wp-content\/uploads\/2023\/10\/WhatsApp-Image-2023-09-27-at-12.49.11.jpeg-1.webp","contentUrl":"https:\/\/brasilnoticias.org\/site\/wp-content\/uploads\/2023\/10\/WhatsApp-Image-2023-09-27-at-12.49.11.jpeg-1.webp","width":1600,"height":1066},{"@type":"BreadcrumbList","@id":"https:\/\/brasilnoticias.org\/site\/linhas-de-onibus-terao-mudancas-a-partir-deste-sabado-14\/#breadcrumb","itemListElement":[{"@type":"ListItem","position":1,"name":"In\u00edcio","item":"https:\/\/brasilnoticias.org\/site\/"},{"@type":"ListItem","position":2,"name":"Linhas de \u00f4nibus ter\u00e3o mudan\u00e7as a partir deste s\u00e1bado (14)"}]},{"@type":"WebSite","@id":"https:\/\/brasilnoticias.org\/site\/#website","url":"https:\/\/brasilnoticias.org\/site\/","name":"Brasil not\u00edcias","description":"Brasil not\u00edcias","publisher":{"@id":"https:\/\/brasilnoticias.org\/site\/#organization"},"potentialAction":[{"@type":"SearchAction","target":{"@type":"EntryPoint","urlTemplate":"https:\/\/brasilnoticias.org\/site\/?s={search_term_string}"},"query-input":{"@type":"PropertyValueSpecification","valueRequired":true,"valueName":"search_term_string"}}],"inLanguage":"pt-PT"},{"@type":"Organization","@id":"https:\/\/brasilnoticias.org\/site\/#organization","name":"Brasil not\u00edcias","url":"https:\/\/brasilnoticias.org\/site\/","logo":{"@type":"ImageObject","inLanguage":"pt-PT","@id":"https:\/\/brasilnoticias.org\/site\/#\/schema\/logo\/image\/","url":"https:\/\/brasilnoticias.org\/site\/wp-content\/uploads\/2022\/05\/cropped-brasilnoticias-mini.jpg","contentUrl":"https:\/\/brasilnoticias.org\/site\/wp-content\/uploads\/2022\/05\/cropped-brasilnoticias-mini.jpg","width":314,"height":86,"caption":"Brasil not\u00edcias"},"image":{"@id":"https:\/\/brasilnoticias.org\/site\/#\/schema\/logo\/image\/"}},{"@type":"Person","@id":"https:\/\/brasilnoticias.org\/site\/#\/schema\/person\/03bbbfe6c7634ad18c26444ea39049fa","name":"Reda\u00e7\u00e3o","image":{"@type":"ImageObject","inLanguage":"pt-PT","@id":"https:\/\/brasilnoticias.org\/site\/#\/schema\/person\/image\/","url":"https:\/\/secure.gravatar.com\/avatar\/9ecaf7327a696cb23ad926fedded5f1f04d7049de9e445375d55b48c001a6e42?s=96&d=mm&r=g","contentUrl":"https:\/\/secure.gravatar.com\/avatar\/9ecaf7327a696cb23ad926fedded5f1f04d7049de9e445375d55b48c001a6e42?s=96&d=mm&r=g","caption":"Reda\u00e7\u00e3o"},"url":"https:\/\/brasilnoticias.org\/site\/author\/henrique\/"}]}},"_links":{"self":[{"href":"https:\/\/brasilnoticias.org\/site\/wp-json\/wp\/v2\/posts\/10125","targetHints":{"allow":["GET"]}}],"collection":[{"href":"https:\/\/brasilnoticias.org\/site\/wp-json\/wp\/v2\/posts"}],"about":[{"href":"https:\/\/brasilnoticias.org\/site\/wp-json\/wp\/v2\/types\/post"}],"author":[{"embeddable":true,"href":"https:\/\/brasilnoticias.org\/site\/wp-json\/wp\/v2\/users\/4"}],"replies":[{"embeddable":true,"href":"https:\/\/brasilnoticias.org\/site\/wp-json\/wp\/v2\/comments?post=10125"}],"version-history":[{"count":1,"href":"https:\/\/brasilnoticias.org\/site\/wp-json\/wp\/v2\/posts\/10125\/revisions"}],"predecessor-version":[{"id":10127,"href":"https:\/\/brasilnoticias.org\/site\/wp-json\/wp\/v2\/posts\/10125\/revisions\/10127"}],"wp:featuredmedia":[{"embeddable":true,"href":"https:\/\/brasilnoticias.org\/site\/wp-json\/wp\/v2\/media\/10126"}],"wp:attachment":[{"href":"https:\/\/brasilnoticias.org\/site\/wp-json\/wp\/v2\/media?parent=10125"}],"wp:term":[{"taxonomy":"category","embeddable":true,"href":"https:\/\/brasilnoticias.org\/site\/wp-json\/wp\/v2\/categories?post=10125"},{"taxonomy":"post_tag","embeddable":true,"href":"https:\/\/brasilnoticias.org\/site\/wp-json\/wp\/v2\/tags?post=10125"}],"curies":[{"name":"wp","href":"https:\/\/api.w.org\/{rel}","templated":true}]}}