{"id":10138,"date":"2023-10-14T22:33:51","date_gmt":"2023-10-15T01:33:51","guid":{"rendered":"https:\/\/brasilnoticias.org\/site\/?p=10138"},"modified":"2023-10-14T22:33:51","modified_gmt":"2023-10-15T01:33:51","slug":"sargento-da-fab-e-preso-apos-tentar-matar-esposa-a-facadas","status":"publish","type":"post","link":"https:\/\/brasilnoticias.org\/site\/sargento-da-fab-e-preso-apos-tentar-matar-esposa-a-facadas\/","title":{"rendered":"Sargento da FAB \u00e9 preso ap\u00f3s tentar matar esposa a facadas"},"content":{"rendered":"<p>O autor do crime foi autuado por tentativa de feminc\u00eddio ap\u00f3s receber atendimento m\u00e9dico<\/p>\n<p>Um sargento da For\u00e7a A\u00e9rea Brasileira (FAB), de 27 anos, foi preso em flagrante na \u00faltima quinta-feira (12), por tentativa de homic\u00eddio, ap\u00f3s esfaquear a esposa dentro de um apartamento localizado em Samambaia Sul, no Distrito Federal (DF).<\/p>\n<p>A v\u00edtima, uma mulher de 23 anos que tamb\u00e9m \u00e9 militar e serve ao Ex\u00e9rcito, foi socorrida pelo Servi\u00e7o de Atendimento M\u00f3vel de Urg\u00eancia (Samu) e encaminhada ao Hospital de Base do Distrito Federal (HBDF). O autor do crime, Kelvin Ruan Gontijo, tamb\u00e9m foi socorrido e encaminhado ao Hospital Regional de Ceil\u00e2ndia, onde recebeu atendimento m\u00e9dico e permaneceu sob escolta at\u00e9 a alta.<\/p>\n<p>Segundo informa\u00e7\u00f5es da Pol\u00edcia Militar do Distrito Federal (PMDF), o ataque ocorreu por volta das 5h15.<\/p>\n<p>\u201cAo chegarem ao local, os policiais encontraram uma mulher esfaqueada no quarto e um homem com uma perfura\u00e7\u00e3o no t\u00f3rax causada por uma faca, que estava sendo mantido sob cust\u00f3dia pelo cunhado\u201d, relatou a PM \u00e0 CNN. O suspeito recebeu voz de pris\u00e3o, tentou resistir, mas acabou sendo preso pelos policiais e encaminhado \u00e0 delegacia, onde foi autuado por tentativa de feminic\u00eddio.<\/p>\n<p>A For\u00e7a A\u00e9rea Brasileira (FAB) emitiu uma nota informando que est\u00e1 acompanhando o caso e condena condutas que n\u00e3o representam os valores da institui\u00e7\u00e3o. O militar est\u00e1 sob cust\u00f3dia do Grupamento de Seguran\u00e7a e Defesa (GSD) da FAB, no Hospital de Aeron\u00e1utica de Bras\u00edlia (HFAB).<\/p>\n<p>\u201cO Comando da Aeron\u00e1utica reitera que repudia condutas que n\u00e3o representam os valores, a dedica\u00e7\u00e3o e o trabalho do efetivo em prol do cumprimento de sua miss\u00e3o institucional\u201d, enfatizou a institui\u00e7\u00e3o.<\/p>\n<p>Foto: Reprodu\u00e7\u00e3o\/ Redes Sociais<br \/>\nBNews<\/p>\n","protected":false},"excerpt":{"rendered":"<p>O autor do crime foi autuado por tentativa de feminc\u00eddio ap\u00f3s receber atendimento m\u00e9dico Um sargento da For\u00e7a A\u00e9rea Brasileira<\/p>\n","protected":false},"author":4,"featured_media":10139,"comment_status":"open","ping_status":"open","sticky":false,"template":"","format":"standard","meta":{"colormag_page_container_layout":"default_layout","colormag_page_sidebar_layout":"default_layout","_FSMCFIC_featured_image_caption":"","_FSMCFIC_featured_image_nocaption":"","_FSMCFIC_featured_image_hide":"","footnotes":""},"categories":[3,1],"tags":[],"class_list":["post-10138","post","type-post","status-publish","format-standard","has-post-thumbnail","hentry","category-policia","category-ultimas"],"yoast_head":"<!-- This site is optimized with the Yoast SEO plugin v27.1.1 - https:\/\/yoast.com\/product\/yoast-seo-wordpress\/ -->\n<title>Sargento da FAB \u00e9 preso ap\u00f3s tentar matar esposa a facadas - Brasil not\u00edcias<\/title>\n<meta name=\"robots\" content=\"index, follow, max-snippet:-1, max-image-preview:large, max-video-preview:-1\" \/>\n<link rel=\"canonical\" href=\"https:\/\/brasilnoticias.org\/site\/sargento-da-fab-e-preso-apos-tentar-matar-esposa-a-facadas\/\" \/>\n<meta property=\"og:locale\" content=\"pt_PT\" \/>\n<meta property=\"og:type\" content=\"article\" \/>\n<meta property=\"og:title\" content=\"Sargento da FAB \u00e9 preso ap\u00f3s tentar matar esposa a facadas - Brasil not\u00edcias\" \/>\n<meta property=\"og:description\" content=\"O autor do crime foi autuado por tentativa de feminc\u00eddio ap\u00f3s receber atendimento m\u00e9dico Um sargento da For\u00e7a A\u00e9rea Brasileira\" \/>\n<meta property=\"og:url\" content=\"https:\/\/brasilnoticias.org\/site\/sargento-da-fab-e-preso-apos-tentar-matar-esposa-a-facadas\/\" \/>\n<meta property=\"og:site_name\" content=\"Brasil not\u00edcias\" \/>\n<meta property=\"article:published_time\" content=\"2023-10-15T01:33:51+00:00\" \/>\n<meta property=\"og:image\" content=\"https:\/\/brasilnoticias.org\/site\/wp-content\/uploads\/2023\/10\/sargento-fab-crime_widelg.jpg\" \/>\n\t<meta property=\"og:image:width\" content=\"800\" \/>\n\t<meta property=\"og:image:height\" content=\"450\" \/>\n\t<meta property=\"og:image:type\" content=\"image\/jpeg\" \/>\n<meta name=\"author\" content=\"Reda\u00e7\u00e3o\" \/>\n<meta name=\"twitter:card\" content=\"summary_large_image\" \/>\n<meta name=\"twitter:label1\" content=\"Escrito por\" \/>\n\t<meta name=\"twitter:data1\" content=\"Reda\u00e7\u00e3o\" \/>\n<script type=\"application\/ld+json\" class=\"yoast-schema-graph\">{\"@context\":\"https:\/\/schema.org\",\"@graph\":[{\"@type\":\"Article\",\"@id\":\"https:\/\/brasilnoticias.org\/site\/sargento-da-fab-e-preso-apos-tentar-matar-esposa-a-facadas\/#article\",\"isPartOf\":{\"@id\":\"https:\/\/brasilnoticias.org\/site\/sargento-da-fab-e-preso-apos-tentar-matar-esposa-a-facadas\/\"},\"author\":{\"name\":\"Reda\u00e7\u00e3o\",\"@id\":\"https:\/\/brasilnoticias.org\/site\/#\/schema\/person\/03bbbfe6c7634ad18c26444ea39049fa\"},\"headline\":\"Sargento da FAB \u00e9 preso ap\u00f3s tentar matar esposa a facadas\",\"datePublished\":\"2023-10-15T01:33:51+00:00\",\"mainEntityOfPage\":{\"@id\":\"https:\/\/brasilnoticias.org\/site\/sargento-da-fab-e-preso-apos-tentar-matar-esposa-a-facadas\/\"},\"wordCount\":316,\"commentCount\":0,\"publisher\":{\"@id\":\"https:\/\/brasilnoticias.org\/site\/#organization\"},\"image\":{\"@id\":\"https:\/\/brasilnoticias.org\/site\/sargento-da-fab-e-preso-apos-tentar-matar-esposa-a-facadas\/#primaryimage\"},\"thumbnailUrl\":\"https:\/\/brasilnoticias.org\/site\/wp-content\/uploads\/2023\/10\/sargento-fab-crime_widelg.jpg\",\"articleSection\":[\"Pol\u00edcia\",\"\u00daltimas\"],\"inLanguage\":\"pt-PT\",\"potentialAction\":[{\"@type\":\"CommentAction\",\"name\":\"Comment\",\"target\":[\"https:\/\/brasilnoticias.org\/site\/sargento-da-fab-e-preso-apos-tentar-matar-esposa-a-facadas\/#respond\"]}]},{\"@type\":\"WebPage\",\"@id\":\"https:\/\/brasilnoticias.org\/site\/sargento-da-fab-e-preso-apos-tentar-matar-esposa-a-facadas\/\",\"url\":\"https:\/\/brasilnoticias.org\/site\/sargento-da-fab-e-preso-apos-tentar-matar-esposa-a-facadas\/\",\"name\":\"Sargento da FAB \u00e9 preso ap\u00f3s tentar matar esposa a facadas - Brasil not\u00edcias\",\"isPartOf\":{\"@id\":\"https:\/\/brasilnoticias.org\/site\/#website\"},\"primaryImageOfPage\":{\"@id\":\"https:\/\/brasilnoticias.org\/site\/sargento-da-fab-e-preso-apos-tentar-matar-esposa-a-facadas\/#primaryimage\"},\"image\":{\"@id\":\"https:\/\/brasilnoticias.org\/site\/sargento-da-fab-e-preso-apos-tentar-matar-esposa-a-facadas\/#primaryimage\"},\"thumbnailUrl\":\"https:\/\/brasilnoticias.org\/site\/wp-content\/uploads\/2023\/10\/sargento-fab-crime_widelg.jpg\",\"datePublished\":\"2023-10-15T01:33:51+00:00\",\"breadcrumb\":{\"@id\":\"https:\/\/brasilnoticias.org\/site\/sargento-da-fab-e-preso-apos-tentar-matar-esposa-a-facadas\/#breadcrumb\"},\"inLanguage\":\"pt-PT\",\"potentialAction\":[{\"@type\":\"ReadAction\",\"target\":[\"https:\/\/brasilnoticias.org\/site\/sargento-da-fab-e-preso-apos-tentar-matar-esposa-a-facadas\/\"]}]},{\"@type\":\"ImageObject\",\"inLanguage\":\"pt-PT\",\"@id\":\"https:\/\/brasilnoticias.org\/site\/sargento-da-fab-e-preso-apos-tentar-matar-esposa-a-facadas\/#primaryimage\",\"url\":\"https:\/\/brasilnoticias.org\/site\/wp-content\/uploads\/2023\/10\/sargento-fab-crime_widelg.jpg\",\"contentUrl\":\"https:\/\/brasilnoticias.org\/site\/wp-content\/uploads\/2023\/10\/sargento-fab-crime_widelg.jpg\",\"width\":800,\"height\":450},{\"@type\":\"BreadcrumbList\",\"@id\":\"https:\/\/brasilnoticias.org\/site\/sargento-da-fab-e-preso-apos-tentar-matar-esposa-a-facadas\/#breadcrumb\",\"itemListElement\":[{\"@type\":\"ListItem\",\"position\":1,\"name\":\"In\u00edcio\",\"item\":\"https:\/\/brasilnoticias.org\/site\/\"},{\"@type\":\"ListItem\",\"position\":2,\"name\":\"Sargento da FAB \u00e9 preso ap\u00f3s tentar matar esposa a facadas\"}]},{\"@type\":\"WebSite\",\"@id\":\"https:\/\/brasilnoticias.org\/site\/#website\",\"url\":\"https:\/\/brasilnoticias.org\/site\/\",\"name\":\"Brasil not\u00edcias\",\"description\":\"Brasil not\u00edcias\",\"publisher\":{\"@id\":\"https:\/\/brasilnoticias.org\/site\/#organization\"},\"potentialAction\":[{\"@type\":\"SearchAction\",\"target\":{\"@type\":\"EntryPoint\",\"urlTemplate\":\"https:\/\/brasilnoticias.org\/site\/?s={search_term_string}\"},\"query-input\":{\"@type\":\"PropertyValueSpecification\",\"valueRequired\":true,\"valueName\":\"search_term_string\"}}],\"inLanguage\":\"pt-PT\"},{\"@type\":\"Organization\",\"@id\":\"https:\/\/brasilnoticias.org\/site\/#organization\",\"name\":\"Brasil not\u00edcias\",\"url\":\"https:\/\/brasilnoticias.org\/site\/\",\"logo\":{\"@type\":\"ImageObject\",\"inLanguage\":\"pt-PT\",\"@id\":\"https:\/\/brasilnoticias.org\/site\/#\/schema\/logo\/image\/\",\"url\":\"https:\/\/brasilnoticias.org\/site\/wp-content\/uploads\/2022\/05\/cropped-brasilnoticias-mini.jpg\",\"contentUrl\":\"https:\/\/brasilnoticias.org\/site\/wp-content\/uploads\/2022\/05\/cropped-brasilnoticias-mini.jpg\",\"width\":314,\"height\":86,\"caption\":\"Brasil not\u00edcias\"},\"image\":{\"@id\":\"https:\/\/brasilnoticias.org\/site\/#\/schema\/logo\/image\/\"}},{\"@type\":\"Person\",\"@id\":\"https:\/\/brasilnoticias.org\/site\/#\/schema\/person\/03bbbfe6c7634ad18c26444ea39049fa\",\"name\":\"Reda\u00e7\u00e3o\",\"image\":{\"@type\":\"ImageObject\",\"inLanguage\":\"pt-PT\",\"@id\":\"https:\/\/brasilnoticias.org\/site\/#\/schema\/person\/image\/\",\"url\":\"https:\/\/secure.gravatar.com\/avatar\/9ecaf7327a696cb23ad926fedded5f1f04d7049de9e445375d55b48c001a6e42?s=96&d=mm&r=g\",\"contentUrl\":\"https:\/\/secure.gravatar.com\/avatar\/9ecaf7327a696cb23ad926fedded5f1f04d7049de9e445375d55b48c001a6e42?s=96&d=mm&r=g\",\"caption\":\"Reda\u00e7\u00e3o\"},\"url\":\"https:\/\/brasilnoticias.org\/site\/author\/henrique\/\"}]}<\/script>\n<!-- \/ Yoast SEO plugin. -->","yoast_head_json":{"title":"Sargento da FAB \u00e9 preso ap\u00f3s tentar matar esposa a facadas - Brasil not\u00edcias","robots":{"index":"index","follow":"follow","max-snippet":"max-snippet:-1","max-image-preview":"max-image-preview:large","max-video-preview":"max-video-preview:-1"},"canonical":"https:\/\/brasilnoticias.org\/site\/sargento-da-fab-e-preso-apos-tentar-matar-esposa-a-facadas\/","og_locale":"pt_PT","og_type":"article","og_title":"Sargento da FAB \u00e9 preso ap\u00f3s tentar matar esposa a facadas - Brasil not\u00edcias","og_description":"O autor do crime foi autuado por tentativa de feminc\u00eddio ap\u00f3s receber atendimento m\u00e9dico Um sargento da For\u00e7a A\u00e9rea Brasileira","og_url":"https:\/\/brasilnoticias.org\/site\/sargento-da-fab-e-preso-apos-tentar-matar-esposa-a-facadas\/","og_site_name":"Brasil not\u00edcias","article_published_time":"2023-10-15T01:33:51+00:00","og_image":[{"width":800,"height":450,"url":"https:\/\/brasilnoticias.org\/site\/wp-content\/uploads\/2023\/10\/sargento-fab-crime_widelg.jpg","type":"image\/jpeg"}],"author":"Reda\u00e7\u00e3o","twitter_card":"summary_large_image","twitter_misc":{"Escrito por":"Reda\u00e7\u00e3o"},"schema":{"@context":"https:\/\/schema.org","@graph":[{"@type":"Article","@id":"https:\/\/brasilnoticias.org\/site\/sargento-da-fab-e-preso-apos-tentar-matar-esposa-a-facadas\/#article","isPartOf":{"@id":"https:\/\/brasilnoticias.org\/site\/sargento-da-fab-e-preso-apos-tentar-matar-esposa-a-facadas\/"},"author":{"name":"Reda\u00e7\u00e3o","@id":"https:\/\/brasilnoticias.org\/site\/#\/schema\/person\/03bbbfe6c7634ad18c26444ea39049fa"},"headline":"Sargento da FAB \u00e9 preso ap\u00f3s tentar matar esposa a facadas","datePublished":"2023-10-15T01:33:51+00:00","mainEntityOfPage":{"@id":"https:\/\/brasilnoticias.org\/site\/sargento-da-fab-e-preso-apos-tentar-matar-esposa-a-facadas\/"},"wordCount":316,"commentCount":0,"publisher":{"@id":"https:\/\/brasilnoticias.org\/site\/#organization"},"image":{"@id":"https:\/\/brasilnoticias.org\/site\/sargento-da-fab-e-preso-apos-tentar-matar-esposa-a-facadas\/#primaryimage"},"thumbnailUrl":"https:\/\/brasilnoticias.org\/site\/wp-content\/uploads\/2023\/10\/sargento-fab-crime_widelg.jpg","articleSection":["Pol\u00edcia","\u00daltimas"],"inLanguage":"pt-PT","potentialAction":[{"@type":"CommentAction","name":"Comment","target":["https:\/\/brasilnoticias.org\/site\/sargento-da-fab-e-preso-apos-tentar-matar-esposa-a-facadas\/#respond"]}]},{"@type":"WebPage","@id":"https:\/\/brasilnoticias.org\/site\/sargento-da-fab-e-preso-apos-tentar-matar-esposa-a-facadas\/","url":"https:\/\/brasilnoticias.org\/site\/sargento-da-fab-e-preso-apos-tentar-matar-esposa-a-facadas\/","name":"Sargento da FAB \u00e9 preso ap\u00f3s tentar matar esposa a facadas - Brasil not\u00edcias","isPartOf":{"@id":"https:\/\/brasilnoticias.org\/site\/#website"},"primaryImageOfPage":{"@id":"https:\/\/brasilnoticias.org\/site\/sargento-da-fab-e-preso-apos-tentar-matar-esposa-a-facadas\/#primaryimage"},"image":{"@id":"https:\/\/brasilnoticias.org\/site\/sargento-da-fab-e-preso-apos-tentar-matar-esposa-a-facadas\/#primaryimage"},"thumbnailUrl":"https:\/\/brasilnoticias.org\/site\/wp-content\/uploads\/2023\/10\/sargento-fab-crime_widelg.jpg","datePublished":"2023-10-15T01:33:51+00:00","breadcrumb":{"@id":"https:\/\/brasilnoticias.org\/site\/sargento-da-fab-e-preso-apos-tentar-matar-esposa-a-facadas\/#breadcrumb"},"inLanguage":"pt-PT","potentialAction":[{"@type":"ReadAction","target":["https:\/\/brasilnoticias.org\/site\/sargento-da-fab-e-preso-apos-tentar-matar-esposa-a-facadas\/"]}]},{"@type":"ImageObject","inLanguage":"pt-PT","@id":"https:\/\/brasilnoticias.org\/site\/sargento-da-fab-e-preso-apos-tentar-matar-esposa-a-facadas\/#primaryimage","url":"https:\/\/brasilnoticias.org\/site\/wp-content\/uploads\/2023\/10\/sargento-fab-crime_widelg.jpg","contentUrl":"https:\/\/brasilnoticias.org\/site\/wp-content\/uploads\/2023\/10\/sargento-fab-crime_widelg.jpg","width":800,"height":450},{"@type":"BreadcrumbList","@id":"https:\/\/brasilnoticias.org\/site\/sargento-da-fab-e-preso-apos-tentar-matar-esposa-a-facadas\/#breadcrumb","itemListElement":[{"@type":"ListItem","position":1,"name":"In\u00edcio","item":"https:\/\/brasilnoticias.org\/site\/"},{"@type":"ListItem","position":2,"name":"Sargento da FAB \u00e9 preso ap\u00f3s tentar matar esposa a facadas"}]},{"@type":"WebSite","@id":"https:\/\/brasilnoticias.org\/site\/#website","url":"https:\/\/brasilnoticias.org\/site\/","name":"Brasil not\u00edcias","description":"Brasil not\u00edcias","publisher":{"@id":"https:\/\/brasilnoticias.org\/site\/#organization"},"potentialAction":[{"@type":"SearchAction","target":{"@type":"EntryPoint","urlTemplate":"https:\/\/brasilnoticias.org\/site\/?s={search_term_string}"},"query-input":{"@type":"PropertyValueSpecification","valueRequired":true,"valueName":"search_term_string"}}],"inLanguage":"pt-PT"},{"@type":"Organization","@id":"https:\/\/brasilnoticias.org\/site\/#organization","name":"Brasil not\u00edcias","url":"https:\/\/brasilnoticias.org\/site\/","logo":{"@type":"ImageObject","inLanguage":"pt-PT","@id":"https:\/\/brasilnoticias.org\/site\/#\/schema\/logo\/image\/","url":"https:\/\/brasilnoticias.org\/site\/wp-content\/uploads\/2022\/05\/cropped-brasilnoticias-mini.jpg","contentUrl":"https:\/\/brasilnoticias.org\/site\/wp-content\/uploads\/2022\/05\/cropped-brasilnoticias-mini.jpg","width":314,"height":86,"caption":"Brasil not\u00edcias"},"image":{"@id":"https:\/\/brasilnoticias.org\/site\/#\/schema\/logo\/image\/"}},{"@type":"Person","@id":"https:\/\/brasilnoticias.org\/site\/#\/schema\/person\/03bbbfe6c7634ad18c26444ea39049fa","name":"Reda\u00e7\u00e3o","image":{"@type":"ImageObject","inLanguage":"pt-PT","@id":"https:\/\/brasilnoticias.org\/site\/#\/schema\/person\/image\/","url":"https:\/\/secure.gravatar.com\/avatar\/9ecaf7327a696cb23ad926fedded5f1f04d7049de9e445375d55b48c001a6e42?s=96&d=mm&r=g","contentUrl":"https:\/\/secure.gravatar.com\/avatar\/9ecaf7327a696cb23ad926fedded5f1f04d7049de9e445375d55b48c001a6e42?s=96&d=mm&r=g","caption":"Reda\u00e7\u00e3o"},"url":"https:\/\/brasilnoticias.org\/site\/author\/henrique\/"}]}},"_links":{"self":[{"href":"https:\/\/brasilnoticias.org\/site\/wp-json\/wp\/v2\/posts\/10138","targetHints":{"allow":["GET"]}}],"collection":[{"href":"https:\/\/brasilnoticias.org\/site\/wp-json\/wp\/v2\/posts"}],"about":[{"href":"https:\/\/brasilnoticias.org\/site\/wp-json\/wp\/v2\/types\/post"}],"author":[{"embeddable":true,"href":"https:\/\/brasilnoticias.org\/site\/wp-json\/wp\/v2\/users\/4"}],"replies":[{"embeddable":true,"href":"https:\/\/brasilnoticias.org\/site\/wp-json\/wp\/v2\/comments?post=10138"}],"version-history":[{"count":1,"href":"https:\/\/brasilnoticias.org\/site\/wp-json\/wp\/v2\/posts\/10138\/revisions"}],"predecessor-version":[{"id":10140,"href":"https:\/\/brasilnoticias.org\/site\/wp-json\/wp\/v2\/posts\/10138\/revisions\/10140"}],"wp:featuredmedia":[{"embeddable":true,"href":"https:\/\/brasilnoticias.org\/site\/wp-json\/wp\/v2\/media\/10139"}],"wp:attachment":[{"href":"https:\/\/brasilnoticias.org\/site\/wp-json\/wp\/v2\/media?parent=10138"}],"wp:term":[{"taxonomy":"category","embeddable":true,"href":"https:\/\/brasilnoticias.org\/site\/wp-json\/wp\/v2\/categories?post=10138"},{"taxonomy":"post_tag","embeddable":true,"href":"https:\/\/brasilnoticias.org\/site\/wp-json\/wp\/v2\/tags?post=10138"}],"curies":[{"name":"wp","href":"https:\/\/api.w.org\/{rel}","templated":true}]}}