{"id":10148,"date":"2023-10-14T22:47:49","date_gmt":"2023-10-15T01:47:49","guid":{"rendered":"https:\/\/brasilnoticias.org\/site\/?p=10148"},"modified":"2023-10-14T22:47:49","modified_gmt":"2023-10-15T01:47:49","slug":"video-delegacao-sub-14-do-bahia-e-alvo-de-racismo-e-xenofobia-em-mg-durante-jogo-do-brasileirinho","status":"publish","type":"post","link":"https:\/\/brasilnoticias.org\/site\/video-delegacao-sub-14-do-bahia-e-alvo-de-racismo-e-xenofobia-em-mg-durante-jogo-do-brasileirinho\/","title":{"rendered":"V\u00cdDEO: Delega\u00e7\u00e3o sub-14 do Bahia \u00e9 alvo de racismo e xenofobia em MG durante jogo do Brasileirinho"},"content":{"rendered":"<p>Cenas lament\u00e1veis protagonizaram o jogo entre o Bahia e a Sele\u00e7\u00e3o de Juatuba-MG, v\u00e1lido pelo Campeonato Brasileiro Sub-14. Em v\u00eddeo divulgado pelo produtor de conte\u00fado Ant\u00f4nio Neto, do canal ECB TV, do YouTube, \u00e9 poss\u00edvel ouvir torcedores locais praticando atos racistas e xenof\u00f3bicos durante a partida. <\/p>\n<p>Falas como &#8220;cambada de baiano desgra\u00e7ado&#8221; e sons imitando um macaco foram registradas por uma mulher que estava presente no local. Em outros momentos, torcedores pedem para quebrar a perna dos jogadores do Esquadr\u00e3ozinho. Confira: <\/p>\n<blockquote class=\"twitter-tweet\">\n<p lang=\"pt\" dir=\"ltr\">Isso aqui \u00e9 um absurdo sem precedentes! Preciso da ajuda de voc\u00eas para compartilharem! <\/p>\n<p>CRIAN\u00c7AS sofrendo racismo e xenofobia l\u00e1 em Minas pelo Brasileirinho sub-14. <\/p>\n<p>Delega\u00e7\u00e3o do tricolor foi alvo de ataques ap\u00f3s<br \/>o triunfo por 2&#215;1 contra a Sele\u00e7\u00e3o de Juatuba-MG. At\u00e9 fogos de\u2026 <a href=\"https:\/\/t.co\/gznYdMUbYd\">pic.twitter.com\/gznYdMUbYd<\/a><\/p>\n<p>&mdash; Ant\u00f4nio Neto (@netosouzaecb) <a href=\"https:\/\/twitter.com\/netosouzaecb\/status\/1713218677368139971?ref_src=twsrc%5Etfw\">October 14, 2023<\/a><\/p><\/blockquote>\n<p> <script async src=\"https:\/\/platform.twitter.com\/widgets.js\" charset=\"utf-8\"><\/script><\/p>\n<p>Foto: reprodu\u00e7\u00e3o<br \/>\nBahia Not\u00edcias<\/p>\n","protected":false},"excerpt":{"rendered":"<p>Cenas lament\u00e1veis protagonizaram o jogo entre o Bahia e a Sele\u00e7\u00e3o de Juatuba-MG, v\u00e1lido pelo Campeonato Brasileiro Sub-14. Em v\u00eddeo<\/p>\n","protected":false},"author":4,"featured_media":10149,"comment_status":"open","ping_status":"open","sticky":false,"template":"","format":"standard","meta":{"colormag_page_container_layout":"default_layout","colormag_page_sidebar_layout":"default_layout","_FSMCFIC_featured_image_caption":"","_FSMCFIC_featured_image_nocaption":"","_FSMCFIC_featured_image_hide":"","footnotes":""},"categories":[4,1],"tags":[],"class_list":["post-10148","post","type-post","status-publish","format-standard","has-post-thumbnail","hentry","category-esporte","category-ultimas"],"yoast_head":"<!-- This site is optimized with the Yoast SEO plugin v27.1.1 - https:\/\/yoast.com\/product\/yoast-seo-wordpress\/ -->\n<title>V\u00cdDEO: Delega\u00e7\u00e3o sub-14 do Bahia \u00e9 alvo de racismo e xenofobia em MG durante jogo do Brasileirinho - Brasil not\u00edcias<\/title>\n<meta name=\"robots\" content=\"index, follow, max-snippet:-1, max-image-preview:large, max-video-preview:-1\" \/>\n<link rel=\"canonical\" href=\"https:\/\/brasilnoticias.org\/site\/video-delegacao-sub-14-do-bahia-e-alvo-de-racismo-e-xenofobia-em-mg-durante-jogo-do-brasileirinho\/\" \/>\n<meta property=\"og:locale\" content=\"pt_PT\" \/>\n<meta property=\"og:type\" content=\"article\" \/>\n<meta property=\"og:title\" content=\"V\u00cdDEO: Delega\u00e7\u00e3o sub-14 do Bahia \u00e9 alvo de racismo e xenofobia em MG durante jogo do Brasileirinho - Brasil not\u00edcias\" \/>\n<meta property=\"og:description\" content=\"Cenas lament\u00e1veis protagonizaram o jogo entre o Bahia e a Sele\u00e7\u00e3o de Juatuba-MG, v\u00e1lido pelo Campeonato Brasileiro Sub-14. Em v\u00eddeo\" \/>\n<meta property=\"og:url\" content=\"https:\/\/brasilnoticias.org\/site\/video-delegacao-sub-14-do-bahia-e-alvo-de-racismo-e-xenofobia-em-mg-durante-jogo-do-brasileirinho\/\" \/>\n<meta property=\"og:site_name\" content=\"Brasil not\u00edcias\" \/>\n<meta property=\"article:published_time\" content=\"2023-10-15T01:47:49+00:00\" \/>\n<meta property=\"og:image\" content=\"https:\/\/brasilnoticias.org\/site\/wp-content\/uploads\/2023\/10\/IMAGEM_BAHIA_9.webp\" \/>\n\t<meta property=\"og:image:width\" content=\"1200\" \/>\n\t<meta property=\"og:image:height\" content=\"630\" \/>\n\t<meta property=\"og:image:type\" content=\"image\/webp\" \/>\n<meta name=\"author\" content=\"Reda\u00e7\u00e3o\" \/>\n<meta name=\"twitter:card\" content=\"summary_large_image\" \/>\n<meta name=\"twitter:label1\" content=\"Escrito por\" \/>\n\t<meta name=\"twitter:data1\" content=\"Reda\u00e7\u00e3o\" \/>\n<script type=\"application\/ld+json\" class=\"yoast-schema-graph\">{\"@context\":\"https:\/\/schema.org\",\"@graph\":[{\"@type\":\"Article\",\"@id\":\"https:\/\/brasilnoticias.org\/site\/video-delegacao-sub-14-do-bahia-e-alvo-de-racismo-e-xenofobia-em-mg-durante-jogo-do-brasileirinho\/#article\",\"isPartOf\":{\"@id\":\"https:\/\/brasilnoticias.org\/site\/video-delegacao-sub-14-do-bahia-e-alvo-de-racismo-e-xenofobia-em-mg-durante-jogo-do-brasileirinho\/\"},\"author\":{\"name\":\"Reda\u00e7\u00e3o\",\"@id\":\"https:\/\/brasilnoticias.org\/site\/#\/schema\/person\/03bbbfe6c7634ad18c26444ea39049fa\"},\"headline\":\"V\u00cdDEO: Delega\u00e7\u00e3o sub-14 do Bahia \u00e9 alvo de racismo e xenofobia em MG durante jogo do Brasileirinho\",\"datePublished\":\"2023-10-15T01:47:49+00:00\",\"mainEntityOfPage\":{\"@id\":\"https:\/\/brasilnoticias.org\/site\/video-delegacao-sub-14-do-bahia-e-alvo-de-racismo-e-xenofobia-em-mg-durante-jogo-do-brasileirinho\/\"},\"wordCount\":172,\"commentCount\":0,\"publisher\":{\"@id\":\"https:\/\/brasilnoticias.org\/site\/#organization\"},\"image\":{\"@id\":\"https:\/\/brasilnoticias.org\/site\/video-delegacao-sub-14-do-bahia-e-alvo-de-racismo-e-xenofobia-em-mg-durante-jogo-do-brasileirinho\/#primaryimage\"},\"thumbnailUrl\":\"https:\/\/brasilnoticias.org\/site\/wp-content\/uploads\/2023\/10\/IMAGEM_BAHIA_9.webp\",\"articleSection\":[\"Esporte\",\"\u00daltimas\"],\"inLanguage\":\"pt-PT\",\"potentialAction\":[{\"@type\":\"CommentAction\",\"name\":\"Comment\",\"target\":[\"https:\/\/brasilnoticias.org\/site\/video-delegacao-sub-14-do-bahia-e-alvo-de-racismo-e-xenofobia-em-mg-durante-jogo-do-brasileirinho\/#respond\"]}]},{\"@type\":\"WebPage\",\"@id\":\"https:\/\/brasilnoticias.org\/site\/video-delegacao-sub-14-do-bahia-e-alvo-de-racismo-e-xenofobia-em-mg-durante-jogo-do-brasileirinho\/\",\"url\":\"https:\/\/brasilnoticias.org\/site\/video-delegacao-sub-14-do-bahia-e-alvo-de-racismo-e-xenofobia-em-mg-durante-jogo-do-brasileirinho\/\",\"name\":\"V\u00cdDEO: Delega\u00e7\u00e3o sub-14 do Bahia \u00e9 alvo de racismo e xenofobia em MG durante jogo do Brasileirinho - Brasil not\u00edcias\",\"isPartOf\":{\"@id\":\"https:\/\/brasilnoticias.org\/site\/#website\"},\"primaryImageOfPage\":{\"@id\":\"https:\/\/brasilnoticias.org\/site\/video-delegacao-sub-14-do-bahia-e-alvo-de-racismo-e-xenofobia-em-mg-durante-jogo-do-brasileirinho\/#primaryimage\"},\"image\":{\"@id\":\"https:\/\/brasilnoticias.org\/site\/video-delegacao-sub-14-do-bahia-e-alvo-de-racismo-e-xenofobia-em-mg-durante-jogo-do-brasileirinho\/#primaryimage\"},\"thumbnailUrl\":\"https:\/\/brasilnoticias.org\/site\/wp-content\/uploads\/2023\/10\/IMAGEM_BAHIA_9.webp\",\"datePublished\":\"2023-10-15T01:47:49+00:00\",\"breadcrumb\":{\"@id\":\"https:\/\/brasilnoticias.org\/site\/video-delegacao-sub-14-do-bahia-e-alvo-de-racismo-e-xenofobia-em-mg-durante-jogo-do-brasileirinho\/#breadcrumb\"},\"inLanguage\":\"pt-PT\",\"potentialAction\":[{\"@type\":\"ReadAction\",\"target\":[\"https:\/\/brasilnoticias.org\/site\/video-delegacao-sub-14-do-bahia-e-alvo-de-racismo-e-xenofobia-em-mg-durante-jogo-do-brasileirinho\/\"]}]},{\"@type\":\"ImageObject\",\"inLanguage\":\"pt-PT\",\"@id\":\"https:\/\/brasilnoticias.org\/site\/video-delegacao-sub-14-do-bahia-e-alvo-de-racismo-e-xenofobia-em-mg-durante-jogo-do-brasileirinho\/#primaryimage\",\"url\":\"https:\/\/brasilnoticias.org\/site\/wp-content\/uploads\/2023\/10\/IMAGEM_BAHIA_9.webp\",\"contentUrl\":\"https:\/\/brasilnoticias.org\/site\/wp-content\/uploads\/2023\/10\/IMAGEM_BAHIA_9.webp\",\"width\":1200,\"height\":630},{\"@type\":\"BreadcrumbList\",\"@id\":\"https:\/\/brasilnoticias.org\/site\/video-delegacao-sub-14-do-bahia-e-alvo-de-racismo-e-xenofobia-em-mg-durante-jogo-do-brasileirinho\/#breadcrumb\",\"itemListElement\":[{\"@type\":\"ListItem\",\"position\":1,\"name\":\"In\u00edcio\",\"item\":\"https:\/\/brasilnoticias.org\/site\/\"},{\"@type\":\"ListItem\",\"position\":2,\"name\":\"V\u00cdDEO: Delega\u00e7\u00e3o sub-14 do Bahia \u00e9 alvo de racismo e xenofobia em MG durante jogo do Brasileirinho\"}]},{\"@type\":\"WebSite\",\"@id\":\"https:\/\/brasilnoticias.org\/site\/#website\",\"url\":\"https:\/\/brasilnoticias.org\/site\/\",\"name\":\"Brasil not\u00edcias\",\"description\":\"Brasil not\u00edcias\",\"publisher\":{\"@id\":\"https:\/\/brasilnoticias.org\/site\/#organization\"},\"potentialAction\":[{\"@type\":\"SearchAction\",\"target\":{\"@type\":\"EntryPoint\",\"urlTemplate\":\"https:\/\/brasilnoticias.org\/site\/?s={search_term_string}\"},\"query-input\":{\"@type\":\"PropertyValueSpecification\",\"valueRequired\":true,\"valueName\":\"search_term_string\"}}],\"inLanguage\":\"pt-PT\"},{\"@type\":\"Organization\",\"@id\":\"https:\/\/brasilnoticias.org\/site\/#organization\",\"name\":\"Brasil not\u00edcias\",\"url\":\"https:\/\/brasilnoticias.org\/site\/\",\"logo\":{\"@type\":\"ImageObject\",\"inLanguage\":\"pt-PT\",\"@id\":\"https:\/\/brasilnoticias.org\/site\/#\/schema\/logo\/image\/\",\"url\":\"https:\/\/brasilnoticias.org\/site\/wp-content\/uploads\/2022\/05\/cropped-brasilnoticias-mini.jpg\",\"contentUrl\":\"https:\/\/brasilnoticias.org\/site\/wp-content\/uploads\/2022\/05\/cropped-brasilnoticias-mini.jpg\",\"width\":314,\"height\":86,\"caption\":\"Brasil not\u00edcias\"},\"image\":{\"@id\":\"https:\/\/brasilnoticias.org\/site\/#\/schema\/logo\/image\/\"}},{\"@type\":\"Person\",\"@id\":\"https:\/\/brasilnoticias.org\/site\/#\/schema\/person\/03bbbfe6c7634ad18c26444ea39049fa\",\"name\":\"Reda\u00e7\u00e3o\",\"image\":{\"@type\":\"ImageObject\",\"inLanguage\":\"pt-PT\",\"@id\":\"https:\/\/brasilnoticias.org\/site\/#\/schema\/person\/image\/\",\"url\":\"https:\/\/secure.gravatar.com\/avatar\/9ecaf7327a696cb23ad926fedded5f1f04d7049de9e445375d55b48c001a6e42?s=96&d=mm&r=g\",\"contentUrl\":\"https:\/\/secure.gravatar.com\/avatar\/9ecaf7327a696cb23ad926fedded5f1f04d7049de9e445375d55b48c001a6e42?s=96&d=mm&r=g\",\"caption\":\"Reda\u00e7\u00e3o\"},\"url\":\"https:\/\/brasilnoticias.org\/site\/author\/henrique\/\"}]}<\/script>\n<!-- \/ Yoast SEO plugin. -->","yoast_head_json":{"title":"V\u00cdDEO: Delega\u00e7\u00e3o sub-14 do Bahia \u00e9 alvo de racismo e xenofobia em MG durante jogo do Brasileirinho - Brasil not\u00edcias","robots":{"index":"index","follow":"follow","max-snippet":"max-snippet:-1","max-image-preview":"max-image-preview:large","max-video-preview":"max-video-preview:-1"},"canonical":"https:\/\/brasilnoticias.org\/site\/video-delegacao-sub-14-do-bahia-e-alvo-de-racismo-e-xenofobia-em-mg-durante-jogo-do-brasileirinho\/","og_locale":"pt_PT","og_type":"article","og_title":"V\u00cdDEO: Delega\u00e7\u00e3o sub-14 do Bahia \u00e9 alvo de racismo e xenofobia em MG durante jogo do Brasileirinho - Brasil not\u00edcias","og_description":"Cenas lament\u00e1veis protagonizaram o jogo entre o Bahia e a Sele\u00e7\u00e3o de Juatuba-MG, v\u00e1lido pelo Campeonato Brasileiro Sub-14. Em v\u00eddeo","og_url":"https:\/\/brasilnoticias.org\/site\/video-delegacao-sub-14-do-bahia-e-alvo-de-racismo-e-xenofobia-em-mg-durante-jogo-do-brasileirinho\/","og_site_name":"Brasil not\u00edcias","article_published_time":"2023-10-15T01:47:49+00:00","og_image":[{"width":1200,"height":630,"url":"https:\/\/brasilnoticias.org\/site\/wp-content\/uploads\/2023\/10\/IMAGEM_BAHIA_9.webp","type":"image\/webp"}],"author":"Reda\u00e7\u00e3o","twitter_card":"summary_large_image","twitter_misc":{"Escrito por":"Reda\u00e7\u00e3o"},"schema":{"@context":"https:\/\/schema.org","@graph":[{"@type":"Article","@id":"https:\/\/brasilnoticias.org\/site\/video-delegacao-sub-14-do-bahia-e-alvo-de-racismo-e-xenofobia-em-mg-durante-jogo-do-brasileirinho\/#article","isPartOf":{"@id":"https:\/\/brasilnoticias.org\/site\/video-delegacao-sub-14-do-bahia-e-alvo-de-racismo-e-xenofobia-em-mg-durante-jogo-do-brasileirinho\/"},"author":{"name":"Reda\u00e7\u00e3o","@id":"https:\/\/brasilnoticias.org\/site\/#\/schema\/person\/03bbbfe6c7634ad18c26444ea39049fa"},"headline":"V\u00cdDEO: Delega\u00e7\u00e3o sub-14 do Bahia \u00e9 alvo de racismo e xenofobia em MG durante jogo do Brasileirinho","datePublished":"2023-10-15T01:47:49+00:00","mainEntityOfPage":{"@id":"https:\/\/brasilnoticias.org\/site\/video-delegacao-sub-14-do-bahia-e-alvo-de-racismo-e-xenofobia-em-mg-durante-jogo-do-brasileirinho\/"},"wordCount":172,"commentCount":0,"publisher":{"@id":"https:\/\/brasilnoticias.org\/site\/#organization"},"image":{"@id":"https:\/\/brasilnoticias.org\/site\/video-delegacao-sub-14-do-bahia-e-alvo-de-racismo-e-xenofobia-em-mg-durante-jogo-do-brasileirinho\/#primaryimage"},"thumbnailUrl":"https:\/\/brasilnoticias.org\/site\/wp-content\/uploads\/2023\/10\/IMAGEM_BAHIA_9.webp","articleSection":["Esporte","\u00daltimas"],"inLanguage":"pt-PT","potentialAction":[{"@type":"CommentAction","name":"Comment","target":["https:\/\/brasilnoticias.org\/site\/video-delegacao-sub-14-do-bahia-e-alvo-de-racismo-e-xenofobia-em-mg-durante-jogo-do-brasileirinho\/#respond"]}]},{"@type":"WebPage","@id":"https:\/\/brasilnoticias.org\/site\/video-delegacao-sub-14-do-bahia-e-alvo-de-racismo-e-xenofobia-em-mg-durante-jogo-do-brasileirinho\/","url":"https:\/\/brasilnoticias.org\/site\/video-delegacao-sub-14-do-bahia-e-alvo-de-racismo-e-xenofobia-em-mg-durante-jogo-do-brasileirinho\/","name":"V\u00cdDEO: Delega\u00e7\u00e3o sub-14 do Bahia \u00e9 alvo de racismo e xenofobia em MG durante jogo do Brasileirinho - Brasil not\u00edcias","isPartOf":{"@id":"https:\/\/brasilnoticias.org\/site\/#website"},"primaryImageOfPage":{"@id":"https:\/\/brasilnoticias.org\/site\/video-delegacao-sub-14-do-bahia-e-alvo-de-racismo-e-xenofobia-em-mg-durante-jogo-do-brasileirinho\/#primaryimage"},"image":{"@id":"https:\/\/brasilnoticias.org\/site\/video-delegacao-sub-14-do-bahia-e-alvo-de-racismo-e-xenofobia-em-mg-durante-jogo-do-brasileirinho\/#primaryimage"},"thumbnailUrl":"https:\/\/brasilnoticias.org\/site\/wp-content\/uploads\/2023\/10\/IMAGEM_BAHIA_9.webp","datePublished":"2023-10-15T01:47:49+00:00","breadcrumb":{"@id":"https:\/\/brasilnoticias.org\/site\/video-delegacao-sub-14-do-bahia-e-alvo-de-racismo-e-xenofobia-em-mg-durante-jogo-do-brasileirinho\/#breadcrumb"},"inLanguage":"pt-PT","potentialAction":[{"@type":"ReadAction","target":["https:\/\/brasilnoticias.org\/site\/video-delegacao-sub-14-do-bahia-e-alvo-de-racismo-e-xenofobia-em-mg-durante-jogo-do-brasileirinho\/"]}]},{"@type":"ImageObject","inLanguage":"pt-PT","@id":"https:\/\/brasilnoticias.org\/site\/video-delegacao-sub-14-do-bahia-e-alvo-de-racismo-e-xenofobia-em-mg-durante-jogo-do-brasileirinho\/#primaryimage","url":"https:\/\/brasilnoticias.org\/site\/wp-content\/uploads\/2023\/10\/IMAGEM_BAHIA_9.webp","contentUrl":"https:\/\/brasilnoticias.org\/site\/wp-content\/uploads\/2023\/10\/IMAGEM_BAHIA_9.webp","width":1200,"height":630},{"@type":"BreadcrumbList","@id":"https:\/\/brasilnoticias.org\/site\/video-delegacao-sub-14-do-bahia-e-alvo-de-racismo-e-xenofobia-em-mg-durante-jogo-do-brasileirinho\/#breadcrumb","itemListElement":[{"@type":"ListItem","position":1,"name":"In\u00edcio","item":"https:\/\/brasilnoticias.org\/site\/"},{"@type":"ListItem","position":2,"name":"V\u00cdDEO: Delega\u00e7\u00e3o sub-14 do Bahia \u00e9 alvo de racismo e xenofobia em MG durante jogo do Brasileirinho"}]},{"@type":"WebSite","@id":"https:\/\/brasilnoticias.org\/site\/#website","url":"https:\/\/brasilnoticias.org\/site\/","name":"Brasil not\u00edcias","description":"Brasil not\u00edcias","publisher":{"@id":"https:\/\/brasilnoticias.org\/site\/#organization"},"potentialAction":[{"@type":"SearchAction","target":{"@type":"EntryPoint","urlTemplate":"https:\/\/brasilnoticias.org\/site\/?s={search_term_string}"},"query-input":{"@type":"PropertyValueSpecification","valueRequired":true,"valueName":"search_term_string"}}],"inLanguage":"pt-PT"},{"@type":"Organization","@id":"https:\/\/brasilnoticias.org\/site\/#organization","name":"Brasil not\u00edcias","url":"https:\/\/brasilnoticias.org\/site\/","logo":{"@type":"ImageObject","inLanguage":"pt-PT","@id":"https:\/\/brasilnoticias.org\/site\/#\/schema\/logo\/image\/","url":"https:\/\/brasilnoticias.org\/site\/wp-content\/uploads\/2022\/05\/cropped-brasilnoticias-mini.jpg","contentUrl":"https:\/\/brasilnoticias.org\/site\/wp-content\/uploads\/2022\/05\/cropped-brasilnoticias-mini.jpg","width":314,"height":86,"caption":"Brasil not\u00edcias"},"image":{"@id":"https:\/\/brasilnoticias.org\/site\/#\/schema\/logo\/image\/"}},{"@type":"Person","@id":"https:\/\/brasilnoticias.org\/site\/#\/schema\/person\/03bbbfe6c7634ad18c26444ea39049fa","name":"Reda\u00e7\u00e3o","image":{"@type":"ImageObject","inLanguage":"pt-PT","@id":"https:\/\/brasilnoticias.org\/site\/#\/schema\/person\/image\/","url":"https:\/\/secure.gravatar.com\/avatar\/9ecaf7327a696cb23ad926fedded5f1f04d7049de9e445375d55b48c001a6e42?s=96&d=mm&r=g","contentUrl":"https:\/\/secure.gravatar.com\/avatar\/9ecaf7327a696cb23ad926fedded5f1f04d7049de9e445375d55b48c001a6e42?s=96&d=mm&r=g","caption":"Reda\u00e7\u00e3o"},"url":"https:\/\/brasilnoticias.org\/site\/author\/henrique\/"}]}},"_links":{"self":[{"href":"https:\/\/brasilnoticias.org\/site\/wp-json\/wp\/v2\/posts\/10148","targetHints":{"allow":["GET"]}}],"collection":[{"href":"https:\/\/brasilnoticias.org\/site\/wp-json\/wp\/v2\/posts"}],"about":[{"href":"https:\/\/brasilnoticias.org\/site\/wp-json\/wp\/v2\/types\/post"}],"author":[{"embeddable":true,"href":"https:\/\/brasilnoticias.org\/site\/wp-json\/wp\/v2\/users\/4"}],"replies":[{"embeddable":true,"href":"https:\/\/brasilnoticias.org\/site\/wp-json\/wp\/v2\/comments?post=10148"}],"version-history":[{"count":1,"href":"https:\/\/brasilnoticias.org\/site\/wp-json\/wp\/v2\/posts\/10148\/revisions"}],"predecessor-version":[{"id":10150,"href":"https:\/\/brasilnoticias.org\/site\/wp-json\/wp\/v2\/posts\/10148\/revisions\/10150"}],"wp:featuredmedia":[{"embeddable":true,"href":"https:\/\/brasilnoticias.org\/site\/wp-json\/wp\/v2\/media\/10149"}],"wp:attachment":[{"href":"https:\/\/brasilnoticias.org\/site\/wp-json\/wp\/v2\/media?parent=10148"}],"wp:term":[{"taxonomy":"category","embeddable":true,"href":"https:\/\/brasilnoticias.org\/site\/wp-json\/wp\/v2\/categories?post=10148"},{"taxonomy":"post_tag","embeddable":true,"href":"https:\/\/brasilnoticias.org\/site\/wp-json\/wp\/v2\/tags?post=10148"}],"curies":[{"name":"wp","href":"https:\/\/api.w.org\/{rel}","templated":true}]}}