{"id":10152,"date":"2023-10-15T05:00:58","date_gmt":"2023-10-15T08:00:58","guid":{"rendered":"https:\/\/brasilnoticias.org\/site\/?p=10152"},"modified":"2023-10-14T22:53:18","modified_gmt":"2023-10-15T01:53:18","slug":"bombeiros-seguem-no-combate-a-incendios-em-regioes-da-bahia-e-do-piaui","status":"publish","type":"post","link":"https:\/\/brasilnoticias.org\/site\/bombeiros-seguem-no-combate-a-incendios-em-regioes-da-bahia-e-do-piaui\/","title":{"rendered":"Bombeiros seguem no combate a inc\u00eandios em regi\u00f5es da Bahia e do Piau\u00ed"},"content":{"rendered":"<p>O trabalho acontece as regi\u00f5es Oeste, Norte e Chapada Diamantina, al\u00e9m da divisa com o Piau\u00ed<\/p>\n<p>Inc\u00eandios florestais v\u00eam demandando aten\u00e7\u00e3o e combate de mais de 200 bombeiros e em torno de 40 viaturas do Corpo de Bombeiros, neste s\u00e1bado (14\/10). O trabalho acontece as regi\u00f5es Oeste, Norte e Chapada Diamantina, al\u00e9m da divisa dom o Piau\u00ed.<\/p>\n<p>Em nota enviada \u00e0 imprensa, a assessoria de comunica\u00e7\u00e3o do Corpo de Bombeiros diz que as chamas atingem regi\u00f5es de floresta nas seguintes cidades:<\/p>\n<p>\u2013 Barreiras;<br \/>\n\u2013 Lu\u00eds Eduardo Magalh\u00e3es;<br \/>\n\u2013 Bom Jesus da Lapa;<br \/>\n\u2013 Buritirama;<br \/>\n\u2013 Santa Rita de C\u00e1ssia;<br \/>\n\u2013 Barra;<br \/>\n\u2013 Vanderley;<br \/>\n\u2013 Cotegipe;<br \/>\n\u2013 Riach\u00e3o das Neves;<br \/>\n\u2013 Pil\u00e3o Arcado;<br \/>\n\u2013 Juazeiro;<br \/>\n\u2013 Oliveira dos Brejinhos;<br \/>\n\u2013 Rio do Pires;<br \/>\n\u2013 Len\u00e7\u00f3is.<\/p>\n<p>Drones e seis aeronaves modelo Air Tractor, fornecidas atrav\u00e9s do Programa Bahia Sem Fogo da Secretaria do Meio Ambiente (Sema), tamb\u00e9m d\u00e3o apoio \u00e0 Opera\u00e7\u00e3o Florestal. Al\u00e9m dos combates, os bombeiros tamb\u00e9m realizam a\u00e7\u00f5es preventivas com a popula\u00e7\u00e3o local.<\/p>\n<p>PIAU\u00cd<br \/>\nNove bombeiros militares baianos tamb\u00e9m permanecem dando apoio ao combate aos inc\u00eandios florestais que atingem o territ\u00f3rio piauiense. Os militares atuam no munic\u00edpio Morro Cabe\u00e7a no Tempo, que fica na divisa com a Bahia.<\/p>\n<p>Foto: divulga\u00e7\u00e3o<br \/>\nAratu On<\/p>\n","protected":false},"excerpt":{"rendered":"<p>O trabalho acontece as regi\u00f5es Oeste, Norte e Chapada Diamantina, al\u00e9m da divisa com o Piau\u00ed Inc\u00eandios florestais v\u00eam demandando<\/p>\n","protected":false},"author":4,"featured_media":10155,"comment_status":"open","ping_status":"open","sticky":false,"template":"","format":"standard","meta":{"colormag_page_container_layout":"default_layout","colormag_page_sidebar_layout":"default_layout","_FSMCFIC_featured_image_caption":"","_FSMCFIC_featured_image_nocaption":"","_FSMCFIC_featured_image_hide":"","footnotes":""},"categories":[2,1],"tags":[],"class_list":["post-10152","post","type-post","status-publish","format-standard","has-post-thumbnail","hentry","category-noticias","category-ultimas"],"yoast_head":"<!-- This site is optimized with the Yoast SEO plugin v27.1.1 - https:\/\/yoast.com\/product\/yoast-seo-wordpress\/ -->\n<title>Bombeiros seguem no combate a inc\u00eandios em regi\u00f5es da Bahia e do Piau\u00ed - Brasil not\u00edcias<\/title>\n<meta name=\"robots\" content=\"index, follow, max-snippet:-1, max-image-preview:large, max-video-preview:-1\" \/>\n<link rel=\"canonical\" href=\"https:\/\/brasilnoticias.org\/site\/bombeiros-seguem-no-combate-a-incendios-em-regioes-da-bahia-e-do-piaui\/\" \/>\n<meta property=\"og:locale\" content=\"pt_PT\" \/>\n<meta property=\"og:type\" content=\"article\" \/>\n<meta property=\"og:title\" content=\"Bombeiros seguem no combate a inc\u00eandios em regi\u00f5es da Bahia e do Piau\u00ed - Brasil not\u00edcias\" \/>\n<meta property=\"og:description\" content=\"O trabalho acontece as regi\u00f5es Oeste, Norte e Chapada Diamantina, al\u00e9m da divisa com o Piau\u00ed Inc\u00eandios florestais v\u00eam demandando\" \/>\n<meta property=\"og:url\" content=\"https:\/\/brasilnoticias.org\/site\/bombeiros-seguem-no-combate-a-incendios-em-regioes-da-bahia-e-do-piaui\/\" \/>\n<meta property=\"og:site_name\" content=\"Brasil not\u00edcias\" \/>\n<meta property=\"article:published_time\" content=\"2023-10-15T08:00:58+00:00\" \/>\n<meta property=\"og:image\" content=\"https:\/\/brasilnoticias.org\/site\/wp-content\/uploads\/2023\/10\/page-13.jpg\" \/>\n\t<meta property=\"og:image:width\" content=\"740\" \/>\n\t<meta property=\"og:image:height\" content=\"470\" \/>\n\t<meta property=\"og:image:type\" content=\"image\/jpeg\" \/>\n<meta name=\"author\" content=\"Reda\u00e7\u00e3o\" \/>\n<meta name=\"twitter:card\" content=\"summary_large_image\" \/>\n<meta name=\"twitter:label1\" content=\"Escrito por\" \/>\n\t<meta name=\"twitter:data1\" content=\"Reda\u00e7\u00e3o\" \/>\n\t<meta name=\"twitter:label2\" content=\"Tempo estimado de leitura\" \/>\n\t<meta name=\"twitter:data2\" content=\"2 minutos\" \/>\n<script type=\"application\/ld+json\" class=\"yoast-schema-graph\">{\"@context\":\"https:\/\/schema.org\",\"@graph\":[{\"@type\":\"Article\",\"@id\":\"https:\/\/brasilnoticias.org\/site\/bombeiros-seguem-no-combate-a-incendios-em-regioes-da-bahia-e-do-piaui\/#article\",\"isPartOf\":{\"@id\":\"https:\/\/brasilnoticias.org\/site\/bombeiros-seguem-no-combate-a-incendios-em-regioes-da-bahia-e-do-piaui\/\"},\"author\":{\"name\":\"Reda\u00e7\u00e3o\",\"@id\":\"https:\/\/brasilnoticias.org\/site\/#\/schema\/person\/03bbbfe6c7634ad18c26444ea39049fa\"},\"headline\":\"Bombeiros seguem no combate a inc\u00eandios em regi\u00f5es da Bahia e do Piau\u00ed\",\"datePublished\":\"2023-10-15T08:00:58+00:00\",\"mainEntityOfPage\":{\"@id\":\"https:\/\/brasilnoticias.org\/site\/bombeiros-seguem-no-combate-a-incendios-em-regioes-da-bahia-e-do-piaui\/\"},\"wordCount\":228,\"commentCount\":0,\"publisher\":{\"@id\":\"https:\/\/brasilnoticias.org\/site\/#organization\"},\"image\":{\"@id\":\"https:\/\/brasilnoticias.org\/site\/bombeiros-seguem-no-combate-a-incendios-em-regioes-da-bahia-e-do-piaui\/#primaryimage\"},\"thumbnailUrl\":\"https:\/\/brasilnoticias.org\/site\/wp-content\/uploads\/2023\/10\/page-13.jpg\",\"articleSection\":[\"Not\u00edcias\",\"\u00daltimas\"],\"inLanguage\":\"pt-PT\",\"potentialAction\":[{\"@type\":\"CommentAction\",\"name\":\"Comment\",\"target\":[\"https:\/\/brasilnoticias.org\/site\/bombeiros-seguem-no-combate-a-incendios-em-regioes-da-bahia-e-do-piaui\/#respond\"]}]},{\"@type\":\"WebPage\",\"@id\":\"https:\/\/brasilnoticias.org\/site\/bombeiros-seguem-no-combate-a-incendios-em-regioes-da-bahia-e-do-piaui\/\",\"url\":\"https:\/\/brasilnoticias.org\/site\/bombeiros-seguem-no-combate-a-incendios-em-regioes-da-bahia-e-do-piaui\/\",\"name\":\"Bombeiros seguem no combate a inc\u00eandios em regi\u00f5es da Bahia e do Piau\u00ed - Brasil not\u00edcias\",\"isPartOf\":{\"@id\":\"https:\/\/brasilnoticias.org\/site\/#website\"},\"primaryImageOfPage\":{\"@id\":\"https:\/\/brasilnoticias.org\/site\/bombeiros-seguem-no-combate-a-incendios-em-regioes-da-bahia-e-do-piaui\/#primaryimage\"},\"image\":{\"@id\":\"https:\/\/brasilnoticias.org\/site\/bombeiros-seguem-no-combate-a-incendios-em-regioes-da-bahia-e-do-piaui\/#primaryimage\"},\"thumbnailUrl\":\"https:\/\/brasilnoticias.org\/site\/wp-content\/uploads\/2023\/10\/page-13.jpg\",\"datePublished\":\"2023-10-15T08:00:58+00:00\",\"breadcrumb\":{\"@id\":\"https:\/\/brasilnoticias.org\/site\/bombeiros-seguem-no-combate-a-incendios-em-regioes-da-bahia-e-do-piaui\/#breadcrumb\"},\"inLanguage\":\"pt-PT\",\"potentialAction\":[{\"@type\":\"ReadAction\",\"target\":[\"https:\/\/brasilnoticias.org\/site\/bombeiros-seguem-no-combate-a-incendios-em-regioes-da-bahia-e-do-piaui\/\"]}]},{\"@type\":\"ImageObject\",\"inLanguage\":\"pt-PT\",\"@id\":\"https:\/\/brasilnoticias.org\/site\/bombeiros-seguem-no-combate-a-incendios-em-regioes-da-bahia-e-do-piaui\/#primaryimage\",\"url\":\"https:\/\/brasilnoticias.org\/site\/wp-content\/uploads\/2023\/10\/page-13.jpg\",\"contentUrl\":\"https:\/\/brasilnoticias.org\/site\/wp-content\/uploads\/2023\/10\/page-13.jpg\",\"width\":740,\"height\":470},{\"@type\":\"BreadcrumbList\",\"@id\":\"https:\/\/brasilnoticias.org\/site\/bombeiros-seguem-no-combate-a-incendios-em-regioes-da-bahia-e-do-piaui\/#breadcrumb\",\"itemListElement\":[{\"@type\":\"ListItem\",\"position\":1,\"name\":\"In\u00edcio\",\"item\":\"https:\/\/brasilnoticias.org\/site\/\"},{\"@type\":\"ListItem\",\"position\":2,\"name\":\"Bombeiros seguem no combate a inc\u00eandios em regi\u00f5es da Bahia e do Piau\u00ed\"}]},{\"@type\":\"WebSite\",\"@id\":\"https:\/\/brasilnoticias.org\/site\/#website\",\"url\":\"https:\/\/brasilnoticias.org\/site\/\",\"name\":\"Brasil not\u00edcias\",\"description\":\"Brasil not\u00edcias\",\"publisher\":{\"@id\":\"https:\/\/brasilnoticias.org\/site\/#organization\"},\"potentialAction\":[{\"@type\":\"SearchAction\",\"target\":{\"@type\":\"EntryPoint\",\"urlTemplate\":\"https:\/\/brasilnoticias.org\/site\/?s={search_term_string}\"},\"query-input\":{\"@type\":\"PropertyValueSpecification\",\"valueRequired\":true,\"valueName\":\"search_term_string\"}}],\"inLanguage\":\"pt-PT\"},{\"@type\":\"Organization\",\"@id\":\"https:\/\/brasilnoticias.org\/site\/#organization\",\"name\":\"Brasil not\u00edcias\",\"url\":\"https:\/\/brasilnoticias.org\/site\/\",\"logo\":{\"@type\":\"ImageObject\",\"inLanguage\":\"pt-PT\",\"@id\":\"https:\/\/brasilnoticias.org\/site\/#\/schema\/logo\/image\/\",\"url\":\"https:\/\/brasilnoticias.org\/site\/wp-content\/uploads\/2022\/05\/cropped-brasilnoticias-mini.jpg\",\"contentUrl\":\"https:\/\/brasilnoticias.org\/site\/wp-content\/uploads\/2022\/05\/cropped-brasilnoticias-mini.jpg\",\"width\":314,\"height\":86,\"caption\":\"Brasil not\u00edcias\"},\"image\":{\"@id\":\"https:\/\/brasilnoticias.org\/site\/#\/schema\/logo\/image\/\"}},{\"@type\":\"Person\",\"@id\":\"https:\/\/brasilnoticias.org\/site\/#\/schema\/person\/03bbbfe6c7634ad18c26444ea39049fa\",\"name\":\"Reda\u00e7\u00e3o\",\"image\":{\"@type\":\"ImageObject\",\"inLanguage\":\"pt-PT\",\"@id\":\"https:\/\/brasilnoticias.org\/site\/#\/schema\/person\/image\/\",\"url\":\"https:\/\/secure.gravatar.com\/avatar\/9ecaf7327a696cb23ad926fedded5f1f04d7049de9e445375d55b48c001a6e42?s=96&d=mm&r=g\",\"contentUrl\":\"https:\/\/secure.gravatar.com\/avatar\/9ecaf7327a696cb23ad926fedded5f1f04d7049de9e445375d55b48c001a6e42?s=96&d=mm&r=g\",\"caption\":\"Reda\u00e7\u00e3o\"},\"url\":\"https:\/\/brasilnoticias.org\/site\/author\/henrique\/\"}]}<\/script>\n<!-- \/ Yoast SEO plugin. -->","yoast_head_json":{"title":"Bombeiros seguem no combate a inc\u00eandios em regi\u00f5es da Bahia e do Piau\u00ed - Brasil not\u00edcias","robots":{"index":"index","follow":"follow","max-snippet":"max-snippet:-1","max-image-preview":"max-image-preview:large","max-video-preview":"max-video-preview:-1"},"canonical":"https:\/\/brasilnoticias.org\/site\/bombeiros-seguem-no-combate-a-incendios-em-regioes-da-bahia-e-do-piaui\/","og_locale":"pt_PT","og_type":"article","og_title":"Bombeiros seguem no combate a inc\u00eandios em regi\u00f5es da Bahia e do Piau\u00ed - Brasil not\u00edcias","og_description":"O trabalho acontece as regi\u00f5es Oeste, Norte e Chapada Diamantina, al\u00e9m da divisa com o Piau\u00ed Inc\u00eandios florestais v\u00eam demandando","og_url":"https:\/\/brasilnoticias.org\/site\/bombeiros-seguem-no-combate-a-incendios-em-regioes-da-bahia-e-do-piaui\/","og_site_name":"Brasil not\u00edcias","article_published_time":"2023-10-15T08:00:58+00:00","og_image":[{"width":740,"height":470,"url":"https:\/\/brasilnoticias.org\/site\/wp-content\/uploads\/2023\/10\/page-13.jpg","type":"image\/jpeg"}],"author":"Reda\u00e7\u00e3o","twitter_card":"summary_large_image","twitter_misc":{"Escrito por":"Reda\u00e7\u00e3o","Tempo estimado de leitura":"2 minutos"},"schema":{"@context":"https:\/\/schema.org","@graph":[{"@type":"Article","@id":"https:\/\/brasilnoticias.org\/site\/bombeiros-seguem-no-combate-a-incendios-em-regioes-da-bahia-e-do-piaui\/#article","isPartOf":{"@id":"https:\/\/brasilnoticias.org\/site\/bombeiros-seguem-no-combate-a-incendios-em-regioes-da-bahia-e-do-piaui\/"},"author":{"name":"Reda\u00e7\u00e3o","@id":"https:\/\/brasilnoticias.org\/site\/#\/schema\/person\/03bbbfe6c7634ad18c26444ea39049fa"},"headline":"Bombeiros seguem no combate a inc\u00eandios em regi\u00f5es da Bahia e do Piau\u00ed","datePublished":"2023-10-15T08:00:58+00:00","mainEntityOfPage":{"@id":"https:\/\/brasilnoticias.org\/site\/bombeiros-seguem-no-combate-a-incendios-em-regioes-da-bahia-e-do-piaui\/"},"wordCount":228,"commentCount":0,"publisher":{"@id":"https:\/\/brasilnoticias.org\/site\/#organization"},"image":{"@id":"https:\/\/brasilnoticias.org\/site\/bombeiros-seguem-no-combate-a-incendios-em-regioes-da-bahia-e-do-piaui\/#primaryimage"},"thumbnailUrl":"https:\/\/brasilnoticias.org\/site\/wp-content\/uploads\/2023\/10\/page-13.jpg","articleSection":["Not\u00edcias","\u00daltimas"],"inLanguage":"pt-PT","potentialAction":[{"@type":"CommentAction","name":"Comment","target":["https:\/\/brasilnoticias.org\/site\/bombeiros-seguem-no-combate-a-incendios-em-regioes-da-bahia-e-do-piaui\/#respond"]}]},{"@type":"WebPage","@id":"https:\/\/brasilnoticias.org\/site\/bombeiros-seguem-no-combate-a-incendios-em-regioes-da-bahia-e-do-piaui\/","url":"https:\/\/brasilnoticias.org\/site\/bombeiros-seguem-no-combate-a-incendios-em-regioes-da-bahia-e-do-piaui\/","name":"Bombeiros seguem no combate a inc\u00eandios em regi\u00f5es da Bahia e do Piau\u00ed - Brasil not\u00edcias","isPartOf":{"@id":"https:\/\/brasilnoticias.org\/site\/#website"},"primaryImageOfPage":{"@id":"https:\/\/brasilnoticias.org\/site\/bombeiros-seguem-no-combate-a-incendios-em-regioes-da-bahia-e-do-piaui\/#primaryimage"},"image":{"@id":"https:\/\/brasilnoticias.org\/site\/bombeiros-seguem-no-combate-a-incendios-em-regioes-da-bahia-e-do-piaui\/#primaryimage"},"thumbnailUrl":"https:\/\/brasilnoticias.org\/site\/wp-content\/uploads\/2023\/10\/page-13.jpg","datePublished":"2023-10-15T08:00:58+00:00","breadcrumb":{"@id":"https:\/\/brasilnoticias.org\/site\/bombeiros-seguem-no-combate-a-incendios-em-regioes-da-bahia-e-do-piaui\/#breadcrumb"},"inLanguage":"pt-PT","potentialAction":[{"@type":"ReadAction","target":["https:\/\/brasilnoticias.org\/site\/bombeiros-seguem-no-combate-a-incendios-em-regioes-da-bahia-e-do-piaui\/"]}]},{"@type":"ImageObject","inLanguage":"pt-PT","@id":"https:\/\/brasilnoticias.org\/site\/bombeiros-seguem-no-combate-a-incendios-em-regioes-da-bahia-e-do-piaui\/#primaryimage","url":"https:\/\/brasilnoticias.org\/site\/wp-content\/uploads\/2023\/10\/page-13.jpg","contentUrl":"https:\/\/brasilnoticias.org\/site\/wp-content\/uploads\/2023\/10\/page-13.jpg","width":740,"height":470},{"@type":"BreadcrumbList","@id":"https:\/\/brasilnoticias.org\/site\/bombeiros-seguem-no-combate-a-incendios-em-regioes-da-bahia-e-do-piaui\/#breadcrumb","itemListElement":[{"@type":"ListItem","position":1,"name":"In\u00edcio","item":"https:\/\/brasilnoticias.org\/site\/"},{"@type":"ListItem","position":2,"name":"Bombeiros seguem no combate a inc\u00eandios em regi\u00f5es da Bahia e do Piau\u00ed"}]},{"@type":"WebSite","@id":"https:\/\/brasilnoticias.org\/site\/#website","url":"https:\/\/brasilnoticias.org\/site\/","name":"Brasil not\u00edcias","description":"Brasil not\u00edcias","publisher":{"@id":"https:\/\/brasilnoticias.org\/site\/#organization"},"potentialAction":[{"@type":"SearchAction","target":{"@type":"EntryPoint","urlTemplate":"https:\/\/brasilnoticias.org\/site\/?s={search_term_string}"},"query-input":{"@type":"PropertyValueSpecification","valueRequired":true,"valueName":"search_term_string"}}],"inLanguage":"pt-PT"},{"@type":"Organization","@id":"https:\/\/brasilnoticias.org\/site\/#organization","name":"Brasil not\u00edcias","url":"https:\/\/brasilnoticias.org\/site\/","logo":{"@type":"ImageObject","inLanguage":"pt-PT","@id":"https:\/\/brasilnoticias.org\/site\/#\/schema\/logo\/image\/","url":"https:\/\/brasilnoticias.org\/site\/wp-content\/uploads\/2022\/05\/cropped-brasilnoticias-mini.jpg","contentUrl":"https:\/\/brasilnoticias.org\/site\/wp-content\/uploads\/2022\/05\/cropped-brasilnoticias-mini.jpg","width":314,"height":86,"caption":"Brasil not\u00edcias"},"image":{"@id":"https:\/\/brasilnoticias.org\/site\/#\/schema\/logo\/image\/"}},{"@type":"Person","@id":"https:\/\/brasilnoticias.org\/site\/#\/schema\/person\/03bbbfe6c7634ad18c26444ea39049fa","name":"Reda\u00e7\u00e3o","image":{"@type":"ImageObject","inLanguage":"pt-PT","@id":"https:\/\/brasilnoticias.org\/site\/#\/schema\/person\/image\/","url":"https:\/\/secure.gravatar.com\/avatar\/9ecaf7327a696cb23ad926fedded5f1f04d7049de9e445375d55b48c001a6e42?s=96&d=mm&r=g","contentUrl":"https:\/\/secure.gravatar.com\/avatar\/9ecaf7327a696cb23ad926fedded5f1f04d7049de9e445375d55b48c001a6e42?s=96&d=mm&r=g","caption":"Reda\u00e7\u00e3o"},"url":"https:\/\/brasilnoticias.org\/site\/author\/henrique\/"}]}},"_links":{"self":[{"href":"https:\/\/brasilnoticias.org\/site\/wp-json\/wp\/v2\/posts\/10152","targetHints":{"allow":["GET"]}}],"collection":[{"href":"https:\/\/brasilnoticias.org\/site\/wp-json\/wp\/v2\/posts"}],"about":[{"href":"https:\/\/brasilnoticias.org\/site\/wp-json\/wp\/v2\/types\/post"}],"author":[{"embeddable":true,"href":"https:\/\/brasilnoticias.org\/site\/wp-json\/wp\/v2\/users\/4"}],"replies":[{"embeddable":true,"href":"https:\/\/brasilnoticias.org\/site\/wp-json\/wp\/v2\/comments?post=10152"}],"version-history":[{"count":2,"href":"https:\/\/brasilnoticias.org\/site\/wp-json\/wp\/v2\/posts\/10152\/revisions"}],"predecessor-version":[{"id":10157,"href":"https:\/\/brasilnoticias.org\/site\/wp-json\/wp\/v2\/posts\/10152\/revisions\/10157"}],"wp:featuredmedia":[{"embeddable":true,"href":"https:\/\/brasilnoticias.org\/site\/wp-json\/wp\/v2\/media\/10155"}],"wp:attachment":[{"href":"https:\/\/brasilnoticias.org\/site\/wp-json\/wp\/v2\/media?parent=10152"}],"wp:term":[{"taxonomy":"category","embeddable":true,"href":"https:\/\/brasilnoticias.org\/site\/wp-json\/wp\/v2\/categories?post=10152"},{"taxonomy":"post_tag","embeddable":true,"href":"https:\/\/brasilnoticias.org\/site\/wp-json\/wp\/v2\/tags?post=10152"}],"curies":[{"name":"wp","href":"https:\/\/api.w.org\/{rel}","templated":true}]}}