{"id":1016,"date":"2022-07-22T14:48:21","date_gmt":"2022-07-22T17:48:21","guid":{"rendered":"https:\/\/brasilnoticias.org\/site\/?p=1016"},"modified":"2022-07-22T14:49:07","modified_gmt":"2022-07-22T17:49:07","slug":"familia-pede-doacao-de-sangue-para-nutricionista-baleada","status":"publish","type":"post","link":"https:\/\/brasilnoticias.org\/site\/familia-pede-doacao-de-sangue-para-nutricionista-baleada\/","title":{"rendered":"FAM\u00cdLIA PEDE DOA\u00c7\u00c3O DE SANGUE PARA NUTRICIONISTA BALEADA"},"content":{"rendered":"<p>A fam\u00edlia da nutricionista Esperan\u00e7a Cedraz Brand\u00e3o pede doa\u00e7\u00e3o de sangue em nome da v\u00edtima. As doa\u00e7\u00f5es podem ser feitas no Vita Bahia, na Avenida Princesa Isabel, n\u00b0370 \u2013 Barra, de segunda a sexta-feira das 07h \u00e0s 16h e aos s\u00e1bados das 8h \u00e0s 12h<\/p>\n<p><a href=\"https:\/\/www.bnews.com.br\/noticias\/policia\/mulher-e-baleada-durante-tentativa-de-assalto-no-vale-de-nazare.html\" target=\"_blank\" rel=\"noopener\">Esperan\u00e7a foi baleada nesta manh\u00e3 durante uma tentativa de assalto no Vale de Nazar\u00e9, em Salvador.<\/a>\u00a0A v\u00edtima \u00e9 nutricionista do Hospital Santa Izabel foi abordada pelos suspeitos, que atiraram no rosto dela. A mulher foi socorrida por populares e uma ambul\u00e2ncia que passava pelo local levou a nutricionista para o hospital.<\/p>\n","protected":false},"excerpt":{"rendered":"<p>A fam\u00edlia da nutricionista Esperan\u00e7a Cedraz Brand\u00e3o pede doa\u00e7\u00e3o de sangue em nome da v\u00edtima. As doa\u00e7\u00f5es podem ser feitas<\/p>\n","protected":false},"author":2,"featured_media":1017,"comment_status":"open","ping_status":"open","sticky":false,"template":"","format":"standard","meta":{"colormag_page_container_layout":"default_layout","colormag_page_sidebar_layout":"default_layout","_FSMCFIC_featured_image_caption":"","_FSMCFIC_featured_image_nocaption":"","_FSMCFIC_featured_image_hide":"","footnotes":""},"categories":[3,1],"tags":[],"class_list":["post-1016","post","type-post","status-publish","format-standard","has-post-thumbnail","hentry","category-policia","category-ultimas"],"yoast_head":"<!-- This site is optimized with the Yoast SEO plugin v27.1.1 - https:\/\/yoast.com\/product\/yoast-seo-wordpress\/ -->\n<title>FAM\u00cdLIA PEDE DOA\u00c7\u00c3O DE SANGUE PARA NUTRICIONISTA BALEADA - Brasil not\u00edcias<\/title>\n<meta name=\"robots\" content=\"index, follow, max-snippet:-1, max-image-preview:large, max-video-preview:-1\" \/>\n<link rel=\"canonical\" href=\"https:\/\/brasilnoticias.org\/site\/familia-pede-doacao-de-sangue-para-nutricionista-baleada\/\" \/>\n<meta property=\"og:locale\" content=\"pt_PT\" \/>\n<meta property=\"og:type\" content=\"article\" \/>\n<meta property=\"og:title\" content=\"FAM\u00cdLIA PEDE DOA\u00c7\u00c3O DE SANGUE PARA NUTRICIONISTA BALEADA - Brasil not\u00edcias\" \/>\n<meta property=\"og:description\" content=\"A fam\u00edlia da nutricionista Esperan\u00e7a Cedraz Brand\u00e3o pede doa\u00e7\u00e3o de sangue em nome da v\u00edtima. As doa\u00e7\u00f5es podem ser feitas\" \/>\n<meta property=\"og:url\" content=\"https:\/\/brasilnoticias.org\/site\/familia-pede-doacao-de-sangue-para-nutricionista-baleada\/\" \/>\n<meta property=\"og:site_name\" content=\"Brasil not\u00edcias\" \/>\n<meta property=\"article:published_time\" content=\"2022-07-22T17:48:21+00:00\" \/>\n<meta property=\"article:modified_time\" content=\"2022-07-22T17:49:07+00:00\" \/>\n<meta property=\"og:image\" content=\"https:\/\/brasilnoticias.org\/site\/wp-content\/uploads\/2022\/07\/Screenshot_20220722-144309-548.png\" \/>\n\t<meta property=\"og:image:width\" content=\"704\" \/>\n\t<meta property=\"og:image:height\" content=\"680\" \/>\n\t<meta property=\"og:image:type\" content=\"image\/png\" \/>\n<meta name=\"author\" content=\"Reda\u00e7\u00e3o\" \/>\n<meta name=\"twitter:card\" content=\"summary_large_image\" \/>\n<meta name=\"twitter:label1\" content=\"Escrito por\" \/>\n\t<meta name=\"twitter:data1\" content=\"Reda\u00e7\u00e3o\" \/>\n\t<meta name=\"twitter:label2\" content=\"Tempo estimado de leitura\" \/>\n\t<meta name=\"twitter:data2\" content=\"1 minuto\" \/>\n<script type=\"application\/ld+json\" class=\"yoast-schema-graph\">{\"@context\":\"https:\/\/schema.org\",\"@graph\":[{\"@type\":\"Article\",\"@id\":\"https:\/\/brasilnoticias.org\/site\/familia-pede-doacao-de-sangue-para-nutricionista-baleada\/#article\",\"isPartOf\":{\"@id\":\"https:\/\/brasilnoticias.org\/site\/familia-pede-doacao-de-sangue-para-nutricionista-baleada\/\"},\"author\":{\"name\":\"Reda\u00e7\u00e3o\",\"@id\":\"https:\/\/brasilnoticias.org\/site\/#\/schema\/person\/f609fa847b5314f1c8b983342f34c798\"},\"headline\":\"FAM\u00cdLIA PEDE DOA\u00c7\u00c3O DE SANGUE PARA NUTRICIONISTA BALEADA\",\"datePublished\":\"2022-07-22T17:48:21+00:00\",\"dateModified\":\"2022-07-22T17:49:07+00:00\",\"mainEntityOfPage\":{\"@id\":\"https:\/\/brasilnoticias.org\/site\/familia-pede-doacao-de-sangue-para-nutricionista-baleada\/\"},\"wordCount\":115,\"commentCount\":0,\"publisher\":{\"@id\":\"https:\/\/brasilnoticias.org\/site\/#organization\"},\"image\":{\"@id\":\"https:\/\/brasilnoticias.org\/site\/familia-pede-doacao-de-sangue-para-nutricionista-baleada\/#primaryimage\"},\"thumbnailUrl\":\"https:\/\/brasilnoticias.org\/site\/wp-content\/uploads\/2022\/07\/Screenshot_20220722-144309-548.png\",\"articleSection\":[\"Pol\u00edcia\",\"\u00daltimas\"],\"inLanguage\":\"pt-PT\",\"potentialAction\":[{\"@type\":\"CommentAction\",\"name\":\"Comment\",\"target\":[\"https:\/\/brasilnoticias.org\/site\/familia-pede-doacao-de-sangue-para-nutricionista-baleada\/#respond\"]}]},{\"@type\":\"WebPage\",\"@id\":\"https:\/\/brasilnoticias.org\/site\/familia-pede-doacao-de-sangue-para-nutricionista-baleada\/\",\"url\":\"https:\/\/brasilnoticias.org\/site\/familia-pede-doacao-de-sangue-para-nutricionista-baleada\/\",\"name\":\"FAM\u00cdLIA PEDE DOA\u00c7\u00c3O DE SANGUE PARA NUTRICIONISTA BALEADA - Brasil not\u00edcias\",\"isPartOf\":{\"@id\":\"https:\/\/brasilnoticias.org\/site\/#website\"},\"primaryImageOfPage\":{\"@id\":\"https:\/\/brasilnoticias.org\/site\/familia-pede-doacao-de-sangue-para-nutricionista-baleada\/#primaryimage\"},\"image\":{\"@id\":\"https:\/\/brasilnoticias.org\/site\/familia-pede-doacao-de-sangue-para-nutricionista-baleada\/#primaryimage\"},\"thumbnailUrl\":\"https:\/\/brasilnoticias.org\/site\/wp-content\/uploads\/2022\/07\/Screenshot_20220722-144309-548.png\",\"datePublished\":\"2022-07-22T17:48:21+00:00\",\"dateModified\":\"2022-07-22T17:49:07+00:00\",\"breadcrumb\":{\"@id\":\"https:\/\/brasilnoticias.org\/site\/familia-pede-doacao-de-sangue-para-nutricionista-baleada\/#breadcrumb\"},\"inLanguage\":\"pt-PT\",\"potentialAction\":[{\"@type\":\"ReadAction\",\"target\":[\"https:\/\/brasilnoticias.org\/site\/familia-pede-doacao-de-sangue-para-nutricionista-baleada\/\"]}]},{\"@type\":\"ImageObject\",\"inLanguage\":\"pt-PT\",\"@id\":\"https:\/\/brasilnoticias.org\/site\/familia-pede-doacao-de-sangue-para-nutricionista-baleada\/#primaryimage\",\"url\":\"https:\/\/brasilnoticias.org\/site\/wp-content\/uploads\/2022\/07\/Screenshot_20220722-144309-548.png\",\"contentUrl\":\"https:\/\/brasilnoticias.org\/site\/wp-content\/uploads\/2022\/07\/Screenshot_20220722-144309-548.png\",\"width\":704,\"height\":680},{\"@type\":\"BreadcrumbList\",\"@id\":\"https:\/\/brasilnoticias.org\/site\/familia-pede-doacao-de-sangue-para-nutricionista-baleada\/#breadcrumb\",\"itemListElement\":[{\"@type\":\"ListItem\",\"position\":1,\"name\":\"In\u00edcio\",\"item\":\"https:\/\/brasilnoticias.org\/site\/\"},{\"@type\":\"ListItem\",\"position\":2,\"name\":\"FAM\u00cdLIA PEDE DOA\u00c7\u00c3O DE SANGUE PARA NUTRICIONISTA BALEADA\"}]},{\"@type\":\"WebSite\",\"@id\":\"https:\/\/brasilnoticias.org\/site\/#website\",\"url\":\"https:\/\/brasilnoticias.org\/site\/\",\"name\":\"Brasil not\u00edcias\",\"description\":\"Brasil not\u00edcias\",\"publisher\":{\"@id\":\"https:\/\/brasilnoticias.org\/site\/#organization\"},\"potentialAction\":[{\"@type\":\"SearchAction\",\"target\":{\"@type\":\"EntryPoint\",\"urlTemplate\":\"https:\/\/brasilnoticias.org\/site\/?s={search_term_string}\"},\"query-input\":{\"@type\":\"PropertyValueSpecification\",\"valueRequired\":true,\"valueName\":\"search_term_string\"}}],\"inLanguage\":\"pt-PT\"},{\"@type\":\"Organization\",\"@id\":\"https:\/\/brasilnoticias.org\/site\/#organization\",\"name\":\"Brasil not\u00edcias\",\"url\":\"https:\/\/brasilnoticias.org\/site\/\",\"logo\":{\"@type\":\"ImageObject\",\"inLanguage\":\"pt-PT\",\"@id\":\"https:\/\/brasilnoticias.org\/site\/#\/schema\/logo\/image\/\",\"url\":\"https:\/\/brasilnoticias.org\/site\/wp-content\/uploads\/2022\/05\/cropped-brasilnoticias-mini.jpg\",\"contentUrl\":\"https:\/\/brasilnoticias.org\/site\/wp-content\/uploads\/2022\/05\/cropped-brasilnoticias-mini.jpg\",\"width\":314,\"height\":86,\"caption\":\"Brasil not\u00edcias\"},\"image\":{\"@id\":\"https:\/\/brasilnoticias.org\/site\/#\/schema\/logo\/image\/\"}},{\"@type\":\"Person\",\"@id\":\"https:\/\/brasilnoticias.org\/site\/#\/schema\/person\/f609fa847b5314f1c8b983342f34c798\",\"name\":\"Reda\u00e7\u00e3o\",\"image\":{\"@type\":\"ImageObject\",\"inLanguage\":\"pt-PT\",\"@id\":\"https:\/\/brasilnoticias.org\/site\/#\/schema\/person\/image\/\",\"url\":\"https:\/\/secure.gravatar.com\/avatar\/447284c06c1ad8b46465a36de9cd0d8326b73387a22799b8b1ffb1fbcff2ed0c?s=96&d=mm&r=g\",\"contentUrl\":\"https:\/\/secure.gravatar.com\/avatar\/447284c06c1ad8b46465a36de9cd0d8326b73387a22799b8b1ffb1fbcff2ed0c?s=96&d=mm&r=g\",\"caption\":\"Reda\u00e7\u00e3o\"},\"url\":\"https:\/\/brasilnoticias.org\/site\/author\/redacao\/\"}]}<\/script>\n<!-- \/ Yoast SEO plugin. -->","yoast_head_json":{"title":"FAM\u00cdLIA PEDE DOA\u00c7\u00c3O DE SANGUE PARA NUTRICIONISTA BALEADA - Brasil not\u00edcias","robots":{"index":"index","follow":"follow","max-snippet":"max-snippet:-1","max-image-preview":"max-image-preview:large","max-video-preview":"max-video-preview:-1"},"canonical":"https:\/\/brasilnoticias.org\/site\/familia-pede-doacao-de-sangue-para-nutricionista-baleada\/","og_locale":"pt_PT","og_type":"article","og_title":"FAM\u00cdLIA PEDE DOA\u00c7\u00c3O DE SANGUE PARA NUTRICIONISTA BALEADA - Brasil not\u00edcias","og_description":"A fam\u00edlia da nutricionista Esperan\u00e7a Cedraz Brand\u00e3o pede doa\u00e7\u00e3o de sangue em nome da v\u00edtima. As doa\u00e7\u00f5es podem ser feitas","og_url":"https:\/\/brasilnoticias.org\/site\/familia-pede-doacao-de-sangue-para-nutricionista-baleada\/","og_site_name":"Brasil not\u00edcias","article_published_time":"2022-07-22T17:48:21+00:00","article_modified_time":"2022-07-22T17:49:07+00:00","og_image":[{"width":704,"height":680,"url":"https:\/\/brasilnoticias.org\/site\/wp-content\/uploads\/2022\/07\/Screenshot_20220722-144309-548.png","type":"image\/png"}],"author":"Reda\u00e7\u00e3o","twitter_card":"summary_large_image","twitter_misc":{"Escrito por":"Reda\u00e7\u00e3o","Tempo estimado de leitura":"1 minuto"},"schema":{"@context":"https:\/\/schema.org","@graph":[{"@type":"Article","@id":"https:\/\/brasilnoticias.org\/site\/familia-pede-doacao-de-sangue-para-nutricionista-baleada\/#article","isPartOf":{"@id":"https:\/\/brasilnoticias.org\/site\/familia-pede-doacao-de-sangue-para-nutricionista-baleada\/"},"author":{"name":"Reda\u00e7\u00e3o","@id":"https:\/\/brasilnoticias.org\/site\/#\/schema\/person\/f609fa847b5314f1c8b983342f34c798"},"headline":"FAM\u00cdLIA PEDE DOA\u00c7\u00c3O DE SANGUE PARA NUTRICIONISTA BALEADA","datePublished":"2022-07-22T17:48:21+00:00","dateModified":"2022-07-22T17:49:07+00:00","mainEntityOfPage":{"@id":"https:\/\/brasilnoticias.org\/site\/familia-pede-doacao-de-sangue-para-nutricionista-baleada\/"},"wordCount":115,"commentCount":0,"publisher":{"@id":"https:\/\/brasilnoticias.org\/site\/#organization"},"image":{"@id":"https:\/\/brasilnoticias.org\/site\/familia-pede-doacao-de-sangue-para-nutricionista-baleada\/#primaryimage"},"thumbnailUrl":"https:\/\/brasilnoticias.org\/site\/wp-content\/uploads\/2022\/07\/Screenshot_20220722-144309-548.png","articleSection":["Pol\u00edcia","\u00daltimas"],"inLanguage":"pt-PT","potentialAction":[{"@type":"CommentAction","name":"Comment","target":["https:\/\/brasilnoticias.org\/site\/familia-pede-doacao-de-sangue-para-nutricionista-baleada\/#respond"]}]},{"@type":"WebPage","@id":"https:\/\/brasilnoticias.org\/site\/familia-pede-doacao-de-sangue-para-nutricionista-baleada\/","url":"https:\/\/brasilnoticias.org\/site\/familia-pede-doacao-de-sangue-para-nutricionista-baleada\/","name":"FAM\u00cdLIA PEDE DOA\u00c7\u00c3O DE SANGUE PARA NUTRICIONISTA BALEADA - Brasil not\u00edcias","isPartOf":{"@id":"https:\/\/brasilnoticias.org\/site\/#website"},"primaryImageOfPage":{"@id":"https:\/\/brasilnoticias.org\/site\/familia-pede-doacao-de-sangue-para-nutricionista-baleada\/#primaryimage"},"image":{"@id":"https:\/\/brasilnoticias.org\/site\/familia-pede-doacao-de-sangue-para-nutricionista-baleada\/#primaryimage"},"thumbnailUrl":"https:\/\/brasilnoticias.org\/site\/wp-content\/uploads\/2022\/07\/Screenshot_20220722-144309-548.png","datePublished":"2022-07-22T17:48:21+00:00","dateModified":"2022-07-22T17:49:07+00:00","breadcrumb":{"@id":"https:\/\/brasilnoticias.org\/site\/familia-pede-doacao-de-sangue-para-nutricionista-baleada\/#breadcrumb"},"inLanguage":"pt-PT","potentialAction":[{"@type":"ReadAction","target":["https:\/\/brasilnoticias.org\/site\/familia-pede-doacao-de-sangue-para-nutricionista-baleada\/"]}]},{"@type":"ImageObject","inLanguage":"pt-PT","@id":"https:\/\/brasilnoticias.org\/site\/familia-pede-doacao-de-sangue-para-nutricionista-baleada\/#primaryimage","url":"https:\/\/brasilnoticias.org\/site\/wp-content\/uploads\/2022\/07\/Screenshot_20220722-144309-548.png","contentUrl":"https:\/\/brasilnoticias.org\/site\/wp-content\/uploads\/2022\/07\/Screenshot_20220722-144309-548.png","width":704,"height":680},{"@type":"BreadcrumbList","@id":"https:\/\/brasilnoticias.org\/site\/familia-pede-doacao-de-sangue-para-nutricionista-baleada\/#breadcrumb","itemListElement":[{"@type":"ListItem","position":1,"name":"In\u00edcio","item":"https:\/\/brasilnoticias.org\/site\/"},{"@type":"ListItem","position":2,"name":"FAM\u00cdLIA PEDE DOA\u00c7\u00c3O DE SANGUE PARA NUTRICIONISTA BALEADA"}]},{"@type":"WebSite","@id":"https:\/\/brasilnoticias.org\/site\/#website","url":"https:\/\/brasilnoticias.org\/site\/","name":"Brasil not\u00edcias","description":"Brasil not\u00edcias","publisher":{"@id":"https:\/\/brasilnoticias.org\/site\/#organization"},"potentialAction":[{"@type":"SearchAction","target":{"@type":"EntryPoint","urlTemplate":"https:\/\/brasilnoticias.org\/site\/?s={search_term_string}"},"query-input":{"@type":"PropertyValueSpecification","valueRequired":true,"valueName":"search_term_string"}}],"inLanguage":"pt-PT"},{"@type":"Organization","@id":"https:\/\/brasilnoticias.org\/site\/#organization","name":"Brasil not\u00edcias","url":"https:\/\/brasilnoticias.org\/site\/","logo":{"@type":"ImageObject","inLanguage":"pt-PT","@id":"https:\/\/brasilnoticias.org\/site\/#\/schema\/logo\/image\/","url":"https:\/\/brasilnoticias.org\/site\/wp-content\/uploads\/2022\/05\/cropped-brasilnoticias-mini.jpg","contentUrl":"https:\/\/brasilnoticias.org\/site\/wp-content\/uploads\/2022\/05\/cropped-brasilnoticias-mini.jpg","width":314,"height":86,"caption":"Brasil not\u00edcias"},"image":{"@id":"https:\/\/brasilnoticias.org\/site\/#\/schema\/logo\/image\/"}},{"@type":"Person","@id":"https:\/\/brasilnoticias.org\/site\/#\/schema\/person\/f609fa847b5314f1c8b983342f34c798","name":"Reda\u00e7\u00e3o","image":{"@type":"ImageObject","inLanguage":"pt-PT","@id":"https:\/\/brasilnoticias.org\/site\/#\/schema\/person\/image\/","url":"https:\/\/secure.gravatar.com\/avatar\/447284c06c1ad8b46465a36de9cd0d8326b73387a22799b8b1ffb1fbcff2ed0c?s=96&d=mm&r=g","contentUrl":"https:\/\/secure.gravatar.com\/avatar\/447284c06c1ad8b46465a36de9cd0d8326b73387a22799b8b1ffb1fbcff2ed0c?s=96&d=mm&r=g","caption":"Reda\u00e7\u00e3o"},"url":"https:\/\/brasilnoticias.org\/site\/author\/redacao\/"}]}},"_links":{"self":[{"href":"https:\/\/brasilnoticias.org\/site\/wp-json\/wp\/v2\/posts\/1016","targetHints":{"allow":["GET"]}}],"collection":[{"href":"https:\/\/brasilnoticias.org\/site\/wp-json\/wp\/v2\/posts"}],"about":[{"href":"https:\/\/brasilnoticias.org\/site\/wp-json\/wp\/v2\/types\/post"}],"author":[{"embeddable":true,"href":"https:\/\/brasilnoticias.org\/site\/wp-json\/wp\/v2\/users\/2"}],"replies":[{"embeddable":true,"href":"https:\/\/brasilnoticias.org\/site\/wp-json\/wp\/v2\/comments?post=1016"}],"version-history":[{"count":1,"href":"https:\/\/brasilnoticias.org\/site\/wp-json\/wp\/v2\/posts\/1016\/revisions"}],"predecessor-version":[{"id":1018,"href":"https:\/\/brasilnoticias.org\/site\/wp-json\/wp\/v2\/posts\/1016\/revisions\/1018"}],"wp:featuredmedia":[{"embeddable":true,"href":"https:\/\/brasilnoticias.org\/site\/wp-json\/wp\/v2\/media\/1017"}],"wp:attachment":[{"href":"https:\/\/brasilnoticias.org\/site\/wp-json\/wp\/v2\/media?parent=1016"}],"wp:term":[{"taxonomy":"category","embeddable":true,"href":"https:\/\/brasilnoticias.org\/site\/wp-json\/wp\/v2\/categories?post=1016"},{"taxonomy":"post_tag","embeddable":true,"href":"https:\/\/brasilnoticias.org\/site\/wp-json\/wp\/v2\/tags?post=1016"}],"curies":[{"name":"wp","href":"https:\/\/api.w.org\/{rel}","templated":true}]}}