{"id":10162,"date":"2023-10-15T06:54:56","date_gmt":"2023-10-15T09:54:56","guid":{"rendered":"https:\/\/brasilnoticias.org\/site\/?p=10162"},"modified":"2023-10-14T22:55:55","modified_gmt":"2023-10-15T01:55:55","slug":"resolucao-da-onu-preparada-pelo-brasil-classifica-ataque-do-hamas-como-terrorista","status":"publish","type":"post","link":"https:\/\/brasilnoticias.org\/site\/resolucao-da-onu-preparada-pelo-brasil-classifica-ataque-do-hamas-como-terrorista\/","title":{"rendered":"Resolu\u00e7\u00e3o da ONU preparada pelo Brasil classifica ataque do Hamas como terrorista"},"content":{"rendered":"<p>O documento n\u00e3o tem car\u00e1ter de norma de direito internacional, mas deve nortear o posicionamento da Organiza\u00e7\u00e3o diante do conflito<\/p>\n<p>O Brasil prepara a resolu\u00e7\u00e3o da Organiza\u00e7\u00e3o das Na\u00e7\u00f5es Unidas (ONU) sobre a guerra eclodida, no \u00faltimo s\u00e1bado (7), entre Israel e Hamas. Este documento n\u00e3o tem car\u00e1ter de norma internacional, mas define o comunicado que a ONU deve passar ao mundo diante dos bombardeios.<\/p>\n<p>Segundo apura\u00e7\u00e3o do O Globo, a nota destaca a necessidade de uma \u201ccontundente condena\u00e7\u00e3o dos ataques terroristas do Hamas\u201d. Dentre as medidas sugeridas pelo pa\u00eds ainda \u00e9 destacado a urg\u00eancia para que ocorra um cessar-fogo, a libera\u00e7\u00e3o dos ref\u00e9ns e que a ONU possa ter tr\u00e2nsito livre para atuar no territ\u00f3rio com a\u00e7\u00f5es volunt\u00e1rias.<\/p>\n<p>A resolu\u00e7\u00e3o passar\u00e1 ainda por consultas aos demais 14 membros do Conselho Nacional de Seguran\u00e7a. O Brasil redige o texto pelo fato de deter a presid\u00eancia rotativa do organismo.<\/p>\n<p>Foto: Ricardo Stuckert \/ PR<br \/>\nPor: Metro1<\/p>\n","protected":false},"excerpt":{"rendered":"<p>O documento n\u00e3o tem car\u00e1ter de norma de direito internacional, mas deve nortear o posicionamento da Organiza\u00e7\u00e3o diante do conflito<\/p>\n","protected":false},"author":4,"featured_media":10163,"comment_status":"open","ping_status":"open","sticky":false,"template":"","format":"standard","meta":{"colormag_page_container_layout":"default_layout","colormag_page_sidebar_layout":"default_layout","_FSMCFIC_featured_image_caption":"","_FSMCFIC_featured_image_nocaption":"","_FSMCFIC_featured_image_hide":"","footnotes":""},"categories":[2,1],"tags":[],"class_list":["post-10162","post","type-post","status-publish","format-standard","has-post-thumbnail","hentry","category-noticias","category-ultimas"],"yoast_head":"<!-- This site is optimized with the Yoast SEO plugin v27.1.1 - https:\/\/yoast.com\/product\/yoast-seo-wordpress\/ -->\n<title>Resolu\u00e7\u00e3o da ONU preparada pelo Brasil classifica ataque do Hamas como terrorista - Brasil not\u00edcias<\/title>\n<meta name=\"robots\" content=\"index, follow, max-snippet:-1, max-image-preview:large, max-video-preview:-1\" \/>\n<link rel=\"canonical\" href=\"https:\/\/brasilnoticias.org\/site\/resolucao-da-onu-preparada-pelo-brasil-classifica-ataque-do-hamas-como-terrorista\/\" \/>\n<meta property=\"og:locale\" content=\"pt_PT\" \/>\n<meta property=\"og:type\" content=\"article\" \/>\n<meta property=\"og:title\" content=\"Resolu\u00e7\u00e3o da ONU preparada pelo Brasil classifica ataque do Hamas como terrorista - Brasil not\u00edcias\" \/>\n<meta property=\"og:description\" content=\"O documento n\u00e3o tem car\u00e1ter de norma de direito internacional, mas deve nortear o posicionamento da Organiza\u00e7\u00e3o diante do conflito\" \/>\n<meta property=\"og:url\" content=\"https:\/\/brasilnoticias.org\/site\/resolucao-da-onu-preparada-pelo-brasil-classifica-ataque-do-hamas-como-terrorista\/\" \/>\n<meta property=\"og:site_name\" content=\"Brasil not\u00edcias\" \/>\n<meta property=\"article:published_time\" content=\"2023-10-15T09:54:56+00:00\" \/>\n<meta property=\"og:image\" content=\"https:\/\/brasilnoticias.org\/site\/wp-content\/uploads\/2023\/10\/142024resolucao-da-onu-preparada-pelo-brasil-classifica-ataque-do-hamas-como-terrorista-3.jpg\" \/>\n\t<meta property=\"og:image:width\" content=\"1600\" \/>\n\t<meta property=\"og:image:height\" content=\"752\" \/>\n\t<meta property=\"og:image:type\" content=\"image\/jpeg\" \/>\n<meta name=\"author\" content=\"Reda\u00e7\u00e3o\" \/>\n<meta name=\"twitter:card\" content=\"summary_large_image\" \/>\n<meta name=\"twitter:label1\" content=\"Escrito por\" \/>\n\t<meta name=\"twitter:data1\" content=\"Reda\u00e7\u00e3o\" \/>\n<script type=\"application\/ld+json\" class=\"yoast-schema-graph\">{\"@context\":\"https:\/\/schema.org\",\"@graph\":[{\"@type\":\"Article\",\"@id\":\"https:\/\/brasilnoticias.org\/site\/resolucao-da-onu-preparada-pelo-brasil-classifica-ataque-do-hamas-como-terrorista\/#article\",\"isPartOf\":{\"@id\":\"https:\/\/brasilnoticias.org\/site\/resolucao-da-onu-preparada-pelo-brasil-classifica-ataque-do-hamas-como-terrorista\/\"},\"author\":{\"name\":\"Reda\u00e7\u00e3o\",\"@id\":\"https:\/\/brasilnoticias.org\/site\/#\/schema\/person\/03bbbfe6c7634ad18c26444ea39049fa\"},\"headline\":\"Resolu\u00e7\u00e3o da ONU preparada pelo Brasil classifica ataque do Hamas como terrorista\",\"datePublished\":\"2023-10-15T09:54:56+00:00\",\"mainEntityOfPage\":{\"@id\":\"https:\/\/brasilnoticias.org\/site\/resolucao-da-onu-preparada-pelo-brasil-classifica-ataque-do-hamas-como-terrorista\/\"},\"wordCount\":186,\"commentCount\":0,\"publisher\":{\"@id\":\"https:\/\/brasilnoticias.org\/site\/#organization\"},\"image\":{\"@id\":\"https:\/\/brasilnoticias.org\/site\/resolucao-da-onu-preparada-pelo-brasil-classifica-ataque-do-hamas-como-terrorista\/#primaryimage\"},\"thumbnailUrl\":\"https:\/\/brasilnoticias.org\/site\/wp-content\/uploads\/2023\/10\/142024resolucao-da-onu-preparada-pelo-brasil-classifica-ataque-do-hamas-como-terrorista-3.jpg\",\"articleSection\":[\"Not\u00edcias\",\"\u00daltimas\"],\"inLanguage\":\"pt-PT\",\"potentialAction\":[{\"@type\":\"CommentAction\",\"name\":\"Comment\",\"target\":[\"https:\/\/brasilnoticias.org\/site\/resolucao-da-onu-preparada-pelo-brasil-classifica-ataque-do-hamas-como-terrorista\/#respond\"]}]},{\"@type\":\"WebPage\",\"@id\":\"https:\/\/brasilnoticias.org\/site\/resolucao-da-onu-preparada-pelo-brasil-classifica-ataque-do-hamas-como-terrorista\/\",\"url\":\"https:\/\/brasilnoticias.org\/site\/resolucao-da-onu-preparada-pelo-brasil-classifica-ataque-do-hamas-como-terrorista\/\",\"name\":\"Resolu\u00e7\u00e3o da ONU preparada pelo Brasil classifica ataque do Hamas como terrorista - Brasil not\u00edcias\",\"isPartOf\":{\"@id\":\"https:\/\/brasilnoticias.org\/site\/#website\"},\"primaryImageOfPage\":{\"@id\":\"https:\/\/brasilnoticias.org\/site\/resolucao-da-onu-preparada-pelo-brasil-classifica-ataque-do-hamas-como-terrorista\/#primaryimage\"},\"image\":{\"@id\":\"https:\/\/brasilnoticias.org\/site\/resolucao-da-onu-preparada-pelo-brasil-classifica-ataque-do-hamas-como-terrorista\/#primaryimage\"},\"thumbnailUrl\":\"https:\/\/brasilnoticias.org\/site\/wp-content\/uploads\/2023\/10\/142024resolucao-da-onu-preparada-pelo-brasil-classifica-ataque-do-hamas-como-terrorista-3.jpg\",\"datePublished\":\"2023-10-15T09:54:56+00:00\",\"breadcrumb\":{\"@id\":\"https:\/\/brasilnoticias.org\/site\/resolucao-da-onu-preparada-pelo-brasil-classifica-ataque-do-hamas-como-terrorista\/#breadcrumb\"},\"inLanguage\":\"pt-PT\",\"potentialAction\":[{\"@type\":\"ReadAction\",\"target\":[\"https:\/\/brasilnoticias.org\/site\/resolucao-da-onu-preparada-pelo-brasil-classifica-ataque-do-hamas-como-terrorista\/\"]}]},{\"@type\":\"ImageObject\",\"inLanguage\":\"pt-PT\",\"@id\":\"https:\/\/brasilnoticias.org\/site\/resolucao-da-onu-preparada-pelo-brasil-classifica-ataque-do-hamas-como-terrorista\/#primaryimage\",\"url\":\"https:\/\/brasilnoticias.org\/site\/wp-content\/uploads\/2023\/10\/142024resolucao-da-onu-preparada-pelo-brasil-classifica-ataque-do-hamas-como-terrorista-3.jpg\",\"contentUrl\":\"https:\/\/brasilnoticias.org\/site\/wp-content\/uploads\/2023\/10\/142024resolucao-da-onu-preparada-pelo-brasil-classifica-ataque-do-hamas-como-terrorista-3.jpg\",\"width\":1600,\"height\":752},{\"@type\":\"BreadcrumbList\",\"@id\":\"https:\/\/brasilnoticias.org\/site\/resolucao-da-onu-preparada-pelo-brasil-classifica-ataque-do-hamas-como-terrorista\/#breadcrumb\",\"itemListElement\":[{\"@type\":\"ListItem\",\"position\":1,\"name\":\"In\u00edcio\",\"item\":\"https:\/\/brasilnoticias.org\/site\/\"},{\"@type\":\"ListItem\",\"position\":2,\"name\":\"Resolu\u00e7\u00e3o da ONU preparada pelo Brasil classifica ataque do Hamas como terrorista\"}]},{\"@type\":\"WebSite\",\"@id\":\"https:\/\/brasilnoticias.org\/site\/#website\",\"url\":\"https:\/\/brasilnoticias.org\/site\/\",\"name\":\"Brasil not\u00edcias\",\"description\":\"Brasil not\u00edcias\",\"publisher\":{\"@id\":\"https:\/\/brasilnoticias.org\/site\/#organization\"},\"potentialAction\":[{\"@type\":\"SearchAction\",\"target\":{\"@type\":\"EntryPoint\",\"urlTemplate\":\"https:\/\/brasilnoticias.org\/site\/?s={search_term_string}\"},\"query-input\":{\"@type\":\"PropertyValueSpecification\",\"valueRequired\":true,\"valueName\":\"search_term_string\"}}],\"inLanguage\":\"pt-PT\"},{\"@type\":\"Organization\",\"@id\":\"https:\/\/brasilnoticias.org\/site\/#organization\",\"name\":\"Brasil not\u00edcias\",\"url\":\"https:\/\/brasilnoticias.org\/site\/\",\"logo\":{\"@type\":\"ImageObject\",\"inLanguage\":\"pt-PT\",\"@id\":\"https:\/\/brasilnoticias.org\/site\/#\/schema\/logo\/image\/\",\"url\":\"https:\/\/brasilnoticias.org\/site\/wp-content\/uploads\/2022\/05\/cropped-brasilnoticias-mini.jpg\",\"contentUrl\":\"https:\/\/brasilnoticias.org\/site\/wp-content\/uploads\/2022\/05\/cropped-brasilnoticias-mini.jpg\",\"width\":314,\"height\":86,\"caption\":\"Brasil not\u00edcias\"},\"image\":{\"@id\":\"https:\/\/brasilnoticias.org\/site\/#\/schema\/logo\/image\/\"}},{\"@type\":\"Person\",\"@id\":\"https:\/\/brasilnoticias.org\/site\/#\/schema\/person\/03bbbfe6c7634ad18c26444ea39049fa\",\"name\":\"Reda\u00e7\u00e3o\",\"image\":{\"@type\":\"ImageObject\",\"inLanguage\":\"pt-PT\",\"@id\":\"https:\/\/brasilnoticias.org\/site\/#\/schema\/person\/image\/\",\"url\":\"https:\/\/secure.gravatar.com\/avatar\/9ecaf7327a696cb23ad926fedded5f1f04d7049de9e445375d55b48c001a6e42?s=96&d=mm&r=g\",\"contentUrl\":\"https:\/\/secure.gravatar.com\/avatar\/9ecaf7327a696cb23ad926fedded5f1f04d7049de9e445375d55b48c001a6e42?s=96&d=mm&r=g\",\"caption\":\"Reda\u00e7\u00e3o\"},\"url\":\"https:\/\/brasilnoticias.org\/site\/author\/henrique\/\"}]}<\/script>\n<!-- \/ Yoast SEO plugin. -->","yoast_head_json":{"title":"Resolu\u00e7\u00e3o da ONU preparada pelo Brasil classifica ataque do Hamas como terrorista - Brasil not\u00edcias","robots":{"index":"index","follow":"follow","max-snippet":"max-snippet:-1","max-image-preview":"max-image-preview:large","max-video-preview":"max-video-preview:-1"},"canonical":"https:\/\/brasilnoticias.org\/site\/resolucao-da-onu-preparada-pelo-brasil-classifica-ataque-do-hamas-como-terrorista\/","og_locale":"pt_PT","og_type":"article","og_title":"Resolu\u00e7\u00e3o da ONU preparada pelo Brasil classifica ataque do Hamas como terrorista - Brasil not\u00edcias","og_description":"O documento n\u00e3o tem car\u00e1ter de norma de direito internacional, mas deve nortear o posicionamento da Organiza\u00e7\u00e3o diante do conflito","og_url":"https:\/\/brasilnoticias.org\/site\/resolucao-da-onu-preparada-pelo-brasil-classifica-ataque-do-hamas-como-terrorista\/","og_site_name":"Brasil not\u00edcias","article_published_time":"2023-10-15T09:54:56+00:00","og_image":[{"width":1600,"height":752,"url":"https:\/\/brasilnoticias.org\/site\/wp-content\/uploads\/2023\/10\/142024resolucao-da-onu-preparada-pelo-brasil-classifica-ataque-do-hamas-como-terrorista-3.jpg","type":"image\/jpeg"}],"author":"Reda\u00e7\u00e3o","twitter_card":"summary_large_image","twitter_misc":{"Escrito por":"Reda\u00e7\u00e3o"},"schema":{"@context":"https:\/\/schema.org","@graph":[{"@type":"Article","@id":"https:\/\/brasilnoticias.org\/site\/resolucao-da-onu-preparada-pelo-brasil-classifica-ataque-do-hamas-como-terrorista\/#article","isPartOf":{"@id":"https:\/\/brasilnoticias.org\/site\/resolucao-da-onu-preparada-pelo-brasil-classifica-ataque-do-hamas-como-terrorista\/"},"author":{"name":"Reda\u00e7\u00e3o","@id":"https:\/\/brasilnoticias.org\/site\/#\/schema\/person\/03bbbfe6c7634ad18c26444ea39049fa"},"headline":"Resolu\u00e7\u00e3o da ONU preparada pelo Brasil classifica ataque do Hamas como terrorista","datePublished":"2023-10-15T09:54:56+00:00","mainEntityOfPage":{"@id":"https:\/\/brasilnoticias.org\/site\/resolucao-da-onu-preparada-pelo-brasil-classifica-ataque-do-hamas-como-terrorista\/"},"wordCount":186,"commentCount":0,"publisher":{"@id":"https:\/\/brasilnoticias.org\/site\/#organization"},"image":{"@id":"https:\/\/brasilnoticias.org\/site\/resolucao-da-onu-preparada-pelo-brasil-classifica-ataque-do-hamas-como-terrorista\/#primaryimage"},"thumbnailUrl":"https:\/\/brasilnoticias.org\/site\/wp-content\/uploads\/2023\/10\/142024resolucao-da-onu-preparada-pelo-brasil-classifica-ataque-do-hamas-como-terrorista-3.jpg","articleSection":["Not\u00edcias","\u00daltimas"],"inLanguage":"pt-PT","potentialAction":[{"@type":"CommentAction","name":"Comment","target":["https:\/\/brasilnoticias.org\/site\/resolucao-da-onu-preparada-pelo-brasil-classifica-ataque-do-hamas-como-terrorista\/#respond"]}]},{"@type":"WebPage","@id":"https:\/\/brasilnoticias.org\/site\/resolucao-da-onu-preparada-pelo-brasil-classifica-ataque-do-hamas-como-terrorista\/","url":"https:\/\/brasilnoticias.org\/site\/resolucao-da-onu-preparada-pelo-brasil-classifica-ataque-do-hamas-como-terrorista\/","name":"Resolu\u00e7\u00e3o da ONU preparada pelo Brasil classifica ataque do Hamas como terrorista - Brasil not\u00edcias","isPartOf":{"@id":"https:\/\/brasilnoticias.org\/site\/#website"},"primaryImageOfPage":{"@id":"https:\/\/brasilnoticias.org\/site\/resolucao-da-onu-preparada-pelo-brasil-classifica-ataque-do-hamas-como-terrorista\/#primaryimage"},"image":{"@id":"https:\/\/brasilnoticias.org\/site\/resolucao-da-onu-preparada-pelo-brasil-classifica-ataque-do-hamas-como-terrorista\/#primaryimage"},"thumbnailUrl":"https:\/\/brasilnoticias.org\/site\/wp-content\/uploads\/2023\/10\/142024resolucao-da-onu-preparada-pelo-brasil-classifica-ataque-do-hamas-como-terrorista-3.jpg","datePublished":"2023-10-15T09:54:56+00:00","breadcrumb":{"@id":"https:\/\/brasilnoticias.org\/site\/resolucao-da-onu-preparada-pelo-brasil-classifica-ataque-do-hamas-como-terrorista\/#breadcrumb"},"inLanguage":"pt-PT","potentialAction":[{"@type":"ReadAction","target":["https:\/\/brasilnoticias.org\/site\/resolucao-da-onu-preparada-pelo-brasil-classifica-ataque-do-hamas-como-terrorista\/"]}]},{"@type":"ImageObject","inLanguage":"pt-PT","@id":"https:\/\/brasilnoticias.org\/site\/resolucao-da-onu-preparada-pelo-brasil-classifica-ataque-do-hamas-como-terrorista\/#primaryimage","url":"https:\/\/brasilnoticias.org\/site\/wp-content\/uploads\/2023\/10\/142024resolucao-da-onu-preparada-pelo-brasil-classifica-ataque-do-hamas-como-terrorista-3.jpg","contentUrl":"https:\/\/brasilnoticias.org\/site\/wp-content\/uploads\/2023\/10\/142024resolucao-da-onu-preparada-pelo-brasil-classifica-ataque-do-hamas-como-terrorista-3.jpg","width":1600,"height":752},{"@type":"BreadcrumbList","@id":"https:\/\/brasilnoticias.org\/site\/resolucao-da-onu-preparada-pelo-brasil-classifica-ataque-do-hamas-como-terrorista\/#breadcrumb","itemListElement":[{"@type":"ListItem","position":1,"name":"In\u00edcio","item":"https:\/\/brasilnoticias.org\/site\/"},{"@type":"ListItem","position":2,"name":"Resolu\u00e7\u00e3o da ONU preparada pelo Brasil classifica ataque do Hamas como terrorista"}]},{"@type":"WebSite","@id":"https:\/\/brasilnoticias.org\/site\/#website","url":"https:\/\/brasilnoticias.org\/site\/","name":"Brasil not\u00edcias","description":"Brasil not\u00edcias","publisher":{"@id":"https:\/\/brasilnoticias.org\/site\/#organization"},"potentialAction":[{"@type":"SearchAction","target":{"@type":"EntryPoint","urlTemplate":"https:\/\/brasilnoticias.org\/site\/?s={search_term_string}"},"query-input":{"@type":"PropertyValueSpecification","valueRequired":true,"valueName":"search_term_string"}}],"inLanguage":"pt-PT"},{"@type":"Organization","@id":"https:\/\/brasilnoticias.org\/site\/#organization","name":"Brasil not\u00edcias","url":"https:\/\/brasilnoticias.org\/site\/","logo":{"@type":"ImageObject","inLanguage":"pt-PT","@id":"https:\/\/brasilnoticias.org\/site\/#\/schema\/logo\/image\/","url":"https:\/\/brasilnoticias.org\/site\/wp-content\/uploads\/2022\/05\/cropped-brasilnoticias-mini.jpg","contentUrl":"https:\/\/brasilnoticias.org\/site\/wp-content\/uploads\/2022\/05\/cropped-brasilnoticias-mini.jpg","width":314,"height":86,"caption":"Brasil not\u00edcias"},"image":{"@id":"https:\/\/brasilnoticias.org\/site\/#\/schema\/logo\/image\/"}},{"@type":"Person","@id":"https:\/\/brasilnoticias.org\/site\/#\/schema\/person\/03bbbfe6c7634ad18c26444ea39049fa","name":"Reda\u00e7\u00e3o","image":{"@type":"ImageObject","inLanguage":"pt-PT","@id":"https:\/\/brasilnoticias.org\/site\/#\/schema\/person\/image\/","url":"https:\/\/secure.gravatar.com\/avatar\/9ecaf7327a696cb23ad926fedded5f1f04d7049de9e445375d55b48c001a6e42?s=96&d=mm&r=g","contentUrl":"https:\/\/secure.gravatar.com\/avatar\/9ecaf7327a696cb23ad926fedded5f1f04d7049de9e445375d55b48c001a6e42?s=96&d=mm&r=g","caption":"Reda\u00e7\u00e3o"},"url":"https:\/\/brasilnoticias.org\/site\/author\/henrique\/"}]}},"_links":{"self":[{"href":"https:\/\/brasilnoticias.org\/site\/wp-json\/wp\/v2\/posts\/10162","targetHints":{"allow":["GET"]}}],"collection":[{"href":"https:\/\/brasilnoticias.org\/site\/wp-json\/wp\/v2\/posts"}],"about":[{"href":"https:\/\/brasilnoticias.org\/site\/wp-json\/wp\/v2\/types\/post"}],"author":[{"embeddable":true,"href":"https:\/\/brasilnoticias.org\/site\/wp-json\/wp\/v2\/users\/4"}],"replies":[{"embeddable":true,"href":"https:\/\/brasilnoticias.org\/site\/wp-json\/wp\/v2\/comments?post=10162"}],"version-history":[{"count":1,"href":"https:\/\/brasilnoticias.org\/site\/wp-json\/wp\/v2\/posts\/10162\/revisions"}],"predecessor-version":[{"id":10164,"href":"https:\/\/brasilnoticias.org\/site\/wp-json\/wp\/v2\/posts\/10162\/revisions\/10164"}],"wp:featuredmedia":[{"embeddable":true,"href":"https:\/\/brasilnoticias.org\/site\/wp-json\/wp\/v2\/media\/10163"}],"wp:attachment":[{"href":"https:\/\/brasilnoticias.org\/site\/wp-json\/wp\/v2\/media?parent=10162"}],"wp:term":[{"taxonomy":"category","embeddable":true,"href":"https:\/\/brasilnoticias.org\/site\/wp-json\/wp\/v2\/categories?post=10162"},{"taxonomy":"post_tag","embeddable":true,"href":"https:\/\/brasilnoticias.org\/site\/wp-json\/wp\/v2\/tags?post=10162"}],"curies":[{"name":"wp","href":"https:\/\/api.w.org\/{rel}","templated":true}]}}