{"id":10168,"date":"2023-10-15T05:02:22","date_gmt":"2023-10-15T08:02:22","guid":{"rendered":"https:\/\/brasilnoticias.org\/site\/?p=10168"},"modified":"2023-10-14T22:58:32","modified_gmt":"2023-10-15T01:58:32","slug":"justica-determina-que-aplicativo-assine-carteira-de-todos-os-seus-entregadores","status":"publish","type":"post","link":"https:\/\/brasilnoticias.org\/site\/justica-determina-que-aplicativo-assine-carteira-de-todos-os-seus-entregadores\/","title":{"rendered":"Justi\u00e7a determina que aplicativo assine carteira de todos os seus entregadores"},"content":{"rendered":"<p>A decis\u00e3o \u00e9 do TRT-2 de S\u00e3o Paulo e atendeu a\u00e7\u00e3o movida pelo Minist\u00e9rio P\u00fablico<\/p>\n<p>A Justi\u00e7a de S\u00e3o Paulo determinou que o aplicativo Rappi assine a carteira de trabalho de todos os entregadores que est\u00e3o vinculados \u00e0 marca no Brasil. A decis\u00e3o foi da Quarta Turma do Tribunal Regional do Trabalho da 2\u00aa Regi\u00e3o (TRT-2). <\/p>\n<p>A a\u00e7\u00e3o movida pelo Minist\u00e9rio P\u00fablico do Trabalho (MPT) pedia o reconhecimento do v\u00ednculo empregat\u00edcio entre as partes. O Rappi ainda dever\u00e1 pagar uma multa equivalente a 1% do faturamento da empresa no pa\u00eds no \u00faltimo ano. <\/p>\n<p>&#8220;A atua\u00e7\u00e3o da reclamada no mercado utilizando-se de trabalhadores desamparados da rede de prote\u00e7\u00e3o formada pelo direito do trabalho e seguridade social configura-se numa verdadeira tentativa de volta a um passado onde os trabalhadores sofreram muit\u00edssimo&#8221;, diz a decis\u00e3o.<\/p>\n<p>Foto: Rovena Rosa\/Ag\u00eancia Brasil<br \/>\nPor: Metro1<\/p>\n","protected":false},"excerpt":{"rendered":"<p>A decis\u00e3o \u00e9 do TRT-2 de S\u00e3o Paulo e atendeu a\u00e7\u00e3o movida pelo Minist\u00e9rio P\u00fablico A Justi\u00e7a de S\u00e3o Paulo<\/p>\n","protected":false},"author":4,"featured_media":10169,"comment_status":"open","ping_status":"open","sticky":false,"template":"","format":"standard","meta":{"colormag_page_container_layout":"default_layout","colormag_page_sidebar_layout":"default_layout","_FSMCFIC_featured_image_caption":"","_FSMCFIC_featured_image_nocaption":"","_FSMCFIC_featured_image_hide":"","footnotes":""},"categories":[7,1],"tags":[],"class_list":["post-10168","post","type-post","status-publish","format-standard","has-post-thumbnail","hentry","category-justica","category-ultimas"],"yoast_head":"<!-- This site is optimized with the Yoast SEO plugin v27.1.1 - https:\/\/yoast.com\/product\/yoast-seo-wordpress\/ -->\n<title>Justi\u00e7a determina que aplicativo assine carteira de todos os seus entregadores - Brasil not\u00edcias<\/title>\n<meta name=\"robots\" content=\"index, follow, max-snippet:-1, max-image-preview:large, max-video-preview:-1\" \/>\n<link rel=\"canonical\" href=\"https:\/\/brasilnoticias.org\/site\/justica-determina-que-aplicativo-assine-carteira-de-todos-os-seus-entregadores\/\" \/>\n<meta property=\"og:locale\" content=\"pt_PT\" \/>\n<meta property=\"og:type\" content=\"article\" \/>\n<meta property=\"og:title\" content=\"Justi\u00e7a determina que aplicativo assine carteira de todos os seus entregadores - Brasil not\u00edcias\" \/>\n<meta property=\"og:description\" content=\"A decis\u00e3o \u00e9 do TRT-2 de S\u00e3o Paulo e atendeu a\u00e7\u00e3o movida pelo Minist\u00e9rio P\u00fablico A Justi\u00e7a de S\u00e3o Paulo\" \/>\n<meta property=\"og:url\" content=\"https:\/\/brasilnoticias.org\/site\/justica-determina-que-aplicativo-assine-carteira-de-todos-os-seus-entregadores\/\" \/>\n<meta property=\"og:site_name\" content=\"Brasil not\u00edcias\" \/>\n<meta property=\"article:published_time\" content=\"2023-10-15T08:02:22+00:00\" \/>\n<meta property=\"og:image\" content=\"https:\/\/brasilnoticias.org\/site\/wp-content\/uploads\/2023\/10\/142022justica-determina-que-aplicativo-assine-carteira-de-todos-os-seus-entregadores-3.jpg\" \/>\n\t<meta property=\"og:image:width\" content=\"1600\" \/>\n\t<meta property=\"og:image:height\" content=\"752\" \/>\n\t<meta property=\"og:image:type\" content=\"image\/jpeg\" \/>\n<meta name=\"author\" content=\"Reda\u00e7\u00e3o\" \/>\n<meta name=\"twitter:card\" content=\"summary_large_image\" \/>\n<meta name=\"twitter:label1\" content=\"Escrito por\" \/>\n\t<meta name=\"twitter:data1\" content=\"Reda\u00e7\u00e3o\" \/>\n<script type=\"application\/ld+json\" class=\"yoast-schema-graph\">{\"@context\":\"https:\/\/schema.org\",\"@graph\":[{\"@type\":\"Article\",\"@id\":\"https:\/\/brasilnoticias.org\/site\/justica-determina-que-aplicativo-assine-carteira-de-todos-os-seus-entregadores\/#article\",\"isPartOf\":{\"@id\":\"https:\/\/brasilnoticias.org\/site\/justica-determina-que-aplicativo-assine-carteira-de-todos-os-seus-entregadores\/\"},\"author\":{\"name\":\"Reda\u00e7\u00e3o\",\"@id\":\"https:\/\/brasilnoticias.org\/site\/#\/schema\/person\/03bbbfe6c7634ad18c26444ea39049fa\"},\"headline\":\"Justi\u00e7a determina que aplicativo assine carteira de todos os seus entregadores\",\"datePublished\":\"2023-10-15T08:02:22+00:00\",\"mainEntityOfPage\":{\"@id\":\"https:\/\/brasilnoticias.org\/site\/justica-determina-que-aplicativo-assine-carteira-de-todos-os-seus-entregadores\/\"},\"wordCount\":168,\"commentCount\":0,\"publisher\":{\"@id\":\"https:\/\/brasilnoticias.org\/site\/#organization\"},\"image\":{\"@id\":\"https:\/\/brasilnoticias.org\/site\/justica-determina-que-aplicativo-assine-carteira-de-todos-os-seus-entregadores\/#primaryimage\"},\"thumbnailUrl\":\"https:\/\/brasilnoticias.org\/site\/wp-content\/uploads\/2023\/10\/142022justica-determina-que-aplicativo-assine-carteira-de-todos-os-seus-entregadores-3.jpg\",\"articleSection\":[\"Justi\u00e7a\",\"\u00daltimas\"],\"inLanguage\":\"pt-PT\",\"potentialAction\":[{\"@type\":\"CommentAction\",\"name\":\"Comment\",\"target\":[\"https:\/\/brasilnoticias.org\/site\/justica-determina-que-aplicativo-assine-carteira-de-todos-os-seus-entregadores\/#respond\"]}]},{\"@type\":\"WebPage\",\"@id\":\"https:\/\/brasilnoticias.org\/site\/justica-determina-que-aplicativo-assine-carteira-de-todos-os-seus-entregadores\/\",\"url\":\"https:\/\/brasilnoticias.org\/site\/justica-determina-que-aplicativo-assine-carteira-de-todos-os-seus-entregadores\/\",\"name\":\"Justi\u00e7a determina que aplicativo assine carteira de todos os seus entregadores - Brasil not\u00edcias\",\"isPartOf\":{\"@id\":\"https:\/\/brasilnoticias.org\/site\/#website\"},\"primaryImageOfPage\":{\"@id\":\"https:\/\/brasilnoticias.org\/site\/justica-determina-que-aplicativo-assine-carteira-de-todos-os-seus-entregadores\/#primaryimage\"},\"image\":{\"@id\":\"https:\/\/brasilnoticias.org\/site\/justica-determina-que-aplicativo-assine-carteira-de-todos-os-seus-entregadores\/#primaryimage\"},\"thumbnailUrl\":\"https:\/\/brasilnoticias.org\/site\/wp-content\/uploads\/2023\/10\/142022justica-determina-que-aplicativo-assine-carteira-de-todos-os-seus-entregadores-3.jpg\",\"datePublished\":\"2023-10-15T08:02:22+00:00\",\"breadcrumb\":{\"@id\":\"https:\/\/brasilnoticias.org\/site\/justica-determina-que-aplicativo-assine-carteira-de-todos-os-seus-entregadores\/#breadcrumb\"},\"inLanguage\":\"pt-PT\",\"potentialAction\":[{\"@type\":\"ReadAction\",\"target\":[\"https:\/\/brasilnoticias.org\/site\/justica-determina-que-aplicativo-assine-carteira-de-todos-os-seus-entregadores\/\"]}]},{\"@type\":\"ImageObject\",\"inLanguage\":\"pt-PT\",\"@id\":\"https:\/\/brasilnoticias.org\/site\/justica-determina-que-aplicativo-assine-carteira-de-todos-os-seus-entregadores\/#primaryimage\",\"url\":\"https:\/\/brasilnoticias.org\/site\/wp-content\/uploads\/2023\/10\/142022justica-determina-que-aplicativo-assine-carteira-de-todos-os-seus-entregadores-3.jpg\",\"contentUrl\":\"https:\/\/brasilnoticias.org\/site\/wp-content\/uploads\/2023\/10\/142022justica-determina-que-aplicativo-assine-carteira-de-todos-os-seus-entregadores-3.jpg\",\"width\":1600,\"height\":752},{\"@type\":\"BreadcrumbList\",\"@id\":\"https:\/\/brasilnoticias.org\/site\/justica-determina-que-aplicativo-assine-carteira-de-todos-os-seus-entregadores\/#breadcrumb\",\"itemListElement\":[{\"@type\":\"ListItem\",\"position\":1,\"name\":\"In\u00edcio\",\"item\":\"https:\/\/brasilnoticias.org\/site\/\"},{\"@type\":\"ListItem\",\"position\":2,\"name\":\"Justi\u00e7a determina que aplicativo assine carteira de todos os seus entregadores\"}]},{\"@type\":\"WebSite\",\"@id\":\"https:\/\/brasilnoticias.org\/site\/#website\",\"url\":\"https:\/\/brasilnoticias.org\/site\/\",\"name\":\"Brasil not\u00edcias\",\"description\":\"Brasil not\u00edcias\",\"publisher\":{\"@id\":\"https:\/\/brasilnoticias.org\/site\/#organization\"},\"potentialAction\":[{\"@type\":\"SearchAction\",\"target\":{\"@type\":\"EntryPoint\",\"urlTemplate\":\"https:\/\/brasilnoticias.org\/site\/?s={search_term_string}\"},\"query-input\":{\"@type\":\"PropertyValueSpecification\",\"valueRequired\":true,\"valueName\":\"search_term_string\"}}],\"inLanguage\":\"pt-PT\"},{\"@type\":\"Organization\",\"@id\":\"https:\/\/brasilnoticias.org\/site\/#organization\",\"name\":\"Brasil not\u00edcias\",\"url\":\"https:\/\/brasilnoticias.org\/site\/\",\"logo\":{\"@type\":\"ImageObject\",\"inLanguage\":\"pt-PT\",\"@id\":\"https:\/\/brasilnoticias.org\/site\/#\/schema\/logo\/image\/\",\"url\":\"https:\/\/brasilnoticias.org\/site\/wp-content\/uploads\/2022\/05\/cropped-brasilnoticias-mini.jpg\",\"contentUrl\":\"https:\/\/brasilnoticias.org\/site\/wp-content\/uploads\/2022\/05\/cropped-brasilnoticias-mini.jpg\",\"width\":314,\"height\":86,\"caption\":\"Brasil not\u00edcias\"},\"image\":{\"@id\":\"https:\/\/brasilnoticias.org\/site\/#\/schema\/logo\/image\/\"}},{\"@type\":\"Person\",\"@id\":\"https:\/\/brasilnoticias.org\/site\/#\/schema\/person\/03bbbfe6c7634ad18c26444ea39049fa\",\"name\":\"Reda\u00e7\u00e3o\",\"image\":{\"@type\":\"ImageObject\",\"inLanguage\":\"pt-PT\",\"@id\":\"https:\/\/brasilnoticias.org\/site\/#\/schema\/person\/image\/\",\"url\":\"https:\/\/secure.gravatar.com\/avatar\/9ecaf7327a696cb23ad926fedded5f1f04d7049de9e445375d55b48c001a6e42?s=96&d=mm&r=g\",\"contentUrl\":\"https:\/\/secure.gravatar.com\/avatar\/9ecaf7327a696cb23ad926fedded5f1f04d7049de9e445375d55b48c001a6e42?s=96&d=mm&r=g\",\"caption\":\"Reda\u00e7\u00e3o\"},\"url\":\"https:\/\/brasilnoticias.org\/site\/author\/henrique\/\"}]}<\/script>\n<!-- \/ Yoast SEO plugin. -->","yoast_head_json":{"title":"Justi\u00e7a determina que aplicativo assine carteira de todos os seus entregadores - Brasil not\u00edcias","robots":{"index":"index","follow":"follow","max-snippet":"max-snippet:-1","max-image-preview":"max-image-preview:large","max-video-preview":"max-video-preview:-1"},"canonical":"https:\/\/brasilnoticias.org\/site\/justica-determina-que-aplicativo-assine-carteira-de-todos-os-seus-entregadores\/","og_locale":"pt_PT","og_type":"article","og_title":"Justi\u00e7a determina que aplicativo assine carteira de todos os seus entregadores - Brasil not\u00edcias","og_description":"A decis\u00e3o \u00e9 do TRT-2 de S\u00e3o Paulo e atendeu a\u00e7\u00e3o movida pelo Minist\u00e9rio P\u00fablico A Justi\u00e7a de S\u00e3o Paulo","og_url":"https:\/\/brasilnoticias.org\/site\/justica-determina-que-aplicativo-assine-carteira-de-todos-os-seus-entregadores\/","og_site_name":"Brasil not\u00edcias","article_published_time":"2023-10-15T08:02:22+00:00","og_image":[{"width":1600,"height":752,"url":"https:\/\/brasilnoticias.org\/site\/wp-content\/uploads\/2023\/10\/142022justica-determina-que-aplicativo-assine-carteira-de-todos-os-seus-entregadores-3.jpg","type":"image\/jpeg"}],"author":"Reda\u00e7\u00e3o","twitter_card":"summary_large_image","twitter_misc":{"Escrito por":"Reda\u00e7\u00e3o"},"schema":{"@context":"https:\/\/schema.org","@graph":[{"@type":"Article","@id":"https:\/\/brasilnoticias.org\/site\/justica-determina-que-aplicativo-assine-carteira-de-todos-os-seus-entregadores\/#article","isPartOf":{"@id":"https:\/\/brasilnoticias.org\/site\/justica-determina-que-aplicativo-assine-carteira-de-todos-os-seus-entregadores\/"},"author":{"name":"Reda\u00e7\u00e3o","@id":"https:\/\/brasilnoticias.org\/site\/#\/schema\/person\/03bbbfe6c7634ad18c26444ea39049fa"},"headline":"Justi\u00e7a determina que aplicativo assine carteira de todos os seus entregadores","datePublished":"2023-10-15T08:02:22+00:00","mainEntityOfPage":{"@id":"https:\/\/brasilnoticias.org\/site\/justica-determina-que-aplicativo-assine-carteira-de-todos-os-seus-entregadores\/"},"wordCount":168,"commentCount":0,"publisher":{"@id":"https:\/\/brasilnoticias.org\/site\/#organization"},"image":{"@id":"https:\/\/brasilnoticias.org\/site\/justica-determina-que-aplicativo-assine-carteira-de-todos-os-seus-entregadores\/#primaryimage"},"thumbnailUrl":"https:\/\/brasilnoticias.org\/site\/wp-content\/uploads\/2023\/10\/142022justica-determina-que-aplicativo-assine-carteira-de-todos-os-seus-entregadores-3.jpg","articleSection":["Justi\u00e7a","\u00daltimas"],"inLanguage":"pt-PT","potentialAction":[{"@type":"CommentAction","name":"Comment","target":["https:\/\/brasilnoticias.org\/site\/justica-determina-que-aplicativo-assine-carteira-de-todos-os-seus-entregadores\/#respond"]}]},{"@type":"WebPage","@id":"https:\/\/brasilnoticias.org\/site\/justica-determina-que-aplicativo-assine-carteira-de-todos-os-seus-entregadores\/","url":"https:\/\/brasilnoticias.org\/site\/justica-determina-que-aplicativo-assine-carteira-de-todos-os-seus-entregadores\/","name":"Justi\u00e7a determina que aplicativo assine carteira de todos os seus entregadores - Brasil not\u00edcias","isPartOf":{"@id":"https:\/\/brasilnoticias.org\/site\/#website"},"primaryImageOfPage":{"@id":"https:\/\/brasilnoticias.org\/site\/justica-determina-que-aplicativo-assine-carteira-de-todos-os-seus-entregadores\/#primaryimage"},"image":{"@id":"https:\/\/brasilnoticias.org\/site\/justica-determina-que-aplicativo-assine-carteira-de-todos-os-seus-entregadores\/#primaryimage"},"thumbnailUrl":"https:\/\/brasilnoticias.org\/site\/wp-content\/uploads\/2023\/10\/142022justica-determina-que-aplicativo-assine-carteira-de-todos-os-seus-entregadores-3.jpg","datePublished":"2023-10-15T08:02:22+00:00","breadcrumb":{"@id":"https:\/\/brasilnoticias.org\/site\/justica-determina-que-aplicativo-assine-carteira-de-todos-os-seus-entregadores\/#breadcrumb"},"inLanguage":"pt-PT","potentialAction":[{"@type":"ReadAction","target":["https:\/\/brasilnoticias.org\/site\/justica-determina-que-aplicativo-assine-carteira-de-todos-os-seus-entregadores\/"]}]},{"@type":"ImageObject","inLanguage":"pt-PT","@id":"https:\/\/brasilnoticias.org\/site\/justica-determina-que-aplicativo-assine-carteira-de-todos-os-seus-entregadores\/#primaryimage","url":"https:\/\/brasilnoticias.org\/site\/wp-content\/uploads\/2023\/10\/142022justica-determina-que-aplicativo-assine-carteira-de-todos-os-seus-entregadores-3.jpg","contentUrl":"https:\/\/brasilnoticias.org\/site\/wp-content\/uploads\/2023\/10\/142022justica-determina-que-aplicativo-assine-carteira-de-todos-os-seus-entregadores-3.jpg","width":1600,"height":752},{"@type":"BreadcrumbList","@id":"https:\/\/brasilnoticias.org\/site\/justica-determina-que-aplicativo-assine-carteira-de-todos-os-seus-entregadores\/#breadcrumb","itemListElement":[{"@type":"ListItem","position":1,"name":"In\u00edcio","item":"https:\/\/brasilnoticias.org\/site\/"},{"@type":"ListItem","position":2,"name":"Justi\u00e7a determina que aplicativo assine carteira de todos os seus entregadores"}]},{"@type":"WebSite","@id":"https:\/\/brasilnoticias.org\/site\/#website","url":"https:\/\/brasilnoticias.org\/site\/","name":"Brasil not\u00edcias","description":"Brasil not\u00edcias","publisher":{"@id":"https:\/\/brasilnoticias.org\/site\/#organization"},"potentialAction":[{"@type":"SearchAction","target":{"@type":"EntryPoint","urlTemplate":"https:\/\/brasilnoticias.org\/site\/?s={search_term_string}"},"query-input":{"@type":"PropertyValueSpecification","valueRequired":true,"valueName":"search_term_string"}}],"inLanguage":"pt-PT"},{"@type":"Organization","@id":"https:\/\/brasilnoticias.org\/site\/#organization","name":"Brasil not\u00edcias","url":"https:\/\/brasilnoticias.org\/site\/","logo":{"@type":"ImageObject","inLanguage":"pt-PT","@id":"https:\/\/brasilnoticias.org\/site\/#\/schema\/logo\/image\/","url":"https:\/\/brasilnoticias.org\/site\/wp-content\/uploads\/2022\/05\/cropped-brasilnoticias-mini.jpg","contentUrl":"https:\/\/brasilnoticias.org\/site\/wp-content\/uploads\/2022\/05\/cropped-brasilnoticias-mini.jpg","width":314,"height":86,"caption":"Brasil not\u00edcias"},"image":{"@id":"https:\/\/brasilnoticias.org\/site\/#\/schema\/logo\/image\/"}},{"@type":"Person","@id":"https:\/\/brasilnoticias.org\/site\/#\/schema\/person\/03bbbfe6c7634ad18c26444ea39049fa","name":"Reda\u00e7\u00e3o","image":{"@type":"ImageObject","inLanguage":"pt-PT","@id":"https:\/\/brasilnoticias.org\/site\/#\/schema\/person\/image\/","url":"https:\/\/secure.gravatar.com\/avatar\/9ecaf7327a696cb23ad926fedded5f1f04d7049de9e445375d55b48c001a6e42?s=96&d=mm&r=g","contentUrl":"https:\/\/secure.gravatar.com\/avatar\/9ecaf7327a696cb23ad926fedded5f1f04d7049de9e445375d55b48c001a6e42?s=96&d=mm&r=g","caption":"Reda\u00e7\u00e3o"},"url":"https:\/\/brasilnoticias.org\/site\/author\/henrique\/"}]}},"_links":{"self":[{"href":"https:\/\/brasilnoticias.org\/site\/wp-json\/wp\/v2\/posts\/10168","targetHints":{"allow":["GET"]}}],"collection":[{"href":"https:\/\/brasilnoticias.org\/site\/wp-json\/wp\/v2\/posts"}],"about":[{"href":"https:\/\/brasilnoticias.org\/site\/wp-json\/wp\/v2\/types\/post"}],"author":[{"embeddable":true,"href":"https:\/\/brasilnoticias.org\/site\/wp-json\/wp\/v2\/users\/4"}],"replies":[{"embeddable":true,"href":"https:\/\/brasilnoticias.org\/site\/wp-json\/wp\/v2\/comments?post=10168"}],"version-history":[{"count":1,"href":"https:\/\/brasilnoticias.org\/site\/wp-json\/wp\/v2\/posts\/10168\/revisions"}],"predecessor-version":[{"id":10170,"href":"https:\/\/brasilnoticias.org\/site\/wp-json\/wp\/v2\/posts\/10168\/revisions\/10170"}],"wp:featuredmedia":[{"embeddable":true,"href":"https:\/\/brasilnoticias.org\/site\/wp-json\/wp\/v2\/media\/10169"}],"wp:attachment":[{"href":"https:\/\/brasilnoticias.org\/site\/wp-json\/wp\/v2\/media?parent=10168"}],"wp:term":[{"taxonomy":"category","embeddable":true,"href":"https:\/\/brasilnoticias.org\/site\/wp-json\/wp\/v2\/categories?post=10168"},{"taxonomy":"post_tag","embeddable":true,"href":"https:\/\/brasilnoticias.org\/site\/wp-json\/wp\/v2\/tags?post=10168"}],"curies":[{"name":"wp","href":"https:\/\/api.w.org\/{rel}","templated":true}]}}