{"id":10171,"date":"2023-10-15T09:02:35","date_gmt":"2023-10-15T12:02:35","guid":{"rendered":"https:\/\/brasilnoticias.org\/site\/?p=10171"},"modified":"2023-10-14T22:59:35","modified_gmt":"2023-10-15T01:59:35","slug":"exercito-pode-promover-mauro-cid-a-coronel","status":"publish","type":"post","link":"https:\/\/brasilnoticias.org\/site\/exercito-pode-promover-mauro-cid-a-coronel\/","title":{"rendered":"Ex\u00e9rcito pode promover Mauro Cid a coronel"},"content":{"rendered":"<p>Militar seria contemplado por estar na Aman, que deve ser o pr\u00f3ximo grupo a ascender na organiza\u00e7\u00e3o<\/p>\n<p>O Ex\u00e9rcito tende a promover o tenente-coronel Mauro Cid ao cargo de coronel. A decis\u00e3o seria motivada pelo fato do militar fazer parte da Academia Militar das Agulhas Negras (Aman), que \u00e9 o pr\u00f3ximo grupo a ascender na organiza\u00e7\u00e3o.<\/p>\n<p>A promo\u00e7\u00e3o estaria programada para 2024, mas, segundo a Folha de S.Paulo, a decis\u00e3o est\u00e1 sob avalia\u00e7\u00e3o da alta c\u00fapula das For\u00e7as Armadas. O intuito \u00e9 evitar mais um desgaste na imagem da institui\u00e7\u00e3o.<\/p>\n<p>Mauro Cid firmou acordo de dela\u00e7\u00e3o premiada com a Pol\u00edcia Federal por ser investigado no caso da venda ilegal de joias oficiais e por fraudar carteira de vacina\u00e7\u00e3o. Segundo apura\u00e7\u00e3o da Folha, uma ala da organiza\u00e7\u00e3o entende que n\u00e3o \u00e9 poss\u00edvel congelar sua promo\u00e7\u00e3o j\u00e1 que ele ainda n\u00e3o \u00e9 r\u00e9u em nenhuma a\u00e7\u00e3o.<\/p>\n<p>Foto: Ant\u00f4nio Cruz\/Ag\u00eancia Brasil<br \/>\nPor: Metro1<\/p>\n","protected":false},"excerpt":{"rendered":"<p>Militar seria contemplado por estar na Aman, que deve ser o pr\u00f3ximo grupo a ascender na organiza\u00e7\u00e3o O Ex\u00e9rcito tende<\/p>\n","protected":false},"author":4,"featured_media":10172,"comment_status":"open","ping_status":"open","sticky":false,"template":"","format":"standard","meta":{"colormag_page_container_layout":"default_layout","colormag_page_sidebar_layout":"default_layout","_FSMCFIC_featured_image_caption":"","_FSMCFIC_featured_image_nocaption":"","_FSMCFIC_featured_image_hide":"","footnotes":""},"categories":[5,1],"tags":[],"class_list":["post-10171","post","type-post","status-publish","format-standard","has-post-thumbnail","hentry","category-politica","category-ultimas"],"yoast_head":"<!-- This site is optimized with the Yoast SEO plugin v27.1.1 - https:\/\/yoast.com\/product\/yoast-seo-wordpress\/ -->\n<title>Ex\u00e9rcito pode promover Mauro Cid a coronel - Brasil not\u00edcias<\/title>\n<meta name=\"robots\" content=\"index, follow, max-snippet:-1, max-image-preview:large, max-video-preview:-1\" \/>\n<link rel=\"canonical\" href=\"https:\/\/brasilnoticias.org\/site\/exercito-pode-promover-mauro-cid-a-coronel\/\" \/>\n<meta property=\"og:locale\" content=\"pt_PT\" \/>\n<meta property=\"og:type\" content=\"article\" \/>\n<meta property=\"og:title\" content=\"Ex\u00e9rcito pode promover Mauro Cid a coronel - Brasil not\u00edcias\" \/>\n<meta property=\"og:description\" content=\"Militar seria contemplado por estar na Aman, que deve ser o pr\u00f3ximo grupo a ascender na organiza\u00e7\u00e3o O Ex\u00e9rcito tende\" \/>\n<meta property=\"og:url\" content=\"https:\/\/brasilnoticias.org\/site\/exercito-pode-promover-mauro-cid-a-coronel\/\" \/>\n<meta property=\"og:site_name\" content=\"Brasil not\u00edcias\" \/>\n<meta property=\"article:published_time\" content=\"2023-10-15T12:02:35+00:00\" \/>\n<meta property=\"og:image\" content=\"https:\/\/brasilnoticias.org\/site\/wp-content\/uploads\/2023\/10\/142023exercito-pode-promover-mauro-cid-a-coronel-3.jpg\" \/>\n\t<meta property=\"og:image:width\" content=\"1600\" \/>\n\t<meta property=\"og:image:height\" content=\"752\" \/>\n\t<meta property=\"og:image:type\" content=\"image\/jpeg\" \/>\n<meta name=\"author\" content=\"Reda\u00e7\u00e3o\" \/>\n<meta name=\"twitter:card\" content=\"summary_large_image\" \/>\n<meta name=\"twitter:label1\" content=\"Escrito por\" \/>\n\t<meta name=\"twitter:data1\" content=\"Reda\u00e7\u00e3o\" \/>\n<script type=\"application\/ld+json\" class=\"yoast-schema-graph\">{\"@context\":\"https:\/\/schema.org\",\"@graph\":[{\"@type\":\"Article\",\"@id\":\"https:\/\/brasilnoticias.org\/site\/exercito-pode-promover-mauro-cid-a-coronel\/#article\",\"isPartOf\":{\"@id\":\"https:\/\/brasilnoticias.org\/site\/exercito-pode-promover-mauro-cid-a-coronel\/\"},\"author\":{\"name\":\"Reda\u00e7\u00e3o\",\"@id\":\"https:\/\/brasilnoticias.org\/site\/#\/schema\/person\/03bbbfe6c7634ad18c26444ea39049fa\"},\"headline\":\"Ex\u00e9rcito pode promover Mauro Cid a coronel\",\"datePublished\":\"2023-10-15T12:02:35+00:00\",\"mainEntityOfPage\":{\"@id\":\"https:\/\/brasilnoticias.org\/site\/exercito-pode-promover-mauro-cid-a-coronel\/\"},\"wordCount\":180,\"commentCount\":0,\"publisher\":{\"@id\":\"https:\/\/brasilnoticias.org\/site\/#organization\"},\"image\":{\"@id\":\"https:\/\/brasilnoticias.org\/site\/exercito-pode-promover-mauro-cid-a-coronel\/#primaryimage\"},\"thumbnailUrl\":\"https:\/\/brasilnoticias.org\/site\/wp-content\/uploads\/2023\/10\/142023exercito-pode-promover-mauro-cid-a-coronel-3.jpg\",\"articleSection\":[\"Pol\u00edtica\",\"\u00daltimas\"],\"inLanguage\":\"pt-PT\",\"potentialAction\":[{\"@type\":\"CommentAction\",\"name\":\"Comment\",\"target\":[\"https:\/\/brasilnoticias.org\/site\/exercito-pode-promover-mauro-cid-a-coronel\/#respond\"]}]},{\"@type\":\"WebPage\",\"@id\":\"https:\/\/brasilnoticias.org\/site\/exercito-pode-promover-mauro-cid-a-coronel\/\",\"url\":\"https:\/\/brasilnoticias.org\/site\/exercito-pode-promover-mauro-cid-a-coronel\/\",\"name\":\"Ex\u00e9rcito pode promover Mauro Cid a coronel - Brasil not\u00edcias\",\"isPartOf\":{\"@id\":\"https:\/\/brasilnoticias.org\/site\/#website\"},\"primaryImageOfPage\":{\"@id\":\"https:\/\/brasilnoticias.org\/site\/exercito-pode-promover-mauro-cid-a-coronel\/#primaryimage\"},\"image\":{\"@id\":\"https:\/\/brasilnoticias.org\/site\/exercito-pode-promover-mauro-cid-a-coronel\/#primaryimage\"},\"thumbnailUrl\":\"https:\/\/brasilnoticias.org\/site\/wp-content\/uploads\/2023\/10\/142023exercito-pode-promover-mauro-cid-a-coronel-3.jpg\",\"datePublished\":\"2023-10-15T12:02:35+00:00\",\"breadcrumb\":{\"@id\":\"https:\/\/brasilnoticias.org\/site\/exercito-pode-promover-mauro-cid-a-coronel\/#breadcrumb\"},\"inLanguage\":\"pt-PT\",\"potentialAction\":[{\"@type\":\"ReadAction\",\"target\":[\"https:\/\/brasilnoticias.org\/site\/exercito-pode-promover-mauro-cid-a-coronel\/\"]}]},{\"@type\":\"ImageObject\",\"inLanguage\":\"pt-PT\",\"@id\":\"https:\/\/brasilnoticias.org\/site\/exercito-pode-promover-mauro-cid-a-coronel\/#primaryimage\",\"url\":\"https:\/\/brasilnoticias.org\/site\/wp-content\/uploads\/2023\/10\/142023exercito-pode-promover-mauro-cid-a-coronel-3.jpg\",\"contentUrl\":\"https:\/\/brasilnoticias.org\/site\/wp-content\/uploads\/2023\/10\/142023exercito-pode-promover-mauro-cid-a-coronel-3.jpg\",\"width\":1600,\"height\":752},{\"@type\":\"BreadcrumbList\",\"@id\":\"https:\/\/brasilnoticias.org\/site\/exercito-pode-promover-mauro-cid-a-coronel\/#breadcrumb\",\"itemListElement\":[{\"@type\":\"ListItem\",\"position\":1,\"name\":\"In\u00edcio\",\"item\":\"https:\/\/brasilnoticias.org\/site\/\"},{\"@type\":\"ListItem\",\"position\":2,\"name\":\"Ex\u00e9rcito pode promover Mauro Cid a coronel\"}]},{\"@type\":\"WebSite\",\"@id\":\"https:\/\/brasilnoticias.org\/site\/#website\",\"url\":\"https:\/\/brasilnoticias.org\/site\/\",\"name\":\"Brasil not\u00edcias\",\"description\":\"Brasil not\u00edcias\",\"publisher\":{\"@id\":\"https:\/\/brasilnoticias.org\/site\/#organization\"},\"potentialAction\":[{\"@type\":\"SearchAction\",\"target\":{\"@type\":\"EntryPoint\",\"urlTemplate\":\"https:\/\/brasilnoticias.org\/site\/?s={search_term_string}\"},\"query-input\":{\"@type\":\"PropertyValueSpecification\",\"valueRequired\":true,\"valueName\":\"search_term_string\"}}],\"inLanguage\":\"pt-PT\"},{\"@type\":\"Organization\",\"@id\":\"https:\/\/brasilnoticias.org\/site\/#organization\",\"name\":\"Brasil not\u00edcias\",\"url\":\"https:\/\/brasilnoticias.org\/site\/\",\"logo\":{\"@type\":\"ImageObject\",\"inLanguage\":\"pt-PT\",\"@id\":\"https:\/\/brasilnoticias.org\/site\/#\/schema\/logo\/image\/\",\"url\":\"https:\/\/brasilnoticias.org\/site\/wp-content\/uploads\/2022\/05\/cropped-brasilnoticias-mini.jpg\",\"contentUrl\":\"https:\/\/brasilnoticias.org\/site\/wp-content\/uploads\/2022\/05\/cropped-brasilnoticias-mini.jpg\",\"width\":314,\"height\":86,\"caption\":\"Brasil not\u00edcias\"},\"image\":{\"@id\":\"https:\/\/brasilnoticias.org\/site\/#\/schema\/logo\/image\/\"}},{\"@type\":\"Person\",\"@id\":\"https:\/\/brasilnoticias.org\/site\/#\/schema\/person\/03bbbfe6c7634ad18c26444ea39049fa\",\"name\":\"Reda\u00e7\u00e3o\",\"image\":{\"@type\":\"ImageObject\",\"inLanguage\":\"pt-PT\",\"@id\":\"https:\/\/brasilnoticias.org\/site\/#\/schema\/person\/image\/\",\"url\":\"https:\/\/secure.gravatar.com\/avatar\/9ecaf7327a696cb23ad926fedded5f1f04d7049de9e445375d55b48c001a6e42?s=96&d=mm&r=g\",\"contentUrl\":\"https:\/\/secure.gravatar.com\/avatar\/9ecaf7327a696cb23ad926fedded5f1f04d7049de9e445375d55b48c001a6e42?s=96&d=mm&r=g\",\"caption\":\"Reda\u00e7\u00e3o\"},\"url\":\"https:\/\/brasilnoticias.org\/site\/author\/henrique\/\"}]}<\/script>\n<!-- \/ Yoast SEO plugin. -->","yoast_head_json":{"title":"Ex\u00e9rcito pode promover Mauro Cid a coronel - Brasil not\u00edcias","robots":{"index":"index","follow":"follow","max-snippet":"max-snippet:-1","max-image-preview":"max-image-preview:large","max-video-preview":"max-video-preview:-1"},"canonical":"https:\/\/brasilnoticias.org\/site\/exercito-pode-promover-mauro-cid-a-coronel\/","og_locale":"pt_PT","og_type":"article","og_title":"Ex\u00e9rcito pode promover Mauro Cid a coronel - Brasil not\u00edcias","og_description":"Militar seria contemplado por estar na Aman, que deve ser o pr\u00f3ximo grupo a ascender na organiza\u00e7\u00e3o O Ex\u00e9rcito tende","og_url":"https:\/\/brasilnoticias.org\/site\/exercito-pode-promover-mauro-cid-a-coronel\/","og_site_name":"Brasil not\u00edcias","article_published_time":"2023-10-15T12:02:35+00:00","og_image":[{"width":1600,"height":752,"url":"https:\/\/brasilnoticias.org\/site\/wp-content\/uploads\/2023\/10\/142023exercito-pode-promover-mauro-cid-a-coronel-3.jpg","type":"image\/jpeg"}],"author":"Reda\u00e7\u00e3o","twitter_card":"summary_large_image","twitter_misc":{"Escrito por":"Reda\u00e7\u00e3o"},"schema":{"@context":"https:\/\/schema.org","@graph":[{"@type":"Article","@id":"https:\/\/brasilnoticias.org\/site\/exercito-pode-promover-mauro-cid-a-coronel\/#article","isPartOf":{"@id":"https:\/\/brasilnoticias.org\/site\/exercito-pode-promover-mauro-cid-a-coronel\/"},"author":{"name":"Reda\u00e7\u00e3o","@id":"https:\/\/brasilnoticias.org\/site\/#\/schema\/person\/03bbbfe6c7634ad18c26444ea39049fa"},"headline":"Ex\u00e9rcito pode promover Mauro Cid a coronel","datePublished":"2023-10-15T12:02:35+00:00","mainEntityOfPage":{"@id":"https:\/\/brasilnoticias.org\/site\/exercito-pode-promover-mauro-cid-a-coronel\/"},"wordCount":180,"commentCount":0,"publisher":{"@id":"https:\/\/brasilnoticias.org\/site\/#organization"},"image":{"@id":"https:\/\/brasilnoticias.org\/site\/exercito-pode-promover-mauro-cid-a-coronel\/#primaryimage"},"thumbnailUrl":"https:\/\/brasilnoticias.org\/site\/wp-content\/uploads\/2023\/10\/142023exercito-pode-promover-mauro-cid-a-coronel-3.jpg","articleSection":["Pol\u00edtica","\u00daltimas"],"inLanguage":"pt-PT","potentialAction":[{"@type":"CommentAction","name":"Comment","target":["https:\/\/brasilnoticias.org\/site\/exercito-pode-promover-mauro-cid-a-coronel\/#respond"]}]},{"@type":"WebPage","@id":"https:\/\/brasilnoticias.org\/site\/exercito-pode-promover-mauro-cid-a-coronel\/","url":"https:\/\/brasilnoticias.org\/site\/exercito-pode-promover-mauro-cid-a-coronel\/","name":"Ex\u00e9rcito pode promover Mauro Cid a coronel - Brasil not\u00edcias","isPartOf":{"@id":"https:\/\/brasilnoticias.org\/site\/#website"},"primaryImageOfPage":{"@id":"https:\/\/brasilnoticias.org\/site\/exercito-pode-promover-mauro-cid-a-coronel\/#primaryimage"},"image":{"@id":"https:\/\/brasilnoticias.org\/site\/exercito-pode-promover-mauro-cid-a-coronel\/#primaryimage"},"thumbnailUrl":"https:\/\/brasilnoticias.org\/site\/wp-content\/uploads\/2023\/10\/142023exercito-pode-promover-mauro-cid-a-coronel-3.jpg","datePublished":"2023-10-15T12:02:35+00:00","breadcrumb":{"@id":"https:\/\/brasilnoticias.org\/site\/exercito-pode-promover-mauro-cid-a-coronel\/#breadcrumb"},"inLanguage":"pt-PT","potentialAction":[{"@type":"ReadAction","target":["https:\/\/brasilnoticias.org\/site\/exercito-pode-promover-mauro-cid-a-coronel\/"]}]},{"@type":"ImageObject","inLanguage":"pt-PT","@id":"https:\/\/brasilnoticias.org\/site\/exercito-pode-promover-mauro-cid-a-coronel\/#primaryimage","url":"https:\/\/brasilnoticias.org\/site\/wp-content\/uploads\/2023\/10\/142023exercito-pode-promover-mauro-cid-a-coronel-3.jpg","contentUrl":"https:\/\/brasilnoticias.org\/site\/wp-content\/uploads\/2023\/10\/142023exercito-pode-promover-mauro-cid-a-coronel-3.jpg","width":1600,"height":752},{"@type":"BreadcrumbList","@id":"https:\/\/brasilnoticias.org\/site\/exercito-pode-promover-mauro-cid-a-coronel\/#breadcrumb","itemListElement":[{"@type":"ListItem","position":1,"name":"In\u00edcio","item":"https:\/\/brasilnoticias.org\/site\/"},{"@type":"ListItem","position":2,"name":"Ex\u00e9rcito pode promover Mauro Cid a coronel"}]},{"@type":"WebSite","@id":"https:\/\/brasilnoticias.org\/site\/#website","url":"https:\/\/brasilnoticias.org\/site\/","name":"Brasil not\u00edcias","description":"Brasil not\u00edcias","publisher":{"@id":"https:\/\/brasilnoticias.org\/site\/#organization"},"potentialAction":[{"@type":"SearchAction","target":{"@type":"EntryPoint","urlTemplate":"https:\/\/brasilnoticias.org\/site\/?s={search_term_string}"},"query-input":{"@type":"PropertyValueSpecification","valueRequired":true,"valueName":"search_term_string"}}],"inLanguage":"pt-PT"},{"@type":"Organization","@id":"https:\/\/brasilnoticias.org\/site\/#organization","name":"Brasil not\u00edcias","url":"https:\/\/brasilnoticias.org\/site\/","logo":{"@type":"ImageObject","inLanguage":"pt-PT","@id":"https:\/\/brasilnoticias.org\/site\/#\/schema\/logo\/image\/","url":"https:\/\/brasilnoticias.org\/site\/wp-content\/uploads\/2022\/05\/cropped-brasilnoticias-mini.jpg","contentUrl":"https:\/\/brasilnoticias.org\/site\/wp-content\/uploads\/2022\/05\/cropped-brasilnoticias-mini.jpg","width":314,"height":86,"caption":"Brasil not\u00edcias"},"image":{"@id":"https:\/\/brasilnoticias.org\/site\/#\/schema\/logo\/image\/"}},{"@type":"Person","@id":"https:\/\/brasilnoticias.org\/site\/#\/schema\/person\/03bbbfe6c7634ad18c26444ea39049fa","name":"Reda\u00e7\u00e3o","image":{"@type":"ImageObject","inLanguage":"pt-PT","@id":"https:\/\/brasilnoticias.org\/site\/#\/schema\/person\/image\/","url":"https:\/\/secure.gravatar.com\/avatar\/9ecaf7327a696cb23ad926fedded5f1f04d7049de9e445375d55b48c001a6e42?s=96&d=mm&r=g","contentUrl":"https:\/\/secure.gravatar.com\/avatar\/9ecaf7327a696cb23ad926fedded5f1f04d7049de9e445375d55b48c001a6e42?s=96&d=mm&r=g","caption":"Reda\u00e7\u00e3o"},"url":"https:\/\/brasilnoticias.org\/site\/author\/henrique\/"}]}},"_links":{"self":[{"href":"https:\/\/brasilnoticias.org\/site\/wp-json\/wp\/v2\/posts\/10171","targetHints":{"allow":["GET"]}}],"collection":[{"href":"https:\/\/brasilnoticias.org\/site\/wp-json\/wp\/v2\/posts"}],"about":[{"href":"https:\/\/brasilnoticias.org\/site\/wp-json\/wp\/v2\/types\/post"}],"author":[{"embeddable":true,"href":"https:\/\/brasilnoticias.org\/site\/wp-json\/wp\/v2\/users\/4"}],"replies":[{"embeddable":true,"href":"https:\/\/brasilnoticias.org\/site\/wp-json\/wp\/v2\/comments?post=10171"}],"version-history":[{"count":1,"href":"https:\/\/brasilnoticias.org\/site\/wp-json\/wp\/v2\/posts\/10171\/revisions"}],"predecessor-version":[{"id":10173,"href":"https:\/\/brasilnoticias.org\/site\/wp-json\/wp\/v2\/posts\/10171\/revisions\/10173"}],"wp:featuredmedia":[{"embeddable":true,"href":"https:\/\/brasilnoticias.org\/site\/wp-json\/wp\/v2\/media\/10172"}],"wp:attachment":[{"href":"https:\/\/brasilnoticias.org\/site\/wp-json\/wp\/v2\/media?parent=10171"}],"wp:term":[{"taxonomy":"category","embeddable":true,"href":"https:\/\/brasilnoticias.org\/site\/wp-json\/wp\/v2\/categories?post=10171"},{"taxonomy":"post_tag","embeddable":true,"href":"https:\/\/brasilnoticias.org\/site\/wp-json\/wp\/v2\/tags?post=10171"}],"curies":[{"name":"wp","href":"https:\/\/api.w.org\/{rel}","templated":true}]}}