{"id":10178,"date":"2023-10-15T18:49:27","date_gmt":"2023-10-15T21:49:27","guid":{"rendered":"https:\/\/brasilnoticias.org\/site\/?p=10178"},"modified":"2023-10-15T18:49:27","modified_gmt":"2023-10-15T21:49:27","slug":"comite-aponta-que-pelo-menos-12-jornalistas-morreram-em-conflito-entre-israel-e-hamas-em-uma-semana","status":"publish","type":"post","link":"https:\/\/brasilnoticias.org\/site\/comite-aponta-que-pelo-menos-12-jornalistas-morreram-em-conflito-entre-israel-e-hamas-em-uma-semana\/","title":{"rendered":"Comit\u00ea aponta que pelo menos 12 jornalistas morreram em conflito entre Israel e Hamas em uma semana"},"content":{"rendered":"<p>O CPJ disse que, &#8220;dado o risco de um ataque por terra das for\u00e7as israelitas&#8221;, jornalistas que est\u00e3o na Faixa de Gaza correm &#8220;perigos particularmente elevados&#8221;<\/p>\n<p>O Comit\u00ea para a Prote\u00e7\u00e3o dos Jornalistas (CPJ) divulgou que pelo menos 12 profissionais da imprensa morreram devido ao conflito entre Israel e o Hamas, que tomou for\u00e7a em 7 de outubro. Al\u00e9m disso, segundo informa\u00e7\u00f5es da Ag\u00eancia Lusa, dois jornalistas est\u00e3o desaparecidos e oito ficaram feridos. Entre os mortos, est\u00e3o dez jornalistas palestinos, e dois israelitas<\/p>\n<p>O CPJ disse que, \u201cdado o risco de um ataque por terra das for\u00e7as israelitas\u201d, jornalistas que est\u00e3o na Faixa de Gaza correm \u201cperigos particularmente elevados\u201d. O Comit\u00ea tamb\u00e9m alertou sobre \u201cbombardeios devastadores da avia\u00e7\u00e3o israelita, a impossibilidade de comunica\u00e7\u00e3o e os cont\u00ednuos cortes de energia\u201d.<\/p>\n<p>\u201cS\u00e3o civis que realizam um trabalho importante em tempos de crise e n\u00e3o devem ser atacados pelas partes em conflito\u201d, apontou o coordenador do CPJ para o M\u00e9dio Oriente e Norte de \u00c1frica, Sherif Mansour, recomendando que medidas para garantir a seguran\u00e7a dos profissionais sejam tomadas.<\/p>\n<p>Foto: Redes Sociais<br \/>\nAratu On<\/p>\n","protected":false},"excerpt":{"rendered":"<p>O CPJ disse que, &#8220;dado o risco de um ataque por terra das for\u00e7as israelitas&#8221;, jornalistas que est\u00e3o na Faixa<\/p>\n","protected":false},"author":4,"featured_media":10179,"comment_status":"open","ping_status":"open","sticky":false,"template":"","format":"standard","meta":{"colormag_page_container_layout":"default_layout","colormag_page_sidebar_layout":"default_layout","_FSMCFIC_featured_image_caption":"","_FSMCFIC_featured_image_nocaption":"","_FSMCFIC_featured_image_hide":"","footnotes":""},"categories":[6,1],"tags":[],"class_list":["post-10178","post","type-post","status-publish","format-standard","has-post-thumbnail","hentry","category-mundo","category-ultimas"],"yoast_head":"<!-- This site is optimized with the Yoast SEO plugin v27.1.1 - https:\/\/yoast.com\/product\/yoast-seo-wordpress\/ -->\n<title>Comit\u00ea aponta que pelo menos 12 jornalistas morreram em conflito entre Israel e Hamas em uma semana - Brasil not\u00edcias<\/title>\n<meta name=\"robots\" content=\"index, follow, max-snippet:-1, max-image-preview:large, max-video-preview:-1\" \/>\n<link rel=\"canonical\" href=\"https:\/\/brasilnoticias.org\/site\/comite-aponta-que-pelo-menos-12-jornalistas-morreram-em-conflito-entre-israel-e-hamas-em-uma-semana\/\" \/>\n<meta property=\"og:locale\" content=\"pt_PT\" \/>\n<meta property=\"og:type\" content=\"article\" \/>\n<meta property=\"og:title\" content=\"Comit\u00ea aponta que pelo menos 12 jornalistas morreram em conflito entre Israel e Hamas em uma semana - Brasil not\u00edcias\" \/>\n<meta property=\"og:description\" content=\"O CPJ disse que, &#8220;dado o risco de um ataque por terra das for\u00e7as israelitas&#8221;, jornalistas que est\u00e3o na Faixa\" \/>\n<meta property=\"og:url\" content=\"https:\/\/brasilnoticias.org\/site\/comite-aponta-que-pelo-menos-12-jornalistas-morreram-em-conflito-entre-israel-e-hamas-em-uma-semana\/\" \/>\n<meta property=\"og:site_name\" content=\"Brasil not\u00edcias\" \/>\n<meta property=\"article:published_time\" content=\"2023-10-15T21:49:27+00:00\" \/>\n<meta property=\"og:image\" content=\"https:\/\/brasilnoticias.org\/site\/wp-content\/uploads\/2023\/10\/faixa-de-gaza-redes-sociais-740x470-2.jpg\" \/>\n\t<meta property=\"og:image:width\" content=\"740\" \/>\n\t<meta property=\"og:image:height\" content=\"470\" \/>\n\t<meta property=\"og:image:type\" content=\"image\/jpeg\" \/>\n<meta name=\"author\" content=\"Reda\u00e7\u00e3o\" \/>\n<meta name=\"twitter:card\" content=\"summary_large_image\" \/>\n<meta name=\"twitter:label1\" content=\"Escrito por\" \/>\n\t<meta name=\"twitter:data1\" content=\"Reda\u00e7\u00e3o\" \/>\n<script type=\"application\/ld+json\" class=\"yoast-schema-graph\">{\"@context\":\"https:\/\/schema.org\",\"@graph\":[{\"@type\":\"Article\",\"@id\":\"https:\/\/brasilnoticias.org\/site\/comite-aponta-que-pelo-menos-12-jornalistas-morreram-em-conflito-entre-israel-e-hamas-em-uma-semana\/#article\",\"isPartOf\":{\"@id\":\"https:\/\/brasilnoticias.org\/site\/comite-aponta-que-pelo-menos-12-jornalistas-morreram-em-conflito-entre-israel-e-hamas-em-uma-semana\/\"},\"author\":{\"name\":\"Reda\u00e7\u00e3o\",\"@id\":\"https:\/\/brasilnoticias.org\/site\/#\/schema\/person\/03bbbfe6c7634ad18c26444ea39049fa\"},\"headline\":\"Comit\u00ea aponta que pelo menos 12 jornalistas morreram em conflito entre Israel e Hamas em uma semana\",\"datePublished\":\"2023-10-15T21:49:27+00:00\",\"mainEntityOfPage\":{\"@id\":\"https:\/\/brasilnoticias.org\/site\/comite-aponta-que-pelo-menos-12-jornalistas-morreram-em-conflito-entre-israel-e-hamas-em-uma-semana\/\"},\"wordCount\":213,\"commentCount\":0,\"publisher\":{\"@id\":\"https:\/\/brasilnoticias.org\/site\/#organization\"},\"image\":{\"@id\":\"https:\/\/brasilnoticias.org\/site\/comite-aponta-que-pelo-menos-12-jornalistas-morreram-em-conflito-entre-israel-e-hamas-em-uma-semana\/#primaryimage\"},\"thumbnailUrl\":\"https:\/\/brasilnoticias.org\/site\/wp-content\/uploads\/2023\/10\/faixa-de-gaza-redes-sociais-740x470-2.jpg\",\"articleSection\":[\"Mundo\",\"\u00daltimas\"],\"inLanguage\":\"pt-PT\",\"potentialAction\":[{\"@type\":\"CommentAction\",\"name\":\"Comment\",\"target\":[\"https:\/\/brasilnoticias.org\/site\/comite-aponta-que-pelo-menos-12-jornalistas-morreram-em-conflito-entre-israel-e-hamas-em-uma-semana\/#respond\"]}]},{\"@type\":\"WebPage\",\"@id\":\"https:\/\/brasilnoticias.org\/site\/comite-aponta-que-pelo-menos-12-jornalistas-morreram-em-conflito-entre-israel-e-hamas-em-uma-semana\/\",\"url\":\"https:\/\/brasilnoticias.org\/site\/comite-aponta-que-pelo-menos-12-jornalistas-morreram-em-conflito-entre-israel-e-hamas-em-uma-semana\/\",\"name\":\"Comit\u00ea aponta que pelo menos 12 jornalistas morreram em conflito entre Israel e Hamas em uma semana - Brasil not\u00edcias\",\"isPartOf\":{\"@id\":\"https:\/\/brasilnoticias.org\/site\/#website\"},\"primaryImageOfPage\":{\"@id\":\"https:\/\/brasilnoticias.org\/site\/comite-aponta-que-pelo-menos-12-jornalistas-morreram-em-conflito-entre-israel-e-hamas-em-uma-semana\/#primaryimage\"},\"image\":{\"@id\":\"https:\/\/brasilnoticias.org\/site\/comite-aponta-que-pelo-menos-12-jornalistas-morreram-em-conflito-entre-israel-e-hamas-em-uma-semana\/#primaryimage\"},\"thumbnailUrl\":\"https:\/\/brasilnoticias.org\/site\/wp-content\/uploads\/2023\/10\/faixa-de-gaza-redes-sociais-740x470-2.jpg\",\"datePublished\":\"2023-10-15T21:49:27+00:00\",\"breadcrumb\":{\"@id\":\"https:\/\/brasilnoticias.org\/site\/comite-aponta-que-pelo-menos-12-jornalistas-morreram-em-conflito-entre-israel-e-hamas-em-uma-semana\/#breadcrumb\"},\"inLanguage\":\"pt-PT\",\"potentialAction\":[{\"@type\":\"ReadAction\",\"target\":[\"https:\/\/brasilnoticias.org\/site\/comite-aponta-que-pelo-menos-12-jornalistas-morreram-em-conflito-entre-israel-e-hamas-em-uma-semana\/\"]}]},{\"@type\":\"ImageObject\",\"inLanguage\":\"pt-PT\",\"@id\":\"https:\/\/brasilnoticias.org\/site\/comite-aponta-que-pelo-menos-12-jornalistas-morreram-em-conflito-entre-israel-e-hamas-em-uma-semana\/#primaryimage\",\"url\":\"https:\/\/brasilnoticias.org\/site\/wp-content\/uploads\/2023\/10\/faixa-de-gaza-redes-sociais-740x470-2.jpg\",\"contentUrl\":\"https:\/\/brasilnoticias.org\/site\/wp-content\/uploads\/2023\/10\/faixa-de-gaza-redes-sociais-740x470-2.jpg\",\"width\":740,\"height\":470},{\"@type\":\"BreadcrumbList\",\"@id\":\"https:\/\/brasilnoticias.org\/site\/comite-aponta-que-pelo-menos-12-jornalistas-morreram-em-conflito-entre-israel-e-hamas-em-uma-semana\/#breadcrumb\",\"itemListElement\":[{\"@type\":\"ListItem\",\"position\":1,\"name\":\"In\u00edcio\",\"item\":\"https:\/\/brasilnoticias.org\/site\/\"},{\"@type\":\"ListItem\",\"position\":2,\"name\":\"Comit\u00ea aponta que pelo menos 12 jornalistas morreram em conflito entre Israel e Hamas em uma semana\"}]},{\"@type\":\"WebSite\",\"@id\":\"https:\/\/brasilnoticias.org\/site\/#website\",\"url\":\"https:\/\/brasilnoticias.org\/site\/\",\"name\":\"Brasil not\u00edcias\",\"description\":\"Brasil not\u00edcias\",\"publisher\":{\"@id\":\"https:\/\/brasilnoticias.org\/site\/#organization\"},\"potentialAction\":[{\"@type\":\"SearchAction\",\"target\":{\"@type\":\"EntryPoint\",\"urlTemplate\":\"https:\/\/brasilnoticias.org\/site\/?s={search_term_string}\"},\"query-input\":{\"@type\":\"PropertyValueSpecification\",\"valueRequired\":true,\"valueName\":\"search_term_string\"}}],\"inLanguage\":\"pt-PT\"},{\"@type\":\"Organization\",\"@id\":\"https:\/\/brasilnoticias.org\/site\/#organization\",\"name\":\"Brasil not\u00edcias\",\"url\":\"https:\/\/brasilnoticias.org\/site\/\",\"logo\":{\"@type\":\"ImageObject\",\"inLanguage\":\"pt-PT\",\"@id\":\"https:\/\/brasilnoticias.org\/site\/#\/schema\/logo\/image\/\",\"url\":\"https:\/\/brasilnoticias.org\/site\/wp-content\/uploads\/2022\/05\/cropped-brasilnoticias-mini.jpg\",\"contentUrl\":\"https:\/\/brasilnoticias.org\/site\/wp-content\/uploads\/2022\/05\/cropped-brasilnoticias-mini.jpg\",\"width\":314,\"height\":86,\"caption\":\"Brasil not\u00edcias\"},\"image\":{\"@id\":\"https:\/\/brasilnoticias.org\/site\/#\/schema\/logo\/image\/\"}},{\"@type\":\"Person\",\"@id\":\"https:\/\/brasilnoticias.org\/site\/#\/schema\/person\/03bbbfe6c7634ad18c26444ea39049fa\",\"name\":\"Reda\u00e7\u00e3o\",\"image\":{\"@type\":\"ImageObject\",\"inLanguage\":\"pt-PT\",\"@id\":\"https:\/\/brasilnoticias.org\/site\/#\/schema\/person\/image\/\",\"url\":\"https:\/\/secure.gravatar.com\/avatar\/9ecaf7327a696cb23ad926fedded5f1f04d7049de9e445375d55b48c001a6e42?s=96&d=mm&r=g\",\"contentUrl\":\"https:\/\/secure.gravatar.com\/avatar\/9ecaf7327a696cb23ad926fedded5f1f04d7049de9e445375d55b48c001a6e42?s=96&d=mm&r=g\",\"caption\":\"Reda\u00e7\u00e3o\"},\"url\":\"https:\/\/brasilnoticias.org\/site\/author\/henrique\/\"}]}<\/script>\n<!-- \/ Yoast SEO plugin. -->","yoast_head_json":{"title":"Comit\u00ea aponta que pelo menos 12 jornalistas morreram em conflito entre Israel e Hamas em uma semana - Brasil not\u00edcias","robots":{"index":"index","follow":"follow","max-snippet":"max-snippet:-1","max-image-preview":"max-image-preview:large","max-video-preview":"max-video-preview:-1"},"canonical":"https:\/\/brasilnoticias.org\/site\/comite-aponta-que-pelo-menos-12-jornalistas-morreram-em-conflito-entre-israel-e-hamas-em-uma-semana\/","og_locale":"pt_PT","og_type":"article","og_title":"Comit\u00ea aponta que pelo menos 12 jornalistas morreram em conflito entre Israel e Hamas em uma semana - Brasil not\u00edcias","og_description":"O CPJ disse que, &#8220;dado o risco de um ataque por terra das for\u00e7as israelitas&#8221;, jornalistas que est\u00e3o na Faixa","og_url":"https:\/\/brasilnoticias.org\/site\/comite-aponta-que-pelo-menos-12-jornalistas-morreram-em-conflito-entre-israel-e-hamas-em-uma-semana\/","og_site_name":"Brasil not\u00edcias","article_published_time":"2023-10-15T21:49:27+00:00","og_image":[{"width":740,"height":470,"url":"https:\/\/brasilnoticias.org\/site\/wp-content\/uploads\/2023\/10\/faixa-de-gaza-redes-sociais-740x470-2.jpg","type":"image\/jpeg"}],"author":"Reda\u00e7\u00e3o","twitter_card":"summary_large_image","twitter_misc":{"Escrito por":"Reda\u00e7\u00e3o"},"schema":{"@context":"https:\/\/schema.org","@graph":[{"@type":"Article","@id":"https:\/\/brasilnoticias.org\/site\/comite-aponta-que-pelo-menos-12-jornalistas-morreram-em-conflito-entre-israel-e-hamas-em-uma-semana\/#article","isPartOf":{"@id":"https:\/\/brasilnoticias.org\/site\/comite-aponta-que-pelo-menos-12-jornalistas-morreram-em-conflito-entre-israel-e-hamas-em-uma-semana\/"},"author":{"name":"Reda\u00e7\u00e3o","@id":"https:\/\/brasilnoticias.org\/site\/#\/schema\/person\/03bbbfe6c7634ad18c26444ea39049fa"},"headline":"Comit\u00ea aponta que pelo menos 12 jornalistas morreram em conflito entre Israel e Hamas em uma semana","datePublished":"2023-10-15T21:49:27+00:00","mainEntityOfPage":{"@id":"https:\/\/brasilnoticias.org\/site\/comite-aponta-que-pelo-menos-12-jornalistas-morreram-em-conflito-entre-israel-e-hamas-em-uma-semana\/"},"wordCount":213,"commentCount":0,"publisher":{"@id":"https:\/\/brasilnoticias.org\/site\/#organization"},"image":{"@id":"https:\/\/brasilnoticias.org\/site\/comite-aponta-que-pelo-menos-12-jornalistas-morreram-em-conflito-entre-israel-e-hamas-em-uma-semana\/#primaryimage"},"thumbnailUrl":"https:\/\/brasilnoticias.org\/site\/wp-content\/uploads\/2023\/10\/faixa-de-gaza-redes-sociais-740x470-2.jpg","articleSection":["Mundo","\u00daltimas"],"inLanguage":"pt-PT","potentialAction":[{"@type":"CommentAction","name":"Comment","target":["https:\/\/brasilnoticias.org\/site\/comite-aponta-que-pelo-menos-12-jornalistas-morreram-em-conflito-entre-israel-e-hamas-em-uma-semana\/#respond"]}]},{"@type":"WebPage","@id":"https:\/\/brasilnoticias.org\/site\/comite-aponta-que-pelo-menos-12-jornalistas-morreram-em-conflito-entre-israel-e-hamas-em-uma-semana\/","url":"https:\/\/brasilnoticias.org\/site\/comite-aponta-que-pelo-menos-12-jornalistas-morreram-em-conflito-entre-israel-e-hamas-em-uma-semana\/","name":"Comit\u00ea aponta que pelo menos 12 jornalistas morreram em conflito entre Israel e Hamas em uma semana - Brasil not\u00edcias","isPartOf":{"@id":"https:\/\/brasilnoticias.org\/site\/#website"},"primaryImageOfPage":{"@id":"https:\/\/brasilnoticias.org\/site\/comite-aponta-que-pelo-menos-12-jornalistas-morreram-em-conflito-entre-israel-e-hamas-em-uma-semana\/#primaryimage"},"image":{"@id":"https:\/\/brasilnoticias.org\/site\/comite-aponta-que-pelo-menos-12-jornalistas-morreram-em-conflito-entre-israel-e-hamas-em-uma-semana\/#primaryimage"},"thumbnailUrl":"https:\/\/brasilnoticias.org\/site\/wp-content\/uploads\/2023\/10\/faixa-de-gaza-redes-sociais-740x470-2.jpg","datePublished":"2023-10-15T21:49:27+00:00","breadcrumb":{"@id":"https:\/\/brasilnoticias.org\/site\/comite-aponta-que-pelo-menos-12-jornalistas-morreram-em-conflito-entre-israel-e-hamas-em-uma-semana\/#breadcrumb"},"inLanguage":"pt-PT","potentialAction":[{"@type":"ReadAction","target":["https:\/\/brasilnoticias.org\/site\/comite-aponta-que-pelo-menos-12-jornalistas-morreram-em-conflito-entre-israel-e-hamas-em-uma-semana\/"]}]},{"@type":"ImageObject","inLanguage":"pt-PT","@id":"https:\/\/brasilnoticias.org\/site\/comite-aponta-que-pelo-menos-12-jornalistas-morreram-em-conflito-entre-israel-e-hamas-em-uma-semana\/#primaryimage","url":"https:\/\/brasilnoticias.org\/site\/wp-content\/uploads\/2023\/10\/faixa-de-gaza-redes-sociais-740x470-2.jpg","contentUrl":"https:\/\/brasilnoticias.org\/site\/wp-content\/uploads\/2023\/10\/faixa-de-gaza-redes-sociais-740x470-2.jpg","width":740,"height":470},{"@type":"BreadcrumbList","@id":"https:\/\/brasilnoticias.org\/site\/comite-aponta-que-pelo-menos-12-jornalistas-morreram-em-conflito-entre-israel-e-hamas-em-uma-semana\/#breadcrumb","itemListElement":[{"@type":"ListItem","position":1,"name":"In\u00edcio","item":"https:\/\/brasilnoticias.org\/site\/"},{"@type":"ListItem","position":2,"name":"Comit\u00ea aponta que pelo menos 12 jornalistas morreram em conflito entre Israel e Hamas em uma semana"}]},{"@type":"WebSite","@id":"https:\/\/brasilnoticias.org\/site\/#website","url":"https:\/\/brasilnoticias.org\/site\/","name":"Brasil not\u00edcias","description":"Brasil not\u00edcias","publisher":{"@id":"https:\/\/brasilnoticias.org\/site\/#organization"},"potentialAction":[{"@type":"SearchAction","target":{"@type":"EntryPoint","urlTemplate":"https:\/\/brasilnoticias.org\/site\/?s={search_term_string}"},"query-input":{"@type":"PropertyValueSpecification","valueRequired":true,"valueName":"search_term_string"}}],"inLanguage":"pt-PT"},{"@type":"Organization","@id":"https:\/\/brasilnoticias.org\/site\/#organization","name":"Brasil not\u00edcias","url":"https:\/\/brasilnoticias.org\/site\/","logo":{"@type":"ImageObject","inLanguage":"pt-PT","@id":"https:\/\/brasilnoticias.org\/site\/#\/schema\/logo\/image\/","url":"https:\/\/brasilnoticias.org\/site\/wp-content\/uploads\/2022\/05\/cropped-brasilnoticias-mini.jpg","contentUrl":"https:\/\/brasilnoticias.org\/site\/wp-content\/uploads\/2022\/05\/cropped-brasilnoticias-mini.jpg","width":314,"height":86,"caption":"Brasil not\u00edcias"},"image":{"@id":"https:\/\/brasilnoticias.org\/site\/#\/schema\/logo\/image\/"}},{"@type":"Person","@id":"https:\/\/brasilnoticias.org\/site\/#\/schema\/person\/03bbbfe6c7634ad18c26444ea39049fa","name":"Reda\u00e7\u00e3o","image":{"@type":"ImageObject","inLanguage":"pt-PT","@id":"https:\/\/brasilnoticias.org\/site\/#\/schema\/person\/image\/","url":"https:\/\/secure.gravatar.com\/avatar\/9ecaf7327a696cb23ad926fedded5f1f04d7049de9e445375d55b48c001a6e42?s=96&d=mm&r=g","contentUrl":"https:\/\/secure.gravatar.com\/avatar\/9ecaf7327a696cb23ad926fedded5f1f04d7049de9e445375d55b48c001a6e42?s=96&d=mm&r=g","caption":"Reda\u00e7\u00e3o"},"url":"https:\/\/brasilnoticias.org\/site\/author\/henrique\/"}]}},"_links":{"self":[{"href":"https:\/\/brasilnoticias.org\/site\/wp-json\/wp\/v2\/posts\/10178","targetHints":{"allow":["GET"]}}],"collection":[{"href":"https:\/\/brasilnoticias.org\/site\/wp-json\/wp\/v2\/posts"}],"about":[{"href":"https:\/\/brasilnoticias.org\/site\/wp-json\/wp\/v2\/types\/post"}],"author":[{"embeddable":true,"href":"https:\/\/brasilnoticias.org\/site\/wp-json\/wp\/v2\/users\/4"}],"replies":[{"embeddable":true,"href":"https:\/\/brasilnoticias.org\/site\/wp-json\/wp\/v2\/comments?post=10178"}],"version-history":[{"count":1,"href":"https:\/\/brasilnoticias.org\/site\/wp-json\/wp\/v2\/posts\/10178\/revisions"}],"predecessor-version":[{"id":10180,"href":"https:\/\/brasilnoticias.org\/site\/wp-json\/wp\/v2\/posts\/10178\/revisions\/10180"}],"wp:featuredmedia":[{"embeddable":true,"href":"https:\/\/brasilnoticias.org\/site\/wp-json\/wp\/v2\/media\/10179"}],"wp:attachment":[{"href":"https:\/\/brasilnoticias.org\/site\/wp-json\/wp\/v2\/media?parent=10178"}],"wp:term":[{"taxonomy":"category","embeddable":true,"href":"https:\/\/brasilnoticias.org\/site\/wp-json\/wp\/v2\/categories?post=10178"},{"taxonomy":"post_tag","embeddable":true,"href":"https:\/\/brasilnoticias.org\/site\/wp-json\/wp\/v2\/tags?post=10178"}],"curies":[{"name":"wp","href":"https:\/\/api.w.org\/{rel}","templated":true}]}}