{"id":10184,"date":"2023-10-15T18:52:52","date_gmt":"2023-10-15T21:52:52","guid":{"rendered":"https:\/\/brasilnoticias.org\/site\/?p=10184"},"modified":"2023-10-15T18:52:52","modified_gmt":"2023-10-15T21:52:52","slug":"no-dia-do-professor-lula-homenageia-educadores-a-educacao-e-o-caminho-do-futuro-do-pais","status":"publish","type":"post","link":"https:\/\/brasilnoticias.org\/site\/no-dia-do-professor-lula-homenageia-educadores-a-educacao-e-o-caminho-do-futuro-do-pais\/","title":{"rendered":"No Dia do Professor, Lula homenageia educadores: \u2018A educa\u00e7\u00e3o \u00e9 o caminho do futuro do pa\u00eds\u2019"},"content":{"rendered":"<p>O presidente ainda prometeu ampliar a educa\u00e7\u00e3o b\u00e1sica em tempo integral no Brasil<\/p>\n<p>Em homenagem ao Dia do Professor, comemorado em todo o pa\u00eds neste domingo (15\/10), o presidente Luiz In\u00e1cio Lula da Silva (PT) enviou uma mensagem destacando a import\u00e2ncia dos educadores. Em postagem nas redes sociais, Lula enumerou medidas da sua gest\u00e3o para a educa\u00e7\u00e3o.<\/p>\n<p>\u201cA educa\u00e7\u00e3o \u00e9 o caminho do futuro do pa\u00eds. E os professores v\u00e3o construir esse futuro. No dia deles, queremos lembrar da import\u00e2ncia de valorizarmos o ensino e os profissionais da educa\u00e7\u00e3o. Estamos recuperando o or\u00e7amento da \u00e1rea. J\u00e1 reajustamos a merenda e as bolsas de pesquisa, e estamos lutando com uni\u00e3o para consertar o estrago feito nos \u00faltimos anos pelo governo anterior e pela pandemia\u201d, escreveu.<\/p>\n<blockquote class=\"twitter-tweet\">\n<p lang=\"pt\" dir=\"ltr\">A educa\u00e7\u00e3o \u00e9 o caminho do futuro do pa\u00eds. E os professores v\u00e3o construir esse futuro. No dia deles, queremos lembrar da import\u00e2ncia de valorizarmos o ensino e os profissionais da educa\u00e7\u00e3o. Estamos recuperando o or\u00e7amento da \u00e1rea. J\u00e1 reajustamos o repasse para alimenta\u00e7\u00e3o escolar\u2026<\/p>\n<p>&mdash; Lula (@LulaOficial) <a href=\"https:\/\/twitter.com\/LulaOficial\/status\/1713541656035652018?ref_src=twsrc%5Etfw\">October 15, 2023<\/a><\/p><\/blockquote>\n<p> <script async src=\"https:\/\/platform.twitter.com\/widgets.js\" charset=\"utf-8\"><\/script><\/p>\n<p>O presidente ainda prometeu ampliar a educa\u00e7\u00e3o b\u00e1sica em tempo integral no Brasil. \u201cVamos ampliar a educa\u00e7\u00e3o de tempo integral e retomar as oportunidades de acesso ao ensino superior. Nesse Dia dos Professores, meu carinho e compromisso com essa categoria t\u00e3o fundamental para nosso pa\u00eds\u201d.<\/p>\n<p>Foto: Redes Sociais<br \/>\nAratu On<\/p>\n","protected":false},"excerpt":{"rendered":"<p>O presidente ainda prometeu ampliar a educa\u00e7\u00e3o b\u00e1sica em tempo integral no Brasil Em homenagem ao Dia do Professor, comemorado<\/p>\n","protected":false},"author":4,"featured_media":10185,"comment_status":"open","ping_status":"open","sticky":false,"template":"","format":"standard","meta":{"colormag_page_container_layout":"default_layout","colormag_page_sidebar_layout":"default_layout","_FSMCFIC_featured_image_caption":"","_FSMCFIC_featured_image_nocaption":"","_FSMCFIC_featured_image_hide":"","footnotes":""},"categories":[5,1],"tags":[],"class_list":["post-10184","post","type-post","status-publish","format-standard","has-post-thumbnail","hentry","category-politica","category-ultimas"],"yoast_head":"<!-- This site is optimized with the Yoast SEO plugin v27.1.1 - https:\/\/yoast.com\/product\/yoast-seo-wordpress\/ -->\n<title>No Dia do Professor, Lula homenageia educadores: \u2018A educa\u00e7\u00e3o \u00e9 o caminho do futuro do pa\u00eds\u2019 - Brasil not\u00edcias<\/title>\n<meta name=\"robots\" content=\"index, follow, max-snippet:-1, max-image-preview:large, max-video-preview:-1\" \/>\n<link rel=\"canonical\" href=\"https:\/\/brasilnoticias.org\/site\/no-dia-do-professor-lula-homenageia-educadores-a-educacao-e-o-caminho-do-futuro-do-pais\/\" \/>\n<meta property=\"og:locale\" content=\"pt_PT\" \/>\n<meta property=\"og:type\" content=\"article\" \/>\n<meta property=\"og:title\" content=\"No Dia do Professor, Lula homenageia educadores: \u2018A educa\u00e7\u00e3o \u00e9 o caminho do futuro do pa\u00eds\u2019 - Brasil not\u00edcias\" \/>\n<meta property=\"og:description\" content=\"O presidente ainda prometeu ampliar a educa\u00e7\u00e3o b\u00e1sica em tempo integral no Brasil Em homenagem ao Dia do Professor, comemorado\" \/>\n<meta property=\"og:url\" content=\"https:\/\/brasilnoticias.org\/site\/no-dia-do-professor-lula-homenageia-educadores-a-educacao-e-o-caminho-do-futuro-do-pais\/\" \/>\n<meta property=\"og:site_name\" content=\"Brasil not\u00edcias\" \/>\n<meta property=\"article:published_time\" content=\"2023-10-15T21:52:52+00:00\" \/>\n<meta property=\"og:image\" content=\"https:\/\/brasilnoticias.org\/site\/wp-content\/uploads\/2023\/10\/lula-740x470-1.jpg\" \/>\n\t<meta property=\"og:image:width\" content=\"740\" \/>\n\t<meta property=\"og:image:height\" content=\"470\" \/>\n\t<meta property=\"og:image:type\" content=\"image\/jpeg\" \/>\n<meta name=\"author\" content=\"Reda\u00e7\u00e3o\" \/>\n<meta name=\"twitter:card\" content=\"summary_large_image\" \/>\n<meta name=\"twitter:label1\" content=\"Escrito por\" \/>\n\t<meta name=\"twitter:data1\" content=\"Reda\u00e7\u00e3o\" \/>\n<script type=\"application\/ld+json\" class=\"yoast-schema-graph\">{\"@context\":\"https:\/\/schema.org\",\"@graph\":[{\"@type\":\"Article\",\"@id\":\"https:\/\/brasilnoticias.org\/site\/no-dia-do-professor-lula-homenageia-educadores-a-educacao-e-o-caminho-do-futuro-do-pais\/#article\",\"isPartOf\":{\"@id\":\"https:\/\/brasilnoticias.org\/site\/no-dia-do-professor-lula-homenageia-educadores-a-educacao-e-o-caminho-do-futuro-do-pais\/\"},\"author\":{\"name\":\"Reda\u00e7\u00e3o\",\"@id\":\"https:\/\/brasilnoticias.org\/site\/#\/schema\/person\/03bbbfe6c7634ad18c26444ea39049fa\"},\"headline\":\"No Dia do Professor, Lula homenageia educadores: \u2018A educa\u00e7\u00e3o \u00e9 o caminho do futuro do pa\u00eds\u2019\",\"datePublished\":\"2023-10-15T21:52:52+00:00\",\"mainEntityOfPage\":{\"@id\":\"https:\/\/brasilnoticias.org\/site\/no-dia-do-professor-lula-homenageia-educadores-a-educacao-e-o-caminho-do-futuro-do-pais\/\"},\"wordCount\":263,\"commentCount\":0,\"publisher\":{\"@id\":\"https:\/\/brasilnoticias.org\/site\/#organization\"},\"image\":{\"@id\":\"https:\/\/brasilnoticias.org\/site\/no-dia-do-professor-lula-homenageia-educadores-a-educacao-e-o-caminho-do-futuro-do-pais\/#primaryimage\"},\"thumbnailUrl\":\"https:\/\/brasilnoticias.org\/site\/wp-content\/uploads\/2023\/10\/lula-740x470-1.jpg\",\"articleSection\":[\"Pol\u00edtica\",\"\u00daltimas\"],\"inLanguage\":\"pt-PT\",\"potentialAction\":[{\"@type\":\"CommentAction\",\"name\":\"Comment\",\"target\":[\"https:\/\/brasilnoticias.org\/site\/no-dia-do-professor-lula-homenageia-educadores-a-educacao-e-o-caminho-do-futuro-do-pais\/#respond\"]}]},{\"@type\":\"WebPage\",\"@id\":\"https:\/\/brasilnoticias.org\/site\/no-dia-do-professor-lula-homenageia-educadores-a-educacao-e-o-caminho-do-futuro-do-pais\/\",\"url\":\"https:\/\/brasilnoticias.org\/site\/no-dia-do-professor-lula-homenageia-educadores-a-educacao-e-o-caminho-do-futuro-do-pais\/\",\"name\":\"No Dia do Professor, Lula homenageia educadores: \u2018A educa\u00e7\u00e3o \u00e9 o caminho do futuro do pa\u00eds\u2019 - Brasil not\u00edcias\",\"isPartOf\":{\"@id\":\"https:\/\/brasilnoticias.org\/site\/#website\"},\"primaryImageOfPage\":{\"@id\":\"https:\/\/brasilnoticias.org\/site\/no-dia-do-professor-lula-homenageia-educadores-a-educacao-e-o-caminho-do-futuro-do-pais\/#primaryimage\"},\"image\":{\"@id\":\"https:\/\/brasilnoticias.org\/site\/no-dia-do-professor-lula-homenageia-educadores-a-educacao-e-o-caminho-do-futuro-do-pais\/#primaryimage\"},\"thumbnailUrl\":\"https:\/\/brasilnoticias.org\/site\/wp-content\/uploads\/2023\/10\/lula-740x470-1.jpg\",\"datePublished\":\"2023-10-15T21:52:52+00:00\",\"breadcrumb\":{\"@id\":\"https:\/\/brasilnoticias.org\/site\/no-dia-do-professor-lula-homenageia-educadores-a-educacao-e-o-caminho-do-futuro-do-pais\/#breadcrumb\"},\"inLanguage\":\"pt-PT\",\"potentialAction\":[{\"@type\":\"ReadAction\",\"target\":[\"https:\/\/brasilnoticias.org\/site\/no-dia-do-professor-lula-homenageia-educadores-a-educacao-e-o-caminho-do-futuro-do-pais\/\"]}]},{\"@type\":\"ImageObject\",\"inLanguage\":\"pt-PT\",\"@id\":\"https:\/\/brasilnoticias.org\/site\/no-dia-do-professor-lula-homenageia-educadores-a-educacao-e-o-caminho-do-futuro-do-pais\/#primaryimage\",\"url\":\"https:\/\/brasilnoticias.org\/site\/wp-content\/uploads\/2023\/10\/lula-740x470-1.jpg\",\"contentUrl\":\"https:\/\/brasilnoticias.org\/site\/wp-content\/uploads\/2023\/10\/lula-740x470-1.jpg\",\"width\":740,\"height\":470},{\"@type\":\"BreadcrumbList\",\"@id\":\"https:\/\/brasilnoticias.org\/site\/no-dia-do-professor-lula-homenageia-educadores-a-educacao-e-o-caminho-do-futuro-do-pais\/#breadcrumb\",\"itemListElement\":[{\"@type\":\"ListItem\",\"position\":1,\"name\":\"In\u00edcio\",\"item\":\"https:\/\/brasilnoticias.org\/site\/\"},{\"@type\":\"ListItem\",\"position\":2,\"name\":\"No Dia do Professor, Lula homenageia educadores: \u2018A educa\u00e7\u00e3o \u00e9 o caminho do futuro do pa\u00eds\u2019\"}]},{\"@type\":\"WebSite\",\"@id\":\"https:\/\/brasilnoticias.org\/site\/#website\",\"url\":\"https:\/\/brasilnoticias.org\/site\/\",\"name\":\"Brasil not\u00edcias\",\"description\":\"Brasil not\u00edcias\",\"publisher\":{\"@id\":\"https:\/\/brasilnoticias.org\/site\/#organization\"},\"potentialAction\":[{\"@type\":\"SearchAction\",\"target\":{\"@type\":\"EntryPoint\",\"urlTemplate\":\"https:\/\/brasilnoticias.org\/site\/?s={search_term_string}\"},\"query-input\":{\"@type\":\"PropertyValueSpecification\",\"valueRequired\":true,\"valueName\":\"search_term_string\"}}],\"inLanguage\":\"pt-PT\"},{\"@type\":\"Organization\",\"@id\":\"https:\/\/brasilnoticias.org\/site\/#organization\",\"name\":\"Brasil not\u00edcias\",\"url\":\"https:\/\/brasilnoticias.org\/site\/\",\"logo\":{\"@type\":\"ImageObject\",\"inLanguage\":\"pt-PT\",\"@id\":\"https:\/\/brasilnoticias.org\/site\/#\/schema\/logo\/image\/\",\"url\":\"https:\/\/brasilnoticias.org\/site\/wp-content\/uploads\/2022\/05\/cropped-brasilnoticias-mini.jpg\",\"contentUrl\":\"https:\/\/brasilnoticias.org\/site\/wp-content\/uploads\/2022\/05\/cropped-brasilnoticias-mini.jpg\",\"width\":314,\"height\":86,\"caption\":\"Brasil not\u00edcias\"},\"image\":{\"@id\":\"https:\/\/brasilnoticias.org\/site\/#\/schema\/logo\/image\/\"}},{\"@type\":\"Person\",\"@id\":\"https:\/\/brasilnoticias.org\/site\/#\/schema\/person\/03bbbfe6c7634ad18c26444ea39049fa\",\"name\":\"Reda\u00e7\u00e3o\",\"image\":{\"@type\":\"ImageObject\",\"inLanguage\":\"pt-PT\",\"@id\":\"https:\/\/brasilnoticias.org\/site\/#\/schema\/person\/image\/\",\"url\":\"https:\/\/secure.gravatar.com\/avatar\/9ecaf7327a696cb23ad926fedded5f1f04d7049de9e445375d55b48c001a6e42?s=96&d=mm&r=g\",\"contentUrl\":\"https:\/\/secure.gravatar.com\/avatar\/9ecaf7327a696cb23ad926fedded5f1f04d7049de9e445375d55b48c001a6e42?s=96&d=mm&r=g\",\"caption\":\"Reda\u00e7\u00e3o\"},\"url\":\"https:\/\/brasilnoticias.org\/site\/author\/henrique\/\"}]}<\/script>\n<!-- \/ Yoast SEO plugin. -->","yoast_head_json":{"title":"No Dia do Professor, Lula homenageia educadores: \u2018A educa\u00e7\u00e3o \u00e9 o caminho do futuro do pa\u00eds\u2019 - Brasil not\u00edcias","robots":{"index":"index","follow":"follow","max-snippet":"max-snippet:-1","max-image-preview":"max-image-preview:large","max-video-preview":"max-video-preview:-1"},"canonical":"https:\/\/brasilnoticias.org\/site\/no-dia-do-professor-lula-homenageia-educadores-a-educacao-e-o-caminho-do-futuro-do-pais\/","og_locale":"pt_PT","og_type":"article","og_title":"No Dia do Professor, Lula homenageia educadores: \u2018A educa\u00e7\u00e3o \u00e9 o caminho do futuro do pa\u00eds\u2019 - Brasil not\u00edcias","og_description":"O presidente ainda prometeu ampliar a educa\u00e7\u00e3o b\u00e1sica em tempo integral no Brasil Em homenagem ao Dia do Professor, comemorado","og_url":"https:\/\/brasilnoticias.org\/site\/no-dia-do-professor-lula-homenageia-educadores-a-educacao-e-o-caminho-do-futuro-do-pais\/","og_site_name":"Brasil not\u00edcias","article_published_time":"2023-10-15T21:52:52+00:00","og_image":[{"width":740,"height":470,"url":"https:\/\/brasilnoticias.org\/site\/wp-content\/uploads\/2023\/10\/lula-740x470-1.jpg","type":"image\/jpeg"}],"author":"Reda\u00e7\u00e3o","twitter_card":"summary_large_image","twitter_misc":{"Escrito por":"Reda\u00e7\u00e3o"},"schema":{"@context":"https:\/\/schema.org","@graph":[{"@type":"Article","@id":"https:\/\/brasilnoticias.org\/site\/no-dia-do-professor-lula-homenageia-educadores-a-educacao-e-o-caminho-do-futuro-do-pais\/#article","isPartOf":{"@id":"https:\/\/brasilnoticias.org\/site\/no-dia-do-professor-lula-homenageia-educadores-a-educacao-e-o-caminho-do-futuro-do-pais\/"},"author":{"name":"Reda\u00e7\u00e3o","@id":"https:\/\/brasilnoticias.org\/site\/#\/schema\/person\/03bbbfe6c7634ad18c26444ea39049fa"},"headline":"No Dia do Professor, Lula homenageia educadores: \u2018A educa\u00e7\u00e3o \u00e9 o caminho do futuro do pa\u00eds\u2019","datePublished":"2023-10-15T21:52:52+00:00","mainEntityOfPage":{"@id":"https:\/\/brasilnoticias.org\/site\/no-dia-do-professor-lula-homenageia-educadores-a-educacao-e-o-caminho-do-futuro-do-pais\/"},"wordCount":263,"commentCount":0,"publisher":{"@id":"https:\/\/brasilnoticias.org\/site\/#organization"},"image":{"@id":"https:\/\/brasilnoticias.org\/site\/no-dia-do-professor-lula-homenageia-educadores-a-educacao-e-o-caminho-do-futuro-do-pais\/#primaryimage"},"thumbnailUrl":"https:\/\/brasilnoticias.org\/site\/wp-content\/uploads\/2023\/10\/lula-740x470-1.jpg","articleSection":["Pol\u00edtica","\u00daltimas"],"inLanguage":"pt-PT","potentialAction":[{"@type":"CommentAction","name":"Comment","target":["https:\/\/brasilnoticias.org\/site\/no-dia-do-professor-lula-homenageia-educadores-a-educacao-e-o-caminho-do-futuro-do-pais\/#respond"]}]},{"@type":"WebPage","@id":"https:\/\/brasilnoticias.org\/site\/no-dia-do-professor-lula-homenageia-educadores-a-educacao-e-o-caminho-do-futuro-do-pais\/","url":"https:\/\/brasilnoticias.org\/site\/no-dia-do-professor-lula-homenageia-educadores-a-educacao-e-o-caminho-do-futuro-do-pais\/","name":"No Dia do Professor, Lula homenageia educadores: \u2018A educa\u00e7\u00e3o \u00e9 o caminho do futuro do pa\u00eds\u2019 - Brasil not\u00edcias","isPartOf":{"@id":"https:\/\/brasilnoticias.org\/site\/#website"},"primaryImageOfPage":{"@id":"https:\/\/brasilnoticias.org\/site\/no-dia-do-professor-lula-homenageia-educadores-a-educacao-e-o-caminho-do-futuro-do-pais\/#primaryimage"},"image":{"@id":"https:\/\/brasilnoticias.org\/site\/no-dia-do-professor-lula-homenageia-educadores-a-educacao-e-o-caminho-do-futuro-do-pais\/#primaryimage"},"thumbnailUrl":"https:\/\/brasilnoticias.org\/site\/wp-content\/uploads\/2023\/10\/lula-740x470-1.jpg","datePublished":"2023-10-15T21:52:52+00:00","breadcrumb":{"@id":"https:\/\/brasilnoticias.org\/site\/no-dia-do-professor-lula-homenageia-educadores-a-educacao-e-o-caminho-do-futuro-do-pais\/#breadcrumb"},"inLanguage":"pt-PT","potentialAction":[{"@type":"ReadAction","target":["https:\/\/brasilnoticias.org\/site\/no-dia-do-professor-lula-homenageia-educadores-a-educacao-e-o-caminho-do-futuro-do-pais\/"]}]},{"@type":"ImageObject","inLanguage":"pt-PT","@id":"https:\/\/brasilnoticias.org\/site\/no-dia-do-professor-lula-homenageia-educadores-a-educacao-e-o-caminho-do-futuro-do-pais\/#primaryimage","url":"https:\/\/brasilnoticias.org\/site\/wp-content\/uploads\/2023\/10\/lula-740x470-1.jpg","contentUrl":"https:\/\/brasilnoticias.org\/site\/wp-content\/uploads\/2023\/10\/lula-740x470-1.jpg","width":740,"height":470},{"@type":"BreadcrumbList","@id":"https:\/\/brasilnoticias.org\/site\/no-dia-do-professor-lula-homenageia-educadores-a-educacao-e-o-caminho-do-futuro-do-pais\/#breadcrumb","itemListElement":[{"@type":"ListItem","position":1,"name":"In\u00edcio","item":"https:\/\/brasilnoticias.org\/site\/"},{"@type":"ListItem","position":2,"name":"No Dia do Professor, Lula homenageia educadores: \u2018A educa\u00e7\u00e3o \u00e9 o caminho do futuro do pa\u00eds\u2019"}]},{"@type":"WebSite","@id":"https:\/\/brasilnoticias.org\/site\/#website","url":"https:\/\/brasilnoticias.org\/site\/","name":"Brasil not\u00edcias","description":"Brasil not\u00edcias","publisher":{"@id":"https:\/\/brasilnoticias.org\/site\/#organization"},"potentialAction":[{"@type":"SearchAction","target":{"@type":"EntryPoint","urlTemplate":"https:\/\/brasilnoticias.org\/site\/?s={search_term_string}"},"query-input":{"@type":"PropertyValueSpecification","valueRequired":true,"valueName":"search_term_string"}}],"inLanguage":"pt-PT"},{"@type":"Organization","@id":"https:\/\/brasilnoticias.org\/site\/#organization","name":"Brasil not\u00edcias","url":"https:\/\/brasilnoticias.org\/site\/","logo":{"@type":"ImageObject","inLanguage":"pt-PT","@id":"https:\/\/brasilnoticias.org\/site\/#\/schema\/logo\/image\/","url":"https:\/\/brasilnoticias.org\/site\/wp-content\/uploads\/2022\/05\/cropped-brasilnoticias-mini.jpg","contentUrl":"https:\/\/brasilnoticias.org\/site\/wp-content\/uploads\/2022\/05\/cropped-brasilnoticias-mini.jpg","width":314,"height":86,"caption":"Brasil not\u00edcias"},"image":{"@id":"https:\/\/brasilnoticias.org\/site\/#\/schema\/logo\/image\/"}},{"@type":"Person","@id":"https:\/\/brasilnoticias.org\/site\/#\/schema\/person\/03bbbfe6c7634ad18c26444ea39049fa","name":"Reda\u00e7\u00e3o","image":{"@type":"ImageObject","inLanguage":"pt-PT","@id":"https:\/\/brasilnoticias.org\/site\/#\/schema\/person\/image\/","url":"https:\/\/secure.gravatar.com\/avatar\/9ecaf7327a696cb23ad926fedded5f1f04d7049de9e445375d55b48c001a6e42?s=96&d=mm&r=g","contentUrl":"https:\/\/secure.gravatar.com\/avatar\/9ecaf7327a696cb23ad926fedded5f1f04d7049de9e445375d55b48c001a6e42?s=96&d=mm&r=g","caption":"Reda\u00e7\u00e3o"},"url":"https:\/\/brasilnoticias.org\/site\/author\/henrique\/"}]}},"_links":{"self":[{"href":"https:\/\/brasilnoticias.org\/site\/wp-json\/wp\/v2\/posts\/10184","targetHints":{"allow":["GET"]}}],"collection":[{"href":"https:\/\/brasilnoticias.org\/site\/wp-json\/wp\/v2\/posts"}],"about":[{"href":"https:\/\/brasilnoticias.org\/site\/wp-json\/wp\/v2\/types\/post"}],"author":[{"embeddable":true,"href":"https:\/\/brasilnoticias.org\/site\/wp-json\/wp\/v2\/users\/4"}],"replies":[{"embeddable":true,"href":"https:\/\/brasilnoticias.org\/site\/wp-json\/wp\/v2\/comments?post=10184"}],"version-history":[{"count":1,"href":"https:\/\/brasilnoticias.org\/site\/wp-json\/wp\/v2\/posts\/10184\/revisions"}],"predecessor-version":[{"id":10186,"href":"https:\/\/brasilnoticias.org\/site\/wp-json\/wp\/v2\/posts\/10184\/revisions\/10186"}],"wp:featuredmedia":[{"embeddable":true,"href":"https:\/\/brasilnoticias.org\/site\/wp-json\/wp\/v2\/media\/10185"}],"wp:attachment":[{"href":"https:\/\/brasilnoticias.org\/site\/wp-json\/wp\/v2\/media?parent=10184"}],"wp:term":[{"taxonomy":"category","embeddable":true,"href":"https:\/\/brasilnoticias.org\/site\/wp-json\/wp\/v2\/categories?post=10184"},{"taxonomy":"post_tag","embeddable":true,"href":"https:\/\/brasilnoticias.org\/site\/wp-json\/wp\/v2\/tags?post=10184"}],"curies":[{"name":"wp","href":"https:\/\/api.w.org\/{rel}","templated":true}]}}