{"id":1019,"date":"2022-07-22T14:51:07","date_gmt":"2022-07-22T17:51:07","guid":{"rendered":"https:\/\/brasilnoticias.org\/site\/?p=1019"},"modified":"2022-07-22T14:51:07","modified_gmt":"2022-07-22T17:51:07","slug":"joao-roma-faz-ataque-a-rui-costa-em-discurso-de-convencao","status":"publish","type":"post","link":"https:\/\/brasilnoticias.org\/site\/joao-roma-faz-ataque-a-rui-costa-em-discurso-de-convencao\/","title":{"rendered":"Jo\u00e3o Roma faz ataque a Rui Costa em discurso de conven\u00e7\u00e3o"},"content":{"rendered":"<p>O candidato ao governo da Bahia,\u00a0<a href=\"https:\/\/www.bnews.com.br\/tags\/joao-roma_1\" target=\"_blank\" rel=\"noopener\">Jo\u00e3o Roma<\/a>\u00a0(PL), fez ataques ao governador Rui Costa (PT) durante discurso em<a href=\"https:\/\/www.bnews.com.br\/noticias\/eleicoes-2022\/convencao-de-joao-roma-reune-bolsonaristas-mulher-vai-ocupar-vice.html\" target=\"_blank\" rel=\"noopener\">\u00a0conven\u00e7\u00e3o do PL<\/a>\u00a0que oficializou sua chapa nas elei\u00e7\u00f5es deste ano, nesta sexta-feira (22). Ele voltou a fazer cr\u00edticas relacionadas com a redu\u00e7\u00e3o do\u00a0<a href=\"https:\/\/www.bnews.com.br\/noticias\/economia-e-mercado\/pelo-menos-20-estados-anunciaram-reducao-do-icms-sobre-combustiveis.html\" target=\"_blank\" rel=\"noopener\">ICMS dos combust\u00edveis<\/a>.<\/p>\n<p>\u201cEnquanto Bolsonaro traz o benef\u00edcio, queremos que n\u00e3o tenha um Rui Costa para estar desmanchando. Que enquanto Bolsonaro luta para baixar os impostos, como zerou o imposto do g\u00e1s, zerou o imposto do \u00f3leo diesel, Rui Costa vai e encabe\u00e7a uma a\u00e7\u00e3o judicial para evitar a redu\u00e7\u00e3o dos impostos, encima do sofrimento da nossa popula\u00e7\u00e3o\u201d, disse Jo\u00e3o Roma.<\/p>\n<p>O bra\u00e7o direto do presidente\u00a0<a href=\"https:\/\/www.bnews.com.br\/tags\/jair-bolsonaro\" target=\"_blank\" rel=\"noopener\">Jair Bolsonaro<\/a>\u00a0(PL) na Bahia ainda afirmou que a Bahia tem perdido investimentos para estados nordestinos como o Cear\u00e1. \u201cEstamos cada vez mais ficando para tr\u00e1s. Quando essa Bahia n\u00e3o avan\u00e7a, quem sofre \u00e9 o nosso povo\u201d, acrescentou.<\/p>\n<p>A conven\u00e7\u00e3o desta sexta-feira ainda oficializou a m\u00e9dica e mission\u00e1ria Leon\u00eddia Umbelina como vice da chapa majorit\u00e1ria de Jo\u00e3o Roma.<\/p>\n<p>&nbsp;<\/p>\n<p>&nbsp;<\/p>\n<p>Bnews<\/p>\n","protected":false},"excerpt":{"rendered":"<p>O candidato ao governo da Bahia,\u00a0Jo\u00e3o Roma\u00a0(PL), fez ataques ao governador Rui Costa (PT) durante discurso em\u00a0conven\u00e7\u00e3o do PL\u00a0que oficializou<\/p>\n","protected":false},"author":2,"featured_media":1020,"comment_status":"open","ping_status":"open","sticky":false,"template":"","format":"standard","meta":{"colormag_page_container_layout":"default_layout","colormag_page_sidebar_layout":"default_layout","_FSMCFIC_featured_image_caption":"","_FSMCFIC_featured_image_nocaption":"","_FSMCFIC_featured_image_hide":"","footnotes":""},"categories":[5,1],"tags":[],"class_list":["post-1019","post","type-post","status-publish","format-standard","has-post-thumbnail","hentry","category-politica","category-ultimas"],"yoast_head":"<!-- This site is optimized with the Yoast SEO plugin v27.1.1 - https:\/\/yoast.com\/product\/yoast-seo-wordpress\/ -->\n<title>Jo\u00e3o Roma faz ataque a Rui Costa em discurso de conven\u00e7\u00e3o - Brasil not\u00edcias<\/title>\n<meta name=\"robots\" content=\"index, follow, max-snippet:-1, max-image-preview:large, max-video-preview:-1\" \/>\n<link rel=\"canonical\" href=\"https:\/\/brasilnoticias.org\/site\/joao-roma-faz-ataque-a-rui-costa-em-discurso-de-convencao\/\" \/>\n<meta property=\"og:locale\" content=\"pt_PT\" \/>\n<meta property=\"og:type\" content=\"article\" \/>\n<meta property=\"og:title\" content=\"Jo\u00e3o Roma faz ataque a Rui Costa em discurso de conven\u00e7\u00e3o - Brasil not\u00edcias\" \/>\n<meta property=\"og:description\" content=\"O candidato ao governo da Bahia,\u00a0Jo\u00e3o Roma\u00a0(PL), fez ataques ao governador Rui Costa (PT) durante discurso em\u00a0conven\u00e7\u00e3o do PL\u00a0que oficializou\" \/>\n<meta property=\"og:url\" content=\"https:\/\/brasilnoticias.org\/site\/joao-roma-faz-ataque-a-rui-costa-em-discurso-de-convencao\/\" \/>\n<meta property=\"og:site_name\" content=\"Brasil not\u00edcias\" \/>\n<meta property=\"article:published_time\" content=\"2022-07-22T17:51:07+00:00\" \/>\n<meta property=\"og:image\" content=\"https:\/\/brasilnoticias.org\/site\/wp-content\/uploads\/2022\/07\/joao-roma_widelg.jpg\" \/>\n\t<meta property=\"og:image:width\" content=\"642\" \/>\n\t<meta property=\"og:image:height\" content=\"354\" \/>\n\t<meta property=\"og:image:type\" content=\"image\/jpeg\" \/>\n<meta name=\"author\" content=\"Reda\u00e7\u00e3o\" \/>\n<meta name=\"twitter:card\" content=\"summary_large_image\" \/>\n<meta name=\"twitter:label1\" content=\"Escrito por\" \/>\n\t<meta name=\"twitter:data1\" content=\"Reda\u00e7\u00e3o\" \/>\n\t<meta name=\"twitter:label2\" content=\"Tempo estimado de leitura\" \/>\n\t<meta name=\"twitter:data2\" content=\"1 minuto\" \/>\n<script type=\"application\/ld+json\" class=\"yoast-schema-graph\">{\"@context\":\"https:\/\/schema.org\",\"@graph\":[{\"@type\":\"Article\",\"@id\":\"https:\/\/brasilnoticias.org\/site\/joao-roma-faz-ataque-a-rui-costa-em-discurso-de-convencao\/#article\",\"isPartOf\":{\"@id\":\"https:\/\/brasilnoticias.org\/site\/joao-roma-faz-ataque-a-rui-costa-em-discurso-de-convencao\/\"},\"author\":{\"name\":\"Reda\u00e7\u00e3o\",\"@id\":\"https:\/\/brasilnoticias.org\/site\/#\/schema\/person\/f609fa847b5314f1c8b983342f34c798\"},\"headline\":\"Jo\u00e3o Roma faz ataque a Rui Costa em discurso de conven\u00e7\u00e3o\",\"datePublished\":\"2022-07-22T17:51:07+00:00\",\"mainEntityOfPage\":{\"@id\":\"https:\/\/brasilnoticias.org\/site\/joao-roma-faz-ataque-a-rui-costa-em-discurso-de-convencao\/\"},\"wordCount\":205,\"commentCount\":0,\"publisher\":{\"@id\":\"https:\/\/brasilnoticias.org\/site\/#organization\"},\"image\":{\"@id\":\"https:\/\/brasilnoticias.org\/site\/joao-roma-faz-ataque-a-rui-costa-em-discurso-de-convencao\/#primaryimage\"},\"thumbnailUrl\":\"https:\/\/brasilnoticias.org\/site\/wp-content\/uploads\/2022\/07\/joao-roma_widelg.jpg\",\"articleSection\":[\"Pol\u00edtica\",\"\u00daltimas\"],\"inLanguage\":\"pt-PT\",\"potentialAction\":[{\"@type\":\"CommentAction\",\"name\":\"Comment\",\"target\":[\"https:\/\/brasilnoticias.org\/site\/joao-roma-faz-ataque-a-rui-costa-em-discurso-de-convencao\/#respond\"]}]},{\"@type\":\"WebPage\",\"@id\":\"https:\/\/brasilnoticias.org\/site\/joao-roma-faz-ataque-a-rui-costa-em-discurso-de-convencao\/\",\"url\":\"https:\/\/brasilnoticias.org\/site\/joao-roma-faz-ataque-a-rui-costa-em-discurso-de-convencao\/\",\"name\":\"Jo\u00e3o Roma faz ataque a Rui Costa em discurso de conven\u00e7\u00e3o - Brasil not\u00edcias\",\"isPartOf\":{\"@id\":\"https:\/\/brasilnoticias.org\/site\/#website\"},\"primaryImageOfPage\":{\"@id\":\"https:\/\/brasilnoticias.org\/site\/joao-roma-faz-ataque-a-rui-costa-em-discurso-de-convencao\/#primaryimage\"},\"image\":{\"@id\":\"https:\/\/brasilnoticias.org\/site\/joao-roma-faz-ataque-a-rui-costa-em-discurso-de-convencao\/#primaryimage\"},\"thumbnailUrl\":\"https:\/\/brasilnoticias.org\/site\/wp-content\/uploads\/2022\/07\/joao-roma_widelg.jpg\",\"datePublished\":\"2022-07-22T17:51:07+00:00\",\"breadcrumb\":{\"@id\":\"https:\/\/brasilnoticias.org\/site\/joao-roma-faz-ataque-a-rui-costa-em-discurso-de-convencao\/#breadcrumb\"},\"inLanguage\":\"pt-PT\",\"potentialAction\":[{\"@type\":\"ReadAction\",\"target\":[\"https:\/\/brasilnoticias.org\/site\/joao-roma-faz-ataque-a-rui-costa-em-discurso-de-convencao\/\"]}]},{\"@type\":\"ImageObject\",\"inLanguage\":\"pt-PT\",\"@id\":\"https:\/\/brasilnoticias.org\/site\/joao-roma-faz-ataque-a-rui-costa-em-discurso-de-convencao\/#primaryimage\",\"url\":\"https:\/\/brasilnoticias.org\/site\/wp-content\/uploads\/2022\/07\/joao-roma_widelg.jpg\",\"contentUrl\":\"https:\/\/brasilnoticias.org\/site\/wp-content\/uploads\/2022\/07\/joao-roma_widelg.jpg\",\"width\":642,\"height\":354},{\"@type\":\"BreadcrumbList\",\"@id\":\"https:\/\/brasilnoticias.org\/site\/joao-roma-faz-ataque-a-rui-costa-em-discurso-de-convencao\/#breadcrumb\",\"itemListElement\":[{\"@type\":\"ListItem\",\"position\":1,\"name\":\"In\u00edcio\",\"item\":\"https:\/\/brasilnoticias.org\/site\/\"},{\"@type\":\"ListItem\",\"position\":2,\"name\":\"Jo\u00e3o Roma faz ataque a Rui Costa em discurso de conven\u00e7\u00e3o\"}]},{\"@type\":\"WebSite\",\"@id\":\"https:\/\/brasilnoticias.org\/site\/#website\",\"url\":\"https:\/\/brasilnoticias.org\/site\/\",\"name\":\"Brasil not\u00edcias\",\"description\":\"Brasil not\u00edcias\",\"publisher\":{\"@id\":\"https:\/\/brasilnoticias.org\/site\/#organization\"},\"potentialAction\":[{\"@type\":\"SearchAction\",\"target\":{\"@type\":\"EntryPoint\",\"urlTemplate\":\"https:\/\/brasilnoticias.org\/site\/?s={search_term_string}\"},\"query-input\":{\"@type\":\"PropertyValueSpecification\",\"valueRequired\":true,\"valueName\":\"search_term_string\"}}],\"inLanguage\":\"pt-PT\"},{\"@type\":\"Organization\",\"@id\":\"https:\/\/brasilnoticias.org\/site\/#organization\",\"name\":\"Brasil not\u00edcias\",\"url\":\"https:\/\/brasilnoticias.org\/site\/\",\"logo\":{\"@type\":\"ImageObject\",\"inLanguage\":\"pt-PT\",\"@id\":\"https:\/\/brasilnoticias.org\/site\/#\/schema\/logo\/image\/\",\"url\":\"https:\/\/brasilnoticias.org\/site\/wp-content\/uploads\/2022\/05\/cropped-brasilnoticias-mini.jpg\",\"contentUrl\":\"https:\/\/brasilnoticias.org\/site\/wp-content\/uploads\/2022\/05\/cropped-brasilnoticias-mini.jpg\",\"width\":314,\"height\":86,\"caption\":\"Brasil not\u00edcias\"},\"image\":{\"@id\":\"https:\/\/brasilnoticias.org\/site\/#\/schema\/logo\/image\/\"}},{\"@type\":\"Person\",\"@id\":\"https:\/\/brasilnoticias.org\/site\/#\/schema\/person\/f609fa847b5314f1c8b983342f34c798\",\"name\":\"Reda\u00e7\u00e3o\",\"image\":{\"@type\":\"ImageObject\",\"inLanguage\":\"pt-PT\",\"@id\":\"https:\/\/brasilnoticias.org\/site\/#\/schema\/person\/image\/\",\"url\":\"https:\/\/secure.gravatar.com\/avatar\/447284c06c1ad8b46465a36de9cd0d8326b73387a22799b8b1ffb1fbcff2ed0c?s=96&d=mm&r=g\",\"contentUrl\":\"https:\/\/secure.gravatar.com\/avatar\/447284c06c1ad8b46465a36de9cd0d8326b73387a22799b8b1ffb1fbcff2ed0c?s=96&d=mm&r=g\",\"caption\":\"Reda\u00e7\u00e3o\"},\"url\":\"https:\/\/brasilnoticias.org\/site\/author\/redacao\/\"}]}<\/script>\n<!-- \/ Yoast SEO plugin. -->","yoast_head_json":{"title":"Jo\u00e3o Roma faz ataque a Rui Costa em discurso de conven\u00e7\u00e3o - Brasil not\u00edcias","robots":{"index":"index","follow":"follow","max-snippet":"max-snippet:-1","max-image-preview":"max-image-preview:large","max-video-preview":"max-video-preview:-1"},"canonical":"https:\/\/brasilnoticias.org\/site\/joao-roma-faz-ataque-a-rui-costa-em-discurso-de-convencao\/","og_locale":"pt_PT","og_type":"article","og_title":"Jo\u00e3o Roma faz ataque a Rui Costa em discurso de conven\u00e7\u00e3o - Brasil not\u00edcias","og_description":"O candidato ao governo da Bahia,\u00a0Jo\u00e3o Roma\u00a0(PL), fez ataques ao governador Rui Costa (PT) durante discurso em\u00a0conven\u00e7\u00e3o do PL\u00a0que oficializou","og_url":"https:\/\/brasilnoticias.org\/site\/joao-roma-faz-ataque-a-rui-costa-em-discurso-de-convencao\/","og_site_name":"Brasil not\u00edcias","article_published_time":"2022-07-22T17:51:07+00:00","og_image":[{"width":642,"height":354,"url":"https:\/\/brasilnoticias.org\/site\/wp-content\/uploads\/2022\/07\/joao-roma_widelg.jpg","type":"image\/jpeg"}],"author":"Reda\u00e7\u00e3o","twitter_card":"summary_large_image","twitter_misc":{"Escrito por":"Reda\u00e7\u00e3o","Tempo estimado de leitura":"1 minuto"},"schema":{"@context":"https:\/\/schema.org","@graph":[{"@type":"Article","@id":"https:\/\/brasilnoticias.org\/site\/joao-roma-faz-ataque-a-rui-costa-em-discurso-de-convencao\/#article","isPartOf":{"@id":"https:\/\/brasilnoticias.org\/site\/joao-roma-faz-ataque-a-rui-costa-em-discurso-de-convencao\/"},"author":{"name":"Reda\u00e7\u00e3o","@id":"https:\/\/brasilnoticias.org\/site\/#\/schema\/person\/f609fa847b5314f1c8b983342f34c798"},"headline":"Jo\u00e3o Roma faz ataque a Rui Costa em discurso de conven\u00e7\u00e3o","datePublished":"2022-07-22T17:51:07+00:00","mainEntityOfPage":{"@id":"https:\/\/brasilnoticias.org\/site\/joao-roma-faz-ataque-a-rui-costa-em-discurso-de-convencao\/"},"wordCount":205,"commentCount":0,"publisher":{"@id":"https:\/\/brasilnoticias.org\/site\/#organization"},"image":{"@id":"https:\/\/brasilnoticias.org\/site\/joao-roma-faz-ataque-a-rui-costa-em-discurso-de-convencao\/#primaryimage"},"thumbnailUrl":"https:\/\/brasilnoticias.org\/site\/wp-content\/uploads\/2022\/07\/joao-roma_widelg.jpg","articleSection":["Pol\u00edtica","\u00daltimas"],"inLanguage":"pt-PT","potentialAction":[{"@type":"CommentAction","name":"Comment","target":["https:\/\/brasilnoticias.org\/site\/joao-roma-faz-ataque-a-rui-costa-em-discurso-de-convencao\/#respond"]}]},{"@type":"WebPage","@id":"https:\/\/brasilnoticias.org\/site\/joao-roma-faz-ataque-a-rui-costa-em-discurso-de-convencao\/","url":"https:\/\/brasilnoticias.org\/site\/joao-roma-faz-ataque-a-rui-costa-em-discurso-de-convencao\/","name":"Jo\u00e3o Roma faz ataque a Rui Costa em discurso de conven\u00e7\u00e3o - Brasil not\u00edcias","isPartOf":{"@id":"https:\/\/brasilnoticias.org\/site\/#website"},"primaryImageOfPage":{"@id":"https:\/\/brasilnoticias.org\/site\/joao-roma-faz-ataque-a-rui-costa-em-discurso-de-convencao\/#primaryimage"},"image":{"@id":"https:\/\/brasilnoticias.org\/site\/joao-roma-faz-ataque-a-rui-costa-em-discurso-de-convencao\/#primaryimage"},"thumbnailUrl":"https:\/\/brasilnoticias.org\/site\/wp-content\/uploads\/2022\/07\/joao-roma_widelg.jpg","datePublished":"2022-07-22T17:51:07+00:00","breadcrumb":{"@id":"https:\/\/brasilnoticias.org\/site\/joao-roma-faz-ataque-a-rui-costa-em-discurso-de-convencao\/#breadcrumb"},"inLanguage":"pt-PT","potentialAction":[{"@type":"ReadAction","target":["https:\/\/brasilnoticias.org\/site\/joao-roma-faz-ataque-a-rui-costa-em-discurso-de-convencao\/"]}]},{"@type":"ImageObject","inLanguage":"pt-PT","@id":"https:\/\/brasilnoticias.org\/site\/joao-roma-faz-ataque-a-rui-costa-em-discurso-de-convencao\/#primaryimage","url":"https:\/\/brasilnoticias.org\/site\/wp-content\/uploads\/2022\/07\/joao-roma_widelg.jpg","contentUrl":"https:\/\/brasilnoticias.org\/site\/wp-content\/uploads\/2022\/07\/joao-roma_widelg.jpg","width":642,"height":354},{"@type":"BreadcrumbList","@id":"https:\/\/brasilnoticias.org\/site\/joao-roma-faz-ataque-a-rui-costa-em-discurso-de-convencao\/#breadcrumb","itemListElement":[{"@type":"ListItem","position":1,"name":"In\u00edcio","item":"https:\/\/brasilnoticias.org\/site\/"},{"@type":"ListItem","position":2,"name":"Jo\u00e3o Roma faz ataque a Rui Costa em discurso de conven\u00e7\u00e3o"}]},{"@type":"WebSite","@id":"https:\/\/brasilnoticias.org\/site\/#website","url":"https:\/\/brasilnoticias.org\/site\/","name":"Brasil not\u00edcias","description":"Brasil not\u00edcias","publisher":{"@id":"https:\/\/brasilnoticias.org\/site\/#organization"},"potentialAction":[{"@type":"SearchAction","target":{"@type":"EntryPoint","urlTemplate":"https:\/\/brasilnoticias.org\/site\/?s={search_term_string}"},"query-input":{"@type":"PropertyValueSpecification","valueRequired":true,"valueName":"search_term_string"}}],"inLanguage":"pt-PT"},{"@type":"Organization","@id":"https:\/\/brasilnoticias.org\/site\/#organization","name":"Brasil not\u00edcias","url":"https:\/\/brasilnoticias.org\/site\/","logo":{"@type":"ImageObject","inLanguage":"pt-PT","@id":"https:\/\/brasilnoticias.org\/site\/#\/schema\/logo\/image\/","url":"https:\/\/brasilnoticias.org\/site\/wp-content\/uploads\/2022\/05\/cropped-brasilnoticias-mini.jpg","contentUrl":"https:\/\/brasilnoticias.org\/site\/wp-content\/uploads\/2022\/05\/cropped-brasilnoticias-mini.jpg","width":314,"height":86,"caption":"Brasil not\u00edcias"},"image":{"@id":"https:\/\/brasilnoticias.org\/site\/#\/schema\/logo\/image\/"}},{"@type":"Person","@id":"https:\/\/brasilnoticias.org\/site\/#\/schema\/person\/f609fa847b5314f1c8b983342f34c798","name":"Reda\u00e7\u00e3o","image":{"@type":"ImageObject","inLanguage":"pt-PT","@id":"https:\/\/brasilnoticias.org\/site\/#\/schema\/person\/image\/","url":"https:\/\/secure.gravatar.com\/avatar\/447284c06c1ad8b46465a36de9cd0d8326b73387a22799b8b1ffb1fbcff2ed0c?s=96&d=mm&r=g","contentUrl":"https:\/\/secure.gravatar.com\/avatar\/447284c06c1ad8b46465a36de9cd0d8326b73387a22799b8b1ffb1fbcff2ed0c?s=96&d=mm&r=g","caption":"Reda\u00e7\u00e3o"},"url":"https:\/\/brasilnoticias.org\/site\/author\/redacao\/"}]}},"_links":{"self":[{"href":"https:\/\/brasilnoticias.org\/site\/wp-json\/wp\/v2\/posts\/1019","targetHints":{"allow":["GET"]}}],"collection":[{"href":"https:\/\/brasilnoticias.org\/site\/wp-json\/wp\/v2\/posts"}],"about":[{"href":"https:\/\/brasilnoticias.org\/site\/wp-json\/wp\/v2\/types\/post"}],"author":[{"embeddable":true,"href":"https:\/\/brasilnoticias.org\/site\/wp-json\/wp\/v2\/users\/2"}],"replies":[{"embeddable":true,"href":"https:\/\/brasilnoticias.org\/site\/wp-json\/wp\/v2\/comments?post=1019"}],"version-history":[{"count":1,"href":"https:\/\/brasilnoticias.org\/site\/wp-json\/wp\/v2\/posts\/1019\/revisions"}],"predecessor-version":[{"id":1021,"href":"https:\/\/brasilnoticias.org\/site\/wp-json\/wp\/v2\/posts\/1019\/revisions\/1021"}],"wp:featuredmedia":[{"embeddable":true,"href":"https:\/\/brasilnoticias.org\/site\/wp-json\/wp\/v2\/media\/1020"}],"wp:attachment":[{"href":"https:\/\/brasilnoticias.org\/site\/wp-json\/wp\/v2\/media?parent=1019"}],"wp:term":[{"taxonomy":"category","embeddable":true,"href":"https:\/\/brasilnoticias.org\/site\/wp-json\/wp\/v2\/categories?post=1019"},{"taxonomy":"post_tag","embeddable":true,"href":"https:\/\/brasilnoticias.org\/site\/wp-json\/wp\/v2\/tags?post=1019"}],"curies":[{"name":"wp","href":"https:\/\/api.w.org\/{rel}","templated":true}]}}