{"id":10199,"date":"2023-10-16T08:00:26","date_gmt":"2023-10-16T11:00:26","guid":{"rendered":"https:\/\/brasilnoticias.org\/site\/?p=10199"},"modified":"2023-10-15T18:59:48","modified_gmt":"2023-10-15T21:59:48","slug":"evento-no-parque-da-cidade-celebra-a-importancia-da-agua-e-da-nutricao","status":"publish","type":"post","link":"https:\/\/brasilnoticias.org\/site\/evento-no-parque-da-cidade-celebra-a-importancia-da-agua-e-da-nutricao\/","title":{"rendered":"Evento no Parque da Cidade celebra a import\u00e2ncia da \u00e1gua e da nutri\u00e7\u00e3o"},"content":{"rendered":"<p>Neste s\u00e1bado (14), o Parque da Cidade, em Salvador, se tornou o centro das celebra\u00e7\u00f5es pelo Dia Mundial da Alimenta\u00e7\u00e3o, uma campanha internacional que visa conscientizar governos, setor privado, sociedade civil e a popula\u00e7\u00e3o em geral para o desafio da redu\u00e7\u00e3o das desigualdades, incluindo a seguran\u00e7a alimentar e nutricional no mundo. Esta \u00e9 a primeira vez que uma cidade do Nordeste recebe o evento, que marca uma das datas mais enaltecidas do calend\u00e1rio das Na\u00e7\u00f5es Unidas. Com apoio do Governo do Estado, atrav\u00e9s do Programa Bahia Sem Fome (BSF), o evento \u00e9 coordenado pela Organiza\u00e7\u00e3o das Na\u00e7\u00f5es Unidas para a Alimenta\u00e7\u00e3o e a Agricultura (FAO), o Centro de Excel\u00eancia contra Fome do Programa Mundial de Alimentos (WFP), o Instituto Interamericano de Coopera\u00e7\u00e3o para a Agricultura (IICA) e o Fundo Internacional de Desenvolvimento Agr\u00edcola (Fida).<\/p>\n<p>Neste s\u00e1bado, as atividades envolvem fam\u00edlias e crian\u00e7as, ressaltando a import\u00e2ncia da preserva\u00e7\u00e3o do meio ambiente e da nutri\u00e7\u00e3o. Durante a manh\u00e3, os frequentadores do Parque da Cidade tiveram a oportunidade de participar de atividades recreativas e assistir a palestras sobre a rela\u00e7\u00e3o vital entre a \u00e1gua e o alimento. A campanha deste ano chama a aten\u00e7\u00e3o para a necessidade urgente de repensar nosso uso da \u00e1gua no cotidiano. A programa\u00e7\u00e3o segue at\u00e9 segunda-feira (16) na capital baiana com uma s\u00e9rie de atividades dedicadas ao tema \u2018\u00c1gua \u00e9 vida. \u00c1gua \u00e9 alimento\u2019.<\/p>\n<p>Giselle Ramos, integrante da coordena\u00e7\u00e3o do BSF, destacou que a a\u00e7\u00e3o est\u00e1 alinhada aos objetivos do Programa Bahia Sem Fome. \u201cEstamos combatendo a inseguran\u00e7a alimentar para criar um futuro mais sustent\u00e1vel e igualit\u00e1rio. Trabalhar em conjunto com essas renomadas ag\u00eancias internacionais para promover a seguran\u00e7a alimentar e nutri\u00e7\u00e3o \u00e9 um compromisso inestim\u00e1vel. Essa colabora\u00e7\u00e3o desempenha um papel fundamental na \u00eanfase dada \u00e0 necessidade de reavaliar nossa rela\u00e7\u00e3o com a \u00e1gua e na promo\u00e7\u00e3o de uma alimenta\u00e7\u00e3o saud\u00e1vel\u201d.<\/p>\n<p>A analista de log\u00edstica, Joseane Freitas, participou das atividades com seu filho Lucas de cinco anos e frisou a relev\u00e2ncia da a\u00e7\u00e3o de conscientiza\u00e7\u00e3o. \u201cEssa iniciativa \u00e9 muito importante para sensibilizar n\u00e3o apenas as crian\u00e7as, mas tamb\u00e9m os adultos sobre a rela\u00e7\u00e3o fundamental entre a \u00e1gua, a nutri\u00e7\u00e3o e a preserva\u00e7\u00e3o do meio ambiente. \u00c9 fundamental repensar nosso uso da \u00e1gua no dia a dia para garantir um futuro mais sustent\u00e1vel e saud\u00e1vel para todos. A conscientiza\u00e7\u00e3o come\u00e7a cedo, e eventos como este desempenham um papel fundamental nesse processo\u201d.<\/p>\n<p>Programa\u00e7\u00e3o<\/p>\n<p>No domingo (15), a celebra\u00e7\u00e3o do Dia Mundial da Alimenta\u00e7\u00e3o continuar\u00e1 no Parque de Pitua\u00e7u. O programa incluir\u00e1 uma trilha e uma oficina dedicada \u00e0 promo\u00e7\u00e3o de uma alimenta\u00e7\u00e3o saud\u00e1vel, enfatizando a conex\u00e3o entre os alimentos que consumimos e nossa sa\u00fade.<\/p>\n<p>Na segunda-feira (16), \u00e0s 17h, ser\u00e1 realizado um evento para convidados no Museu de Arte Moderna (MAM), com a participa\u00e7\u00e3o de autoridades pol\u00edticas, de representantes internacionais, da sociedade civil, e de atores-chave para a alimenta\u00e7\u00e3o no pa\u00eds. A data, j\u00e1 celebrada em Bras\u00edlia, em S\u00e3o Paulo, e no Rio de Janeiro, ser\u00e1 comemorada pela primeira vez em Salvador. \u00c9 tamb\u00e9m a primeira vez que o evento acontece em uma cidade do Nordeste.<\/p>\n<p>Tradicional nas celebra\u00e7\u00f5es do Dia Mundial da Alimenta\u00e7\u00e3o, a ilumina\u00e7\u00e3o na cor azul tamb\u00e9m acontecer\u00e1 em Salvador, no MAM e no Elevador Lacerda, pr\u00e9dios hist\u00f3ricos que marcam a hist\u00f3ria da Bahia.<\/p>\n<p>Para obter informa\u00e7\u00f5es detalhadas sobre as atividades e inscri\u00e7\u00f5es para a programa\u00e7\u00e3o, os interessados podem visitar o site oficial do evento.<\/p>\n<p>Foto: Mateus Pereira\/GOVBA<br \/>\nRep\u00f3rter: T\u00e1cio Santos\/GOVBA<\/p>\n","protected":false},"excerpt":{"rendered":"<p>Neste s\u00e1bado (14), o Parque da Cidade, em Salvador, se tornou o centro das celebra\u00e7\u00f5es pelo Dia Mundial da Alimenta\u00e7\u00e3o,<\/p>\n","protected":false},"author":4,"featured_media":10200,"comment_status":"open","ping_status":"open","sticky":false,"template":"","format":"standard","meta":{"colormag_page_container_layout":"default_layout","colormag_page_sidebar_layout":"default_layout","_FSMCFIC_featured_image_caption":"","_FSMCFIC_featured_image_nocaption":"","_FSMCFIC_featured_image_hide":"","footnotes":""},"categories":[2,1],"tags":[],"class_list":["post-10199","post","type-post","status-publish","format-standard","has-post-thumbnail","hentry","category-noticias","category-ultimas"],"yoast_head":"<!-- This site is optimized with the Yoast SEO plugin v27.1.1 - https:\/\/yoast.com\/product\/yoast-seo-wordpress\/ -->\n<title>Evento no Parque da Cidade celebra a import\u00e2ncia da \u00e1gua e da nutri\u00e7\u00e3o - Brasil not\u00edcias<\/title>\n<meta name=\"robots\" content=\"index, follow, max-snippet:-1, max-image-preview:large, max-video-preview:-1\" \/>\n<link rel=\"canonical\" href=\"https:\/\/brasilnoticias.org\/site\/evento-no-parque-da-cidade-celebra-a-importancia-da-agua-e-da-nutricao\/\" \/>\n<meta property=\"og:locale\" content=\"pt_PT\" \/>\n<meta property=\"og:type\" content=\"article\" \/>\n<meta property=\"og:title\" content=\"Evento no Parque da Cidade celebra a import\u00e2ncia da \u00e1gua e da nutri\u00e7\u00e3o - Brasil not\u00edcias\" \/>\n<meta property=\"og:description\" content=\"Neste s\u00e1bado (14), o Parque da Cidade, em Salvador, se tornou o centro das celebra\u00e7\u00f5es pelo Dia Mundial da Alimenta\u00e7\u00e3o,\" \/>\n<meta property=\"og:url\" content=\"https:\/\/brasilnoticias.org\/site\/evento-no-parque-da-cidade-celebra-a-importancia-da-agua-e-da-nutricao\/\" \/>\n<meta property=\"og:site_name\" content=\"Brasil not\u00edcias\" \/>\n<meta property=\"article:published_time\" content=\"2023-10-16T11:00:26+00:00\" \/>\n<meta property=\"og:image\" content=\"https:\/\/brasilnoticias.org\/site\/wp-content\/uploads\/2023\/10\/0a4c6379-41c4-4d14-a437-1083becd0683-1068x712-1.jpg\" \/>\n\t<meta property=\"og:image:width\" content=\"1068\" \/>\n\t<meta property=\"og:image:height\" content=\"712\" \/>\n\t<meta property=\"og:image:type\" content=\"image\/jpeg\" \/>\n<meta name=\"author\" content=\"Reda\u00e7\u00e3o\" \/>\n<meta name=\"twitter:card\" content=\"summary_large_image\" \/>\n<meta name=\"twitter:label1\" content=\"Escrito por\" \/>\n\t<meta name=\"twitter:data1\" content=\"Reda\u00e7\u00e3o\" \/>\n<script type=\"application\/ld+json\" class=\"yoast-schema-graph\">{\"@context\":\"https:\/\/schema.org\",\"@graph\":[{\"@type\":\"Article\",\"@id\":\"https:\/\/brasilnoticias.org\/site\/evento-no-parque-da-cidade-celebra-a-importancia-da-agua-e-da-nutricao\/#article\",\"isPartOf\":{\"@id\":\"https:\/\/brasilnoticias.org\/site\/evento-no-parque-da-cidade-celebra-a-importancia-da-agua-e-da-nutricao\/\"},\"author\":{\"name\":\"Reda\u00e7\u00e3o\",\"@id\":\"https:\/\/brasilnoticias.org\/site\/#\/schema\/person\/03bbbfe6c7634ad18c26444ea39049fa\"},\"headline\":\"Evento no Parque da Cidade celebra a import\u00e2ncia da \u00e1gua e da nutri\u00e7\u00e3o\",\"datePublished\":\"2023-10-16T11:00:26+00:00\",\"mainEntityOfPage\":{\"@id\":\"https:\/\/brasilnoticias.org\/site\/evento-no-parque-da-cidade-celebra-a-importancia-da-agua-e-da-nutricao\/\"},\"wordCount\":648,\"commentCount\":0,\"publisher\":{\"@id\":\"https:\/\/brasilnoticias.org\/site\/#organization\"},\"image\":{\"@id\":\"https:\/\/brasilnoticias.org\/site\/evento-no-parque-da-cidade-celebra-a-importancia-da-agua-e-da-nutricao\/#primaryimage\"},\"thumbnailUrl\":\"https:\/\/brasilnoticias.org\/site\/wp-content\/uploads\/2023\/10\/0a4c6379-41c4-4d14-a437-1083becd0683-1068x712-1.jpg\",\"articleSection\":[\"Not\u00edcias\",\"\u00daltimas\"],\"inLanguage\":\"pt-PT\",\"potentialAction\":[{\"@type\":\"CommentAction\",\"name\":\"Comment\",\"target\":[\"https:\/\/brasilnoticias.org\/site\/evento-no-parque-da-cidade-celebra-a-importancia-da-agua-e-da-nutricao\/#respond\"]}]},{\"@type\":\"WebPage\",\"@id\":\"https:\/\/brasilnoticias.org\/site\/evento-no-parque-da-cidade-celebra-a-importancia-da-agua-e-da-nutricao\/\",\"url\":\"https:\/\/brasilnoticias.org\/site\/evento-no-parque-da-cidade-celebra-a-importancia-da-agua-e-da-nutricao\/\",\"name\":\"Evento no Parque da Cidade celebra a import\u00e2ncia da \u00e1gua e da nutri\u00e7\u00e3o - Brasil not\u00edcias\",\"isPartOf\":{\"@id\":\"https:\/\/brasilnoticias.org\/site\/#website\"},\"primaryImageOfPage\":{\"@id\":\"https:\/\/brasilnoticias.org\/site\/evento-no-parque-da-cidade-celebra-a-importancia-da-agua-e-da-nutricao\/#primaryimage\"},\"image\":{\"@id\":\"https:\/\/brasilnoticias.org\/site\/evento-no-parque-da-cidade-celebra-a-importancia-da-agua-e-da-nutricao\/#primaryimage\"},\"thumbnailUrl\":\"https:\/\/brasilnoticias.org\/site\/wp-content\/uploads\/2023\/10\/0a4c6379-41c4-4d14-a437-1083becd0683-1068x712-1.jpg\",\"datePublished\":\"2023-10-16T11:00:26+00:00\",\"breadcrumb\":{\"@id\":\"https:\/\/brasilnoticias.org\/site\/evento-no-parque-da-cidade-celebra-a-importancia-da-agua-e-da-nutricao\/#breadcrumb\"},\"inLanguage\":\"pt-PT\",\"potentialAction\":[{\"@type\":\"ReadAction\",\"target\":[\"https:\/\/brasilnoticias.org\/site\/evento-no-parque-da-cidade-celebra-a-importancia-da-agua-e-da-nutricao\/\"]}]},{\"@type\":\"ImageObject\",\"inLanguage\":\"pt-PT\",\"@id\":\"https:\/\/brasilnoticias.org\/site\/evento-no-parque-da-cidade-celebra-a-importancia-da-agua-e-da-nutricao\/#primaryimage\",\"url\":\"https:\/\/brasilnoticias.org\/site\/wp-content\/uploads\/2023\/10\/0a4c6379-41c4-4d14-a437-1083becd0683-1068x712-1.jpg\",\"contentUrl\":\"https:\/\/brasilnoticias.org\/site\/wp-content\/uploads\/2023\/10\/0a4c6379-41c4-4d14-a437-1083becd0683-1068x712-1.jpg\",\"width\":1068,\"height\":712},{\"@type\":\"BreadcrumbList\",\"@id\":\"https:\/\/brasilnoticias.org\/site\/evento-no-parque-da-cidade-celebra-a-importancia-da-agua-e-da-nutricao\/#breadcrumb\",\"itemListElement\":[{\"@type\":\"ListItem\",\"position\":1,\"name\":\"In\u00edcio\",\"item\":\"https:\/\/brasilnoticias.org\/site\/\"},{\"@type\":\"ListItem\",\"position\":2,\"name\":\"Evento no Parque da Cidade celebra a import\u00e2ncia da \u00e1gua e da nutri\u00e7\u00e3o\"}]},{\"@type\":\"WebSite\",\"@id\":\"https:\/\/brasilnoticias.org\/site\/#website\",\"url\":\"https:\/\/brasilnoticias.org\/site\/\",\"name\":\"Brasil not\u00edcias\",\"description\":\"Brasil not\u00edcias\",\"publisher\":{\"@id\":\"https:\/\/brasilnoticias.org\/site\/#organization\"},\"potentialAction\":[{\"@type\":\"SearchAction\",\"target\":{\"@type\":\"EntryPoint\",\"urlTemplate\":\"https:\/\/brasilnoticias.org\/site\/?s={search_term_string}\"},\"query-input\":{\"@type\":\"PropertyValueSpecification\",\"valueRequired\":true,\"valueName\":\"search_term_string\"}}],\"inLanguage\":\"pt-PT\"},{\"@type\":\"Organization\",\"@id\":\"https:\/\/brasilnoticias.org\/site\/#organization\",\"name\":\"Brasil not\u00edcias\",\"url\":\"https:\/\/brasilnoticias.org\/site\/\",\"logo\":{\"@type\":\"ImageObject\",\"inLanguage\":\"pt-PT\",\"@id\":\"https:\/\/brasilnoticias.org\/site\/#\/schema\/logo\/image\/\",\"url\":\"https:\/\/brasilnoticias.org\/site\/wp-content\/uploads\/2022\/05\/cropped-brasilnoticias-mini.jpg\",\"contentUrl\":\"https:\/\/brasilnoticias.org\/site\/wp-content\/uploads\/2022\/05\/cropped-brasilnoticias-mini.jpg\",\"width\":314,\"height\":86,\"caption\":\"Brasil not\u00edcias\"},\"image\":{\"@id\":\"https:\/\/brasilnoticias.org\/site\/#\/schema\/logo\/image\/\"}},{\"@type\":\"Person\",\"@id\":\"https:\/\/brasilnoticias.org\/site\/#\/schema\/person\/03bbbfe6c7634ad18c26444ea39049fa\",\"name\":\"Reda\u00e7\u00e3o\",\"image\":{\"@type\":\"ImageObject\",\"inLanguage\":\"pt-PT\",\"@id\":\"https:\/\/brasilnoticias.org\/site\/#\/schema\/person\/image\/\",\"url\":\"https:\/\/secure.gravatar.com\/avatar\/9ecaf7327a696cb23ad926fedded5f1f04d7049de9e445375d55b48c001a6e42?s=96&d=mm&r=g\",\"contentUrl\":\"https:\/\/secure.gravatar.com\/avatar\/9ecaf7327a696cb23ad926fedded5f1f04d7049de9e445375d55b48c001a6e42?s=96&d=mm&r=g\",\"caption\":\"Reda\u00e7\u00e3o\"},\"url\":\"https:\/\/brasilnoticias.org\/site\/author\/henrique\/\"}]}<\/script>\n<!-- \/ Yoast SEO plugin. -->","yoast_head_json":{"title":"Evento no Parque da Cidade celebra a import\u00e2ncia da \u00e1gua e da nutri\u00e7\u00e3o - Brasil not\u00edcias","robots":{"index":"index","follow":"follow","max-snippet":"max-snippet:-1","max-image-preview":"max-image-preview:large","max-video-preview":"max-video-preview:-1"},"canonical":"https:\/\/brasilnoticias.org\/site\/evento-no-parque-da-cidade-celebra-a-importancia-da-agua-e-da-nutricao\/","og_locale":"pt_PT","og_type":"article","og_title":"Evento no Parque da Cidade celebra a import\u00e2ncia da \u00e1gua e da nutri\u00e7\u00e3o - Brasil not\u00edcias","og_description":"Neste s\u00e1bado (14), o Parque da Cidade, em Salvador, se tornou o centro das celebra\u00e7\u00f5es pelo Dia Mundial da Alimenta\u00e7\u00e3o,","og_url":"https:\/\/brasilnoticias.org\/site\/evento-no-parque-da-cidade-celebra-a-importancia-da-agua-e-da-nutricao\/","og_site_name":"Brasil not\u00edcias","article_published_time":"2023-10-16T11:00:26+00:00","og_image":[{"width":1068,"height":712,"url":"https:\/\/brasilnoticias.org\/site\/wp-content\/uploads\/2023\/10\/0a4c6379-41c4-4d14-a437-1083becd0683-1068x712-1.jpg","type":"image\/jpeg"}],"author":"Reda\u00e7\u00e3o","twitter_card":"summary_large_image","twitter_misc":{"Escrito por":"Reda\u00e7\u00e3o"},"schema":{"@context":"https:\/\/schema.org","@graph":[{"@type":"Article","@id":"https:\/\/brasilnoticias.org\/site\/evento-no-parque-da-cidade-celebra-a-importancia-da-agua-e-da-nutricao\/#article","isPartOf":{"@id":"https:\/\/brasilnoticias.org\/site\/evento-no-parque-da-cidade-celebra-a-importancia-da-agua-e-da-nutricao\/"},"author":{"name":"Reda\u00e7\u00e3o","@id":"https:\/\/brasilnoticias.org\/site\/#\/schema\/person\/03bbbfe6c7634ad18c26444ea39049fa"},"headline":"Evento no Parque da Cidade celebra a import\u00e2ncia da \u00e1gua e da nutri\u00e7\u00e3o","datePublished":"2023-10-16T11:00:26+00:00","mainEntityOfPage":{"@id":"https:\/\/brasilnoticias.org\/site\/evento-no-parque-da-cidade-celebra-a-importancia-da-agua-e-da-nutricao\/"},"wordCount":648,"commentCount":0,"publisher":{"@id":"https:\/\/brasilnoticias.org\/site\/#organization"},"image":{"@id":"https:\/\/brasilnoticias.org\/site\/evento-no-parque-da-cidade-celebra-a-importancia-da-agua-e-da-nutricao\/#primaryimage"},"thumbnailUrl":"https:\/\/brasilnoticias.org\/site\/wp-content\/uploads\/2023\/10\/0a4c6379-41c4-4d14-a437-1083becd0683-1068x712-1.jpg","articleSection":["Not\u00edcias","\u00daltimas"],"inLanguage":"pt-PT","potentialAction":[{"@type":"CommentAction","name":"Comment","target":["https:\/\/brasilnoticias.org\/site\/evento-no-parque-da-cidade-celebra-a-importancia-da-agua-e-da-nutricao\/#respond"]}]},{"@type":"WebPage","@id":"https:\/\/brasilnoticias.org\/site\/evento-no-parque-da-cidade-celebra-a-importancia-da-agua-e-da-nutricao\/","url":"https:\/\/brasilnoticias.org\/site\/evento-no-parque-da-cidade-celebra-a-importancia-da-agua-e-da-nutricao\/","name":"Evento no Parque da Cidade celebra a import\u00e2ncia da \u00e1gua e da nutri\u00e7\u00e3o - Brasil not\u00edcias","isPartOf":{"@id":"https:\/\/brasilnoticias.org\/site\/#website"},"primaryImageOfPage":{"@id":"https:\/\/brasilnoticias.org\/site\/evento-no-parque-da-cidade-celebra-a-importancia-da-agua-e-da-nutricao\/#primaryimage"},"image":{"@id":"https:\/\/brasilnoticias.org\/site\/evento-no-parque-da-cidade-celebra-a-importancia-da-agua-e-da-nutricao\/#primaryimage"},"thumbnailUrl":"https:\/\/brasilnoticias.org\/site\/wp-content\/uploads\/2023\/10\/0a4c6379-41c4-4d14-a437-1083becd0683-1068x712-1.jpg","datePublished":"2023-10-16T11:00:26+00:00","breadcrumb":{"@id":"https:\/\/brasilnoticias.org\/site\/evento-no-parque-da-cidade-celebra-a-importancia-da-agua-e-da-nutricao\/#breadcrumb"},"inLanguage":"pt-PT","potentialAction":[{"@type":"ReadAction","target":["https:\/\/brasilnoticias.org\/site\/evento-no-parque-da-cidade-celebra-a-importancia-da-agua-e-da-nutricao\/"]}]},{"@type":"ImageObject","inLanguage":"pt-PT","@id":"https:\/\/brasilnoticias.org\/site\/evento-no-parque-da-cidade-celebra-a-importancia-da-agua-e-da-nutricao\/#primaryimage","url":"https:\/\/brasilnoticias.org\/site\/wp-content\/uploads\/2023\/10\/0a4c6379-41c4-4d14-a437-1083becd0683-1068x712-1.jpg","contentUrl":"https:\/\/brasilnoticias.org\/site\/wp-content\/uploads\/2023\/10\/0a4c6379-41c4-4d14-a437-1083becd0683-1068x712-1.jpg","width":1068,"height":712},{"@type":"BreadcrumbList","@id":"https:\/\/brasilnoticias.org\/site\/evento-no-parque-da-cidade-celebra-a-importancia-da-agua-e-da-nutricao\/#breadcrumb","itemListElement":[{"@type":"ListItem","position":1,"name":"In\u00edcio","item":"https:\/\/brasilnoticias.org\/site\/"},{"@type":"ListItem","position":2,"name":"Evento no Parque da Cidade celebra a import\u00e2ncia da \u00e1gua e da nutri\u00e7\u00e3o"}]},{"@type":"WebSite","@id":"https:\/\/brasilnoticias.org\/site\/#website","url":"https:\/\/brasilnoticias.org\/site\/","name":"Brasil not\u00edcias","description":"Brasil not\u00edcias","publisher":{"@id":"https:\/\/brasilnoticias.org\/site\/#organization"},"potentialAction":[{"@type":"SearchAction","target":{"@type":"EntryPoint","urlTemplate":"https:\/\/brasilnoticias.org\/site\/?s={search_term_string}"},"query-input":{"@type":"PropertyValueSpecification","valueRequired":true,"valueName":"search_term_string"}}],"inLanguage":"pt-PT"},{"@type":"Organization","@id":"https:\/\/brasilnoticias.org\/site\/#organization","name":"Brasil not\u00edcias","url":"https:\/\/brasilnoticias.org\/site\/","logo":{"@type":"ImageObject","inLanguage":"pt-PT","@id":"https:\/\/brasilnoticias.org\/site\/#\/schema\/logo\/image\/","url":"https:\/\/brasilnoticias.org\/site\/wp-content\/uploads\/2022\/05\/cropped-brasilnoticias-mini.jpg","contentUrl":"https:\/\/brasilnoticias.org\/site\/wp-content\/uploads\/2022\/05\/cropped-brasilnoticias-mini.jpg","width":314,"height":86,"caption":"Brasil not\u00edcias"},"image":{"@id":"https:\/\/brasilnoticias.org\/site\/#\/schema\/logo\/image\/"}},{"@type":"Person","@id":"https:\/\/brasilnoticias.org\/site\/#\/schema\/person\/03bbbfe6c7634ad18c26444ea39049fa","name":"Reda\u00e7\u00e3o","image":{"@type":"ImageObject","inLanguage":"pt-PT","@id":"https:\/\/brasilnoticias.org\/site\/#\/schema\/person\/image\/","url":"https:\/\/secure.gravatar.com\/avatar\/9ecaf7327a696cb23ad926fedded5f1f04d7049de9e445375d55b48c001a6e42?s=96&d=mm&r=g","contentUrl":"https:\/\/secure.gravatar.com\/avatar\/9ecaf7327a696cb23ad926fedded5f1f04d7049de9e445375d55b48c001a6e42?s=96&d=mm&r=g","caption":"Reda\u00e7\u00e3o"},"url":"https:\/\/brasilnoticias.org\/site\/author\/henrique\/"}]}},"_links":{"self":[{"href":"https:\/\/brasilnoticias.org\/site\/wp-json\/wp\/v2\/posts\/10199","targetHints":{"allow":["GET"]}}],"collection":[{"href":"https:\/\/brasilnoticias.org\/site\/wp-json\/wp\/v2\/posts"}],"about":[{"href":"https:\/\/brasilnoticias.org\/site\/wp-json\/wp\/v2\/types\/post"}],"author":[{"embeddable":true,"href":"https:\/\/brasilnoticias.org\/site\/wp-json\/wp\/v2\/users\/4"}],"replies":[{"embeddable":true,"href":"https:\/\/brasilnoticias.org\/site\/wp-json\/wp\/v2\/comments?post=10199"}],"version-history":[{"count":1,"href":"https:\/\/brasilnoticias.org\/site\/wp-json\/wp\/v2\/posts\/10199\/revisions"}],"predecessor-version":[{"id":10201,"href":"https:\/\/brasilnoticias.org\/site\/wp-json\/wp\/v2\/posts\/10199\/revisions\/10201"}],"wp:featuredmedia":[{"embeddable":true,"href":"https:\/\/brasilnoticias.org\/site\/wp-json\/wp\/v2\/media\/10200"}],"wp:attachment":[{"href":"https:\/\/brasilnoticias.org\/site\/wp-json\/wp\/v2\/media?parent=10199"}],"wp:term":[{"taxonomy":"category","embeddable":true,"href":"https:\/\/brasilnoticias.org\/site\/wp-json\/wp\/v2\/categories?post=10199"},{"taxonomy":"post_tag","embeddable":true,"href":"https:\/\/brasilnoticias.org\/site\/wp-json\/wp\/v2\/tags?post=10199"}],"curies":[{"name":"wp","href":"https:\/\/api.w.org\/{rel}","templated":true}]}}