{"id":10204,"date":"2023-10-16T18:32:38","date_gmt":"2023-10-16T21:32:38","guid":{"rendered":"https:\/\/brasilnoticias.org\/site\/?p=10204"},"modified":"2023-10-16T18:32:38","modified_gmt":"2023-10-16T21:32:38","slug":"detran-ba-promove-mutirao-para-pessoas-com-deficiencia-em-jequie","status":"publish","type":"post","link":"https:\/\/brasilnoticias.org\/site\/detran-ba-promove-mutirao-para-pessoas-com-deficiencia-em-jequie\/","title":{"rendered":"Detran-BA promove mutir\u00e3o para pessoas com defici\u00eancia em Jequi\u00e9"},"content":{"rendered":"<p>O Departamento Estadual de Tr\u00e2nsito (Detran-BA) promover\u00e1, nesta quinta e sexta (19 e 20), mais um mutir\u00e3o para pessoas com defici\u00eancia (PcD), na 7\u00aa Circunscri\u00e7\u00e3o Regional de Tr\u00e2nsito (Ciretran), em Jequi\u00e9. A expectativa da organiza\u00e7\u00e3o \u00e9 de que sejam realizados cerca de 50 atendimentos.<\/p>\n<p>Al\u00e9m dos servidores da unidade, a equipe ser\u00e1 refor\u00e7ada com quatro m\u00e9dicos, examinador e t\u00e9cnico administrativo. A a\u00e7\u00e3o tem o objetivo de agilizar processos da Carteira Nacional de Habilita\u00e7\u00e3o (CNH) para candidatos com defici\u00eancia.<\/p>\n<p>Para participar, o interessado precisa apresentar o laudo para realizar o servi\u00e7o de habilita\u00e7\u00e3o e ter sido encaminhado pela cl\u00ednica m\u00e9dica credenciada onde realizou a avalia\u00e7\u00e3o. Durante o mutir\u00e3o, o cidad\u00e3o passa pela per\u00edcia da junta m\u00e9dica do departamento.<\/p>\n<p>Organizada em formato de mutir\u00e3o, a a\u00e7\u00e3o visa avaliar as condi\u00e7\u00f5es f\u00edsicas e t\u00e9cnicas do candidato \u00e0 primeira habilita\u00e7\u00e3o e renova\u00e7\u00e3o de CNH. O trabalho tamb\u00e9m aponta as adequa\u00e7\u00f5es necess\u00e1rias aos ve\u00edculos.<\/p>\n<p>A banca especial itinerante pretende agilizar o atendimento das pessoas com defici\u00eancia, assegurando a valida\u00e7\u00e3o oficial para condu\u00e7\u00e3o de ve\u00edculos, segundo o C\u00f3digo de Tr\u00e2nsito Brasileiro (CTB). J\u00e1 foram realizadas atividades nos munic\u00edpios de Vit\u00f3ria da Conquista, Teixeira de Freitas \u2013 abrangendo Eun\u00e1polis e Porto Seguro-, Itabuna, Paulo Afonso e, agora, Jequi\u00e9.<\/p>\n<p>A 7\u00aa Ciretran est\u00e1 localizada no Complexo \u2013 Av. Lomanto Jr., bairro Cansan\u00e7\u00e3o, em Jequi\u00e9. Novos mutir\u00f5es est\u00e3o em planejamento pela Coordena\u00e7\u00e3o Geral de Habilita\u00e7\u00e3o do \u00f3rg\u00e3o.<\/p>\n<p>Foto: OSollo<br \/>\nFonte: Ascom\/Detran-BA<\/p>\n","protected":false},"excerpt":{"rendered":"<p>O Departamento Estadual de Tr\u00e2nsito (Detran-BA) promover\u00e1, nesta quinta e sexta (19 e 20), mais um mutir\u00e3o para pessoas com<\/p>\n","protected":false},"author":4,"featured_media":10205,"comment_status":"open","ping_status":"open","sticky":false,"template":"","format":"standard","meta":{"colormag_page_container_layout":"default_layout","colormag_page_sidebar_layout":"default_layout","_FSMCFIC_featured_image_caption":"","_FSMCFIC_featured_image_nocaption":"","_FSMCFIC_featured_image_hide":"","footnotes":""},"categories":[2,1],"tags":[],"class_list":["post-10204","post","type-post","status-publish","format-standard","has-post-thumbnail","hentry","category-noticias","category-ultimas"],"yoast_head":"<!-- This site is optimized with the Yoast SEO plugin v27.1.1 - https:\/\/yoast.com\/product\/yoast-seo-wordpress\/ -->\n<title>Detran-BA promove mutir\u00e3o para pessoas com defici\u00eancia em Jequi\u00e9 - Brasil not\u00edcias<\/title>\n<meta name=\"robots\" content=\"index, follow, max-snippet:-1, max-image-preview:large, max-video-preview:-1\" \/>\n<link rel=\"canonical\" href=\"https:\/\/brasilnoticias.org\/site\/detran-ba-promove-mutirao-para-pessoas-com-deficiencia-em-jequie\/\" \/>\n<meta property=\"og:locale\" content=\"pt_PT\" \/>\n<meta property=\"og:type\" content=\"article\" \/>\n<meta property=\"og:title\" content=\"Detran-BA promove mutir\u00e3o para pessoas com defici\u00eancia em Jequi\u00e9 - Brasil not\u00edcias\" \/>\n<meta property=\"og:description\" content=\"O Departamento Estadual de Tr\u00e2nsito (Detran-BA) promover\u00e1, nesta quinta e sexta (19 e 20), mais um mutir\u00e3o para pessoas com\" \/>\n<meta property=\"og:url\" content=\"https:\/\/brasilnoticias.org\/site\/detran-ba-promove-mutirao-para-pessoas-com-deficiencia-em-jequie\/\" \/>\n<meta property=\"og:site_name\" content=\"Brasil not\u00edcias\" \/>\n<meta property=\"article:published_time\" content=\"2023-10-16T21:32:38+00:00\" \/>\n<meta property=\"og:image\" content=\"https:\/\/brasilnoticias.org\/site\/wp-content\/uploads\/2023\/10\/CARD-PCD-02.jpg\" \/>\n\t<meta property=\"og:image:width\" content=\"1024\" \/>\n\t<meta property=\"og:image:height\" content=\"683\" \/>\n\t<meta property=\"og:image:type\" content=\"image\/jpeg\" \/>\n<meta name=\"author\" content=\"Reda\u00e7\u00e3o\" \/>\n<meta name=\"twitter:card\" content=\"summary_large_image\" \/>\n<meta name=\"twitter:label1\" content=\"Escrito por\" \/>\n\t<meta name=\"twitter:data1\" content=\"Reda\u00e7\u00e3o\" \/>\n<script type=\"application\/ld+json\" class=\"yoast-schema-graph\">{\"@context\":\"https:\/\/schema.org\",\"@graph\":[{\"@type\":\"Article\",\"@id\":\"https:\/\/brasilnoticias.org\/site\/detran-ba-promove-mutirao-para-pessoas-com-deficiencia-em-jequie\/#article\",\"isPartOf\":{\"@id\":\"https:\/\/brasilnoticias.org\/site\/detran-ba-promove-mutirao-para-pessoas-com-deficiencia-em-jequie\/\"},\"author\":{\"name\":\"Reda\u00e7\u00e3o\",\"@id\":\"https:\/\/brasilnoticias.org\/site\/#\/schema\/person\/03bbbfe6c7634ad18c26444ea39049fa\"},\"headline\":\"Detran-BA promove mutir\u00e3o para pessoas com defici\u00eancia em Jequi\u00e9\",\"datePublished\":\"2023-10-16T21:32:38+00:00\",\"mainEntityOfPage\":{\"@id\":\"https:\/\/brasilnoticias.org\/site\/detran-ba-promove-mutirao-para-pessoas-com-deficiencia-em-jequie\/\"},\"wordCount\":283,\"commentCount\":0,\"publisher\":{\"@id\":\"https:\/\/brasilnoticias.org\/site\/#organization\"},\"image\":{\"@id\":\"https:\/\/brasilnoticias.org\/site\/detran-ba-promove-mutirao-para-pessoas-com-deficiencia-em-jequie\/#primaryimage\"},\"thumbnailUrl\":\"https:\/\/brasilnoticias.org\/site\/wp-content\/uploads\/2023\/10\/CARD-PCD-02.jpg\",\"articleSection\":[\"Not\u00edcias\",\"\u00daltimas\"],\"inLanguage\":\"pt-PT\",\"potentialAction\":[{\"@type\":\"CommentAction\",\"name\":\"Comment\",\"target\":[\"https:\/\/brasilnoticias.org\/site\/detran-ba-promove-mutirao-para-pessoas-com-deficiencia-em-jequie\/#respond\"]}]},{\"@type\":\"WebPage\",\"@id\":\"https:\/\/brasilnoticias.org\/site\/detran-ba-promove-mutirao-para-pessoas-com-deficiencia-em-jequie\/\",\"url\":\"https:\/\/brasilnoticias.org\/site\/detran-ba-promove-mutirao-para-pessoas-com-deficiencia-em-jequie\/\",\"name\":\"Detran-BA promove mutir\u00e3o para pessoas com defici\u00eancia em Jequi\u00e9 - Brasil not\u00edcias\",\"isPartOf\":{\"@id\":\"https:\/\/brasilnoticias.org\/site\/#website\"},\"primaryImageOfPage\":{\"@id\":\"https:\/\/brasilnoticias.org\/site\/detran-ba-promove-mutirao-para-pessoas-com-deficiencia-em-jequie\/#primaryimage\"},\"image\":{\"@id\":\"https:\/\/brasilnoticias.org\/site\/detran-ba-promove-mutirao-para-pessoas-com-deficiencia-em-jequie\/#primaryimage\"},\"thumbnailUrl\":\"https:\/\/brasilnoticias.org\/site\/wp-content\/uploads\/2023\/10\/CARD-PCD-02.jpg\",\"datePublished\":\"2023-10-16T21:32:38+00:00\",\"breadcrumb\":{\"@id\":\"https:\/\/brasilnoticias.org\/site\/detran-ba-promove-mutirao-para-pessoas-com-deficiencia-em-jequie\/#breadcrumb\"},\"inLanguage\":\"pt-PT\",\"potentialAction\":[{\"@type\":\"ReadAction\",\"target\":[\"https:\/\/brasilnoticias.org\/site\/detran-ba-promove-mutirao-para-pessoas-com-deficiencia-em-jequie\/\"]}]},{\"@type\":\"ImageObject\",\"inLanguage\":\"pt-PT\",\"@id\":\"https:\/\/brasilnoticias.org\/site\/detran-ba-promove-mutirao-para-pessoas-com-deficiencia-em-jequie\/#primaryimage\",\"url\":\"https:\/\/brasilnoticias.org\/site\/wp-content\/uploads\/2023\/10\/CARD-PCD-02.jpg\",\"contentUrl\":\"https:\/\/brasilnoticias.org\/site\/wp-content\/uploads\/2023\/10\/CARD-PCD-02.jpg\",\"width\":1024,\"height\":683},{\"@type\":\"BreadcrumbList\",\"@id\":\"https:\/\/brasilnoticias.org\/site\/detran-ba-promove-mutirao-para-pessoas-com-deficiencia-em-jequie\/#breadcrumb\",\"itemListElement\":[{\"@type\":\"ListItem\",\"position\":1,\"name\":\"In\u00edcio\",\"item\":\"https:\/\/brasilnoticias.org\/site\/\"},{\"@type\":\"ListItem\",\"position\":2,\"name\":\"Detran-BA promove mutir\u00e3o para pessoas com defici\u00eancia em Jequi\u00e9\"}]},{\"@type\":\"WebSite\",\"@id\":\"https:\/\/brasilnoticias.org\/site\/#website\",\"url\":\"https:\/\/brasilnoticias.org\/site\/\",\"name\":\"Brasil not\u00edcias\",\"description\":\"Brasil not\u00edcias\",\"publisher\":{\"@id\":\"https:\/\/brasilnoticias.org\/site\/#organization\"},\"potentialAction\":[{\"@type\":\"SearchAction\",\"target\":{\"@type\":\"EntryPoint\",\"urlTemplate\":\"https:\/\/brasilnoticias.org\/site\/?s={search_term_string}\"},\"query-input\":{\"@type\":\"PropertyValueSpecification\",\"valueRequired\":true,\"valueName\":\"search_term_string\"}}],\"inLanguage\":\"pt-PT\"},{\"@type\":\"Organization\",\"@id\":\"https:\/\/brasilnoticias.org\/site\/#organization\",\"name\":\"Brasil not\u00edcias\",\"url\":\"https:\/\/brasilnoticias.org\/site\/\",\"logo\":{\"@type\":\"ImageObject\",\"inLanguage\":\"pt-PT\",\"@id\":\"https:\/\/brasilnoticias.org\/site\/#\/schema\/logo\/image\/\",\"url\":\"https:\/\/brasilnoticias.org\/site\/wp-content\/uploads\/2022\/05\/cropped-brasilnoticias-mini.jpg\",\"contentUrl\":\"https:\/\/brasilnoticias.org\/site\/wp-content\/uploads\/2022\/05\/cropped-brasilnoticias-mini.jpg\",\"width\":314,\"height\":86,\"caption\":\"Brasil not\u00edcias\"},\"image\":{\"@id\":\"https:\/\/brasilnoticias.org\/site\/#\/schema\/logo\/image\/\"}},{\"@type\":\"Person\",\"@id\":\"https:\/\/brasilnoticias.org\/site\/#\/schema\/person\/03bbbfe6c7634ad18c26444ea39049fa\",\"name\":\"Reda\u00e7\u00e3o\",\"image\":{\"@type\":\"ImageObject\",\"inLanguage\":\"pt-PT\",\"@id\":\"https:\/\/brasilnoticias.org\/site\/#\/schema\/person\/image\/\",\"url\":\"https:\/\/secure.gravatar.com\/avatar\/9ecaf7327a696cb23ad926fedded5f1f04d7049de9e445375d55b48c001a6e42?s=96&d=mm&r=g\",\"contentUrl\":\"https:\/\/secure.gravatar.com\/avatar\/9ecaf7327a696cb23ad926fedded5f1f04d7049de9e445375d55b48c001a6e42?s=96&d=mm&r=g\",\"caption\":\"Reda\u00e7\u00e3o\"},\"url\":\"https:\/\/brasilnoticias.org\/site\/author\/henrique\/\"}]}<\/script>\n<!-- \/ Yoast SEO plugin. -->","yoast_head_json":{"title":"Detran-BA promove mutir\u00e3o para pessoas com defici\u00eancia em Jequi\u00e9 - Brasil not\u00edcias","robots":{"index":"index","follow":"follow","max-snippet":"max-snippet:-1","max-image-preview":"max-image-preview:large","max-video-preview":"max-video-preview:-1"},"canonical":"https:\/\/brasilnoticias.org\/site\/detran-ba-promove-mutirao-para-pessoas-com-deficiencia-em-jequie\/","og_locale":"pt_PT","og_type":"article","og_title":"Detran-BA promove mutir\u00e3o para pessoas com defici\u00eancia em Jequi\u00e9 - Brasil not\u00edcias","og_description":"O Departamento Estadual de Tr\u00e2nsito (Detran-BA) promover\u00e1, nesta quinta e sexta (19 e 20), mais um mutir\u00e3o para pessoas com","og_url":"https:\/\/brasilnoticias.org\/site\/detran-ba-promove-mutirao-para-pessoas-com-deficiencia-em-jequie\/","og_site_name":"Brasil not\u00edcias","article_published_time":"2023-10-16T21:32:38+00:00","og_image":[{"width":1024,"height":683,"url":"https:\/\/brasilnoticias.org\/site\/wp-content\/uploads\/2023\/10\/CARD-PCD-02.jpg","type":"image\/jpeg"}],"author":"Reda\u00e7\u00e3o","twitter_card":"summary_large_image","twitter_misc":{"Escrito por":"Reda\u00e7\u00e3o"},"schema":{"@context":"https:\/\/schema.org","@graph":[{"@type":"Article","@id":"https:\/\/brasilnoticias.org\/site\/detran-ba-promove-mutirao-para-pessoas-com-deficiencia-em-jequie\/#article","isPartOf":{"@id":"https:\/\/brasilnoticias.org\/site\/detran-ba-promove-mutirao-para-pessoas-com-deficiencia-em-jequie\/"},"author":{"name":"Reda\u00e7\u00e3o","@id":"https:\/\/brasilnoticias.org\/site\/#\/schema\/person\/03bbbfe6c7634ad18c26444ea39049fa"},"headline":"Detran-BA promove mutir\u00e3o para pessoas com defici\u00eancia em Jequi\u00e9","datePublished":"2023-10-16T21:32:38+00:00","mainEntityOfPage":{"@id":"https:\/\/brasilnoticias.org\/site\/detran-ba-promove-mutirao-para-pessoas-com-deficiencia-em-jequie\/"},"wordCount":283,"commentCount":0,"publisher":{"@id":"https:\/\/brasilnoticias.org\/site\/#organization"},"image":{"@id":"https:\/\/brasilnoticias.org\/site\/detran-ba-promove-mutirao-para-pessoas-com-deficiencia-em-jequie\/#primaryimage"},"thumbnailUrl":"https:\/\/brasilnoticias.org\/site\/wp-content\/uploads\/2023\/10\/CARD-PCD-02.jpg","articleSection":["Not\u00edcias","\u00daltimas"],"inLanguage":"pt-PT","potentialAction":[{"@type":"CommentAction","name":"Comment","target":["https:\/\/brasilnoticias.org\/site\/detran-ba-promove-mutirao-para-pessoas-com-deficiencia-em-jequie\/#respond"]}]},{"@type":"WebPage","@id":"https:\/\/brasilnoticias.org\/site\/detran-ba-promove-mutirao-para-pessoas-com-deficiencia-em-jequie\/","url":"https:\/\/brasilnoticias.org\/site\/detran-ba-promove-mutirao-para-pessoas-com-deficiencia-em-jequie\/","name":"Detran-BA promove mutir\u00e3o para pessoas com defici\u00eancia em Jequi\u00e9 - Brasil not\u00edcias","isPartOf":{"@id":"https:\/\/brasilnoticias.org\/site\/#website"},"primaryImageOfPage":{"@id":"https:\/\/brasilnoticias.org\/site\/detran-ba-promove-mutirao-para-pessoas-com-deficiencia-em-jequie\/#primaryimage"},"image":{"@id":"https:\/\/brasilnoticias.org\/site\/detran-ba-promove-mutirao-para-pessoas-com-deficiencia-em-jequie\/#primaryimage"},"thumbnailUrl":"https:\/\/brasilnoticias.org\/site\/wp-content\/uploads\/2023\/10\/CARD-PCD-02.jpg","datePublished":"2023-10-16T21:32:38+00:00","breadcrumb":{"@id":"https:\/\/brasilnoticias.org\/site\/detran-ba-promove-mutirao-para-pessoas-com-deficiencia-em-jequie\/#breadcrumb"},"inLanguage":"pt-PT","potentialAction":[{"@type":"ReadAction","target":["https:\/\/brasilnoticias.org\/site\/detran-ba-promove-mutirao-para-pessoas-com-deficiencia-em-jequie\/"]}]},{"@type":"ImageObject","inLanguage":"pt-PT","@id":"https:\/\/brasilnoticias.org\/site\/detran-ba-promove-mutirao-para-pessoas-com-deficiencia-em-jequie\/#primaryimage","url":"https:\/\/brasilnoticias.org\/site\/wp-content\/uploads\/2023\/10\/CARD-PCD-02.jpg","contentUrl":"https:\/\/brasilnoticias.org\/site\/wp-content\/uploads\/2023\/10\/CARD-PCD-02.jpg","width":1024,"height":683},{"@type":"BreadcrumbList","@id":"https:\/\/brasilnoticias.org\/site\/detran-ba-promove-mutirao-para-pessoas-com-deficiencia-em-jequie\/#breadcrumb","itemListElement":[{"@type":"ListItem","position":1,"name":"In\u00edcio","item":"https:\/\/brasilnoticias.org\/site\/"},{"@type":"ListItem","position":2,"name":"Detran-BA promove mutir\u00e3o para pessoas com defici\u00eancia em Jequi\u00e9"}]},{"@type":"WebSite","@id":"https:\/\/brasilnoticias.org\/site\/#website","url":"https:\/\/brasilnoticias.org\/site\/","name":"Brasil not\u00edcias","description":"Brasil not\u00edcias","publisher":{"@id":"https:\/\/brasilnoticias.org\/site\/#organization"},"potentialAction":[{"@type":"SearchAction","target":{"@type":"EntryPoint","urlTemplate":"https:\/\/brasilnoticias.org\/site\/?s={search_term_string}"},"query-input":{"@type":"PropertyValueSpecification","valueRequired":true,"valueName":"search_term_string"}}],"inLanguage":"pt-PT"},{"@type":"Organization","@id":"https:\/\/brasilnoticias.org\/site\/#organization","name":"Brasil not\u00edcias","url":"https:\/\/brasilnoticias.org\/site\/","logo":{"@type":"ImageObject","inLanguage":"pt-PT","@id":"https:\/\/brasilnoticias.org\/site\/#\/schema\/logo\/image\/","url":"https:\/\/brasilnoticias.org\/site\/wp-content\/uploads\/2022\/05\/cropped-brasilnoticias-mini.jpg","contentUrl":"https:\/\/brasilnoticias.org\/site\/wp-content\/uploads\/2022\/05\/cropped-brasilnoticias-mini.jpg","width":314,"height":86,"caption":"Brasil not\u00edcias"},"image":{"@id":"https:\/\/brasilnoticias.org\/site\/#\/schema\/logo\/image\/"}},{"@type":"Person","@id":"https:\/\/brasilnoticias.org\/site\/#\/schema\/person\/03bbbfe6c7634ad18c26444ea39049fa","name":"Reda\u00e7\u00e3o","image":{"@type":"ImageObject","inLanguage":"pt-PT","@id":"https:\/\/brasilnoticias.org\/site\/#\/schema\/person\/image\/","url":"https:\/\/secure.gravatar.com\/avatar\/9ecaf7327a696cb23ad926fedded5f1f04d7049de9e445375d55b48c001a6e42?s=96&d=mm&r=g","contentUrl":"https:\/\/secure.gravatar.com\/avatar\/9ecaf7327a696cb23ad926fedded5f1f04d7049de9e445375d55b48c001a6e42?s=96&d=mm&r=g","caption":"Reda\u00e7\u00e3o"},"url":"https:\/\/brasilnoticias.org\/site\/author\/henrique\/"}]}},"_links":{"self":[{"href":"https:\/\/brasilnoticias.org\/site\/wp-json\/wp\/v2\/posts\/10204","targetHints":{"allow":["GET"]}}],"collection":[{"href":"https:\/\/brasilnoticias.org\/site\/wp-json\/wp\/v2\/posts"}],"about":[{"href":"https:\/\/brasilnoticias.org\/site\/wp-json\/wp\/v2\/types\/post"}],"author":[{"embeddable":true,"href":"https:\/\/brasilnoticias.org\/site\/wp-json\/wp\/v2\/users\/4"}],"replies":[{"embeddable":true,"href":"https:\/\/brasilnoticias.org\/site\/wp-json\/wp\/v2\/comments?post=10204"}],"version-history":[{"count":1,"href":"https:\/\/brasilnoticias.org\/site\/wp-json\/wp\/v2\/posts\/10204\/revisions"}],"predecessor-version":[{"id":10206,"href":"https:\/\/brasilnoticias.org\/site\/wp-json\/wp\/v2\/posts\/10204\/revisions\/10206"}],"wp:featuredmedia":[{"embeddable":true,"href":"https:\/\/brasilnoticias.org\/site\/wp-json\/wp\/v2\/media\/10205"}],"wp:attachment":[{"href":"https:\/\/brasilnoticias.org\/site\/wp-json\/wp\/v2\/media?parent=10204"}],"wp:term":[{"taxonomy":"category","embeddable":true,"href":"https:\/\/brasilnoticias.org\/site\/wp-json\/wp\/v2\/categories?post=10204"},{"taxonomy":"post_tag","embeddable":true,"href":"https:\/\/brasilnoticias.org\/site\/wp-json\/wp\/v2\/tags?post=10204"}],"curies":[{"name":"wp","href":"https:\/\/api.w.org\/{rel}","templated":true}]}}