{"id":10207,"date":"2023-10-16T18:33:54","date_gmt":"2023-10-16T21:33:54","guid":{"rendered":"https:\/\/brasilnoticias.org\/site\/?p=10207"},"modified":"2023-10-16T18:33:54","modified_gmt":"2023-10-16T21:33:54","slug":"exercito-de-israel-afirma-ter-matado-chefe-da-inteligencia-do-hamas-apos-bombardeio-no-sul-de-gaza","status":"publish","type":"post","link":"https:\/\/brasilnoticias.org\/site\/exercito-de-israel-afirma-ter-matado-chefe-da-inteligencia-do-hamas-apos-bombardeio-no-sul-de-gaza\/","title":{"rendered":"Ex\u00e9rcito de Israel afirma ter matado chefe da intelig\u00eancia do Hamas ap\u00f3s bombardeio no sul de Gaza"},"content":{"rendered":"<p>O bombardeio na cidade de Khan Yunis ocorreu nesta segunda-feira (16)<\/p>\n<p>As For\u00e7as Armadas de Israel (FDI) afirmaram, nesta segunda-feira (16), que mataram o chefe de intelig\u00eancia do Hamas durante um bombardeio realizado na cidade de Khan Yunis, no sul de Gaza. O nome do suposto l\u00edder e mais detalhes do falecimento n\u00e3o foram divulgados at\u00e9 o momento.<\/p>\n<p>Segundo as For\u00e7as Armadas, este foi o s\u00e9timo membro do alto escal\u00e3o do grupo morto pelo governo israelense em dez dias. No entanto, o falecimento ainda n\u00e3o foi confirmado pelo Hamas ou pelas autoridades de Gaza. <\/p>\n<p>O munic\u00edpio bombardeado, Khan Younis, tem sido utilizado como rota de fuga para palestinos e cidad\u00e3os de outros pa\u00edses, entre eles brasileiros. O n\u00famero de pessoas na regi\u00e3o aumentou ap\u00f3s Israel ter ordenado que moradores no norte da Faixa de Gaza deixassem suas casas e migrassem para o sul.<\/p>\n<p>Foto: Reprodu\u00e7\u00e3o\/Al Jazeera<br \/>\nPor: Metro1<\/p>\n","protected":false},"excerpt":{"rendered":"<p>O bombardeio na cidade de Khan Yunis ocorreu nesta segunda-feira (16) As For\u00e7as Armadas de Israel (FDI) afirmaram, nesta segunda-feira<\/p>\n","protected":false},"author":4,"featured_media":10208,"comment_status":"open","ping_status":"open","sticky":false,"template":"","format":"standard","meta":{"colormag_page_container_layout":"default_layout","colormag_page_sidebar_layout":"default_layout","_FSMCFIC_featured_image_caption":"","_FSMCFIC_featured_image_nocaption":"","_FSMCFIC_featured_image_hide":"","footnotes":""},"categories":[6,1],"tags":[],"class_list":["post-10207","post","type-post","status-publish","format-standard","has-post-thumbnail","hentry","category-mundo","category-ultimas"],"yoast_head":"<!-- This site is optimized with the Yoast SEO plugin v27.1.1 - https:\/\/yoast.com\/product\/yoast-seo-wordpress\/ -->\n<title>Ex\u00e9rcito de Israel afirma ter matado chefe da intelig\u00eancia do Hamas ap\u00f3s bombardeio no sul de Gaza - Brasil not\u00edcias<\/title>\n<meta name=\"robots\" content=\"index, follow, max-snippet:-1, max-image-preview:large, max-video-preview:-1\" \/>\n<link rel=\"canonical\" href=\"https:\/\/brasilnoticias.org\/site\/exercito-de-israel-afirma-ter-matado-chefe-da-inteligencia-do-hamas-apos-bombardeio-no-sul-de-gaza\/\" \/>\n<meta property=\"og:locale\" content=\"pt_PT\" \/>\n<meta property=\"og:type\" content=\"article\" \/>\n<meta property=\"og:title\" content=\"Ex\u00e9rcito de Israel afirma ter matado chefe da intelig\u00eancia do Hamas ap\u00f3s bombardeio no sul de Gaza - Brasil not\u00edcias\" \/>\n<meta property=\"og:description\" content=\"O bombardeio na cidade de Khan Yunis ocorreu nesta segunda-feira (16) As For\u00e7as Armadas de Israel (FDI) afirmaram, nesta segunda-feira\" \/>\n<meta property=\"og:url\" content=\"https:\/\/brasilnoticias.org\/site\/exercito-de-israel-afirma-ter-matado-chefe-da-inteligencia-do-hamas-apos-bombardeio-no-sul-de-gaza\/\" \/>\n<meta property=\"og:site_name\" content=\"Brasil not\u00edcias\" \/>\n<meta property=\"article:published_time\" content=\"2023-10-16T21:33:54+00:00\" \/>\n<meta property=\"og:image\" content=\"https:\/\/brasilnoticias.org\/site\/wp-content\/uploads\/2023\/10\/142089exercito-de-israel-afirma-ter-matado-chefe-da-inteligencia-do-hamas-apos-bombardeio-no-sul-de-gaza-3.jpg\" \/>\n\t<meta property=\"og:image:width\" content=\"1600\" \/>\n\t<meta property=\"og:image:height\" content=\"752\" \/>\n\t<meta property=\"og:image:type\" content=\"image\/jpeg\" \/>\n<meta name=\"author\" content=\"Reda\u00e7\u00e3o\" \/>\n<meta name=\"twitter:card\" content=\"summary_large_image\" \/>\n<meta name=\"twitter:label1\" content=\"Escrito por\" \/>\n\t<meta name=\"twitter:data1\" content=\"Reda\u00e7\u00e3o\" \/>\n<script type=\"application\/ld+json\" class=\"yoast-schema-graph\">{\"@context\":\"https:\/\/schema.org\",\"@graph\":[{\"@type\":\"Article\",\"@id\":\"https:\/\/brasilnoticias.org\/site\/exercito-de-israel-afirma-ter-matado-chefe-da-inteligencia-do-hamas-apos-bombardeio-no-sul-de-gaza\/#article\",\"isPartOf\":{\"@id\":\"https:\/\/brasilnoticias.org\/site\/exercito-de-israel-afirma-ter-matado-chefe-da-inteligencia-do-hamas-apos-bombardeio-no-sul-de-gaza\/\"},\"author\":{\"name\":\"Reda\u00e7\u00e3o\",\"@id\":\"https:\/\/brasilnoticias.org\/site\/#\/schema\/person\/03bbbfe6c7634ad18c26444ea39049fa\"},\"headline\":\"Ex\u00e9rcito de Israel afirma ter matado chefe da intelig\u00eancia do Hamas ap\u00f3s bombardeio no sul de Gaza\",\"datePublished\":\"2023-10-16T21:33:54+00:00\",\"mainEntityOfPage\":{\"@id\":\"https:\/\/brasilnoticias.org\/site\/exercito-de-israel-afirma-ter-matado-chefe-da-inteligencia-do-hamas-apos-bombardeio-no-sul-de-gaza\/\"},\"wordCount\":182,\"commentCount\":0,\"publisher\":{\"@id\":\"https:\/\/brasilnoticias.org\/site\/#organization\"},\"image\":{\"@id\":\"https:\/\/brasilnoticias.org\/site\/exercito-de-israel-afirma-ter-matado-chefe-da-inteligencia-do-hamas-apos-bombardeio-no-sul-de-gaza\/#primaryimage\"},\"thumbnailUrl\":\"https:\/\/brasilnoticias.org\/site\/wp-content\/uploads\/2023\/10\/142089exercito-de-israel-afirma-ter-matado-chefe-da-inteligencia-do-hamas-apos-bombardeio-no-sul-de-gaza-3.jpg\",\"articleSection\":[\"Mundo\",\"\u00daltimas\"],\"inLanguage\":\"pt-PT\",\"potentialAction\":[{\"@type\":\"CommentAction\",\"name\":\"Comment\",\"target\":[\"https:\/\/brasilnoticias.org\/site\/exercito-de-israel-afirma-ter-matado-chefe-da-inteligencia-do-hamas-apos-bombardeio-no-sul-de-gaza\/#respond\"]}]},{\"@type\":\"WebPage\",\"@id\":\"https:\/\/brasilnoticias.org\/site\/exercito-de-israel-afirma-ter-matado-chefe-da-inteligencia-do-hamas-apos-bombardeio-no-sul-de-gaza\/\",\"url\":\"https:\/\/brasilnoticias.org\/site\/exercito-de-israel-afirma-ter-matado-chefe-da-inteligencia-do-hamas-apos-bombardeio-no-sul-de-gaza\/\",\"name\":\"Ex\u00e9rcito de Israel afirma ter matado chefe da intelig\u00eancia do Hamas ap\u00f3s bombardeio no sul de Gaza - Brasil not\u00edcias\",\"isPartOf\":{\"@id\":\"https:\/\/brasilnoticias.org\/site\/#website\"},\"primaryImageOfPage\":{\"@id\":\"https:\/\/brasilnoticias.org\/site\/exercito-de-israel-afirma-ter-matado-chefe-da-inteligencia-do-hamas-apos-bombardeio-no-sul-de-gaza\/#primaryimage\"},\"image\":{\"@id\":\"https:\/\/brasilnoticias.org\/site\/exercito-de-israel-afirma-ter-matado-chefe-da-inteligencia-do-hamas-apos-bombardeio-no-sul-de-gaza\/#primaryimage\"},\"thumbnailUrl\":\"https:\/\/brasilnoticias.org\/site\/wp-content\/uploads\/2023\/10\/142089exercito-de-israel-afirma-ter-matado-chefe-da-inteligencia-do-hamas-apos-bombardeio-no-sul-de-gaza-3.jpg\",\"datePublished\":\"2023-10-16T21:33:54+00:00\",\"breadcrumb\":{\"@id\":\"https:\/\/brasilnoticias.org\/site\/exercito-de-israel-afirma-ter-matado-chefe-da-inteligencia-do-hamas-apos-bombardeio-no-sul-de-gaza\/#breadcrumb\"},\"inLanguage\":\"pt-PT\",\"potentialAction\":[{\"@type\":\"ReadAction\",\"target\":[\"https:\/\/brasilnoticias.org\/site\/exercito-de-israel-afirma-ter-matado-chefe-da-inteligencia-do-hamas-apos-bombardeio-no-sul-de-gaza\/\"]}]},{\"@type\":\"ImageObject\",\"inLanguage\":\"pt-PT\",\"@id\":\"https:\/\/brasilnoticias.org\/site\/exercito-de-israel-afirma-ter-matado-chefe-da-inteligencia-do-hamas-apos-bombardeio-no-sul-de-gaza\/#primaryimage\",\"url\":\"https:\/\/brasilnoticias.org\/site\/wp-content\/uploads\/2023\/10\/142089exercito-de-israel-afirma-ter-matado-chefe-da-inteligencia-do-hamas-apos-bombardeio-no-sul-de-gaza-3.jpg\",\"contentUrl\":\"https:\/\/brasilnoticias.org\/site\/wp-content\/uploads\/2023\/10\/142089exercito-de-israel-afirma-ter-matado-chefe-da-inteligencia-do-hamas-apos-bombardeio-no-sul-de-gaza-3.jpg\",\"width\":1600,\"height\":752},{\"@type\":\"BreadcrumbList\",\"@id\":\"https:\/\/brasilnoticias.org\/site\/exercito-de-israel-afirma-ter-matado-chefe-da-inteligencia-do-hamas-apos-bombardeio-no-sul-de-gaza\/#breadcrumb\",\"itemListElement\":[{\"@type\":\"ListItem\",\"position\":1,\"name\":\"In\u00edcio\",\"item\":\"https:\/\/brasilnoticias.org\/site\/\"},{\"@type\":\"ListItem\",\"position\":2,\"name\":\"Ex\u00e9rcito de Israel afirma ter matado chefe da intelig\u00eancia do Hamas ap\u00f3s bombardeio no sul de Gaza\"}]},{\"@type\":\"WebSite\",\"@id\":\"https:\/\/brasilnoticias.org\/site\/#website\",\"url\":\"https:\/\/brasilnoticias.org\/site\/\",\"name\":\"Brasil not\u00edcias\",\"description\":\"Brasil not\u00edcias\",\"publisher\":{\"@id\":\"https:\/\/brasilnoticias.org\/site\/#organization\"},\"potentialAction\":[{\"@type\":\"SearchAction\",\"target\":{\"@type\":\"EntryPoint\",\"urlTemplate\":\"https:\/\/brasilnoticias.org\/site\/?s={search_term_string}\"},\"query-input\":{\"@type\":\"PropertyValueSpecification\",\"valueRequired\":true,\"valueName\":\"search_term_string\"}}],\"inLanguage\":\"pt-PT\"},{\"@type\":\"Organization\",\"@id\":\"https:\/\/brasilnoticias.org\/site\/#organization\",\"name\":\"Brasil not\u00edcias\",\"url\":\"https:\/\/brasilnoticias.org\/site\/\",\"logo\":{\"@type\":\"ImageObject\",\"inLanguage\":\"pt-PT\",\"@id\":\"https:\/\/brasilnoticias.org\/site\/#\/schema\/logo\/image\/\",\"url\":\"https:\/\/brasilnoticias.org\/site\/wp-content\/uploads\/2022\/05\/cropped-brasilnoticias-mini.jpg\",\"contentUrl\":\"https:\/\/brasilnoticias.org\/site\/wp-content\/uploads\/2022\/05\/cropped-brasilnoticias-mini.jpg\",\"width\":314,\"height\":86,\"caption\":\"Brasil not\u00edcias\"},\"image\":{\"@id\":\"https:\/\/brasilnoticias.org\/site\/#\/schema\/logo\/image\/\"}},{\"@type\":\"Person\",\"@id\":\"https:\/\/brasilnoticias.org\/site\/#\/schema\/person\/03bbbfe6c7634ad18c26444ea39049fa\",\"name\":\"Reda\u00e7\u00e3o\",\"image\":{\"@type\":\"ImageObject\",\"inLanguage\":\"pt-PT\",\"@id\":\"https:\/\/brasilnoticias.org\/site\/#\/schema\/person\/image\/\",\"url\":\"https:\/\/secure.gravatar.com\/avatar\/9ecaf7327a696cb23ad926fedded5f1f04d7049de9e445375d55b48c001a6e42?s=96&d=mm&r=g\",\"contentUrl\":\"https:\/\/secure.gravatar.com\/avatar\/9ecaf7327a696cb23ad926fedded5f1f04d7049de9e445375d55b48c001a6e42?s=96&d=mm&r=g\",\"caption\":\"Reda\u00e7\u00e3o\"},\"url\":\"https:\/\/brasilnoticias.org\/site\/author\/henrique\/\"}]}<\/script>\n<!-- \/ Yoast SEO plugin. -->","yoast_head_json":{"title":"Ex\u00e9rcito de Israel afirma ter matado chefe da intelig\u00eancia do Hamas ap\u00f3s bombardeio no sul de Gaza - Brasil not\u00edcias","robots":{"index":"index","follow":"follow","max-snippet":"max-snippet:-1","max-image-preview":"max-image-preview:large","max-video-preview":"max-video-preview:-1"},"canonical":"https:\/\/brasilnoticias.org\/site\/exercito-de-israel-afirma-ter-matado-chefe-da-inteligencia-do-hamas-apos-bombardeio-no-sul-de-gaza\/","og_locale":"pt_PT","og_type":"article","og_title":"Ex\u00e9rcito de Israel afirma ter matado chefe da intelig\u00eancia do Hamas ap\u00f3s bombardeio no sul de Gaza - Brasil not\u00edcias","og_description":"O bombardeio na cidade de Khan Yunis ocorreu nesta segunda-feira (16) As For\u00e7as Armadas de Israel (FDI) afirmaram, nesta segunda-feira","og_url":"https:\/\/brasilnoticias.org\/site\/exercito-de-israel-afirma-ter-matado-chefe-da-inteligencia-do-hamas-apos-bombardeio-no-sul-de-gaza\/","og_site_name":"Brasil not\u00edcias","article_published_time":"2023-10-16T21:33:54+00:00","og_image":[{"width":1600,"height":752,"url":"https:\/\/brasilnoticias.org\/site\/wp-content\/uploads\/2023\/10\/142089exercito-de-israel-afirma-ter-matado-chefe-da-inteligencia-do-hamas-apos-bombardeio-no-sul-de-gaza-3.jpg","type":"image\/jpeg"}],"author":"Reda\u00e7\u00e3o","twitter_card":"summary_large_image","twitter_misc":{"Escrito por":"Reda\u00e7\u00e3o"},"schema":{"@context":"https:\/\/schema.org","@graph":[{"@type":"Article","@id":"https:\/\/brasilnoticias.org\/site\/exercito-de-israel-afirma-ter-matado-chefe-da-inteligencia-do-hamas-apos-bombardeio-no-sul-de-gaza\/#article","isPartOf":{"@id":"https:\/\/brasilnoticias.org\/site\/exercito-de-israel-afirma-ter-matado-chefe-da-inteligencia-do-hamas-apos-bombardeio-no-sul-de-gaza\/"},"author":{"name":"Reda\u00e7\u00e3o","@id":"https:\/\/brasilnoticias.org\/site\/#\/schema\/person\/03bbbfe6c7634ad18c26444ea39049fa"},"headline":"Ex\u00e9rcito de Israel afirma ter matado chefe da intelig\u00eancia do Hamas ap\u00f3s bombardeio no sul de Gaza","datePublished":"2023-10-16T21:33:54+00:00","mainEntityOfPage":{"@id":"https:\/\/brasilnoticias.org\/site\/exercito-de-israel-afirma-ter-matado-chefe-da-inteligencia-do-hamas-apos-bombardeio-no-sul-de-gaza\/"},"wordCount":182,"commentCount":0,"publisher":{"@id":"https:\/\/brasilnoticias.org\/site\/#organization"},"image":{"@id":"https:\/\/brasilnoticias.org\/site\/exercito-de-israel-afirma-ter-matado-chefe-da-inteligencia-do-hamas-apos-bombardeio-no-sul-de-gaza\/#primaryimage"},"thumbnailUrl":"https:\/\/brasilnoticias.org\/site\/wp-content\/uploads\/2023\/10\/142089exercito-de-israel-afirma-ter-matado-chefe-da-inteligencia-do-hamas-apos-bombardeio-no-sul-de-gaza-3.jpg","articleSection":["Mundo","\u00daltimas"],"inLanguage":"pt-PT","potentialAction":[{"@type":"CommentAction","name":"Comment","target":["https:\/\/brasilnoticias.org\/site\/exercito-de-israel-afirma-ter-matado-chefe-da-inteligencia-do-hamas-apos-bombardeio-no-sul-de-gaza\/#respond"]}]},{"@type":"WebPage","@id":"https:\/\/brasilnoticias.org\/site\/exercito-de-israel-afirma-ter-matado-chefe-da-inteligencia-do-hamas-apos-bombardeio-no-sul-de-gaza\/","url":"https:\/\/brasilnoticias.org\/site\/exercito-de-israel-afirma-ter-matado-chefe-da-inteligencia-do-hamas-apos-bombardeio-no-sul-de-gaza\/","name":"Ex\u00e9rcito de Israel afirma ter matado chefe da intelig\u00eancia do Hamas ap\u00f3s bombardeio no sul de Gaza - Brasil not\u00edcias","isPartOf":{"@id":"https:\/\/brasilnoticias.org\/site\/#website"},"primaryImageOfPage":{"@id":"https:\/\/brasilnoticias.org\/site\/exercito-de-israel-afirma-ter-matado-chefe-da-inteligencia-do-hamas-apos-bombardeio-no-sul-de-gaza\/#primaryimage"},"image":{"@id":"https:\/\/brasilnoticias.org\/site\/exercito-de-israel-afirma-ter-matado-chefe-da-inteligencia-do-hamas-apos-bombardeio-no-sul-de-gaza\/#primaryimage"},"thumbnailUrl":"https:\/\/brasilnoticias.org\/site\/wp-content\/uploads\/2023\/10\/142089exercito-de-israel-afirma-ter-matado-chefe-da-inteligencia-do-hamas-apos-bombardeio-no-sul-de-gaza-3.jpg","datePublished":"2023-10-16T21:33:54+00:00","breadcrumb":{"@id":"https:\/\/brasilnoticias.org\/site\/exercito-de-israel-afirma-ter-matado-chefe-da-inteligencia-do-hamas-apos-bombardeio-no-sul-de-gaza\/#breadcrumb"},"inLanguage":"pt-PT","potentialAction":[{"@type":"ReadAction","target":["https:\/\/brasilnoticias.org\/site\/exercito-de-israel-afirma-ter-matado-chefe-da-inteligencia-do-hamas-apos-bombardeio-no-sul-de-gaza\/"]}]},{"@type":"ImageObject","inLanguage":"pt-PT","@id":"https:\/\/brasilnoticias.org\/site\/exercito-de-israel-afirma-ter-matado-chefe-da-inteligencia-do-hamas-apos-bombardeio-no-sul-de-gaza\/#primaryimage","url":"https:\/\/brasilnoticias.org\/site\/wp-content\/uploads\/2023\/10\/142089exercito-de-israel-afirma-ter-matado-chefe-da-inteligencia-do-hamas-apos-bombardeio-no-sul-de-gaza-3.jpg","contentUrl":"https:\/\/brasilnoticias.org\/site\/wp-content\/uploads\/2023\/10\/142089exercito-de-israel-afirma-ter-matado-chefe-da-inteligencia-do-hamas-apos-bombardeio-no-sul-de-gaza-3.jpg","width":1600,"height":752},{"@type":"BreadcrumbList","@id":"https:\/\/brasilnoticias.org\/site\/exercito-de-israel-afirma-ter-matado-chefe-da-inteligencia-do-hamas-apos-bombardeio-no-sul-de-gaza\/#breadcrumb","itemListElement":[{"@type":"ListItem","position":1,"name":"In\u00edcio","item":"https:\/\/brasilnoticias.org\/site\/"},{"@type":"ListItem","position":2,"name":"Ex\u00e9rcito de Israel afirma ter matado chefe da intelig\u00eancia do Hamas ap\u00f3s bombardeio no sul de Gaza"}]},{"@type":"WebSite","@id":"https:\/\/brasilnoticias.org\/site\/#website","url":"https:\/\/brasilnoticias.org\/site\/","name":"Brasil not\u00edcias","description":"Brasil not\u00edcias","publisher":{"@id":"https:\/\/brasilnoticias.org\/site\/#organization"},"potentialAction":[{"@type":"SearchAction","target":{"@type":"EntryPoint","urlTemplate":"https:\/\/brasilnoticias.org\/site\/?s={search_term_string}"},"query-input":{"@type":"PropertyValueSpecification","valueRequired":true,"valueName":"search_term_string"}}],"inLanguage":"pt-PT"},{"@type":"Organization","@id":"https:\/\/brasilnoticias.org\/site\/#organization","name":"Brasil not\u00edcias","url":"https:\/\/brasilnoticias.org\/site\/","logo":{"@type":"ImageObject","inLanguage":"pt-PT","@id":"https:\/\/brasilnoticias.org\/site\/#\/schema\/logo\/image\/","url":"https:\/\/brasilnoticias.org\/site\/wp-content\/uploads\/2022\/05\/cropped-brasilnoticias-mini.jpg","contentUrl":"https:\/\/brasilnoticias.org\/site\/wp-content\/uploads\/2022\/05\/cropped-brasilnoticias-mini.jpg","width":314,"height":86,"caption":"Brasil not\u00edcias"},"image":{"@id":"https:\/\/brasilnoticias.org\/site\/#\/schema\/logo\/image\/"}},{"@type":"Person","@id":"https:\/\/brasilnoticias.org\/site\/#\/schema\/person\/03bbbfe6c7634ad18c26444ea39049fa","name":"Reda\u00e7\u00e3o","image":{"@type":"ImageObject","inLanguage":"pt-PT","@id":"https:\/\/brasilnoticias.org\/site\/#\/schema\/person\/image\/","url":"https:\/\/secure.gravatar.com\/avatar\/9ecaf7327a696cb23ad926fedded5f1f04d7049de9e445375d55b48c001a6e42?s=96&d=mm&r=g","contentUrl":"https:\/\/secure.gravatar.com\/avatar\/9ecaf7327a696cb23ad926fedded5f1f04d7049de9e445375d55b48c001a6e42?s=96&d=mm&r=g","caption":"Reda\u00e7\u00e3o"},"url":"https:\/\/brasilnoticias.org\/site\/author\/henrique\/"}]}},"_links":{"self":[{"href":"https:\/\/brasilnoticias.org\/site\/wp-json\/wp\/v2\/posts\/10207","targetHints":{"allow":["GET"]}}],"collection":[{"href":"https:\/\/brasilnoticias.org\/site\/wp-json\/wp\/v2\/posts"}],"about":[{"href":"https:\/\/brasilnoticias.org\/site\/wp-json\/wp\/v2\/types\/post"}],"author":[{"embeddable":true,"href":"https:\/\/brasilnoticias.org\/site\/wp-json\/wp\/v2\/users\/4"}],"replies":[{"embeddable":true,"href":"https:\/\/brasilnoticias.org\/site\/wp-json\/wp\/v2\/comments?post=10207"}],"version-history":[{"count":1,"href":"https:\/\/brasilnoticias.org\/site\/wp-json\/wp\/v2\/posts\/10207\/revisions"}],"predecessor-version":[{"id":10209,"href":"https:\/\/brasilnoticias.org\/site\/wp-json\/wp\/v2\/posts\/10207\/revisions\/10209"}],"wp:featuredmedia":[{"embeddable":true,"href":"https:\/\/brasilnoticias.org\/site\/wp-json\/wp\/v2\/media\/10208"}],"wp:attachment":[{"href":"https:\/\/brasilnoticias.org\/site\/wp-json\/wp\/v2\/media?parent=10207"}],"wp:term":[{"taxonomy":"category","embeddable":true,"href":"https:\/\/brasilnoticias.org\/site\/wp-json\/wp\/v2\/categories?post=10207"},{"taxonomy":"post_tag","embeddable":true,"href":"https:\/\/brasilnoticias.org\/site\/wp-json\/wp\/v2\/tags?post=10207"}],"curies":[{"name":"wp","href":"https:\/\/api.w.org\/{rel}","templated":true}]}}