{"id":1022,"date":"2022-07-22T14:52:51","date_gmt":"2022-07-22T17:52:51","guid":{"rendered":"https:\/\/brasilnoticias.org\/site\/?p=1022"},"modified":"2022-07-22T14:52:51","modified_gmt":"2022-07-22T17:52:51","slug":"bahia-acerta-a-contratacao-de-zagueiro-que-pertence-ao-flamengo-confira","status":"publish","type":"post","link":"https:\/\/brasilnoticias.org\/site\/bahia-acerta-a-contratacao-de-zagueiro-que-pertence-ao-flamengo-confira\/","title":{"rendered":"Bahia acerta a contrata\u00e7\u00e3o de zagueiro que pertence ao Flamengo; confira"},"content":{"rendered":"<nav class=\"navbar navbar-expand-lg navbar-white navbar-light\">\n<div class=\"container\"><a href=\"https:\/\/www.bnews.com.br\/\"><img loading=\"lazy\" decoding=\"async\" src=\"https:\/\/www.bnews.com.br\/static\/logo\/logo_bnews_cor.svg\" alt=\"Bnews\" width=\"104\" height=\"35\" \/><\/a><button class=\"navbar-toggler\" type=\"button\" data-toggle=\"collapse\" data-target=\"#navbarSupportedContentFixed\" aria-controls=\"navbarSupportedContentFixed\" aria-expanded=\"false\" aria-label=\"Toggle navigation\"><\/button><\/div>\n<\/nav>\n<header class=\"navbar-top mb-3 mb-md-0\">\n<div class=\"container\">\n<div class=\"row py-3 px-2 px-md-0 align-items-center\">\n<div class=\"col-2 col-md-1\">\n<div class=\"hamburguer\">\n<div class=\"lines w-100 line-top\"><\/div>\n<div class=\"lines w-100 line-mid\"><\/div>\n<div class=\"lines w-100 line-bottom\"><\/div>\n<\/div>\n<\/div>\n<div class=\"col-8 col-md-6 col-lg-7 col-xl-8 mx-auto mx-md-0\"><a href=\"https:\/\/www.bnews.com.br\/\"><img loading=\"lazy\" decoding=\"async\" src=\"https:\/\/www.bnews.com.br\/static\/logo\/LOGO2.svg\" alt=\"Bnews\" width=\"200\" height=\"58\" \/><\/a><\/div>\n<div class=\"col-12 col-md-5 col-lg-4 col-xl-3 mt-3 mt-md-0\">\n<div class=\"d-flex justify-content-between align-items-center\"><span class=\"d-inline-block mr-4 social-itens\"><a title=\"Facebook Bnews\" href=\"https:\/\/www.facebook.com\/bnewsbr\/\" target=\"_blank\" rel=\"noopener\"><img loading=\"lazy\" decoding=\"async\" class=\"d-inline-block mx-1\" src=\"https:\/\/www.bnews.com.br\/static\/socialmedia\/facebook_branco.svg\" alt=\"Facebook Bnews\" width=\"32\" height=\"32\" \/><\/a><a title=\"Twitter Bnews\" href=\"https:\/\/twitter.com\/bnews_oficial\/\" target=\"_blank\" rel=\"noopener\"><img loading=\"lazy\" decoding=\"async\" class=\"d-inline-block mx-1\" src=\"https:\/\/www.bnews.com.br\/static\/socialmedia\/twitter_branco.svg\" alt=\"Twitter Bnews\" width=\"32\" height=\"32\" \/><\/a><a title=\"Instagram Bnews\" href=\"https:\/\/www.instagram.com\/bnews_oficial\/?hl=pt-br\/\" target=\"_blank\" rel=\"noopener\"><img loading=\"lazy\" decoding=\"async\" class=\"d-inline-block mx-1\" src=\"https:\/\/www.bnews.com.br\/static\/socialmedia\/instagram_branco.svg\" alt=\"Instagram Bnews\" width=\"32\" height=\"32\" \/><\/a><a title=\"Youtube Bnews\" href=\"https:\/\/www.youtube.com\/channel\/UCKaqd3c_fGt25aa6HicNgRQ\" target=\"_blank\" rel=\"noopener\"><img loading=\"lazy\" decoding=\"async\" class=\"d-inline-block mx-1\" src=\"https:\/\/www.bnews.com.br\/static\/socialmedia\/youtube_branco.svg\" alt=\"Youtube Bnews\" width=\"32\" height=\"32\" \/><\/a><\/span><\/p>\n<div class=\"d-inline-flex align-item-center search-item\"><img loading=\"lazy\" decoding=\"async\" class=\"search-btn\" src=\"https:\/\/www.bnews.com.br\/static\/img\/busca-lupa.svg\" alt=\"Busca\" width=\"36\" height=\"36\" \/><\/div>\n<\/div>\n<\/div>\n<\/div>\n<\/div>\n<\/header>\n<div class=\"container\"><\/div>\n<div class=\"header_wrap my-3 mb-md-5\">\n<p>ESPORTE<\/p>\n<\/div>\n<div class=\"text-center my-3\">\n<div id=\"banner-728x90-area\" data-mobile=\"300x250\" data-desktop=\"728x90\" data-google-query-id=\"CLfRteaHjfkCFUEJogMdmBQAOw\">\n<div id=\"google_ads_iframe_\/8804\/parceiros\/bnews_0__container__\"><iframe id=\"google_ads_iframe_\/8804\/parceiros\/bnews_0\" tabindex=\"0\" title=\"3rd party ad content\" role=\"region\" name=\"google_ads_iframe_\/8804\/parceiros\/bnews_0\" width=\"300\" height=\"250\" frameborder=\"0\" marginwidth=\"0\" marginheight=\"0\" scrolling=\"no\" aria-label=\"Advertisement\" data-google-container-id=\"1\" data-load-complete=\"true\" data-mce-fragment=\"1\"><\/iframe><\/div>\n<\/div>\n<\/div>\n<div class=\"container mb-4\">\n<h1 class=\"artigo-title text-center font-weight-bold mb-4\">Bahia acerta a contrata\u00e7\u00e3o de zagueiro que pertence ao Flamengo; confira<\/h1>\n<div class=\"row\">\n<div class=\"col-content\">\n<figure class=\"img-lead\"><img loading=\"lazy\" decoding=\"async\" class=\"img-fluid\" src=\"https:\/\/www.bnews.com.br\/media\/_versions\/julho_2022\/gabriel-noga-flamengo_widemd.jpg\" sizes=\"auto, (min-width: 992px) 75vw, 100w\" srcset=\"\/media\/_versions\/julho_2022\/gabriel-noga-flamengo_widemd.jpg 360w, \/media\/_versions\/julho_2022\/gabriel-noga-flamengo_widelg.jpg 800w\" alt=\"Alexandre Vidal\/Flamengo\" width=\"360\" height=\"202\" \/><\/figure>\n<p class=\"lead\">O jogador estava no Atl\u00e9tico-GO e ser\u00e1 repassado ao Bahia<\/p>\n<p class=\"autor\"><span class=\"d-inline-block\"><img loading=\"lazy\" decoding=\"async\" class=\"mr-1\" src=\"https:\/\/www.bnews.com.br\/static\/img\/clock_icon.svg\" alt=\"\" width=\"14\" height=\"15\" \/>Publicado em 22\/07\/2022, \u00e0s 14h22<\/span>\u00a0\u00a0\u00a0\u00a0<span class=\"d-inline-block\"><img loading=\"lazy\" decoding=\"async\" class=\"mr-1\" src=\"https:\/\/www.bnews.com.br\/static\/img\/camera_icon.svg\" alt=\"\" width=\"14\" height=\"15\" \/>Alexandre Vidal\/Flamengo<\/span>\u00a0\u00a0\u00a0\u00a0<img loading=\"lazy\" decoding=\"async\" class=\"mr-1\" src=\"https:\/\/www.bnews.com.br\/static\/img\/profile_icon.svg\" alt=\"\" width=\"14\" height=\"15\" \/>Gal\u00e1ticos Online<\/p>\n<div class=\"addthis_block d-flex align-items-center my-2\">\n<p class=\"social-text text-uppercase mb-0 pr-2\">COMPARTILHE:<\/p>\n<div class=\"addthis_inline_share_toolbox\" data-url=\"https:\/\/www.bnews.com.br\/noticias\/esporte\/bahia-acerta-contratacao-de-zagueiro-que-pertence-ao-flamengo-confira.html\" data-title=\"Bahia acerta a contrata\u00e7\u00e3o de zagueiro que pertence ao Flamengo; confira\" data-description=\"O jogador estava no Atl\u00e9tico-GO e ser\u00e1 repassado ao Bahia\">\n<div id=\"atstbx\" class=\"at-resp-share-element at-style-responsive at-mobile addthis-smartlayers addthis-animated at4-show\" role=\"region\" aria-labelledby=\"at-af1de10d-3dfb-4364-86db-d6c23abfea44\">\n<div class=\"at-share-btn-elements\"><\/div>\n<\/div>\n<\/div>\n<\/div>\n<div class=\"artigo_texto\">\n<div class=\"texto\">\n<p>O\u00a0<a href=\"https:\/\/www.bnews.com.br\/tags\/esporte-clube-bahia\">Bahia<\/a>\u00a0acertou mais uma contrata\u00e7\u00e3o para a sequ\u00eancia da temporada nesta sexta-feira (22). O Esquadr\u00e3o encaminhou a chegada do zagueiro Gabriel Noga, que pertence ao Flamengo.<\/p>\n<p>A informa\u00e7\u00e3o foi divulgada pelo jornalista Ven\u00ea Casagrande. O jogador estava no Atl\u00e9tico-GO e ser\u00e1 repassado ao Tricolor com op\u00e7\u00e3o de compra por R$ 8,3 milh\u00f5es.<\/p>\n<p>Com 20 anos, o defensor foi revelado pelo Rubro-negro carioca e tem passado por empr\u00e9stimos para ganhar rodagem. Ele chega para disputar posi\u00e7\u00e3o com Luiz Ot\u00e1vio, Didi, Gabriel Xavier e Ign\u00e1cio.<\/p>\n<\/div>\n<\/div>\n<\/div>\n<p>Bnews<\/p>\n<\/div>\n<\/div>\n","protected":false},"excerpt":{"rendered":"<p>ESPORTE Bahia acerta a contrata\u00e7\u00e3o de zagueiro que pertence ao Flamengo; confira O jogador estava no Atl\u00e9tico-GO e ser\u00e1 repassado<\/p>\n","protected":false},"author":2,"featured_media":1023,"comment_status":"open","ping_status":"open","sticky":false,"template":"","format":"standard","meta":{"colormag_page_container_layout":"default_layout","colormag_page_sidebar_layout":"default_layout","_FSMCFIC_featured_image_caption":"","_FSMCFIC_featured_image_nocaption":"","_FSMCFIC_featured_image_hide":"","footnotes":""},"categories":[1],"tags":[],"class_list":["post-1022","post","type-post","status-publish","format-standard","has-post-thumbnail","hentry","category-ultimas"],"yoast_head":"<!-- This site is optimized with the Yoast SEO plugin v27.1.1 - https:\/\/yoast.com\/product\/yoast-seo-wordpress\/ -->\n<title>Bahia acerta a contrata\u00e7\u00e3o de zagueiro que pertence ao Flamengo; confira - Brasil not\u00edcias<\/title>\n<meta name=\"robots\" content=\"index, follow, max-snippet:-1, max-image-preview:large, max-video-preview:-1\" \/>\n<link rel=\"canonical\" href=\"https:\/\/brasilnoticias.org\/site\/bahia-acerta-a-contratacao-de-zagueiro-que-pertence-ao-flamengo-confira\/\" \/>\n<meta property=\"og:locale\" content=\"pt_PT\" \/>\n<meta property=\"og:type\" content=\"article\" \/>\n<meta property=\"og:title\" content=\"Bahia acerta a contrata\u00e7\u00e3o de zagueiro que pertence ao Flamengo; confira - Brasil not\u00edcias\" \/>\n<meta property=\"og:description\" content=\"ESPORTE Bahia acerta a contrata\u00e7\u00e3o de zagueiro que pertence ao Flamengo; confira O jogador estava no Atl\u00e9tico-GO e ser\u00e1 repassado\" \/>\n<meta property=\"og:url\" content=\"https:\/\/brasilnoticias.org\/site\/bahia-acerta-a-contratacao-de-zagueiro-que-pertence-ao-flamengo-confira\/\" \/>\n<meta property=\"og:site_name\" content=\"Brasil not\u00edcias\" \/>\n<meta property=\"article:published_time\" content=\"2022-07-22T17:52:51+00:00\" \/>\n<meta property=\"og:image\" content=\"https:\/\/brasilnoticias.org\/site\/wp-content\/uploads\/2022\/07\/gabriel-noga-flamengo_widelg.jpg\" \/>\n\t<meta property=\"og:image:width\" content=\"800\" \/>\n\t<meta property=\"og:image:height\" content=\"450\" \/>\n\t<meta property=\"og:image:type\" content=\"image\/jpeg\" \/>\n<meta name=\"author\" content=\"Reda\u00e7\u00e3o\" \/>\n<meta name=\"twitter:card\" content=\"summary_large_image\" \/>\n<meta name=\"twitter:label1\" content=\"Escrito por\" \/>\n\t<meta name=\"twitter:data1\" content=\"Reda\u00e7\u00e3o\" \/>\n\t<meta name=\"twitter:label2\" content=\"Tempo estimado de leitura\" \/>\n\t<meta name=\"twitter:data2\" content=\"1 minuto\" \/>\n<script type=\"application\/ld+json\" class=\"yoast-schema-graph\">{\"@context\":\"https:\/\/schema.org\",\"@graph\":[{\"@type\":\"Article\",\"@id\":\"https:\/\/brasilnoticias.org\/site\/bahia-acerta-a-contratacao-de-zagueiro-que-pertence-ao-flamengo-confira\/#article\",\"isPartOf\":{\"@id\":\"https:\/\/brasilnoticias.org\/site\/bahia-acerta-a-contratacao-de-zagueiro-que-pertence-ao-flamengo-confira\/\"},\"author\":{\"name\":\"Reda\u00e7\u00e3o\",\"@id\":\"https:\/\/brasilnoticias.org\/site\/#\/schema\/person\/f609fa847b5314f1c8b983342f34c798\"},\"headline\":\"Bahia acerta a contrata\u00e7\u00e3o de zagueiro que pertence ao Flamengo; confira\",\"datePublished\":\"2022-07-22T17:52:51+00:00\",\"mainEntityOfPage\":{\"@id\":\"https:\/\/brasilnoticias.org\/site\/bahia-acerta-a-contratacao-de-zagueiro-que-pertence-ao-flamengo-confira\/\"},\"wordCount\":140,\"commentCount\":0,\"publisher\":{\"@id\":\"https:\/\/brasilnoticias.org\/site\/#organization\"},\"image\":{\"@id\":\"https:\/\/brasilnoticias.org\/site\/bahia-acerta-a-contratacao-de-zagueiro-que-pertence-ao-flamengo-confira\/#primaryimage\"},\"thumbnailUrl\":\"https:\/\/brasilnoticias.org\/site\/wp-content\/uploads\/2022\/07\/gabriel-noga-flamengo_widelg.jpg\",\"articleSection\":[\"\u00daltimas\"],\"inLanguage\":\"pt-PT\",\"potentialAction\":[{\"@type\":\"CommentAction\",\"name\":\"Comment\",\"target\":[\"https:\/\/brasilnoticias.org\/site\/bahia-acerta-a-contratacao-de-zagueiro-que-pertence-ao-flamengo-confira\/#respond\"]}]},{\"@type\":\"WebPage\",\"@id\":\"https:\/\/brasilnoticias.org\/site\/bahia-acerta-a-contratacao-de-zagueiro-que-pertence-ao-flamengo-confira\/\",\"url\":\"https:\/\/brasilnoticias.org\/site\/bahia-acerta-a-contratacao-de-zagueiro-que-pertence-ao-flamengo-confira\/\",\"name\":\"Bahia acerta a contrata\u00e7\u00e3o de zagueiro que pertence ao Flamengo; confira - Brasil not\u00edcias\",\"isPartOf\":{\"@id\":\"https:\/\/brasilnoticias.org\/site\/#website\"},\"primaryImageOfPage\":{\"@id\":\"https:\/\/brasilnoticias.org\/site\/bahia-acerta-a-contratacao-de-zagueiro-que-pertence-ao-flamengo-confira\/#primaryimage\"},\"image\":{\"@id\":\"https:\/\/brasilnoticias.org\/site\/bahia-acerta-a-contratacao-de-zagueiro-que-pertence-ao-flamengo-confira\/#primaryimage\"},\"thumbnailUrl\":\"https:\/\/brasilnoticias.org\/site\/wp-content\/uploads\/2022\/07\/gabriel-noga-flamengo_widelg.jpg\",\"datePublished\":\"2022-07-22T17:52:51+00:00\",\"breadcrumb\":{\"@id\":\"https:\/\/brasilnoticias.org\/site\/bahia-acerta-a-contratacao-de-zagueiro-que-pertence-ao-flamengo-confira\/#breadcrumb\"},\"inLanguage\":\"pt-PT\",\"potentialAction\":[{\"@type\":\"ReadAction\",\"target\":[\"https:\/\/brasilnoticias.org\/site\/bahia-acerta-a-contratacao-de-zagueiro-que-pertence-ao-flamengo-confira\/\"]}]},{\"@type\":\"ImageObject\",\"inLanguage\":\"pt-PT\",\"@id\":\"https:\/\/brasilnoticias.org\/site\/bahia-acerta-a-contratacao-de-zagueiro-que-pertence-ao-flamengo-confira\/#primaryimage\",\"url\":\"https:\/\/brasilnoticias.org\/site\/wp-content\/uploads\/2022\/07\/gabriel-noga-flamengo_widelg.jpg\",\"contentUrl\":\"https:\/\/brasilnoticias.org\/site\/wp-content\/uploads\/2022\/07\/gabriel-noga-flamengo_widelg.jpg\",\"width\":800,\"height\":450},{\"@type\":\"BreadcrumbList\",\"@id\":\"https:\/\/brasilnoticias.org\/site\/bahia-acerta-a-contratacao-de-zagueiro-que-pertence-ao-flamengo-confira\/#breadcrumb\",\"itemListElement\":[{\"@type\":\"ListItem\",\"position\":1,\"name\":\"In\u00edcio\",\"item\":\"https:\/\/brasilnoticias.org\/site\/\"},{\"@type\":\"ListItem\",\"position\":2,\"name\":\"Bahia acerta a contrata\u00e7\u00e3o de zagueiro que pertence ao Flamengo; confira\"}]},{\"@type\":\"WebSite\",\"@id\":\"https:\/\/brasilnoticias.org\/site\/#website\",\"url\":\"https:\/\/brasilnoticias.org\/site\/\",\"name\":\"Brasil not\u00edcias\",\"description\":\"Brasil not\u00edcias\",\"publisher\":{\"@id\":\"https:\/\/brasilnoticias.org\/site\/#organization\"},\"potentialAction\":[{\"@type\":\"SearchAction\",\"target\":{\"@type\":\"EntryPoint\",\"urlTemplate\":\"https:\/\/brasilnoticias.org\/site\/?s={search_term_string}\"},\"query-input\":{\"@type\":\"PropertyValueSpecification\",\"valueRequired\":true,\"valueName\":\"search_term_string\"}}],\"inLanguage\":\"pt-PT\"},{\"@type\":\"Organization\",\"@id\":\"https:\/\/brasilnoticias.org\/site\/#organization\",\"name\":\"Brasil not\u00edcias\",\"url\":\"https:\/\/brasilnoticias.org\/site\/\",\"logo\":{\"@type\":\"ImageObject\",\"inLanguage\":\"pt-PT\",\"@id\":\"https:\/\/brasilnoticias.org\/site\/#\/schema\/logo\/image\/\",\"url\":\"https:\/\/brasilnoticias.org\/site\/wp-content\/uploads\/2022\/05\/cropped-brasilnoticias-mini.jpg\",\"contentUrl\":\"https:\/\/brasilnoticias.org\/site\/wp-content\/uploads\/2022\/05\/cropped-brasilnoticias-mini.jpg\",\"width\":314,\"height\":86,\"caption\":\"Brasil not\u00edcias\"},\"image\":{\"@id\":\"https:\/\/brasilnoticias.org\/site\/#\/schema\/logo\/image\/\"}},{\"@type\":\"Person\",\"@id\":\"https:\/\/brasilnoticias.org\/site\/#\/schema\/person\/f609fa847b5314f1c8b983342f34c798\",\"name\":\"Reda\u00e7\u00e3o\",\"image\":{\"@type\":\"ImageObject\",\"inLanguage\":\"pt-PT\",\"@id\":\"https:\/\/brasilnoticias.org\/site\/#\/schema\/person\/image\/\",\"url\":\"https:\/\/secure.gravatar.com\/avatar\/447284c06c1ad8b46465a36de9cd0d8326b73387a22799b8b1ffb1fbcff2ed0c?s=96&d=mm&r=g\",\"contentUrl\":\"https:\/\/secure.gravatar.com\/avatar\/447284c06c1ad8b46465a36de9cd0d8326b73387a22799b8b1ffb1fbcff2ed0c?s=96&d=mm&r=g\",\"caption\":\"Reda\u00e7\u00e3o\"},\"url\":\"https:\/\/brasilnoticias.org\/site\/author\/redacao\/\"}]}<\/script>\n<!-- \/ Yoast SEO plugin. -->","yoast_head_json":{"title":"Bahia acerta a contrata\u00e7\u00e3o de zagueiro que pertence ao Flamengo; confira - Brasil not\u00edcias","robots":{"index":"index","follow":"follow","max-snippet":"max-snippet:-1","max-image-preview":"max-image-preview:large","max-video-preview":"max-video-preview:-1"},"canonical":"https:\/\/brasilnoticias.org\/site\/bahia-acerta-a-contratacao-de-zagueiro-que-pertence-ao-flamengo-confira\/","og_locale":"pt_PT","og_type":"article","og_title":"Bahia acerta a contrata\u00e7\u00e3o de zagueiro que pertence ao Flamengo; confira - Brasil not\u00edcias","og_description":"ESPORTE Bahia acerta a contrata\u00e7\u00e3o de zagueiro que pertence ao Flamengo; confira O jogador estava no Atl\u00e9tico-GO e ser\u00e1 repassado","og_url":"https:\/\/brasilnoticias.org\/site\/bahia-acerta-a-contratacao-de-zagueiro-que-pertence-ao-flamengo-confira\/","og_site_name":"Brasil not\u00edcias","article_published_time":"2022-07-22T17:52:51+00:00","og_image":[{"width":800,"height":450,"url":"https:\/\/brasilnoticias.org\/site\/wp-content\/uploads\/2022\/07\/gabriel-noga-flamengo_widelg.jpg","type":"image\/jpeg"}],"author":"Reda\u00e7\u00e3o","twitter_card":"summary_large_image","twitter_misc":{"Escrito por":"Reda\u00e7\u00e3o","Tempo estimado de leitura":"1 minuto"},"schema":{"@context":"https:\/\/schema.org","@graph":[{"@type":"Article","@id":"https:\/\/brasilnoticias.org\/site\/bahia-acerta-a-contratacao-de-zagueiro-que-pertence-ao-flamengo-confira\/#article","isPartOf":{"@id":"https:\/\/brasilnoticias.org\/site\/bahia-acerta-a-contratacao-de-zagueiro-que-pertence-ao-flamengo-confira\/"},"author":{"name":"Reda\u00e7\u00e3o","@id":"https:\/\/brasilnoticias.org\/site\/#\/schema\/person\/f609fa847b5314f1c8b983342f34c798"},"headline":"Bahia acerta a contrata\u00e7\u00e3o de zagueiro que pertence ao Flamengo; confira","datePublished":"2022-07-22T17:52:51+00:00","mainEntityOfPage":{"@id":"https:\/\/brasilnoticias.org\/site\/bahia-acerta-a-contratacao-de-zagueiro-que-pertence-ao-flamengo-confira\/"},"wordCount":140,"commentCount":0,"publisher":{"@id":"https:\/\/brasilnoticias.org\/site\/#organization"},"image":{"@id":"https:\/\/brasilnoticias.org\/site\/bahia-acerta-a-contratacao-de-zagueiro-que-pertence-ao-flamengo-confira\/#primaryimage"},"thumbnailUrl":"https:\/\/brasilnoticias.org\/site\/wp-content\/uploads\/2022\/07\/gabriel-noga-flamengo_widelg.jpg","articleSection":["\u00daltimas"],"inLanguage":"pt-PT","potentialAction":[{"@type":"CommentAction","name":"Comment","target":["https:\/\/brasilnoticias.org\/site\/bahia-acerta-a-contratacao-de-zagueiro-que-pertence-ao-flamengo-confira\/#respond"]}]},{"@type":"WebPage","@id":"https:\/\/brasilnoticias.org\/site\/bahia-acerta-a-contratacao-de-zagueiro-que-pertence-ao-flamengo-confira\/","url":"https:\/\/brasilnoticias.org\/site\/bahia-acerta-a-contratacao-de-zagueiro-que-pertence-ao-flamengo-confira\/","name":"Bahia acerta a contrata\u00e7\u00e3o de zagueiro que pertence ao Flamengo; confira - Brasil not\u00edcias","isPartOf":{"@id":"https:\/\/brasilnoticias.org\/site\/#website"},"primaryImageOfPage":{"@id":"https:\/\/brasilnoticias.org\/site\/bahia-acerta-a-contratacao-de-zagueiro-que-pertence-ao-flamengo-confira\/#primaryimage"},"image":{"@id":"https:\/\/brasilnoticias.org\/site\/bahia-acerta-a-contratacao-de-zagueiro-que-pertence-ao-flamengo-confira\/#primaryimage"},"thumbnailUrl":"https:\/\/brasilnoticias.org\/site\/wp-content\/uploads\/2022\/07\/gabriel-noga-flamengo_widelg.jpg","datePublished":"2022-07-22T17:52:51+00:00","breadcrumb":{"@id":"https:\/\/brasilnoticias.org\/site\/bahia-acerta-a-contratacao-de-zagueiro-que-pertence-ao-flamengo-confira\/#breadcrumb"},"inLanguage":"pt-PT","potentialAction":[{"@type":"ReadAction","target":["https:\/\/brasilnoticias.org\/site\/bahia-acerta-a-contratacao-de-zagueiro-que-pertence-ao-flamengo-confira\/"]}]},{"@type":"ImageObject","inLanguage":"pt-PT","@id":"https:\/\/brasilnoticias.org\/site\/bahia-acerta-a-contratacao-de-zagueiro-que-pertence-ao-flamengo-confira\/#primaryimage","url":"https:\/\/brasilnoticias.org\/site\/wp-content\/uploads\/2022\/07\/gabriel-noga-flamengo_widelg.jpg","contentUrl":"https:\/\/brasilnoticias.org\/site\/wp-content\/uploads\/2022\/07\/gabriel-noga-flamengo_widelg.jpg","width":800,"height":450},{"@type":"BreadcrumbList","@id":"https:\/\/brasilnoticias.org\/site\/bahia-acerta-a-contratacao-de-zagueiro-que-pertence-ao-flamengo-confira\/#breadcrumb","itemListElement":[{"@type":"ListItem","position":1,"name":"In\u00edcio","item":"https:\/\/brasilnoticias.org\/site\/"},{"@type":"ListItem","position":2,"name":"Bahia acerta a contrata\u00e7\u00e3o de zagueiro que pertence ao Flamengo; confira"}]},{"@type":"WebSite","@id":"https:\/\/brasilnoticias.org\/site\/#website","url":"https:\/\/brasilnoticias.org\/site\/","name":"Brasil not\u00edcias","description":"Brasil not\u00edcias","publisher":{"@id":"https:\/\/brasilnoticias.org\/site\/#organization"},"potentialAction":[{"@type":"SearchAction","target":{"@type":"EntryPoint","urlTemplate":"https:\/\/brasilnoticias.org\/site\/?s={search_term_string}"},"query-input":{"@type":"PropertyValueSpecification","valueRequired":true,"valueName":"search_term_string"}}],"inLanguage":"pt-PT"},{"@type":"Organization","@id":"https:\/\/brasilnoticias.org\/site\/#organization","name":"Brasil not\u00edcias","url":"https:\/\/brasilnoticias.org\/site\/","logo":{"@type":"ImageObject","inLanguage":"pt-PT","@id":"https:\/\/brasilnoticias.org\/site\/#\/schema\/logo\/image\/","url":"https:\/\/brasilnoticias.org\/site\/wp-content\/uploads\/2022\/05\/cropped-brasilnoticias-mini.jpg","contentUrl":"https:\/\/brasilnoticias.org\/site\/wp-content\/uploads\/2022\/05\/cropped-brasilnoticias-mini.jpg","width":314,"height":86,"caption":"Brasil not\u00edcias"},"image":{"@id":"https:\/\/brasilnoticias.org\/site\/#\/schema\/logo\/image\/"}},{"@type":"Person","@id":"https:\/\/brasilnoticias.org\/site\/#\/schema\/person\/f609fa847b5314f1c8b983342f34c798","name":"Reda\u00e7\u00e3o","image":{"@type":"ImageObject","inLanguage":"pt-PT","@id":"https:\/\/brasilnoticias.org\/site\/#\/schema\/person\/image\/","url":"https:\/\/secure.gravatar.com\/avatar\/447284c06c1ad8b46465a36de9cd0d8326b73387a22799b8b1ffb1fbcff2ed0c?s=96&d=mm&r=g","contentUrl":"https:\/\/secure.gravatar.com\/avatar\/447284c06c1ad8b46465a36de9cd0d8326b73387a22799b8b1ffb1fbcff2ed0c?s=96&d=mm&r=g","caption":"Reda\u00e7\u00e3o"},"url":"https:\/\/brasilnoticias.org\/site\/author\/redacao\/"}]}},"_links":{"self":[{"href":"https:\/\/brasilnoticias.org\/site\/wp-json\/wp\/v2\/posts\/1022","targetHints":{"allow":["GET"]}}],"collection":[{"href":"https:\/\/brasilnoticias.org\/site\/wp-json\/wp\/v2\/posts"}],"about":[{"href":"https:\/\/brasilnoticias.org\/site\/wp-json\/wp\/v2\/types\/post"}],"author":[{"embeddable":true,"href":"https:\/\/brasilnoticias.org\/site\/wp-json\/wp\/v2\/users\/2"}],"replies":[{"embeddable":true,"href":"https:\/\/brasilnoticias.org\/site\/wp-json\/wp\/v2\/comments?post=1022"}],"version-history":[{"count":1,"href":"https:\/\/brasilnoticias.org\/site\/wp-json\/wp\/v2\/posts\/1022\/revisions"}],"predecessor-version":[{"id":1024,"href":"https:\/\/brasilnoticias.org\/site\/wp-json\/wp\/v2\/posts\/1022\/revisions\/1024"}],"wp:featuredmedia":[{"embeddable":true,"href":"https:\/\/brasilnoticias.org\/site\/wp-json\/wp\/v2\/media\/1023"}],"wp:attachment":[{"href":"https:\/\/brasilnoticias.org\/site\/wp-json\/wp\/v2\/media?parent=1022"}],"wp:term":[{"taxonomy":"category","embeddable":true,"href":"https:\/\/brasilnoticias.org\/site\/wp-json\/wp\/v2\/categories?post=1022"},{"taxonomy":"post_tag","embeddable":true,"href":"https:\/\/brasilnoticias.org\/site\/wp-json\/wp\/v2\/tags?post=1022"}],"curies":[{"name":"wp","href":"https:\/\/api.w.org\/{rel}","templated":true}]}}