{"id":1025,"date":"2022-07-22T14:58:10","date_gmt":"2022-07-22T17:58:10","guid":{"rendered":"https:\/\/brasilnoticias.org\/site\/?p=1025"},"modified":"2022-07-22T14:58:10","modified_gmt":"2022-07-22T17:58:10","slug":"parlamento-de-portugal-aprova-vistos-de-trabalho-que-beneficiam-brasileiros","status":"publish","type":"post","link":"https:\/\/brasilnoticias.org\/site\/parlamento-de-portugal-aprova-vistos-de-trabalho-que-beneficiam-brasileiros\/","title":{"rendered":"Parlamento de Portugal aprova vistos de trabalho que beneficiam brasileiros"},"content":{"rendered":"<p>O Parlamento de<a href=\"https:\/\/www.bnews.com.br\/tags\/portugal\" target=\"_blank\" rel=\"noopener\">\u00a0Portugal<\/a>\u00a0aprovou nesta quinta (21) um pacote que amplia e facilita a concess\u00e3o de vistos de trabalho a cidad\u00e3os dos pa\u00edses da CPLP (Comunidades dos Pa\u00edses de L\u00edngua Portuguesa).<br \/>\nPara brasileiros, a principal mudan\u00e7a \u00e9 a cria\u00e7\u00e3o de um visto especial para quem busca emprego. A permiss\u00e3o garante prazo de 120 dias, prorrog\u00e1vel por mais 60, para que estrangeiros sejam contratados.<\/p>\n<p>Caso os imigrantes n\u00e3o consigam um emprego no prazo estabelecido, s\u00e3o obrigados a sair do pa\u00eds e s\u00f3 podem realizar um novo pedido ap\u00f3s um ano do fim da validade do visto anterior. Al\u00e9m da verifica\u00e7\u00e3o de antecedentes criminais, ser\u00e1 preciso comprovar meios de subsist\u00eancia -os valores ser\u00e3o definidos em uma portaria posterior. \u00c9 obrigat\u00f3ria, ainda, a apresenta\u00e7\u00e3o de uma passagem que assegure o retorno.<\/p>\n<p>Outra novidade \u00e9 a cria\u00e7\u00e3o de um visto voltado a n\u00f4mades digitais e a profissionais que trabalham de forma remota para outros pa\u00edses -nesses casos, tamb\u00e9m ser\u00e1 exigida a comprova\u00e7\u00e3o de rendimentos.<br \/>\nAs medidas tamb\u00e9m facilitar\u00e3o a vida de imigrantes com a garantia de atribui\u00e7\u00e3o provis\u00f3ria de n\u00fameros de identifica\u00e7\u00e3o fiscal (similar ao CPF no Brasil), de Seguran\u00e7a Social e do registro no Sistema Nacional de Sa\u00fade. Conhecidos como &#8220;n\u00fameros m\u00e1gicos&#8221;, uma vez que s\u00e3o essenciais para o pleno gozo de direitos e deveres, esses registros muitas vezes tinham acesso dif\u00edcil para estrangeiros.<\/p>\n<p>O projeto, proposto pelo governo do premi\u00ea Ant\u00f3nio Costa, do Partido Socialista, dono de maioria absoluta no Parlamento, tramitou com velocidade pouco habitual. A proposta foi anunciada h\u00e1 pouco mais de um m\u00eas, ap\u00f3s aprova\u00e7\u00e3o em Conselho de Ministros. A rapidez muito possivelmente est\u00e1 relacionada \u00e0 escassez de m\u00e3o de obra no pa\u00eds, sobretudo para posi\u00e7\u00f5es no setor do turismo e servi\u00e7os.<\/p>\n<p>Em muitas situa\u00e7\u00f5es, os baixos sal\u00e1rios para essas ocupa\u00e7\u00f5es s\u00e3o pouco atraentes para os pr\u00f3prios portugueses.<\/p>\n<p>Na apresenta\u00e7\u00e3o do projeto, a ministra de Assuntos Parlamentares, Ana Catarina Mendes, afirmou que as mudan\u00e7as v\u00e3o &#8220;garantir a redinamiza\u00e7\u00e3o da economia com mais m\u00e3o de obra em Portugal&#8221;.<br \/>\nDeputada pelo maior partido da oposi\u00e7\u00e3o, o Partido Social-Democrata, de centro-direita, Sara Madruga da Costa ressaltou a import\u00e2ncia do tema, mas lamentou &#8220;a forma apressada com que o governo pretende discutir um assunto s\u00e9rio&#8221; e a falta de participa\u00e7\u00e3o de associa\u00e7\u00f5es de migrantes e de outras entidades.<\/p>\n<p>Houve momentos de tens\u00e3o. L\u00edder do partido de ultradireita Chega, Andr\u00e9 Ventura acusou o governo de &#8220;querer sustentar os que v\u00eam de fora&#8221;, enquanto n\u00e3o garantiria condi\u00e7\u00f5es dignas aos cidad\u00e3os do pa\u00eds.<\/p>\n<p>Ap\u00f3s diversas cr\u00edticas, o presidente da Assembleia da Rep\u00fablica, Augusto Santos Silva, rebateu as afirma\u00e7\u00f5es. &#8220;Portugal deve muito aos muitos milhares de imigrantes que aqui trabalham; somos um pa\u00eds aberto e que respeita os outros&#8221;, afirmou, sob aplausos de deputados de todos os espectros pol\u00edticos.<\/p>\n<p>Pouco depois, os 11 membros da bancada do Chega abandonaram o Parlamento em protesto contra a atua\u00e7\u00e3o de Santos Silva, e, assim, o projeto foi aprovado sem votos contr\u00e1rios. Votaram a favor o Partido Socialista, o Bloco de Esquerda, o PCP (Partido Comunista Portugu\u00eas) e o \u00fanico deputado do Livre. Os parlamentares do PSD, da Iniciativa Liberal e do Pan (Pessoas-Animal-Natureza) se abstiveram.<\/p>\n<p>O texto vai agora para san\u00e7\u00e3o do presidente Marcelo Rebelo de Sousa, e as altera\u00e7\u00f5es passam a valer ap\u00f3s publica\u00e7\u00e3o no Di\u00e1rio da Rep\u00fablica, o Di\u00e1rio Oficial luso. A vota\u00e7\u00e3o no Parlamento foi acompanhada ao vivo por muitos brasileiros nas redes sociais. Desde que foi anunciado, o pacote de vistos era esperado com ansiedade por interessados em se mudar para Portugal. Al\u00e9m de Brasil e<\/p>\n<p>Portugal, a CPLP inclui Angola, Cabo Verde, Guin\u00e9-Bissau, Guin\u00e9 Equatorial, Mo\u00e7ambique, S\u00e3o Tom\u00e9 e Pr\u00edncipe e Timor Leste.<\/p>\n<p>&#8220;Percebemos um aumento brutal das pessoas que aventavam a possibilidade de se mudar para Portugal, mas n\u00e3o eram eleg\u00edveis a nenhum tipo de visto. O que era uma ideia agora se torna uma possibilidade real a milhares de fam\u00edlias brasileiras&#8221;, diz Patr\u00edcia Lemos, s\u00f3cia da assessoria Vou Mudar para Portugal.<\/p>\n<p>Os novos vistos pretendem dar mais seguran\u00e7a jur\u00eddica e social \u00e0 principal rota migrat\u00f3ria para o pa\u00eds: a regulariza\u00e7\u00e3o por meio da inser\u00e7\u00e3o no mercado de trabalho. Embora Portugal permita a regulariza\u00e7\u00e3o de quem chega como turista e come\u00e7a a trabalhar de forma irregular, o processo \u00e9 longo e burocr\u00e1tico.<\/p>\n<p>Al\u00e9m da possibilidade de pagamento de multa devido ao tempo de perman\u00eancia indevida, migrantes sem documentos est\u00e3o mais vulner\u00e1veis a diferentes tipos de explora\u00e7\u00e3o. Devido \u00e0 sobrecarga atual do SEF (Servi\u00e7o de Estrangeiros e Fronteiras), os processos t\u00eam levado at\u00e9 tr\u00eas anos para serem conclu\u00eddos.<\/p>\n<p>Professor da Universidade de Coimbra, o dem\u00f3grafo Pedro G\u00f3is considera a mudan\u00e7a uma medida positiva, mas chama a aten\u00e7\u00e3o para a necessidade de garantir um processo \u00e1gil e efetivo. &#8220;N\u00e3o podemos transferir a burocracia do SEF para os consulados de Portugal no Brasil, que j\u00e1 t\u00eam escassez de pessoas.&#8221;<\/p>\n<p>As mudan\u00e7as na legisla\u00e7\u00e3o portuguesa aconteceram no \u00e2mbito do acordo de mobilidade entre os integrantes da CPLP, aprovado em julho de 2021 em Luanda. Cada na\u00e7\u00e3o da comunidade lus\u00f3fona tem liberdade para formular suas regras, e o acordo j\u00e1 foi ratificado pelo Congresso brasileiro, mas ainda n\u00e3o houve aprova\u00e7\u00e3o de leis referentes \u00e0 migra\u00e7\u00e3o entre os cidad\u00e3os oriundos dos pa\u00edses-membros.<br \/>\n*<br \/>\n<strong>VISTO PARA PROCURA DE TRABALHO<\/strong><br \/>\n&#8211; Permiss\u00e3o d\u00e1 prazo de 120 dias, prorrog\u00e1vel por mais 60, para que os estrangeiros sejam contratados em Portugal<br \/>\n&#8211; Caso n\u00e3o consiga emprego dentro do prazo estipulado, o imigrante \u00e9 obrigado a sair do pa\u00eds e s\u00f3 pode realizar um novo pedido depois de um ano do fim da validade do visto anterior<\/p>\n<p><strong>VISTO PARA TRABALHO REMOTO<\/strong><br \/>\n&#8211; Eleg\u00edvel para n\u00f4mades digitais e outros profissionais que trabalhem de forma remota para outros pa\u00edses<br \/>\n&#8211; Vale tanto para freelancers como para funcion\u00e1rios de empresas estrangeiras<\/p>\n<p>Em ambos os casos, ser\u00e1 preciso comprovar valor m\u00ednimo de rendimentos, a ser definido em portaria.<\/p>\n<p>&nbsp;<\/p>\n<p>&nbsp;<\/p>\n<p>&nbsp;<\/p>\n<p>Bnews<\/p>\n","protected":false},"excerpt":{"rendered":"<p>O Parlamento de\u00a0Portugal\u00a0aprovou nesta quinta (21) um pacote que amplia e facilita a concess\u00e3o de vistos de trabalho a cidad\u00e3os<\/p>\n","protected":false},"author":2,"featured_media":1026,"comment_status":"open","ping_status":"open","sticky":false,"template":"","format":"standard","meta":{"colormag_page_container_layout":"default_layout","colormag_page_sidebar_layout":"default_layout","_FSMCFIC_featured_image_caption":"","_FSMCFIC_featured_image_nocaption":"","_FSMCFIC_featured_image_hide":"","footnotes":""},"categories":[6,1],"tags":[],"class_list":["post-1025","post","type-post","status-publish","format-standard","has-post-thumbnail","hentry","category-mundo","category-ultimas"],"yoast_head":"<!-- This site is optimized with the Yoast SEO plugin v27.1.1 - https:\/\/yoast.com\/product\/yoast-seo-wordpress\/ -->\n<title>Parlamento de Portugal aprova vistos de trabalho que beneficiam brasileiros - Brasil not\u00edcias<\/title>\n<meta name=\"robots\" content=\"index, follow, max-snippet:-1, max-image-preview:large, max-video-preview:-1\" \/>\n<link rel=\"canonical\" href=\"https:\/\/brasilnoticias.org\/site\/parlamento-de-portugal-aprova-vistos-de-trabalho-que-beneficiam-brasileiros\/\" \/>\n<meta property=\"og:locale\" content=\"pt_PT\" \/>\n<meta property=\"og:type\" content=\"article\" \/>\n<meta property=\"og:title\" content=\"Parlamento de Portugal aprova vistos de trabalho que beneficiam brasileiros - Brasil not\u00edcias\" \/>\n<meta property=\"og:description\" content=\"O Parlamento de\u00a0Portugal\u00a0aprovou nesta quinta (21) um pacote que amplia e facilita a concess\u00e3o de vistos de trabalho a cidad\u00e3os\" \/>\n<meta property=\"og:url\" content=\"https:\/\/brasilnoticias.org\/site\/parlamento-de-portugal-aprova-vistos-de-trabalho-que-beneficiam-brasileiros\/\" \/>\n<meta property=\"og:site_name\" content=\"Brasil not\u00edcias\" \/>\n<meta property=\"article:published_time\" content=\"2022-07-22T17:58:10+00:00\" \/>\n<meta property=\"og:image\" content=\"https:\/\/brasilnoticias.org\/site\/wp-content\/uploads\/2022\/07\/banderia-porugal-2.jpg_widelg_widelg.jpg\" \/>\n\t<meta property=\"og:image:width\" content=\"640\" \/>\n\t<meta property=\"og:image:height\" content=\"423\" \/>\n\t<meta property=\"og:image:type\" content=\"image\/jpeg\" \/>\n<meta name=\"author\" content=\"Reda\u00e7\u00e3o\" \/>\n<meta name=\"twitter:card\" content=\"summary_large_image\" \/>\n<meta name=\"twitter:label1\" content=\"Escrito por\" \/>\n\t<meta name=\"twitter:data1\" content=\"Reda\u00e7\u00e3o\" \/>\n\t<meta name=\"twitter:label2\" content=\"Tempo estimado de leitura\" \/>\n\t<meta name=\"twitter:data2\" content=\"5 minutos\" \/>\n<script type=\"application\/ld+json\" class=\"yoast-schema-graph\">{\"@context\":\"https:\/\/schema.org\",\"@graph\":[{\"@type\":\"Article\",\"@id\":\"https:\/\/brasilnoticias.org\/site\/parlamento-de-portugal-aprova-vistos-de-trabalho-que-beneficiam-brasileiros\/#article\",\"isPartOf\":{\"@id\":\"https:\/\/brasilnoticias.org\/site\/parlamento-de-portugal-aprova-vistos-de-trabalho-que-beneficiam-brasileiros\/\"},\"author\":{\"name\":\"Reda\u00e7\u00e3o\",\"@id\":\"https:\/\/brasilnoticias.org\/site\/#\/schema\/person\/f609fa847b5314f1c8b983342f34c798\"},\"headline\":\"Parlamento de Portugal aprova vistos de trabalho que beneficiam brasileiros\",\"datePublished\":\"2022-07-22T17:58:10+00:00\",\"mainEntityOfPage\":{\"@id\":\"https:\/\/brasilnoticias.org\/site\/parlamento-de-portugal-aprova-vistos-de-trabalho-que-beneficiam-brasileiros\/\"},\"wordCount\":1092,\"commentCount\":0,\"publisher\":{\"@id\":\"https:\/\/brasilnoticias.org\/site\/#organization\"},\"image\":{\"@id\":\"https:\/\/brasilnoticias.org\/site\/parlamento-de-portugal-aprova-vistos-de-trabalho-que-beneficiam-brasileiros\/#primaryimage\"},\"thumbnailUrl\":\"https:\/\/brasilnoticias.org\/site\/wp-content\/uploads\/2022\/07\/banderia-porugal-2.jpg_widelg_widelg.jpg\",\"articleSection\":[\"Mundo\",\"\u00daltimas\"],\"inLanguage\":\"pt-PT\",\"potentialAction\":[{\"@type\":\"CommentAction\",\"name\":\"Comment\",\"target\":[\"https:\/\/brasilnoticias.org\/site\/parlamento-de-portugal-aprova-vistos-de-trabalho-que-beneficiam-brasileiros\/#respond\"]}]},{\"@type\":\"WebPage\",\"@id\":\"https:\/\/brasilnoticias.org\/site\/parlamento-de-portugal-aprova-vistos-de-trabalho-que-beneficiam-brasileiros\/\",\"url\":\"https:\/\/brasilnoticias.org\/site\/parlamento-de-portugal-aprova-vistos-de-trabalho-que-beneficiam-brasileiros\/\",\"name\":\"Parlamento de Portugal aprova vistos de trabalho que beneficiam brasileiros - Brasil not\u00edcias\",\"isPartOf\":{\"@id\":\"https:\/\/brasilnoticias.org\/site\/#website\"},\"primaryImageOfPage\":{\"@id\":\"https:\/\/brasilnoticias.org\/site\/parlamento-de-portugal-aprova-vistos-de-trabalho-que-beneficiam-brasileiros\/#primaryimage\"},\"image\":{\"@id\":\"https:\/\/brasilnoticias.org\/site\/parlamento-de-portugal-aprova-vistos-de-trabalho-que-beneficiam-brasileiros\/#primaryimage\"},\"thumbnailUrl\":\"https:\/\/brasilnoticias.org\/site\/wp-content\/uploads\/2022\/07\/banderia-porugal-2.jpg_widelg_widelg.jpg\",\"datePublished\":\"2022-07-22T17:58:10+00:00\",\"breadcrumb\":{\"@id\":\"https:\/\/brasilnoticias.org\/site\/parlamento-de-portugal-aprova-vistos-de-trabalho-que-beneficiam-brasileiros\/#breadcrumb\"},\"inLanguage\":\"pt-PT\",\"potentialAction\":[{\"@type\":\"ReadAction\",\"target\":[\"https:\/\/brasilnoticias.org\/site\/parlamento-de-portugal-aprova-vistos-de-trabalho-que-beneficiam-brasileiros\/\"]}]},{\"@type\":\"ImageObject\",\"inLanguage\":\"pt-PT\",\"@id\":\"https:\/\/brasilnoticias.org\/site\/parlamento-de-portugal-aprova-vistos-de-trabalho-que-beneficiam-brasileiros\/#primaryimage\",\"url\":\"https:\/\/brasilnoticias.org\/site\/wp-content\/uploads\/2022\/07\/banderia-porugal-2.jpg_widelg_widelg.jpg\",\"contentUrl\":\"https:\/\/brasilnoticias.org\/site\/wp-content\/uploads\/2022\/07\/banderia-porugal-2.jpg_widelg_widelg.jpg\",\"width\":640,\"height\":423},{\"@type\":\"BreadcrumbList\",\"@id\":\"https:\/\/brasilnoticias.org\/site\/parlamento-de-portugal-aprova-vistos-de-trabalho-que-beneficiam-brasileiros\/#breadcrumb\",\"itemListElement\":[{\"@type\":\"ListItem\",\"position\":1,\"name\":\"In\u00edcio\",\"item\":\"https:\/\/brasilnoticias.org\/site\/\"},{\"@type\":\"ListItem\",\"position\":2,\"name\":\"Parlamento de Portugal aprova vistos de trabalho que beneficiam brasileiros\"}]},{\"@type\":\"WebSite\",\"@id\":\"https:\/\/brasilnoticias.org\/site\/#website\",\"url\":\"https:\/\/brasilnoticias.org\/site\/\",\"name\":\"Brasil not\u00edcias\",\"description\":\"Brasil not\u00edcias\",\"publisher\":{\"@id\":\"https:\/\/brasilnoticias.org\/site\/#organization\"},\"potentialAction\":[{\"@type\":\"SearchAction\",\"target\":{\"@type\":\"EntryPoint\",\"urlTemplate\":\"https:\/\/brasilnoticias.org\/site\/?s={search_term_string}\"},\"query-input\":{\"@type\":\"PropertyValueSpecification\",\"valueRequired\":true,\"valueName\":\"search_term_string\"}}],\"inLanguage\":\"pt-PT\"},{\"@type\":\"Organization\",\"@id\":\"https:\/\/brasilnoticias.org\/site\/#organization\",\"name\":\"Brasil not\u00edcias\",\"url\":\"https:\/\/brasilnoticias.org\/site\/\",\"logo\":{\"@type\":\"ImageObject\",\"inLanguage\":\"pt-PT\",\"@id\":\"https:\/\/brasilnoticias.org\/site\/#\/schema\/logo\/image\/\",\"url\":\"https:\/\/brasilnoticias.org\/site\/wp-content\/uploads\/2022\/05\/cropped-brasilnoticias-mini.jpg\",\"contentUrl\":\"https:\/\/brasilnoticias.org\/site\/wp-content\/uploads\/2022\/05\/cropped-brasilnoticias-mini.jpg\",\"width\":314,\"height\":86,\"caption\":\"Brasil not\u00edcias\"},\"image\":{\"@id\":\"https:\/\/brasilnoticias.org\/site\/#\/schema\/logo\/image\/\"}},{\"@type\":\"Person\",\"@id\":\"https:\/\/brasilnoticias.org\/site\/#\/schema\/person\/f609fa847b5314f1c8b983342f34c798\",\"name\":\"Reda\u00e7\u00e3o\",\"image\":{\"@type\":\"ImageObject\",\"inLanguage\":\"pt-PT\",\"@id\":\"https:\/\/brasilnoticias.org\/site\/#\/schema\/person\/image\/\",\"url\":\"https:\/\/secure.gravatar.com\/avatar\/447284c06c1ad8b46465a36de9cd0d8326b73387a22799b8b1ffb1fbcff2ed0c?s=96&d=mm&r=g\",\"contentUrl\":\"https:\/\/secure.gravatar.com\/avatar\/447284c06c1ad8b46465a36de9cd0d8326b73387a22799b8b1ffb1fbcff2ed0c?s=96&d=mm&r=g\",\"caption\":\"Reda\u00e7\u00e3o\"},\"url\":\"https:\/\/brasilnoticias.org\/site\/author\/redacao\/\"}]}<\/script>\n<!-- \/ Yoast SEO plugin. -->","yoast_head_json":{"title":"Parlamento de Portugal aprova vistos de trabalho que beneficiam brasileiros - Brasil not\u00edcias","robots":{"index":"index","follow":"follow","max-snippet":"max-snippet:-1","max-image-preview":"max-image-preview:large","max-video-preview":"max-video-preview:-1"},"canonical":"https:\/\/brasilnoticias.org\/site\/parlamento-de-portugal-aprova-vistos-de-trabalho-que-beneficiam-brasileiros\/","og_locale":"pt_PT","og_type":"article","og_title":"Parlamento de Portugal aprova vistos de trabalho que beneficiam brasileiros - Brasil not\u00edcias","og_description":"O Parlamento de\u00a0Portugal\u00a0aprovou nesta quinta (21) um pacote que amplia e facilita a concess\u00e3o de vistos de trabalho a cidad\u00e3os","og_url":"https:\/\/brasilnoticias.org\/site\/parlamento-de-portugal-aprova-vistos-de-trabalho-que-beneficiam-brasileiros\/","og_site_name":"Brasil not\u00edcias","article_published_time":"2022-07-22T17:58:10+00:00","og_image":[{"width":640,"height":423,"url":"https:\/\/brasilnoticias.org\/site\/wp-content\/uploads\/2022\/07\/banderia-porugal-2.jpg_widelg_widelg.jpg","type":"image\/jpeg"}],"author":"Reda\u00e7\u00e3o","twitter_card":"summary_large_image","twitter_misc":{"Escrito por":"Reda\u00e7\u00e3o","Tempo estimado de leitura":"5 minutos"},"schema":{"@context":"https:\/\/schema.org","@graph":[{"@type":"Article","@id":"https:\/\/brasilnoticias.org\/site\/parlamento-de-portugal-aprova-vistos-de-trabalho-que-beneficiam-brasileiros\/#article","isPartOf":{"@id":"https:\/\/brasilnoticias.org\/site\/parlamento-de-portugal-aprova-vistos-de-trabalho-que-beneficiam-brasileiros\/"},"author":{"name":"Reda\u00e7\u00e3o","@id":"https:\/\/brasilnoticias.org\/site\/#\/schema\/person\/f609fa847b5314f1c8b983342f34c798"},"headline":"Parlamento de Portugal aprova vistos de trabalho que beneficiam brasileiros","datePublished":"2022-07-22T17:58:10+00:00","mainEntityOfPage":{"@id":"https:\/\/brasilnoticias.org\/site\/parlamento-de-portugal-aprova-vistos-de-trabalho-que-beneficiam-brasileiros\/"},"wordCount":1092,"commentCount":0,"publisher":{"@id":"https:\/\/brasilnoticias.org\/site\/#organization"},"image":{"@id":"https:\/\/brasilnoticias.org\/site\/parlamento-de-portugal-aprova-vistos-de-trabalho-que-beneficiam-brasileiros\/#primaryimage"},"thumbnailUrl":"https:\/\/brasilnoticias.org\/site\/wp-content\/uploads\/2022\/07\/banderia-porugal-2.jpg_widelg_widelg.jpg","articleSection":["Mundo","\u00daltimas"],"inLanguage":"pt-PT","potentialAction":[{"@type":"CommentAction","name":"Comment","target":["https:\/\/brasilnoticias.org\/site\/parlamento-de-portugal-aprova-vistos-de-trabalho-que-beneficiam-brasileiros\/#respond"]}]},{"@type":"WebPage","@id":"https:\/\/brasilnoticias.org\/site\/parlamento-de-portugal-aprova-vistos-de-trabalho-que-beneficiam-brasileiros\/","url":"https:\/\/brasilnoticias.org\/site\/parlamento-de-portugal-aprova-vistos-de-trabalho-que-beneficiam-brasileiros\/","name":"Parlamento de Portugal aprova vistos de trabalho que beneficiam brasileiros - Brasil not\u00edcias","isPartOf":{"@id":"https:\/\/brasilnoticias.org\/site\/#website"},"primaryImageOfPage":{"@id":"https:\/\/brasilnoticias.org\/site\/parlamento-de-portugal-aprova-vistos-de-trabalho-que-beneficiam-brasileiros\/#primaryimage"},"image":{"@id":"https:\/\/brasilnoticias.org\/site\/parlamento-de-portugal-aprova-vistos-de-trabalho-que-beneficiam-brasileiros\/#primaryimage"},"thumbnailUrl":"https:\/\/brasilnoticias.org\/site\/wp-content\/uploads\/2022\/07\/banderia-porugal-2.jpg_widelg_widelg.jpg","datePublished":"2022-07-22T17:58:10+00:00","breadcrumb":{"@id":"https:\/\/brasilnoticias.org\/site\/parlamento-de-portugal-aprova-vistos-de-trabalho-que-beneficiam-brasileiros\/#breadcrumb"},"inLanguage":"pt-PT","potentialAction":[{"@type":"ReadAction","target":["https:\/\/brasilnoticias.org\/site\/parlamento-de-portugal-aprova-vistos-de-trabalho-que-beneficiam-brasileiros\/"]}]},{"@type":"ImageObject","inLanguage":"pt-PT","@id":"https:\/\/brasilnoticias.org\/site\/parlamento-de-portugal-aprova-vistos-de-trabalho-que-beneficiam-brasileiros\/#primaryimage","url":"https:\/\/brasilnoticias.org\/site\/wp-content\/uploads\/2022\/07\/banderia-porugal-2.jpg_widelg_widelg.jpg","contentUrl":"https:\/\/brasilnoticias.org\/site\/wp-content\/uploads\/2022\/07\/banderia-porugal-2.jpg_widelg_widelg.jpg","width":640,"height":423},{"@type":"BreadcrumbList","@id":"https:\/\/brasilnoticias.org\/site\/parlamento-de-portugal-aprova-vistos-de-trabalho-que-beneficiam-brasileiros\/#breadcrumb","itemListElement":[{"@type":"ListItem","position":1,"name":"In\u00edcio","item":"https:\/\/brasilnoticias.org\/site\/"},{"@type":"ListItem","position":2,"name":"Parlamento de Portugal aprova vistos de trabalho que beneficiam brasileiros"}]},{"@type":"WebSite","@id":"https:\/\/brasilnoticias.org\/site\/#website","url":"https:\/\/brasilnoticias.org\/site\/","name":"Brasil not\u00edcias","description":"Brasil not\u00edcias","publisher":{"@id":"https:\/\/brasilnoticias.org\/site\/#organization"},"potentialAction":[{"@type":"SearchAction","target":{"@type":"EntryPoint","urlTemplate":"https:\/\/brasilnoticias.org\/site\/?s={search_term_string}"},"query-input":{"@type":"PropertyValueSpecification","valueRequired":true,"valueName":"search_term_string"}}],"inLanguage":"pt-PT"},{"@type":"Organization","@id":"https:\/\/brasilnoticias.org\/site\/#organization","name":"Brasil not\u00edcias","url":"https:\/\/brasilnoticias.org\/site\/","logo":{"@type":"ImageObject","inLanguage":"pt-PT","@id":"https:\/\/brasilnoticias.org\/site\/#\/schema\/logo\/image\/","url":"https:\/\/brasilnoticias.org\/site\/wp-content\/uploads\/2022\/05\/cropped-brasilnoticias-mini.jpg","contentUrl":"https:\/\/brasilnoticias.org\/site\/wp-content\/uploads\/2022\/05\/cropped-brasilnoticias-mini.jpg","width":314,"height":86,"caption":"Brasil not\u00edcias"},"image":{"@id":"https:\/\/brasilnoticias.org\/site\/#\/schema\/logo\/image\/"}},{"@type":"Person","@id":"https:\/\/brasilnoticias.org\/site\/#\/schema\/person\/f609fa847b5314f1c8b983342f34c798","name":"Reda\u00e7\u00e3o","image":{"@type":"ImageObject","inLanguage":"pt-PT","@id":"https:\/\/brasilnoticias.org\/site\/#\/schema\/person\/image\/","url":"https:\/\/secure.gravatar.com\/avatar\/447284c06c1ad8b46465a36de9cd0d8326b73387a22799b8b1ffb1fbcff2ed0c?s=96&d=mm&r=g","contentUrl":"https:\/\/secure.gravatar.com\/avatar\/447284c06c1ad8b46465a36de9cd0d8326b73387a22799b8b1ffb1fbcff2ed0c?s=96&d=mm&r=g","caption":"Reda\u00e7\u00e3o"},"url":"https:\/\/brasilnoticias.org\/site\/author\/redacao\/"}]}},"_links":{"self":[{"href":"https:\/\/brasilnoticias.org\/site\/wp-json\/wp\/v2\/posts\/1025","targetHints":{"allow":["GET"]}}],"collection":[{"href":"https:\/\/brasilnoticias.org\/site\/wp-json\/wp\/v2\/posts"}],"about":[{"href":"https:\/\/brasilnoticias.org\/site\/wp-json\/wp\/v2\/types\/post"}],"author":[{"embeddable":true,"href":"https:\/\/brasilnoticias.org\/site\/wp-json\/wp\/v2\/users\/2"}],"replies":[{"embeddable":true,"href":"https:\/\/brasilnoticias.org\/site\/wp-json\/wp\/v2\/comments?post=1025"}],"version-history":[{"count":1,"href":"https:\/\/brasilnoticias.org\/site\/wp-json\/wp\/v2\/posts\/1025\/revisions"}],"predecessor-version":[{"id":1027,"href":"https:\/\/brasilnoticias.org\/site\/wp-json\/wp\/v2\/posts\/1025\/revisions\/1027"}],"wp:featuredmedia":[{"embeddable":true,"href":"https:\/\/brasilnoticias.org\/site\/wp-json\/wp\/v2\/media\/1026"}],"wp:attachment":[{"href":"https:\/\/brasilnoticias.org\/site\/wp-json\/wp\/v2\/media?parent=1025"}],"wp:term":[{"taxonomy":"category","embeddable":true,"href":"https:\/\/brasilnoticias.org\/site\/wp-json\/wp\/v2\/categories?post=1025"},{"taxonomy":"post_tag","embeddable":true,"href":"https:\/\/brasilnoticias.org\/site\/wp-json\/wp\/v2\/tags?post=1025"}],"curies":[{"name":"wp","href":"https:\/\/api.w.org\/{rel}","templated":true}]}}