{"id":10263,"date":"2023-10-18T16:32:16","date_gmt":"2023-10-18T19:32:16","guid":{"rendered":"https:\/\/brasilnoticias.org\/site\/?p=10263"},"modified":"2023-10-18T16:32:16","modified_gmt":"2023-10-18T19:32:16","slug":"jeronimo-anuncia-que-mais-uma-empresa-foi-desclassificada-no-teste-de-cameras-para-pms","status":"publish","type":"post","link":"https:\/\/brasilnoticias.org\/site\/jeronimo-anuncia-que-mais-uma-empresa-foi-desclassificada-no-teste-de-cameras-para-pms\/","title":{"rendered":"Jer\u00f4nimo anuncia que mais uma empresa foi desclassificada no teste de c\u00e2meras para PMs"},"content":{"rendered":"<p>Empresa foi a terceira colocada no certame e teve os equipamentos analisados ap\u00f3s a desclassifica\u00e7\u00e3o da segunda<\/p>\n<p>O governador da Bahia, Jer\u00f4nimo Rodrigues (PT), anunciou que mais uma empresa que ficaria respons\u00e1vel pelas c\u00e2meras do fardamento dos policiais da Bahia foi desclassificada pela Secretaria de Seguran\u00e7a P\u00fablica do estado (SSP-BA). A informa\u00e7\u00e3o foi divulgada nesta quarta-feira (18).<\/p>\n<p>A empresa foi a terceira colocada no certame e teve os equipamentos analisados ap\u00f3s a desclassifica\u00e7\u00e3o da segunda empresa. Com isso, o quarto colocado ter\u00e1 os documentos analisados pela secretaria.<\/p>\n<p>Segundo a SSP &#8211; BA, os testes das chamadas bodycams, realizados em agosto, foram reprovados. Em entrevista para a TV Bahia, Jer\u00f4nimo Rodrigues disse que o processo burocr\u00e1tico para a compra dos equipamentos o deixa &#8220;cansado&#8221; e &#8220;irritado,&#8221; mas que ele precisa ter &#8220;paci\u00eancia&#8221;.<\/p>\n<p>Ainda de acordo com a pasta, a segunda empresa que forneceria as c\u00e2meras tamb\u00e9m foi desclassificada por n\u00e3o atender as demandas solicitadas no edital. N\u00e3o h\u00e1 detalhes do motivo da reprova\u00e7\u00e3o da terceira empresa. Os pontos avaliados, de acordo com a SSP-BA, s\u00e3o: qualidade das imagens e dos \u00e1udios captados durante atividades preventivas e ostensivas, autonomia da bateria, resist\u00eancia, transmiss\u00e3o e armazenamento de imagens.<\/p>\n<p>Foto: Divulga\u00e7\u00e3o\/GOV-BA<br \/>\nPor: Metro1<\/p>\n","protected":false},"excerpt":{"rendered":"<p>Empresa foi a terceira colocada no certame e teve os equipamentos analisados ap\u00f3s a desclassifica\u00e7\u00e3o da segunda O governador da<\/p>\n","protected":false},"author":4,"featured_media":10264,"comment_status":"open","ping_status":"open","sticky":false,"template":"","format":"standard","meta":{"colormag_page_container_layout":"default_layout","colormag_page_sidebar_layout":"default_layout","_FSMCFIC_featured_image_caption":"","_FSMCFIC_featured_image_nocaption":"","_FSMCFIC_featured_image_hide":"","footnotes":""},"categories":[5,1],"tags":[],"class_list":["post-10263","post","type-post","status-publish","format-standard","has-post-thumbnail","hentry","category-politica","category-ultimas"],"yoast_head":"<!-- This site is optimized with the Yoast SEO plugin v27.1.1 - https:\/\/yoast.com\/product\/yoast-seo-wordpress\/ -->\n<title>Jer\u00f4nimo anuncia que mais uma empresa foi desclassificada no teste de c\u00e2meras para PMs - Brasil not\u00edcias<\/title>\n<meta name=\"robots\" content=\"index, follow, max-snippet:-1, max-image-preview:large, max-video-preview:-1\" \/>\n<link rel=\"canonical\" href=\"https:\/\/brasilnoticias.org\/site\/jeronimo-anuncia-que-mais-uma-empresa-foi-desclassificada-no-teste-de-cameras-para-pms\/\" \/>\n<meta property=\"og:locale\" content=\"pt_PT\" \/>\n<meta property=\"og:type\" content=\"article\" \/>\n<meta property=\"og:title\" content=\"Jer\u00f4nimo anuncia que mais uma empresa foi desclassificada no teste de c\u00e2meras para PMs - Brasil not\u00edcias\" \/>\n<meta property=\"og:description\" content=\"Empresa foi a terceira colocada no certame e teve os equipamentos analisados ap\u00f3s a desclassifica\u00e7\u00e3o da segunda O governador da\" \/>\n<meta property=\"og:url\" content=\"https:\/\/brasilnoticias.org\/site\/jeronimo-anuncia-que-mais-uma-empresa-foi-desclassificada-no-teste-de-cameras-para-pms\/\" \/>\n<meta property=\"og:site_name\" content=\"Brasil not\u00edcias\" \/>\n<meta property=\"article:published_time\" content=\"2023-10-18T19:32:16+00:00\" \/>\n<meta property=\"og:image\" content=\"https:\/\/brasilnoticias.org\/site\/wp-content\/uploads\/2023\/10\/142167jeronimo-anuncia-que-mais-uma-empresa-foi-desclassificada-no-teste-de-cameras-para-pms-3.jpg\" \/>\n\t<meta property=\"og:image:width\" content=\"1600\" \/>\n\t<meta property=\"og:image:height\" content=\"752\" \/>\n\t<meta property=\"og:image:type\" content=\"image\/jpeg\" \/>\n<meta name=\"author\" content=\"Reda\u00e7\u00e3o\" \/>\n<meta name=\"twitter:card\" content=\"summary_large_image\" \/>\n<meta name=\"twitter:label1\" content=\"Escrito por\" \/>\n\t<meta name=\"twitter:data1\" content=\"Reda\u00e7\u00e3o\" \/>\n<script type=\"application\/ld+json\" class=\"yoast-schema-graph\">{\"@context\":\"https:\/\/schema.org\",\"@graph\":[{\"@type\":\"Article\",\"@id\":\"https:\/\/brasilnoticias.org\/site\/jeronimo-anuncia-que-mais-uma-empresa-foi-desclassificada-no-teste-de-cameras-para-pms\/#article\",\"isPartOf\":{\"@id\":\"https:\/\/brasilnoticias.org\/site\/jeronimo-anuncia-que-mais-uma-empresa-foi-desclassificada-no-teste-de-cameras-para-pms\/\"},\"author\":{\"name\":\"Reda\u00e7\u00e3o\",\"@id\":\"https:\/\/brasilnoticias.org\/site\/#\/schema\/person\/03bbbfe6c7634ad18c26444ea39049fa\"},\"headline\":\"Jer\u00f4nimo anuncia que mais uma empresa foi desclassificada no teste de c\u00e2meras para PMs\",\"datePublished\":\"2023-10-18T19:32:16+00:00\",\"mainEntityOfPage\":{\"@id\":\"https:\/\/brasilnoticias.org\/site\/jeronimo-anuncia-que-mais-uma-empresa-foi-desclassificada-no-teste-de-cameras-para-pms\/\"},\"wordCount\":237,\"commentCount\":0,\"publisher\":{\"@id\":\"https:\/\/brasilnoticias.org\/site\/#organization\"},\"image\":{\"@id\":\"https:\/\/brasilnoticias.org\/site\/jeronimo-anuncia-que-mais-uma-empresa-foi-desclassificada-no-teste-de-cameras-para-pms\/#primaryimage\"},\"thumbnailUrl\":\"https:\/\/brasilnoticias.org\/site\/wp-content\/uploads\/2023\/10\/142167jeronimo-anuncia-que-mais-uma-empresa-foi-desclassificada-no-teste-de-cameras-para-pms-3.jpg\",\"articleSection\":[\"Pol\u00edtica\",\"\u00daltimas\"],\"inLanguage\":\"pt-PT\",\"potentialAction\":[{\"@type\":\"CommentAction\",\"name\":\"Comment\",\"target\":[\"https:\/\/brasilnoticias.org\/site\/jeronimo-anuncia-que-mais-uma-empresa-foi-desclassificada-no-teste-de-cameras-para-pms\/#respond\"]}]},{\"@type\":\"WebPage\",\"@id\":\"https:\/\/brasilnoticias.org\/site\/jeronimo-anuncia-que-mais-uma-empresa-foi-desclassificada-no-teste-de-cameras-para-pms\/\",\"url\":\"https:\/\/brasilnoticias.org\/site\/jeronimo-anuncia-que-mais-uma-empresa-foi-desclassificada-no-teste-de-cameras-para-pms\/\",\"name\":\"Jer\u00f4nimo anuncia que mais uma empresa foi desclassificada no teste de c\u00e2meras para PMs - Brasil not\u00edcias\",\"isPartOf\":{\"@id\":\"https:\/\/brasilnoticias.org\/site\/#website\"},\"primaryImageOfPage\":{\"@id\":\"https:\/\/brasilnoticias.org\/site\/jeronimo-anuncia-que-mais-uma-empresa-foi-desclassificada-no-teste-de-cameras-para-pms\/#primaryimage\"},\"image\":{\"@id\":\"https:\/\/brasilnoticias.org\/site\/jeronimo-anuncia-que-mais-uma-empresa-foi-desclassificada-no-teste-de-cameras-para-pms\/#primaryimage\"},\"thumbnailUrl\":\"https:\/\/brasilnoticias.org\/site\/wp-content\/uploads\/2023\/10\/142167jeronimo-anuncia-que-mais-uma-empresa-foi-desclassificada-no-teste-de-cameras-para-pms-3.jpg\",\"datePublished\":\"2023-10-18T19:32:16+00:00\",\"breadcrumb\":{\"@id\":\"https:\/\/brasilnoticias.org\/site\/jeronimo-anuncia-que-mais-uma-empresa-foi-desclassificada-no-teste-de-cameras-para-pms\/#breadcrumb\"},\"inLanguage\":\"pt-PT\",\"potentialAction\":[{\"@type\":\"ReadAction\",\"target\":[\"https:\/\/brasilnoticias.org\/site\/jeronimo-anuncia-que-mais-uma-empresa-foi-desclassificada-no-teste-de-cameras-para-pms\/\"]}]},{\"@type\":\"ImageObject\",\"inLanguage\":\"pt-PT\",\"@id\":\"https:\/\/brasilnoticias.org\/site\/jeronimo-anuncia-que-mais-uma-empresa-foi-desclassificada-no-teste-de-cameras-para-pms\/#primaryimage\",\"url\":\"https:\/\/brasilnoticias.org\/site\/wp-content\/uploads\/2023\/10\/142167jeronimo-anuncia-que-mais-uma-empresa-foi-desclassificada-no-teste-de-cameras-para-pms-3.jpg\",\"contentUrl\":\"https:\/\/brasilnoticias.org\/site\/wp-content\/uploads\/2023\/10\/142167jeronimo-anuncia-que-mais-uma-empresa-foi-desclassificada-no-teste-de-cameras-para-pms-3.jpg\",\"width\":1600,\"height\":752},{\"@type\":\"BreadcrumbList\",\"@id\":\"https:\/\/brasilnoticias.org\/site\/jeronimo-anuncia-que-mais-uma-empresa-foi-desclassificada-no-teste-de-cameras-para-pms\/#breadcrumb\",\"itemListElement\":[{\"@type\":\"ListItem\",\"position\":1,\"name\":\"In\u00edcio\",\"item\":\"https:\/\/brasilnoticias.org\/site\/\"},{\"@type\":\"ListItem\",\"position\":2,\"name\":\"Jer\u00f4nimo anuncia que mais uma empresa foi desclassificada no teste de c\u00e2meras para PMs\"}]},{\"@type\":\"WebSite\",\"@id\":\"https:\/\/brasilnoticias.org\/site\/#website\",\"url\":\"https:\/\/brasilnoticias.org\/site\/\",\"name\":\"Brasil not\u00edcias\",\"description\":\"Brasil not\u00edcias\",\"publisher\":{\"@id\":\"https:\/\/brasilnoticias.org\/site\/#organization\"},\"potentialAction\":[{\"@type\":\"SearchAction\",\"target\":{\"@type\":\"EntryPoint\",\"urlTemplate\":\"https:\/\/brasilnoticias.org\/site\/?s={search_term_string}\"},\"query-input\":{\"@type\":\"PropertyValueSpecification\",\"valueRequired\":true,\"valueName\":\"search_term_string\"}}],\"inLanguage\":\"pt-PT\"},{\"@type\":\"Organization\",\"@id\":\"https:\/\/brasilnoticias.org\/site\/#organization\",\"name\":\"Brasil not\u00edcias\",\"url\":\"https:\/\/brasilnoticias.org\/site\/\",\"logo\":{\"@type\":\"ImageObject\",\"inLanguage\":\"pt-PT\",\"@id\":\"https:\/\/brasilnoticias.org\/site\/#\/schema\/logo\/image\/\",\"url\":\"https:\/\/brasilnoticias.org\/site\/wp-content\/uploads\/2022\/05\/cropped-brasilnoticias-mini.jpg\",\"contentUrl\":\"https:\/\/brasilnoticias.org\/site\/wp-content\/uploads\/2022\/05\/cropped-brasilnoticias-mini.jpg\",\"width\":314,\"height\":86,\"caption\":\"Brasil not\u00edcias\"},\"image\":{\"@id\":\"https:\/\/brasilnoticias.org\/site\/#\/schema\/logo\/image\/\"}},{\"@type\":\"Person\",\"@id\":\"https:\/\/brasilnoticias.org\/site\/#\/schema\/person\/03bbbfe6c7634ad18c26444ea39049fa\",\"name\":\"Reda\u00e7\u00e3o\",\"image\":{\"@type\":\"ImageObject\",\"inLanguage\":\"pt-PT\",\"@id\":\"https:\/\/brasilnoticias.org\/site\/#\/schema\/person\/image\/\",\"url\":\"https:\/\/secure.gravatar.com\/avatar\/9ecaf7327a696cb23ad926fedded5f1f04d7049de9e445375d55b48c001a6e42?s=96&d=mm&r=g\",\"contentUrl\":\"https:\/\/secure.gravatar.com\/avatar\/9ecaf7327a696cb23ad926fedded5f1f04d7049de9e445375d55b48c001a6e42?s=96&d=mm&r=g\",\"caption\":\"Reda\u00e7\u00e3o\"},\"url\":\"https:\/\/brasilnoticias.org\/site\/author\/henrique\/\"}]}<\/script>\n<!-- \/ Yoast SEO plugin. -->","yoast_head_json":{"title":"Jer\u00f4nimo anuncia que mais uma empresa foi desclassificada no teste de c\u00e2meras para PMs - Brasil not\u00edcias","robots":{"index":"index","follow":"follow","max-snippet":"max-snippet:-1","max-image-preview":"max-image-preview:large","max-video-preview":"max-video-preview:-1"},"canonical":"https:\/\/brasilnoticias.org\/site\/jeronimo-anuncia-que-mais-uma-empresa-foi-desclassificada-no-teste-de-cameras-para-pms\/","og_locale":"pt_PT","og_type":"article","og_title":"Jer\u00f4nimo anuncia que mais uma empresa foi desclassificada no teste de c\u00e2meras para PMs - Brasil not\u00edcias","og_description":"Empresa foi a terceira colocada no certame e teve os equipamentos analisados ap\u00f3s a desclassifica\u00e7\u00e3o da segunda O governador da","og_url":"https:\/\/brasilnoticias.org\/site\/jeronimo-anuncia-que-mais-uma-empresa-foi-desclassificada-no-teste-de-cameras-para-pms\/","og_site_name":"Brasil not\u00edcias","article_published_time":"2023-10-18T19:32:16+00:00","og_image":[{"width":1600,"height":752,"url":"https:\/\/brasilnoticias.org\/site\/wp-content\/uploads\/2023\/10\/142167jeronimo-anuncia-que-mais-uma-empresa-foi-desclassificada-no-teste-de-cameras-para-pms-3.jpg","type":"image\/jpeg"}],"author":"Reda\u00e7\u00e3o","twitter_card":"summary_large_image","twitter_misc":{"Escrito por":"Reda\u00e7\u00e3o"},"schema":{"@context":"https:\/\/schema.org","@graph":[{"@type":"Article","@id":"https:\/\/brasilnoticias.org\/site\/jeronimo-anuncia-que-mais-uma-empresa-foi-desclassificada-no-teste-de-cameras-para-pms\/#article","isPartOf":{"@id":"https:\/\/brasilnoticias.org\/site\/jeronimo-anuncia-que-mais-uma-empresa-foi-desclassificada-no-teste-de-cameras-para-pms\/"},"author":{"name":"Reda\u00e7\u00e3o","@id":"https:\/\/brasilnoticias.org\/site\/#\/schema\/person\/03bbbfe6c7634ad18c26444ea39049fa"},"headline":"Jer\u00f4nimo anuncia que mais uma empresa foi desclassificada no teste de c\u00e2meras para PMs","datePublished":"2023-10-18T19:32:16+00:00","mainEntityOfPage":{"@id":"https:\/\/brasilnoticias.org\/site\/jeronimo-anuncia-que-mais-uma-empresa-foi-desclassificada-no-teste-de-cameras-para-pms\/"},"wordCount":237,"commentCount":0,"publisher":{"@id":"https:\/\/brasilnoticias.org\/site\/#organization"},"image":{"@id":"https:\/\/brasilnoticias.org\/site\/jeronimo-anuncia-que-mais-uma-empresa-foi-desclassificada-no-teste-de-cameras-para-pms\/#primaryimage"},"thumbnailUrl":"https:\/\/brasilnoticias.org\/site\/wp-content\/uploads\/2023\/10\/142167jeronimo-anuncia-que-mais-uma-empresa-foi-desclassificada-no-teste-de-cameras-para-pms-3.jpg","articleSection":["Pol\u00edtica","\u00daltimas"],"inLanguage":"pt-PT","potentialAction":[{"@type":"CommentAction","name":"Comment","target":["https:\/\/brasilnoticias.org\/site\/jeronimo-anuncia-que-mais-uma-empresa-foi-desclassificada-no-teste-de-cameras-para-pms\/#respond"]}]},{"@type":"WebPage","@id":"https:\/\/brasilnoticias.org\/site\/jeronimo-anuncia-que-mais-uma-empresa-foi-desclassificada-no-teste-de-cameras-para-pms\/","url":"https:\/\/brasilnoticias.org\/site\/jeronimo-anuncia-que-mais-uma-empresa-foi-desclassificada-no-teste-de-cameras-para-pms\/","name":"Jer\u00f4nimo anuncia que mais uma empresa foi desclassificada no teste de c\u00e2meras para PMs - Brasil not\u00edcias","isPartOf":{"@id":"https:\/\/brasilnoticias.org\/site\/#website"},"primaryImageOfPage":{"@id":"https:\/\/brasilnoticias.org\/site\/jeronimo-anuncia-que-mais-uma-empresa-foi-desclassificada-no-teste-de-cameras-para-pms\/#primaryimage"},"image":{"@id":"https:\/\/brasilnoticias.org\/site\/jeronimo-anuncia-que-mais-uma-empresa-foi-desclassificada-no-teste-de-cameras-para-pms\/#primaryimage"},"thumbnailUrl":"https:\/\/brasilnoticias.org\/site\/wp-content\/uploads\/2023\/10\/142167jeronimo-anuncia-que-mais-uma-empresa-foi-desclassificada-no-teste-de-cameras-para-pms-3.jpg","datePublished":"2023-10-18T19:32:16+00:00","breadcrumb":{"@id":"https:\/\/brasilnoticias.org\/site\/jeronimo-anuncia-que-mais-uma-empresa-foi-desclassificada-no-teste-de-cameras-para-pms\/#breadcrumb"},"inLanguage":"pt-PT","potentialAction":[{"@type":"ReadAction","target":["https:\/\/brasilnoticias.org\/site\/jeronimo-anuncia-que-mais-uma-empresa-foi-desclassificada-no-teste-de-cameras-para-pms\/"]}]},{"@type":"ImageObject","inLanguage":"pt-PT","@id":"https:\/\/brasilnoticias.org\/site\/jeronimo-anuncia-que-mais-uma-empresa-foi-desclassificada-no-teste-de-cameras-para-pms\/#primaryimage","url":"https:\/\/brasilnoticias.org\/site\/wp-content\/uploads\/2023\/10\/142167jeronimo-anuncia-que-mais-uma-empresa-foi-desclassificada-no-teste-de-cameras-para-pms-3.jpg","contentUrl":"https:\/\/brasilnoticias.org\/site\/wp-content\/uploads\/2023\/10\/142167jeronimo-anuncia-que-mais-uma-empresa-foi-desclassificada-no-teste-de-cameras-para-pms-3.jpg","width":1600,"height":752},{"@type":"BreadcrumbList","@id":"https:\/\/brasilnoticias.org\/site\/jeronimo-anuncia-que-mais-uma-empresa-foi-desclassificada-no-teste-de-cameras-para-pms\/#breadcrumb","itemListElement":[{"@type":"ListItem","position":1,"name":"In\u00edcio","item":"https:\/\/brasilnoticias.org\/site\/"},{"@type":"ListItem","position":2,"name":"Jer\u00f4nimo anuncia que mais uma empresa foi desclassificada no teste de c\u00e2meras para PMs"}]},{"@type":"WebSite","@id":"https:\/\/brasilnoticias.org\/site\/#website","url":"https:\/\/brasilnoticias.org\/site\/","name":"Brasil not\u00edcias","description":"Brasil not\u00edcias","publisher":{"@id":"https:\/\/brasilnoticias.org\/site\/#organization"},"potentialAction":[{"@type":"SearchAction","target":{"@type":"EntryPoint","urlTemplate":"https:\/\/brasilnoticias.org\/site\/?s={search_term_string}"},"query-input":{"@type":"PropertyValueSpecification","valueRequired":true,"valueName":"search_term_string"}}],"inLanguage":"pt-PT"},{"@type":"Organization","@id":"https:\/\/brasilnoticias.org\/site\/#organization","name":"Brasil not\u00edcias","url":"https:\/\/brasilnoticias.org\/site\/","logo":{"@type":"ImageObject","inLanguage":"pt-PT","@id":"https:\/\/brasilnoticias.org\/site\/#\/schema\/logo\/image\/","url":"https:\/\/brasilnoticias.org\/site\/wp-content\/uploads\/2022\/05\/cropped-brasilnoticias-mini.jpg","contentUrl":"https:\/\/brasilnoticias.org\/site\/wp-content\/uploads\/2022\/05\/cropped-brasilnoticias-mini.jpg","width":314,"height":86,"caption":"Brasil not\u00edcias"},"image":{"@id":"https:\/\/brasilnoticias.org\/site\/#\/schema\/logo\/image\/"}},{"@type":"Person","@id":"https:\/\/brasilnoticias.org\/site\/#\/schema\/person\/03bbbfe6c7634ad18c26444ea39049fa","name":"Reda\u00e7\u00e3o","image":{"@type":"ImageObject","inLanguage":"pt-PT","@id":"https:\/\/brasilnoticias.org\/site\/#\/schema\/person\/image\/","url":"https:\/\/secure.gravatar.com\/avatar\/9ecaf7327a696cb23ad926fedded5f1f04d7049de9e445375d55b48c001a6e42?s=96&d=mm&r=g","contentUrl":"https:\/\/secure.gravatar.com\/avatar\/9ecaf7327a696cb23ad926fedded5f1f04d7049de9e445375d55b48c001a6e42?s=96&d=mm&r=g","caption":"Reda\u00e7\u00e3o"},"url":"https:\/\/brasilnoticias.org\/site\/author\/henrique\/"}]}},"_links":{"self":[{"href":"https:\/\/brasilnoticias.org\/site\/wp-json\/wp\/v2\/posts\/10263","targetHints":{"allow":["GET"]}}],"collection":[{"href":"https:\/\/brasilnoticias.org\/site\/wp-json\/wp\/v2\/posts"}],"about":[{"href":"https:\/\/brasilnoticias.org\/site\/wp-json\/wp\/v2\/types\/post"}],"author":[{"embeddable":true,"href":"https:\/\/brasilnoticias.org\/site\/wp-json\/wp\/v2\/users\/4"}],"replies":[{"embeddable":true,"href":"https:\/\/brasilnoticias.org\/site\/wp-json\/wp\/v2\/comments?post=10263"}],"version-history":[{"count":1,"href":"https:\/\/brasilnoticias.org\/site\/wp-json\/wp\/v2\/posts\/10263\/revisions"}],"predecessor-version":[{"id":10265,"href":"https:\/\/brasilnoticias.org\/site\/wp-json\/wp\/v2\/posts\/10263\/revisions\/10265"}],"wp:featuredmedia":[{"embeddable":true,"href":"https:\/\/brasilnoticias.org\/site\/wp-json\/wp\/v2\/media\/10264"}],"wp:attachment":[{"href":"https:\/\/brasilnoticias.org\/site\/wp-json\/wp\/v2\/media?parent=10263"}],"wp:term":[{"taxonomy":"category","embeddable":true,"href":"https:\/\/brasilnoticias.org\/site\/wp-json\/wp\/v2\/categories?post=10263"},{"taxonomy":"post_tag","embeddable":true,"href":"https:\/\/brasilnoticias.org\/site\/wp-json\/wp\/v2\/tags?post=10263"}],"curies":[{"name":"wp","href":"https:\/\/api.w.org\/{rel}","templated":true}]}}