{"id":10295,"date":"2023-10-19T10:33:50","date_gmt":"2023-10-19T13:33:50","guid":{"rendered":"https:\/\/brasilnoticias.org\/site\/?p=10295"},"modified":"2023-10-19T10:33:50","modified_gmt":"2023-10-19T13:33:50","slug":"governo-investe-mais-r-66-milhoes-em-fuzis-e-pistolas-para-policia-civil-e-departamento-de-policia-tecnica","status":"publish","type":"post","link":"https:\/\/brasilnoticias.org\/site\/governo-investe-mais-r-66-milhoes-em-fuzis-e-pistolas-para-policia-civil-e-departamento-de-policia-tecnica\/","title":{"rendered":"Governo investe mais R$ 6,6 milh\u00f5es em fuzis e pistolas para Pol\u00edcia Civil e Departamento de Pol\u00edcia T\u00e9cnica"},"content":{"rendered":"<p>Novos fuzis e pistolas chegaram para refor\u00e7ar o trabalho de equipes da Pol\u00edcia Civil (PC) e do Departamento de Pol\u00edcia T\u00e9cnica (DPT), ap\u00f3s o investimento do Governo do Estado. A ordem de R$ 6,6 milh\u00f5es foi destinada para a aquisi\u00e7\u00e3o dos 1.675 armamentos entregues \u00e0s unidades das For\u00e7as de Seguran\u00e7a.<\/p>\n<p>A entrega simb\u00f3lica teve a participa\u00e7\u00e3o do vice-governador do Estado, Geraldo J\u00fanior, do secret\u00e1rio da Seguran\u00e7a P\u00fablica, Marcelo Werner, da delegada-geral da Pol\u00edcia Civil, Helo\u00edsa Brito, e da diretora do Departamento de Pol\u00edcia T\u00e9cnica, Ana Cec\u00edlia Bandeira, na manh\u00e3 desta ter\u00e7a-feira (17), na sede da Coordena\u00e7\u00e3o de Opera\u00e7\u00f5es e Recursos Especiais (Core). Duzentos e vinte e cinco fuzis da marca Iwi Arad, calibre 5,56, com mira hologr\u00e1fica, seguir\u00e3o para a Core, outras coordena\u00e7\u00f5es e departamentos da PC, ajudando no refor\u00e7o do combate \u00e0s organiza\u00e7\u00f5es criminosas. J\u00e1 as outras 1.450 pistolas Glock calibre .40, adquiridas tamb\u00e9m com recursos do Fundo Estadual de Seguran\u00e7a P\u00fablica (Fesp), t\u00eam como destinos 1250 departamentos da PC e 200 unidades do DPT.<\/p>\n<p>\u201cUma a\u00e7\u00e3o que visa dar melhores condi\u00e7\u00f5es de trabalho aos nossos servidores. Essa aquisi\u00e7\u00e3o tamb\u00e9m ser\u00e1 direcionada para os futuros policiais civis, que entram em forma\u00e7\u00e3o j\u00e1 no pr\u00f3ximo dia 23\u2033, destacou o secret\u00e1rio Marcelo Werner. J\u00e1 a delegada-geral da Pol\u00edcia Civil refor\u00e7ou que a entrega \u00e9 um marco para a institui\u00e7\u00e3o, levando em conta as caracter\u00edsticas dos equipamentos, considerados armamentos de \u00faltima gera\u00e7\u00e3o.<\/p>\n<p>Pol\u00edcia Militar<\/p>\n<p>Outros R$ 11,4 milh\u00f5es foram destinados pelo governo baiano \u00e0 Pol\u00edcia Militar, ap\u00f3s a aquisi\u00e7\u00e3o de novos fuzis calibre 5.56 e 1.075 pistolas, entregues na tarde da segunda-feira (16). Os fuzis da marca Iwi Arad, de \u00faltima gera\u00e7\u00e3o, possuem diferentes tipos de mira e as 1.075 pistolas Glock do modelo 22, gera\u00e7\u00e3o 5, calibre.40, ser\u00e3o distribu\u00eddos em unidades dos Comandos de Policiamento Especializado (CPE), em Miss\u00f5es Especiais (CPME), de Apoio Operacional (CPAp), de Policiamento Rodovi\u00e1rio (CEPR), Comandos de Policiamento Regionais da Capital (CPR BTS, Atl\u00e2ntico, Central e RMS) e nos CPRs de Feira de Santana, Ilh\u00e9us, Juazeiro, Barreiras, Bom Jesus da Lapa, Paulo Afonso, Vit\u00f3ria da Conquista, Itaberaba, Santo Ant\u00f4nio de Jesus e Teixeira de Freitas.<\/p>\n<p>Foto: Alberto Maraux\/SSP-BA<br \/>\nFonte: Ascom\/SSP-BA<\/p>\n","protected":false},"excerpt":{"rendered":"<p>Novos fuzis e pistolas chegaram para refor\u00e7ar o trabalho de equipes da Pol\u00edcia Civil (PC) e do Departamento de Pol\u00edcia<\/p>\n","protected":false},"author":4,"featured_media":10296,"comment_status":"open","ping_status":"open","sticky":false,"template":"","format":"standard","meta":{"colormag_page_container_layout":"default_layout","colormag_page_sidebar_layout":"default_layout","_FSMCFIC_featured_image_caption":"","_FSMCFIC_featured_image_nocaption":"","_FSMCFIC_featured_image_hide":"","footnotes":""},"categories":[3,1],"tags":[],"class_list":["post-10295","post","type-post","status-publish","format-standard","has-post-thumbnail","hentry","category-policia","category-ultimas"],"yoast_head":"<!-- This site is optimized with the Yoast SEO plugin v27.1.1 - https:\/\/yoast.com\/product\/yoast-seo-wordpress\/ -->\n<title>Governo investe mais R$ 6,6 milh\u00f5es em fuzis e pistolas para Pol\u00edcia Civil e Departamento de Pol\u00edcia T\u00e9cnica - Brasil not\u00edcias<\/title>\n<meta name=\"robots\" content=\"index, follow, max-snippet:-1, max-image-preview:large, max-video-preview:-1\" \/>\n<link rel=\"canonical\" href=\"https:\/\/brasilnoticias.org\/site\/governo-investe-mais-r-66-milhoes-em-fuzis-e-pistolas-para-policia-civil-e-departamento-de-policia-tecnica\/\" \/>\n<meta property=\"og:locale\" content=\"pt_PT\" \/>\n<meta property=\"og:type\" content=\"article\" \/>\n<meta property=\"og:title\" content=\"Governo investe mais R$ 6,6 milh\u00f5es em fuzis e pistolas para Pol\u00edcia Civil e Departamento de Pol\u00edcia T\u00e9cnica - Brasil not\u00edcias\" \/>\n<meta property=\"og:description\" content=\"Novos fuzis e pistolas chegaram para refor\u00e7ar o trabalho de equipes da Pol\u00edcia Civil (PC) e do Departamento de Pol\u00edcia\" \/>\n<meta property=\"og:url\" content=\"https:\/\/brasilnoticias.org\/site\/governo-investe-mais-r-66-milhoes-em-fuzis-e-pistolas-para-policia-civil-e-departamento-de-policia-tecnica\/\" \/>\n<meta property=\"og:site_name\" content=\"Brasil not\u00edcias\" \/>\n<meta property=\"article:published_time\" content=\"2023-10-19T13:33:50+00:00\" \/>\n<meta property=\"og:image\" content=\"https:\/\/brasilnoticias.org\/site\/wp-content\/uploads\/2023\/10\/2-1068x712-1.jpeg\" \/>\n\t<meta property=\"og:image:width\" content=\"1068\" \/>\n\t<meta property=\"og:image:height\" content=\"712\" \/>\n\t<meta property=\"og:image:type\" content=\"image\/jpeg\" \/>\n<meta name=\"author\" content=\"Reda\u00e7\u00e3o\" \/>\n<meta name=\"twitter:card\" content=\"summary_large_image\" \/>\n<meta name=\"twitter:label1\" content=\"Escrito por\" \/>\n\t<meta name=\"twitter:data1\" content=\"Reda\u00e7\u00e3o\" \/>\n<script type=\"application\/ld+json\" class=\"yoast-schema-graph\">{\"@context\":\"https:\/\/schema.org\",\"@graph\":[{\"@type\":\"Article\",\"@id\":\"https:\/\/brasilnoticias.org\/site\/governo-investe-mais-r-66-milhoes-em-fuzis-e-pistolas-para-policia-civil-e-departamento-de-policia-tecnica\/#article\",\"isPartOf\":{\"@id\":\"https:\/\/brasilnoticias.org\/site\/governo-investe-mais-r-66-milhoes-em-fuzis-e-pistolas-para-policia-civil-e-departamento-de-policia-tecnica\/\"},\"author\":{\"name\":\"Reda\u00e7\u00e3o\",\"@id\":\"https:\/\/brasilnoticias.org\/site\/#\/schema\/person\/03bbbfe6c7634ad18c26444ea39049fa\"},\"headline\":\"Governo investe mais R$ 6,6 milh\u00f5es em fuzis e pistolas para Pol\u00edcia Civil e Departamento de Pol\u00edcia T\u00e9cnica\",\"datePublished\":\"2023-10-19T13:33:50+00:00\",\"mainEntityOfPage\":{\"@id\":\"https:\/\/brasilnoticias.org\/site\/governo-investe-mais-r-66-milhoes-em-fuzis-e-pistolas-para-policia-civil-e-departamento-de-policia-tecnica\/\"},\"wordCount\":417,\"commentCount\":0,\"publisher\":{\"@id\":\"https:\/\/brasilnoticias.org\/site\/#organization\"},\"image\":{\"@id\":\"https:\/\/brasilnoticias.org\/site\/governo-investe-mais-r-66-milhoes-em-fuzis-e-pistolas-para-policia-civil-e-departamento-de-policia-tecnica\/#primaryimage\"},\"thumbnailUrl\":\"https:\/\/brasilnoticias.org\/site\/wp-content\/uploads\/2023\/10\/2-1068x712-1.jpeg\",\"articleSection\":[\"Pol\u00edcia\",\"\u00daltimas\"],\"inLanguage\":\"pt-PT\",\"potentialAction\":[{\"@type\":\"CommentAction\",\"name\":\"Comment\",\"target\":[\"https:\/\/brasilnoticias.org\/site\/governo-investe-mais-r-66-milhoes-em-fuzis-e-pistolas-para-policia-civil-e-departamento-de-policia-tecnica\/#respond\"]}]},{\"@type\":\"WebPage\",\"@id\":\"https:\/\/brasilnoticias.org\/site\/governo-investe-mais-r-66-milhoes-em-fuzis-e-pistolas-para-policia-civil-e-departamento-de-policia-tecnica\/\",\"url\":\"https:\/\/brasilnoticias.org\/site\/governo-investe-mais-r-66-milhoes-em-fuzis-e-pistolas-para-policia-civil-e-departamento-de-policia-tecnica\/\",\"name\":\"Governo investe mais R$ 6,6 milh\u00f5es em fuzis e pistolas para Pol\u00edcia Civil e Departamento de Pol\u00edcia T\u00e9cnica - Brasil not\u00edcias\",\"isPartOf\":{\"@id\":\"https:\/\/brasilnoticias.org\/site\/#website\"},\"primaryImageOfPage\":{\"@id\":\"https:\/\/brasilnoticias.org\/site\/governo-investe-mais-r-66-milhoes-em-fuzis-e-pistolas-para-policia-civil-e-departamento-de-policia-tecnica\/#primaryimage\"},\"image\":{\"@id\":\"https:\/\/brasilnoticias.org\/site\/governo-investe-mais-r-66-milhoes-em-fuzis-e-pistolas-para-policia-civil-e-departamento-de-policia-tecnica\/#primaryimage\"},\"thumbnailUrl\":\"https:\/\/brasilnoticias.org\/site\/wp-content\/uploads\/2023\/10\/2-1068x712-1.jpeg\",\"datePublished\":\"2023-10-19T13:33:50+00:00\",\"breadcrumb\":{\"@id\":\"https:\/\/brasilnoticias.org\/site\/governo-investe-mais-r-66-milhoes-em-fuzis-e-pistolas-para-policia-civil-e-departamento-de-policia-tecnica\/#breadcrumb\"},\"inLanguage\":\"pt-PT\",\"potentialAction\":[{\"@type\":\"ReadAction\",\"target\":[\"https:\/\/brasilnoticias.org\/site\/governo-investe-mais-r-66-milhoes-em-fuzis-e-pistolas-para-policia-civil-e-departamento-de-policia-tecnica\/\"]}]},{\"@type\":\"ImageObject\",\"inLanguage\":\"pt-PT\",\"@id\":\"https:\/\/brasilnoticias.org\/site\/governo-investe-mais-r-66-milhoes-em-fuzis-e-pistolas-para-policia-civil-e-departamento-de-policia-tecnica\/#primaryimage\",\"url\":\"https:\/\/brasilnoticias.org\/site\/wp-content\/uploads\/2023\/10\/2-1068x712-1.jpeg\",\"contentUrl\":\"https:\/\/brasilnoticias.org\/site\/wp-content\/uploads\/2023\/10\/2-1068x712-1.jpeg\",\"width\":1068,\"height\":712},{\"@type\":\"BreadcrumbList\",\"@id\":\"https:\/\/brasilnoticias.org\/site\/governo-investe-mais-r-66-milhoes-em-fuzis-e-pistolas-para-policia-civil-e-departamento-de-policia-tecnica\/#breadcrumb\",\"itemListElement\":[{\"@type\":\"ListItem\",\"position\":1,\"name\":\"In\u00edcio\",\"item\":\"https:\/\/brasilnoticias.org\/site\/\"},{\"@type\":\"ListItem\",\"position\":2,\"name\":\"Governo investe mais R$ 6,6 milh\u00f5es em fuzis e pistolas para Pol\u00edcia Civil e Departamento de Pol\u00edcia T\u00e9cnica\"}]},{\"@type\":\"WebSite\",\"@id\":\"https:\/\/brasilnoticias.org\/site\/#website\",\"url\":\"https:\/\/brasilnoticias.org\/site\/\",\"name\":\"Brasil not\u00edcias\",\"description\":\"Brasil not\u00edcias\",\"publisher\":{\"@id\":\"https:\/\/brasilnoticias.org\/site\/#organization\"},\"potentialAction\":[{\"@type\":\"SearchAction\",\"target\":{\"@type\":\"EntryPoint\",\"urlTemplate\":\"https:\/\/brasilnoticias.org\/site\/?s={search_term_string}\"},\"query-input\":{\"@type\":\"PropertyValueSpecification\",\"valueRequired\":true,\"valueName\":\"search_term_string\"}}],\"inLanguage\":\"pt-PT\"},{\"@type\":\"Organization\",\"@id\":\"https:\/\/brasilnoticias.org\/site\/#organization\",\"name\":\"Brasil not\u00edcias\",\"url\":\"https:\/\/brasilnoticias.org\/site\/\",\"logo\":{\"@type\":\"ImageObject\",\"inLanguage\":\"pt-PT\",\"@id\":\"https:\/\/brasilnoticias.org\/site\/#\/schema\/logo\/image\/\",\"url\":\"https:\/\/brasilnoticias.org\/site\/wp-content\/uploads\/2022\/05\/cropped-brasilnoticias-mini.jpg\",\"contentUrl\":\"https:\/\/brasilnoticias.org\/site\/wp-content\/uploads\/2022\/05\/cropped-brasilnoticias-mini.jpg\",\"width\":314,\"height\":86,\"caption\":\"Brasil not\u00edcias\"},\"image\":{\"@id\":\"https:\/\/brasilnoticias.org\/site\/#\/schema\/logo\/image\/\"}},{\"@type\":\"Person\",\"@id\":\"https:\/\/brasilnoticias.org\/site\/#\/schema\/person\/03bbbfe6c7634ad18c26444ea39049fa\",\"name\":\"Reda\u00e7\u00e3o\",\"image\":{\"@type\":\"ImageObject\",\"inLanguage\":\"pt-PT\",\"@id\":\"https:\/\/brasilnoticias.org\/site\/#\/schema\/person\/image\/\",\"url\":\"https:\/\/secure.gravatar.com\/avatar\/9ecaf7327a696cb23ad926fedded5f1f04d7049de9e445375d55b48c001a6e42?s=96&d=mm&r=g\",\"contentUrl\":\"https:\/\/secure.gravatar.com\/avatar\/9ecaf7327a696cb23ad926fedded5f1f04d7049de9e445375d55b48c001a6e42?s=96&d=mm&r=g\",\"caption\":\"Reda\u00e7\u00e3o\"},\"url\":\"https:\/\/brasilnoticias.org\/site\/author\/henrique\/\"}]}<\/script>\n<!-- \/ Yoast SEO plugin. -->","yoast_head_json":{"title":"Governo investe mais R$ 6,6 milh\u00f5es em fuzis e pistolas para Pol\u00edcia Civil e Departamento de Pol\u00edcia T\u00e9cnica - Brasil not\u00edcias","robots":{"index":"index","follow":"follow","max-snippet":"max-snippet:-1","max-image-preview":"max-image-preview:large","max-video-preview":"max-video-preview:-1"},"canonical":"https:\/\/brasilnoticias.org\/site\/governo-investe-mais-r-66-milhoes-em-fuzis-e-pistolas-para-policia-civil-e-departamento-de-policia-tecnica\/","og_locale":"pt_PT","og_type":"article","og_title":"Governo investe mais R$ 6,6 milh\u00f5es em fuzis e pistolas para Pol\u00edcia Civil e Departamento de Pol\u00edcia T\u00e9cnica - Brasil not\u00edcias","og_description":"Novos fuzis e pistolas chegaram para refor\u00e7ar o trabalho de equipes da Pol\u00edcia Civil (PC) e do Departamento de Pol\u00edcia","og_url":"https:\/\/brasilnoticias.org\/site\/governo-investe-mais-r-66-milhoes-em-fuzis-e-pistolas-para-policia-civil-e-departamento-de-policia-tecnica\/","og_site_name":"Brasil not\u00edcias","article_published_time":"2023-10-19T13:33:50+00:00","og_image":[{"width":1068,"height":712,"url":"https:\/\/brasilnoticias.org\/site\/wp-content\/uploads\/2023\/10\/2-1068x712-1.jpeg","type":"image\/jpeg"}],"author":"Reda\u00e7\u00e3o","twitter_card":"summary_large_image","twitter_misc":{"Escrito por":"Reda\u00e7\u00e3o"},"schema":{"@context":"https:\/\/schema.org","@graph":[{"@type":"Article","@id":"https:\/\/brasilnoticias.org\/site\/governo-investe-mais-r-66-milhoes-em-fuzis-e-pistolas-para-policia-civil-e-departamento-de-policia-tecnica\/#article","isPartOf":{"@id":"https:\/\/brasilnoticias.org\/site\/governo-investe-mais-r-66-milhoes-em-fuzis-e-pistolas-para-policia-civil-e-departamento-de-policia-tecnica\/"},"author":{"name":"Reda\u00e7\u00e3o","@id":"https:\/\/brasilnoticias.org\/site\/#\/schema\/person\/03bbbfe6c7634ad18c26444ea39049fa"},"headline":"Governo investe mais R$ 6,6 milh\u00f5es em fuzis e pistolas para Pol\u00edcia Civil e Departamento de Pol\u00edcia T\u00e9cnica","datePublished":"2023-10-19T13:33:50+00:00","mainEntityOfPage":{"@id":"https:\/\/brasilnoticias.org\/site\/governo-investe-mais-r-66-milhoes-em-fuzis-e-pistolas-para-policia-civil-e-departamento-de-policia-tecnica\/"},"wordCount":417,"commentCount":0,"publisher":{"@id":"https:\/\/brasilnoticias.org\/site\/#organization"},"image":{"@id":"https:\/\/brasilnoticias.org\/site\/governo-investe-mais-r-66-milhoes-em-fuzis-e-pistolas-para-policia-civil-e-departamento-de-policia-tecnica\/#primaryimage"},"thumbnailUrl":"https:\/\/brasilnoticias.org\/site\/wp-content\/uploads\/2023\/10\/2-1068x712-1.jpeg","articleSection":["Pol\u00edcia","\u00daltimas"],"inLanguage":"pt-PT","potentialAction":[{"@type":"CommentAction","name":"Comment","target":["https:\/\/brasilnoticias.org\/site\/governo-investe-mais-r-66-milhoes-em-fuzis-e-pistolas-para-policia-civil-e-departamento-de-policia-tecnica\/#respond"]}]},{"@type":"WebPage","@id":"https:\/\/brasilnoticias.org\/site\/governo-investe-mais-r-66-milhoes-em-fuzis-e-pistolas-para-policia-civil-e-departamento-de-policia-tecnica\/","url":"https:\/\/brasilnoticias.org\/site\/governo-investe-mais-r-66-milhoes-em-fuzis-e-pistolas-para-policia-civil-e-departamento-de-policia-tecnica\/","name":"Governo investe mais R$ 6,6 milh\u00f5es em fuzis e pistolas para Pol\u00edcia Civil e Departamento de Pol\u00edcia T\u00e9cnica - Brasil not\u00edcias","isPartOf":{"@id":"https:\/\/brasilnoticias.org\/site\/#website"},"primaryImageOfPage":{"@id":"https:\/\/brasilnoticias.org\/site\/governo-investe-mais-r-66-milhoes-em-fuzis-e-pistolas-para-policia-civil-e-departamento-de-policia-tecnica\/#primaryimage"},"image":{"@id":"https:\/\/brasilnoticias.org\/site\/governo-investe-mais-r-66-milhoes-em-fuzis-e-pistolas-para-policia-civil-e-departamento-de-policia-tecnica\/#primaryimage"},"thumbnailUrl":"https:\/\/brasilnoticias.org\/site\/wp-content\/uploads\/2023\/10\/2-1068x712-1.jpeg","datePublished":"2023-10-19T13:33:50+00:00","breadcrumb":{"@id":"https:\/\/brasilnoticias.org\/site\/governo-investe-mais-r-66-milhoes-em-fuzis-e-pistolas-para-policia-civil-e-departamento-de-policia-tecnica\/#breadcrumb"},"inLanguage":"pt-PT","potentialAction":[{"@type":"ReadAction","target":["https:\/\/brasilnoticias.org\/site\/governo-investe-mais-r-66-milhoes-em-fuzis-e-pistolas-para-policia-civil-e-departamento-de-policia-tecnica\/"]}]},{"@type":"ImageObject","inLanguage":"pt-PT","@id":"https:\/\/brasilnoticias.org\/site\/governo-investe-mais-r-66-milhoes-em-fuzis-e-pistolas-para-policia-civil-e-departamento-de-policia-tecnica\/#primaryimage","url":"https:\/\/brasilnoticias.org\/site\/wp-content\/uploads\/2023\/10\/2-1068x712-1.jpeg","contentUrl":"https:\/\/brasilnoticias.org\/site\/wp-content\/uploads\/2023\/10\/2-1068x712-1.jpeg","width":1068,"height":712},{"@type":"BreadcrumbList","@id":"https:\/\/brasilnoticias.org\/site\/governo-investe-mais-r-66-milhoes-em-fuzis-e-pistolas-para-policia-civil-e-departamento-de-policia-tecnica\/#breadcrumb","itemListElement":[{"@type":"ListItem","position":1,"name":"In\u00edcio","item":"https:\/\/brasilnoticias.org\/site\/"},{"@type":"ListItem","position":2,"name":"Governo investe mais R$ 6,6 milh\u00f5es em fuzis e pistolas para Pol\u00edcia Civil e Departamento de Pol\u00edcia T\u00e9cnica"}]},{"@type":"WebSite","@id":"https:\/\/brasilnoticias.org\/site\/#website","url":"https:\/\/brasilnoticias.org\/site\/","name":"Brasil not\u00edcias","description":"Brasil not\u00edcias","publisher":{"@id":"https:\/\/brasilnoticias.org\/site\/#organization"},"potentialAction":[{"@type":"SearchAction","target":{"@type":"EntryPoint","urlTemplate":"https:\/\/brasilnoticias.org\/site\/?s={search_term_string}"},"query-input":{"@type":"PropertyValueSpecification","valueRequired":true,"valueName":"search_term_string"}}],"inLanguage":"pt-PT"},{"@type":"Organization","@id":"https:\/\/brasilnoticias.org\/site\/#organization","name":"Brasil not\u00edcias","url":"https:\/\/brasilnoticias.org\/site\/","logo":{"@type":"ImageObject","inLanguage":"pt-PT","@id":"https:\/\/brasilnoticias.org\/site\/#\/schema\/logo\/image\/","url":"https:\/\/brasilnoticias.org\/site\/wp-content\/uploads\/2022\/05\/cropped-brasilnoticias-mini.jpg","contentUrl":"https:\/\/brasilnoticias.org\/site\/wp-content\/uploads\/2022\/05\/cropped-brasilnoticias-mini.jpg","width":314,"height":86,"caption":"Brasil not\u00edcias"},"image":{"@id":"https:\/\/brasilnoticias.org\/site\/#\/schema\/logo\/image\/"}},{"@type":"Person","@id":"https:\/\/brasilnoticias.org\/site\/#\/schema\/person\/03bbbfe6c7634ad18c26444ea39049fa","name":"Reda\u00e7\u00e3o","image":{"@type":"ImageObject","inLanguage":"pt-PT","@id":"https:\/\/brasilnoticias.org\/site\/#\/schema\/person\/image\/","url":"https:\/\/secure.gravatar.com\/avatar\/9ecaf7327a696cb23ad926fedded5f1f04d7049de9e445375d55b48c001a6e42?s=96&d=mm&r=g","contentUrl":"https:\/\/secure.gravatar.com\/avatar\/9ecaf7327a696cb23ad926fedded5f1f04d7049de9e445375d55b48c001a6e42?s=96&d=mm&r=g","caption":"Reda\u00e7\u00e3o"},"url":"https:\/\/brasilnoticias.org\/site\/author\/henrique\/"}]}},"_links":{"self":[{"href":"https:\/\/brasilnoticias.org\/site\/wp-json\/wp\/v2\/posts\/10295","targetHints":{"allow":["GET"]}}],"collection":[{"href":"https:\/\/brasilnoticias.org\/site\/wp-json\/wp\/v2\/posts"}],"about":[{"href":"https:\/\/brasilnoticias.org\/site\/wp-json\/wp\/v2\/types\/post"}],"author":[{"embeddable":true,"href":"https:\/\/brasilnoticias.org\/site\/wp-json\/wp\/v2\/users\/4"}],"replies":[{"embeddable":true,"href":"https:\/\/brasilnoticias.org\/site\/wp-json\/wp\/v2\/comments?post=10295"}],"version-history":[{"count":1,"href":"https:\/\/brasilnoticias.org\/site\/wp-json\/wp\/v2\/posts\/10295\/revisions"}],"predecessor-version":[{"id":10297,"href":"https:\/\/brasilnoticias.org\/site\/wp-json\/wp\/v2\/posts\/10295\/revisions\/10297"}],"wp:featuredmedia":[{"embeddable":true,"href":"https:\/\/brasilnoticias.org\/site\/wp-json\/wp\/v2\/media\/10296"}],"wp:attachment":[{"href":"https:\/\/brasilnoticias.org\/site\/wp-json\/wp\/v2\/media?parent=10295"}],"wp:term":[{"taxonomy":"category","embeddable":true,"href":"https:\/\/brasilnoticias.org\/site\/wp-json\/wp\/v2\/categories?post=10295"},{"taxonomy":"post_tag","embeddable":true,"href":"https:\/\/brasilnoticias.org\/site\/wp-json\/wp\/v2\/tags?post=10295"}],"curies":[{"name":"wp","href":"https:\/\/api.w.org\/{rel}","templated":true}]}}