{"id":10298,"date":"2023-10-19T10:35:04","date_gmt":"2023-10-19T13:35:04","guid":{"rendered":"https:\/\/brasilnoticias.org\/site\/?p=10298"},"modified":"2023-10-19T10:35:04","modified_gmt":"2023-10-19T13:35:04","slug":"com-225-vagas-de-emprego-disponiveis-governo-do-estado-realiza-9a-edicao-do-dia-d-de-inclusao-da-pessoa-com-deficiencia","status":"publish","type":"post","link":"https:\/\/brasilnoticias.org\/site\/com-225-vagas-de-emprego-disponiveis-governo-do-estado-realiza-9a-edicao-do-dia-d-de-inclusao-da-pessoa-com-deficiencia\/","title":{"rendered":"Com 225 vagas de emprego dispon\u00edveis, Governo do Estado realiza 9\u00aa edi\u00e7\u00e3o do Dia D de Inclus\u00e3o da Pessoa com Defici\u00eancia"},"content":{"rendered":"<p>O Governo do Estado, atrav\u00e9s das Secretarias do Trabalho, Emprego, Renda e Esporte (Setre) e da Justi\u00e7a e Direitos Humanos (SJDH), realiza a 9\u00aa edi\u00e7\u00e3o do Dia D de Inclus\u00e3o da Pessoa com Defici\u00eancia (PcD), que visa inserir as pessoas com algum tipo de defici\u00eancia e profissionais reabilitados pelo INSS no mercado de trabalho. O evento acontece nesta quarta-feira (18), at\u00e9 \u00e0s 16h, na Unidade Central do SineBahia, no Terminal Pitua\u00e7u, em Salvador.<\/p>\n<p>Para o titular da Setre, Davidson Magalh\u00e3es, a iniciativa, al\u00e9m do encaminhamento de vagas, promove tamb\u00e9m a integra\u00e7\u00e3o social. \u201cUma inclus\u00e3o necess\u00e1ria para que elas tenham uma incorpora\u00e7\u00e3o plena da cidadania. S\u00e3o pessoas com defici\u00eancias e est\u00e3o aptas ao trabalho, isso \u00e9 muito importante. Isso \u00e9 fundamental para que elas tenham, inclusive, meios de sobreviv\u00eancia\u201d. O secret\u00e1rio lembra que, conforme a legisla\u00e7\u00e3o brasileira, todas as empresas com mais de 200 funcion\u00e1rios s\u00e3o obrigadas a incorporar pessoas com algum tipo de defici\u00eancia em seus quadros.<\/p>\n<p>Tamb\u00e9m participam desta a\u00e7\u00e3o a Superintend\u00eancia Regional do Trabalho e Emprego (SRTE), Instituto Nacional de Seguridade Social (INSS), Minist\u00e9rio P\u00fablico do Trabalho (MPT), Agenda Bahia do Trabalho Decente \u2013 ABTD e C\u00e2mara de Promo\u00e7\u00e3o da Igualdade da Pessoa com Defici\u00eancia. A auditora fiscal do trabalho e coordenadora do Minist\u00e9rio do Trabalho e Emprego na Bahia, Lorena Mueller, comemora o sucesso desta iniciativa. \u201cEssa 9\u00aa edi\u00e7\u00e3o s\u00f3 mostra que vem dando certo. \u00c9 o momento de lembran\u00e7a da import\u00e2ncia da inclus\u00e3o e do aumento dessa participa\u00e7\u00e3o das pessoas com defici\u00eancia e reabilitadas no mundo do trabalho. Na Bahia, cerca de 52% das vagas para pessoas com defici\u00eancia s\u00e3o preenchidas\u201d. Segundo ela, no pa\u00eds, entre 2008 e 2022, o n\u00famero de PCDs inseridas no mundo do trabalho saltou de 189 mil para aproximadamente 500 mil.<\/p>\n<p>Esta edi\u00e7\u00e3o do Dia D de Inclus\u00e3o conta com a participa\u00e7\u00e3o de 35 empresas, que ofertam 225 vagas de emprego exclusivas para quem tem algum tipo de necessidade especial. Ja\u00edlson Cadeirante, da Associa\u00e7\u00e3o Baiana dos Cadeirantes, avalia o evento como fundamental para a inser\u00e7\u00e3o profissional e para mobilizar a sociedade pela inclus\u00e3o. \u201cA luta \u00e9 grande, porque temos uma lei de cotas, que garante o emprego das pessoas com defici\u00eancia nas empresas, e a gente tenta sensibilizar, via movimento, e tenta tamb\u00e9m via lei, para fazer o cumprimento e garantir, para essas pessoas, o seu espa\u00e7o no mercado de trabalho\u201d.<\/p>\n<p>Programa\u00e7\u00e3o e atendimento<\/p>\n<p>Durante todo o dia, s\u00e3o oferecidos servi\u00e7os como cadastramento e atualiza\u00e7\u00e3o de dados, intermedia\u00e7\u00e3o para o trabalho, cursos de qualifica\u00e7\u00e3o, oficinas e orienta\u00e7\u00e3o profissional, roda de conversa, mostra de talentos, feira de artesanato, emiss\u00e3o de RG e Passe-Livre, al\u00e9m de orienta\u00e7\u00e3o para CTPS Digital. A atividade tamb\u00e9m ocorre na \u00e1rea externa da esta\u00e7\u00e3o de Metr\u00f4 Pitua\u00e7u.<\/p>\n<p>Para a coordenadora-geral do SineBahia, Kadine B\u00e1rbara, a institui\u00e7\u00e3o tem um papel fundamental ao facilitar o acesso deste p\u00fablico ao mercado de trabalho. \u201cO SineBahia tem uma estrutura exclusiva para atendimento das pessoas com defici\u00eancia, embora a gente atenda em todas as unidades. Ent\u00e3o, qualquer pessoa com defici\u00eancia que buscar uma unidade do SineBahia, vai ser bem atendida, vai ser acolhida. Trabalhamos em di\u00e1logo com as empresas para captar essas vagas e acolher esses trabalhadores, no sentido de encaminh\u00e1-los para as oportunidades\u201d.<\/p>\n<p>Foto: Feij\u00e3o Almeida\/GOVBA<br \/>\nRep\u00f3rter: Anderson Oliveira\/GOVBA<\/p>\n","protected":false},"excerpt":{"rendered":"<p>O Governo do Estado, atrav\u00e9s das Secretarias do Trabalho, Emprego, Renda e Esporte (Setre) e da Justi\u00e7a e Direitos Humanos<\/p>\n","protected":false},"author":4,"featured_media":10299,"comment_status":"open","ping_status":"open","sticky":false,"template":"","format":"standard","meta":{"colormag_page_container_layout":"default_layout","colormag_page_sidebar_layout":"default_layout","_FSMCFIC_featured_image_caption":"","_FSMCFIC_featured_image_nocaption":"","_FSMCFIC_featured_image_hide":"","footnotes":""},"categories":[2,1],"tags":[],"class_list":["post-10298","post","type-post","status-publish","format-standard","has-post-thumbnail","hentry","category-noticias","category-ultimas"],"yoast_head":"<!-- This site is optimized with the Yoast SEO plugin v27.1.1 - https:\/\/yoast.com\/product\/yoast-seo-wordpress\/ -->\n<title>Com 225 vagas de emprego dispon\u00edveis, Governo do Estado realiza 9\u00aa edi\u00e7\u00e3o do Dia D de Inclus\u00e3o da Pessoa com Defici\u00eancia - Brasil not\u00edcias<\/title>\n<meta name=\"robots\" content=\"index, follow, max-snippet:-1, max-image-preview:large, max-video-preview:-1\" \/>\n<link rel=\"canonical\" href=\"https:\/\/brasilnoticias.org\/site\/com-225-vagas-de-emprego-disponiveis-governo-do-estado-realiza-9a-edicao-do-dia-d-de-inclusao-da-pessoa-com-deficiencia\/\" \/>\n<meta property=\"og:locale\" content=\"pt_PT\" \/>\n<meta property=\"og:type\" content=\"article\" \/>\n<meta property=\"og:title\" content=\"Com 225 vagas de emprego dispon\u00edveis, Governo do Estado realiza 9\u00aa edi\u00e7\u00e3o do Dia D de Inclus\u00e3o da Pessoa com Defici\u00eancia - Brasil not\u00edcias\" \/>\n<meta property=\"og:description\" content=\"O Governo do Estado, atrav\u00e9s das Secretarias do Trabalho, Emprego, Renda e Esporte (Setre) e da Justi\u00e7a e Direitos Humanos\" \/>\n<meta property=\"og:url\" content=\"https:\/\/brasilnoticias.org\/site\/com-225-vagas-de-emprego-disponiveis-governo-do-estado-realiza-9a-edicao-do-dia-d-de-inclusao-da-pessoa-com-deficiencia\/\" \/>\n<meta property=\"og:site_name\" content=\"Brasil not\u00edcias\" \/>\n<meta property=\"article:published_time\" content=\"2023-10-19T13:35:04+00:00\" \/>\n<meta property=\"og:image\" content=\"https:\/\/brasilnoticias.org\/site\/wp-content\/uploads\/2023\/10\/2579537e-d996-4079-84ad-d1732a904bb1-1068x712-1.jpg\" \/>\n\t<meta property=\"og:image:width\" content=\"1068\" \/>\n\t<meta property=\"og:image:height\" content=\"712\" \/>\n\t<meta property=\"og:image:type\" content=\"image\/jpeg\" \/>\n<meta name=\"author\" content=\"Reda\u00e7\u00e3o\" \/>\n<meta name=\"twitter:card\" content=\"summary_large_image\" \/>\n<meta name=\"twitter:label1\" content=\"Escrito por\" \/>\n\t<meta name=\"twitter:data1\" content=\"Reda\u00e7\u00e3o\" \/>\n<script type=\"application\/ld+json\" class=\"yoast-schema-graph\">{\"@context\":\"https:\/\/schema.org\",\"@graph\":[{\"@type\":\"Article\",\"@id\":\"https:\/\/brasilnoticias.org\/site\/com-225-vagas-de-emprego-disponiveis-governo-do-estado-realiza-9a-edicao-do-dia-d-de-inclusao-da-pessoa-com-deficiencia\/#article\",\"isPartOf\":{\"@id\":\"https:\/\/brasilnoticias.org\/site\/com-225-vagas-de-emprego-disponiveis-governo-do-estado-realiza-9a-edicao-do-dia-d-de-inclusao-da-pessoa-com-deficiencia\/\"},\"author\":{\"name\":\"Reda\u00e7\u00e3o\",\"@id\":\"https:\/\/brasilnoticias.org\/site\/#\/schema\/person\/03bbbfe6c7634ad18c26444ea39049fa\"},\"headline\":\"Com 225 vagas de emprego dispon\u00edveis, Governo do Estado realiza 9\u00aa edi\u00e7\u00e3o do Dia D de Inclus\u00e3o da Pessoa com Defici\u00eancia\",\"datePublished\":\"2023-10-19T13:35:04+00:00\",\"mainEntityOfPage\":{\"@id\":\"https:\/\/brasilnoticias.org\/site\/com-225-vagas-de-emprego-disponiveis-governo-do-estado-realiza-9a-edicao-do-dia-d-de-inclusao-da-pessoa-com-deficiencia\/\"},\"wordCount\":621,\"commentCount\":0,\"publisher\":{\"@id\":\"https:\/\/brasilnoticias.org\/site\/#organization\"},\"image\":{\"@id\":\"https:\/\/brasilnoticias.org\/site\/com-225-vagas-de-emprego-disponiveis-governo-do-estado-realiza-9a-edicao-do-dia-d-de-inclusao-da-pessoa-com-deficiencia\/#primaryimage\"},\"thumbnailUrl\":\"https:\/\/brasilnoticias.org\/site\/wp-content\/uploads\/2023\/10\/2579537e-d996-4079-84ad-d1732a904bb1-1068x712-1.jpg\",\"articleSection\":[\"Not\u00edcias\",\"\u00daltimas\"],\"inLanguage\":\"pt-PT\",\"potentialAction\":[{\"@type\":\"CommentAction\",\"name\":\"Comment\",\"target\":[\"https:\/\/brasilnoticias.org\/site\/com-225-vagas-de-emprego-disponiveis-governo-do-estado-realiza-9a-edicao-do-dia-d-de-inclusao-da-pessoa-com-deficiencia\/#respond\"]}]},{\"@type\":\"WebPage\",\"@id\":\"https:\/\/brasilnoticias.org\/site\/com-225-vagas-de-emprego-disponiveis-governo-do-estado-realiza-9a-edicao-do-dia-d-de-inclusao-da-pessoa-com-deficiencia\/\",\"url\":\"https:\/\/brasilnoticias.org\/site\/com-225-vagas-de-emprego-disponiveis-governo-do-estado-realiza-9a-edicao-do-dia-d-de-inclusao-da-pessoa-com-deficiencia\/\",\"name\":\"Com 225 vagas de emprego dispon\u00edveis, Governo do Estado realiza 9\u00aa edi\u00e7\u00e3o do Dia D de Inclus\u00e3o da Pessoa com Defici\u00eancia - Brasil not\u00edcias\",\"isPartOf\":{\"@id\":\"https:\/\/brasilnoticias.org\/site\/#website\"},\"primaryImageOfPage\":{\"@id\":\"https:\/\/brasilnoticias.org\/site\/com-225-vagas-de-emprego-disponiveis-governo-do-estado-realiza-9a-edicao-do-dia-d-de-inclusao-da-pessoa-com-deficiencia\/#primaryimage\"},\"image\":{\"@id\":\"https:\/\/brasilnoticias.org\/site\/com-225-vagas-de-emprego-disponiveis-governo-do-estado-realiza-9a-edicao-do-dia-d-de-inclusao-da-pessoa-com-deficiencia\/#primaryimage\"},\"thumbnailUrl\":\"https:\/\/brasilnoticias.org\/site\/wp-content\/uploads\/2023\/10\/2579537e-d996-4079-84ad-d1732a904bb1-1068x712-1.jpg\",\"datePublished\":\"2023-10-19T13:35:04+00:00\",\"breadcrumb\":{\"@id\":\"https:\/\/brasilnoticias.org\/site\/com-225-vagas-de-emprego-disponiveis-governo-do-estado-realiza-9a-edicao-do-dia-d-de-inclusao-da-pessoa-com-deficiencia\/#breadcrumb\"},\"inLanguage\":\"pt-PT\",\"potentialAction\":[{\"@type\":\"ReadAction\",\"target\":[\"https:\/\/brasilnoticias.org\/site\/com-225-vagas-de-emprego-disponiveis-governo-do-estado-realiza-9a-edicao-do-dia-d-de-inclusao-da-pessoa-com-deficiencia\/\"]}]},{\"@type\":\"ImageObject\",\"inLanguage\":\"pt-PT\",\"@id\":\"https:\/\/brasilnoticias.org\/site\/com-225-vagas-de-emprego-disponiveis-governo-do-estado-realiza-9a-edicao-do-dia-d-de-inclusao-da-pessoa-com-deficiencia\/#primaryimage\",\"url\":\"https:\/\/brasilnoticias.org\/site\/wp-content\/uploads\/2023\/10\/2579537e-d996-4079-84ad-d1732a904bb1-1068x712-1.jpg\",\"contentUrl\":\"https:\/\/brasilnoticias.org\/site\/wp-content\/uploads\/2023\/10\/2579537e-d996-4079-84ad-d1732a904bb1-1068x712-1.jpg\",\"width\":1068,\"height\":712},{\"@type\":\"BreadcrumbList\",\"@id\":\"https:\/\/brasilnoticias.org\/site\/com-225-vagas-de-emprego-disponiveis-governo-do-estado-realiza-9a-edicao-do-dia-d-de-inclusao-da-pessoa-com-deficiencia\/#breadcrumb\",\"itemListElement\":[{\"@type\":\"ListItem\",\"position\":1,\"name\":\"In\u00edcio\",\"item\":\"https:\/\/brasilnoticias.org\/site\/\"},{\"@type\":\"ListItem\",\"position\":2,\"name\":\"Com 225 vagas de emprego dispon\u00edveis, Governo do Estado realiza 9\u00aa edi\u00e7\u00e3o do Dia D de Inclus\u00e3o da Pessoa com Defici\u00eancia\"}]},{\"@type\":\"WebSite\",\"@id\":\"https:\/\/brasilnoticias.org\/site\/#website\",\"url\":\"https:\/\/brasilnoticias.org\/site\/\",\"name\":\"Brasil not\u00edcias\",\"description\":\"Brasil not\u00edcias\",\"publisher\":{\"@id\":\"https:\/\/brasilnoticias.org\/site\/#organization\"},\"potentialAction\":[{\"@type\":\"SearchAction\",\"target\":{\"@type\":\"EntryPoint\",\"urlTemplate\":\"https:\/\/brasilnoticias.org\/site\/?s={search_term_string}\"},\"query-input\":{\"@type\":\"PropertyValueSpecification\",\"valueRequired\":true,\"valueName\":\"search_term_string\"}}],\"inLanguage\":\"pt-PT\"},{\"@type\":\"Organization\",\"@id\":\"https:\/\/brasilnoticias.org\/site\/#organization\",\"name\":\"Brasil not\u00edcias\",\"url\":\"https:\/\/brasilnoticias.org\/site\/\",\"logo\":{\"@type\":\"ImageObject\",\"inLanguage\":\"pt-PT\",\"@id\":\"https:\/\/brasilnoticias.org\/site\/#\/schema\/logo\/image\/\",\"url\":\"https:\/\/brasilnoticias.org\/site\/wp-content\/uploads\/2022\/05\/cropped-brasilnoticias-mini.jpg\",\"contentUrl\":\"https:\/\/brasilnoticias.org\/site\/wp-content\/uploads\/2022\/05\/cropped-brasilnoticias-mini.jpg\",\"width\":314,\"height\":86,\"caption\":\"Brasil not\u00edcias\"},\"image\":{\"@id\":\"https:\/\/brasilnoticias.org\/site\/#\/schema\/logo\/image\/\"}},{\"@type\":\"Person\",\"@id\":\"https:\/\/brasilnoticias.org\/site\/#\/schema\/person\/03bbbfe6c7634ad18c26444ea39049fa\",\"name\":\"Reda\u00e7\u00e3o\",\"image\":{\"@type\":\"ImageObject\",\"inLanguage\":\"pt-PT\",\"@id\":\"https:\/\/brasilnoticias.org\/site\/#\/schema\/person\/image\/\",\"url\":\"https:\/\/secure.gravatar.com\/avatar\/9ecaf7327a696cb23ad926fedded5f1f04d7049de9e445375d55b48c001a6e42?s=96&d=mm&r=g\",\"contentUrl\":\"https:\/\/secure.gravatar.com\/avatar\/9ecaf7327a696cb23ad926fedded5f1f04d7049de9e445375d55b48c001a6e42?s=96&d=mm&r=g\",\"caption\":\"Reda\u00e7\u00e3o\"},\"url\":\"https:\/\/brasilnoticias.org\/site\/author\/henrique\/\"}]}<\/script>\n<!-- \/ Yoast SEO plugin. -->","yoast_head_json":{"title":"Com 225 vagas de emprego dispon\u00edveis, Governo do Estado realiza 9\u00aa edi\u00e7\u00e3o do Dia D de Inclus\u00e3o da Pessoa com Defici\u00eancia - Brasil not\u00edcias","robots":{"index":"index","follow":"follow","max-snippet":"max-snippet:-1","max-image-preview":"max-image-preview:large","max-video-preview":"max-video-preview:-1"},"canonical":"https:\/\/brasilnoticias.org\/site\/com-225-vagas-de-emprego-disponiveis-governo-do-estado-realiza-9a-edicao-do-dia-d-de-inclusao-da-pessoa-com-deficiencia\/","og_locale":"pt_PT","og_type":"article","og_title":"Com 225 vagas de emprego dispon\u00edveis, Governo do Estado realiza 9\u00aa edi\u00e7\u00e3o do Dia D de Inclus\u00e3o da Pessoa com Defici\u00eancia - Brasil not\u00edcias","og_description":"O Governo do Estado, atrav\u00e9s das Secretarias do Trabalho, Emprego, Renda e Esporte (Setre) e da Justi\u00e7a e Direitos Humanos","og_url":"https:\/\/brasilnoticias.org\/site\/com-225-vagas-de-emprego-disponiveis-governo-do-estado-realiza-9a-edicao-do-dia-d-de-inclusao-da-pessoa-com-deficiencia\/","og_site_name":"Brasil not\u00edcias","article_published_time":"2023-10-19T13:35:04+00:00","og_image":[{"width":1068,"height":712,"url":"https:\/\/brasilnoticias.org\/site\/wp-content\/uploads\/2023\/10\/2579537e-d996-4079-84ad-d1732a904bb1-1068x712-1.jpg","type":"image\/jpeg"}],"author":"Reda\u00e7\u00e3o","twitter_card":"summary_large_image","twitter_misc":{"Escrito por":"Reda\u00e7\u00e3o"},"schema":{"@context":"https:\/\/schema.org","@graph":[{"@type":"Article","@id":"https:\/\/brasilnoticias.org\/site\/com-225-vagas-de-emprego-disponiveis-governo-do-estado-realiza-9a-edicao-do-dia-d-de-inclusao-da-pessoa-com-deficiencia\/#article","isPartOf":{"@id":"https:\/\/brasilnoticias.org\/site\/com-225-vagas-de-emprego-disponiveis-governo-do-estado-realiza-9a-edicao-do-dia-d-de-inclusao-da-pessoa-com-deficiencia\/"},"author":{"name":"Reda\u00e7\u00e3o","@id":"https:\/\/brasilnoticias.org\/site\/#\/schema\/person\/03bbbfe6c7634ad18c26444ea39049fa"},"headline":"Com 225 vagas de emprego dispon\u00edveis, Governo do Estado realiza 9\u00aa edi\u00e7\u00e3o do Dia D de Inclus\u00e3o da Pessoa com Defici\u00eancia","datePublished":"2023-10-19T13:35:04+00:00","mainEntityOfPage":{"@id":"https:\/\/brasilnoticias.org\/site\/com-225-vagas-de-emprego-disponiveis-governo-do-estado-realiza-9a-edicao-do-dia-d-de-inclusao-da-pessoa-com-deficiencia\/"},"wordCount":621,"commentCount":0,"publisher":{"@id":"https:\/\/brasilnoticias.org\/site\/#organization"},"image":{"@id":"https:\/\/brasilnoticias.org\/site\/com-225-vagas-de-emprego-disponiveis-governo-do-estado-realiza-9a-edicao-do-dia-d-de-inclusao-da-pessoa-com-deficiencia\/#primaryimage"},"thumbnailUrl":"https:\/\/brasilnoticias.org\/site\/wp-content\/uploads\/2023\/10\/2579537e-d996-4079-84ad-d1732a904bb1-1068x712-1.jpg","articleSection":["Not\u00edcias","\u00daltimas"],"inLanguage":"pt-PT","potentialAction":[{"@type":"CommentAction","name":"Comment","target":["https:\/\/brasilnoticias.org\/site\/com-225-vagas-de-emprego-disponiveis-governo-do-estado-realiza-9a-edicao-do-dia-d-de-inclusao-da-pessoa-com-deficiencia\/#respond"]}]},{"@type":"WebPage","@id":"https:\/\/brasilnoticias.org\/site\/com-225-vagas-de-emprego-disponiveis-governo-do-estado-realiza-9a-edicao-do-dia-d-de-inclusao-da-pessoa-com-deficiencia\/","url":"https:\/\/brasilnoticias.org\/site\/com-225-vagas-de-emprego-disponiveis-governo-do-estado-realiza-9a-edicao-do-dia-d-de-inclusao-da-pessoa-com-deficiencia\/","name":"Com 225 vagas de emprego dispon\u00edveis, Governo do Estado realiza 9\u00aa edi\u00e7\u00e3o do Dia D de Inclus\u00e3o da Pessoa com Defici\u00eancia - Brasil not\u00edcias","isPartOf":{"@id":"https:\/\/brasilnoticias.org\/site\/#website"},"primaryImageOfPage":{"@id":"https:\/\/brasilnoticias.org\/site\/com-225-vagas-de-emprego-disponiveis-governo-do-estado-realiza-9a-edicao-do-dia-d-de-inclusao-da-pessoa-com-deficiencia\/#primaryimage"},"image":{"@id":"https:\/\/brasilnoticias.org\/site\/com-225-vagas-de-emprego-disponiveis-governo-do-estado-realiza-9a-edicao-do-dia-d-de-inclusao-da-pessoa-com-deficiencia\/#primaryimage"},"thumbnailUrl":"https:\/\/brasilnoticias.org\/site\/wp-content\/uploads\/2023\/10\/2579537e-d996-4079-84ad-d1732a904bb1-1068x712-1.jpg","datePublished":"2023-10-19T13:35:04+00:00","breadcrumb":{"@id":"https:\/\/brasilnoticias.org\/site\/com-225-vagas-de-emprego-disponiveis-governo-do-estado-realiza-9a-edicao-do-dia-d-de-inclusao-da-pessoa-com-deficiencia\/#breadcrumb"},"inLanguage":"pt-PT","potentialAction":[{"@type":"ReadAction","target":["https:\/\/brasilnoticias.org\/site\/com-225-vagas-de-emprego-disponiveis-governo-do-estado-realiza-9a-edicao-do-dia-d-de-inclusao-da-pessoa-com-deficiencia\/"]}]},{"@type":"ImageObject","inLanguage":"pt-PT","@id":"https:\/\/brasilnoticias.org\/site\/com-225-vagas-de-emprego-disponiveis-governo-do-estado-realiza-9a-edicao-do-dia-d-de-inclusao-da-pessoa-com-deficiencia\/#primaryimage","url":"https:\/\/brasilnoticias.org\/site\/wp-content\/uploads\/2023\/10\/2579537e-d996-4079-84ad-d1732a904bb1-1068x712-1.jpg","contentUrl":"https:\/\/brasilnoticias.org\/site\/wp-content\/uploads\/2023\/10\/2579537e-d996-4079-84ad-d1732a904bb1-1068x712-1.jpg","width":1068,"height":712},{"@type":"BreadcrumbList","@id":"https:\/\/brasilnoticias.org\/site\/com-225-vagas-de-emprego-disponiveis-governo-do-estado-realiza-9a-edicao-do-dia-d-de-inclusao-da-pessoa-com-deficiencia\/#breadcrumb","itemListElement":[{"@type":"ListItem","position":1,"name":"In\u00edcio","item":"https:\/\/brasilnoticias.org\/site\/"},{"@type":"ListItem","position":2,"name":"Com 225 vagas de emprego dispon\u00edveis, Governo do Estado realiza 9\u00aa edi\u00e7\u00e3o do Dia D de Inclus\u00e3o da Pessoa com Defici\u00eancia"}]},{"@type":"WebSite","@id":"https:\/\/brasilnoticias.org\/site\/#website","url":"https:\/\/brasilnoticias.org\/site\/","name":"Brasil not\u00edcias","description":"Brasil not\u00edcias","publisher":{"@id":"https:\/\/brasilnoticias.org\/site\/#organization"},"potentialAction":[{"@type":"SearchAction","target":{"@type":"EntryPoint","urlTemplate":"https:\/\/brasilnoticias.org\/site\/?s={search_term_string}"},"query-input":{"@type":"PropertyValueSpecification","valueRequired":true,"valueName":"search_term_string"}}],"inLanguage":"pt-PT"},{"@type":"Organization","@id":"https:\/\/brasilnoticias.org\/site\/#organization","name":"Brasil not\u00edcias","url":"https:\/\/brasilnoticias.org\/site\/","logo":{"@type":"ImageObject","inLanguage":"pt-PT","@id":"https:\/\/brasilnoticias.org\/site\/#\/schema\/logo\/image\/","url":"https:\/\/brasilnoticias.org\/site\/wp-content\/uploads\/2022\/05\/cropped-brasilnoticias-mini.jpg","contentUrl":"https:\/\/brasilnoticias.org\/site\/wp-content\/uploads\/2022\/05\/cropped-brasilnoticias-mini.jpg","width":314,"height":86,"caption":"Brasil not\u00edcias"},"image":{"@id":"https:\/\/brasilnoticias.org\/site\/#\/schema\/logo\/image\/"}},{"@type":"Person","@id":"https:\/\/brasilnoticias.org\/site\/#\/schema\/person\/03bbbfe6c7634ad18c26444ea39049fa","name":"Reda\u00e7\u00e3o","image":{"@type":"ImageObject","inLanguage":"pt-PT","@id":"https:\/\/brasilnoticias.org\/site\/#\/schema\/person\/image\/","url":"https:\/\/secure.gravatar.com\/avatar\/9ecaf7327a696cb23ad926fedded5f1f04d7049de9e445375d55b48c001a6e42?s=96&d=mm&r=g","contentUrl":"https:\/\/secure.gravatar.com\/avatar\/9ecaf7327a696cb23ad926fedded5f1f04d7049de9e445375d55b48c001a6e42?s=96&d=mm&r=g","caption":"Reda\u00e7\u00e3o"},"url":"https:\/\/brasilnoticias.org\/site\/author\/henrique\/"}]}},"_links":{"self":[{"href":"https:\/\/brasilnoticias.org\/site\/wp-json\/wp\/v2\/posts\/10298","targetHints":{"allow":["GET"]}}],"collection":[{"href":"https:\/\/brasilnoticias.org\/site\/wp-json\/wp\/v2\/posts"}],"about":[{"href":"https:\/\/brasilnoticias.org\/site\/wp-json\/wp\/v2\/types\/post"}],"author":[{"embeddable":true,"href":"https:\/\/brasilnoticias.org\/site\/wp-json\/wp\/v2\/users\/4"}],"replies":[{"embeddable":true,"href":"https:\/\/brasilnoticias.org\/site\/wp-json\/wp\/v2\/comments?post=10298"}],"version-history":[{"count":1,"href":"https:\/\/brasilnoticias.org\/site\/wp-json\/wp\/v2\/posts\/10298\/revisions"}],"predecessor-version":[{"id":10300,"href":"https:\/\/brasilnoticias.org\/site\/wp-json\/wp\/v2\/posts\/10298\/revisions\/10300"}],"wp:featuredmedia":[{"embeddable":true,"href":"https:\/\/brasilnoticias.org\/site\/wp-json\/wp\/v2\/media\/10299"}],"wp:attachment":[{"href":"https:\/\/brasilnoticias.org\/site\/wp-json\/wp\/v2\/media?parent=10298"}],"wp:term":[{"taxonomy":"category","embeddable":true,"href":"https:\/\/brasilnoticias.org\/site\/wp-json\/wp\/v2\/categories?post=10298"},{"taxonomy":"post_tag","embeddable":true,"href":"https:\/\/brasilnoticias.org\/site\/wp-json\/wp\/v2\/tags?post=10298"}],"curies":[{"name":"wp","href":"https:\/\/api.w.org\/{rel}","templated":true}]}}