{"id":10309,"date":"2023-10-19T18:53:22","date_gmt":"2023-10-19T21:53:22","guid":{"rendered":"https:\/\/brasilnoticias.org\/site\/?p=10309"},"modified":"2023-10-19T18:53:22","modified_gmt":"2023-10-19T21:53:22","slug":"novo-presidente-do-ub-salvador-luciano-simoes-diz-que-vai-trabalhar-para-reeleger-bruno-reis","status":"publish","type":"post","link":"https:\/\/brasilnoticias.org\/site\/novo-presidente-do-ub-salvador-luciano-simoes-diz-que-vai-trabalhar-para-reeleger-bruno-reis\/","title":{"rendered":"Novo presidente do UB Salvador, Luciano Sim\u00f5es diz que vai trabalhar para reeleger Bruno Reis"},"content":{"rendered":"<p>Novo presidente do diret\u00f3rio municipal do Uni\u00e3o Brasil em Salvador, o deputado Luciano Sim\u00f5es participou de um encontro com o ex-prefeito ACM Neto na tarde desta quinta-feira (19). Durante a reuni\u00e3o, com contou com outros integrantes do partido, Luciano Sim\u00f5es disse que vai trabalhar para reeleger o prefeito Bruno Reis, fortalecer a chapa de vereadores, ampliar o relacionamento com o Uni\u00e3o Brasil Mulher, Uni\u00e3o Brasil Jovem e dar mais visibilidade \u00e0s redes sociais.<\/p>\n<p>\u201cO deputado Luciano Luciano Sim\u00f5es tem experi\u00eancia pol\u00edtica e muita determina\u00e7\u00e3o para organizar o partido em Salvador. Vamos chegar ainda mais fortes na elei\u00e7\u00e3o do ano que vem\u201d, afirmou o ex-prefeito ACM Neto, que tamb\u00e9m \u00e9 secret\u00e1rio-geral do diret\u00f3rio nacional do Uni\u00e3o Brasil.<\/p>\n<p>Luciano Sim\u00f5es disse tamb\u00e9m que todas as metas e projetos do Uni\u00e3o Brasil em Salvador foram alinhadas com o deputado federal Paulo Azi, presidente da executiva estadual. &#8220;O deputado Paulo Azi deu todo o apoio para que possamos realizar um excelente trabalho. E, com certeza, todos n\u00f3s estamos unidos para atingir nossa principal meta em 2024, que \u00e9 a reelei\u00e7\u00e3o do prefeito Bruno Reis, a renova\u00e7\u00e3o dos mandatos dos nossos seis vereadores e, claro, aumentar a nossa bancada. Ent\u00e3o, vamos conversar com lideran\u00e7as para fazer uma chapa forte e competitiva\u201d, afirmou.<\/p>\n<p>Secret\u00e1rio-geral do UB Salvador, S\u00f3sthenes Mac\u00eado disse que a sua experi\u00eancia na vida p\u00fablica ser\u00e1 um fator importante para o crescimento do partido. \u201cEu trabalho h\u00e1 muitos anos conversando com as pessoas, visitando ruas e bairros. Esse contato di\u00e1rio, certamente, ser\u00e1 muito importante para encontramos pr\u00e9-candidatos e lideran\u00e7as interessadas em construir o futuro de Salvador ao lado do Uni\u00e3o Brasil\u201d.<\/p>\n<p><img loading=\"lazy\" decoding=\"async\" src=\"https:\/\/brasilnoticias.org\/site\/wp-content\/uploads\/2023\/10\/fa97af22-29c8-48c4-b791-c203fa41a3f0-500x333.jpeg\" alt=\"\" width=\"500\" height=\"333\" class=\"alignnone size-medium wp-image-10311\" srcset=\"https:\/\/brasilnoticias.org\/site\/wp-content\/uploads\/2023\/10\/fa97af22-29c8-48c4-b791-c203fa41a3f0-500x333.jpeg 500w, https:\/\/brasilnoticias.org\/site\/wp-content\/uploads\/2023\/10\/fa97af22-29c8-48c4-b791-c203fa41a3f0-768x512.jpeg 768w, https:\/\/brasilnoticias.org\/site\/wp-content\/uploads\/2023\/10\/fa97af22-29c8-48c4-b791-c203fa41a3f0.jpeg 1280w\" sizes=\"auto, (max-width: 500px) 100vw, 500px\" \/><\/p>\n<p><img loading=\"lazy\" decoding=\"async\" src=\"https:\/\/brasilnoticias.org\/site\/wp-content\/uploads\/2023\/10\/b9f11237-50cc-44fe-a483-01327b23e25c-500x333.jpeg\" alt=\"\" width=\"500\" height=\"333\" class=\"alignnone size-medium wp-image-10312\" srcset=\"https:\/\/brasilnoticias.org\/site\/wp-content\/uploads\/2023\/10\/b9f11237-50cc-44fe-a483-01327b23e25c-500x333.jpeg 500w, https:\/\/brasilnoticias.org\/site\/wp-content\/uploads\/2023\/10\/b9f11237-50cc-44fe-a483-01327b23e25c-768x512.jpeg 768w, https:\/\/brasilnoticias.org\/site\/wp-content\/uploads\/2023\/10\/b9f11237-50cc-44fe-a483-01327b23e25c.jpeg 1280w\" sizes=\"auto, (max-width: 500px) 100vw, 500px\" \/><\/p>\n","protected":false},"excerpt":{"rendered":"<p>Novo presidente do diret\u00f3rio municipal do Uni\u00e3o Brasil em Salvador, o deputado Luciano Sim\u00f5es participou de um encontro com o<\/p>\n","protected":false},"author":4,"featured_media":10310,"comment_status":"open","ping_status":"open","sticky":false,"template":"","format":"standard","meta":{"colormag_page_container_layout":"default_layout","colormag_page_sidebar_layout":"default_layout","_FSMCFIC_featured_image_caption":"","_FSMCFIC_featured_image_nocaption":"","_FSMCFIC_featured_image_hide":"","footnotes":""},"categories":[5,1],"tags":[],"class_list":["post-10309","post","type-post","status-publish","format-standard","has-post-thumbnail","hentry","category-politica","category-ultimas"],"yoast_head":"<!-- This site is optimized with the Yoast SEO plugin v27.1.1 - https:\/\/yoast.com\/product\/yoast-seo-wordpress\/ -->\n<title>Novo presidente do UB Salvador, Luciano Sim\u00f5es diz que vai trabalhar para reeleger Bruno Reis - Brasil not\u00edcias<\/title>\n<meta name=\"robots\" content=\"index, follow, max-snippet:-1, max-image-preview:large, max-video-preview:-1\" \/>\n<link rel=\"canonical\" href=\"https:\/\/brasilnoticias.org\/site\/novo-presidente-do-ub-salvador-luciano-simoes-diz-que-vai-trabalhar-para-reeleger-bruno-reis\/\" \/>\n<meta property=\"og:locale\" content=\"pt_PT\" \/>\n<meta property=\"og:type\" content=\"article\" \/>\n<meta property=\"og:title\" content=\"Novo presidente do UB Salvador, Luciano Sim\u00f5es diz que vai trabalhar para reeleger Bruno Reis - Brasil not\u00edcias\" \/>\n<meta property=\"og:description\" content=\"Novo presidente do diret\u00f3rio municipal do Uni\u00e3o Brasil em Salvador, o deputado Luciano Sim\u00f5es participou de um encontro com o\" \/>\n<meta property=\"og:url\" content=\"https:\/\/brasilnoticias.org\/site\/novo-presidente-do-ub-salvador-luciano-simoes-diz-que-vai-trabalhar-para-reeleger-bruno-reis\/\" \/>\n<meta property=\"og:site_name\" content=\"Brasil not\u00edcias\" \/>\n<meta property=\"article:published_time\" content=\"2023-10-19T21:53:22+00:00\" \/>\n<meta property=\"og:image\" content=\"https:\/\/brasilnoticias.org\/site\/wp-content\/uploads\/2023\/10\/58ae55e3-f2e2-4477-8955-593c39e60a00.jpeg\" \/>\n\t<meta property=\"og:image:width\" content=\"1280\" \/>\n\t<meta property=\"og:image:height\" content=\"853\" \/>\n\t<meta property=\"og:image:type\" content=\"image\/jpeg\" \/>\n<meta name=\"author\" content=\"Reda\u00e7\u00e3o\" \/>\n<meta name=\"twitter:card\" content=\"summary_large_image\" \/>\n<meta name=\"twitter:label1\" content=\"Escrito por\" \/>\n\t<meta name=\"twitter:data1\" content=\"Reda\u00e7\u00e3o\" \/>\n<script type=\"application\/ld+json\" class=\"yoast-schema-graph\">{\"@context\":\"https:\/\/schema.org\",\"@graph\":[{\"@type\":\"Article\",\"@id\":\"https:\/\/brasilnoticias.org\/site\/novo-presidente-do-ub-salvador-luciano-simoes-diz-que-vai-trabalhar-para-reeleger-bruno-reis\/#article\",\"isPartOf\":{\"@id\":\"https:\/\/brasilnoticias.org\/site\/novo-presidente-do-ub-salvador-luciano-simoes-diz-que-vai-trabalhar-para-reeleger-bruno-reis\/\"},\"author\":{\"name\":\"Reda\u00e7\u00e3o\",\"@id\":\"https:\/\/brasilnoticias.org\/site\/#\/schema\/person\/03bbbfe6c7634ad18c26444ea39049fa\"},\"headline\":\"Novo presidente do UB Salvador, Luciano Sim\u00f5es diz que vai trabalhar para reeleger Bruno Reis\",\"datePublished\":\"2023-10-19T21:53:22+00:00\",\"mainEntityOfPage\":{\"@id\":\"https:\/\/brasilnoticias.org\/site\/novo-presidente-do-ub-salvador-luciano-simoes-diz-que-vai-trabalhar-para-reeleger-bruno-reis\/\"},\"wordCount\":312,\"commentCount\":0,\"publisher\":{\"@id\":\"https:\/\/brasilnoticias.org\/site\/#organization\"},\"image\":{\"@id\":\"https:\/\/brasilnoticias.org\/site\/novo-presidente-do-ub-salvador-luciano-simoes-diz-que-vai-trabalhar-para-reeleger-bruno-reis\/#primaryimage\"},\"thumbnailUrl\":\"https:\/\/brasilnoticias.org\/site\/wp-content\/uploads\/2023\/10\/58ae55e3-f2e2-4477-8955-593c39e60a00.jpeg\",\"articleSection\":[\"Pol\u00edtica\",\"\u00daltimas\"],\"inLanguage\":\"pt-PT\",\"potentialAction\":[{\"@type\":\"CommentAction\",\"name\":\"Comment\",\"target\":[\"https:\/\/brasilnoticias.org\/site\/novo-presidente-do-ub-salvador-luciano-simoes-diz-que-vai-trabalhar-para-reeleger-bruno-reis\/#respond\"]}]},{\"@type\":\"WebPage\",\"@id\":\"https:\/\/brasilnoticias.org\/site\/novo-presidente-do-ub-salvador-luciano-simoes-diz-que-vai-trabalhar-para-reeleger-bruno-reis\/\",\"url\":\"https:\/\/brasilnoticias.org\/site\/novo-presidente-do-ub-salvador-luciano-simoes-diz-que-vai-trabalhar-para-reeleger-bruno-reis\/\",\"name\":\"Novo presidente do UB Salvador, Luciano Sim\u00f5es diz que vai trabalhar para reeleger Bruno Reis - Brasil not\u00edcias\",\"isPartOf\":{\"@id\":\"https:\/\/brasilnoticias.org\/site\/#website\"},\"primaryImageOfPage\":{\"@id\":\"https:\/\/brasilnoticias.org\/site\/novo-presidente-do-ub-salvador-luciano-simoes-diz-que-vai-trabalhar-para-reeleger-bruno-reis\/#primaryimage\"},\"image\":{\"@id\":\"https:\/\/brasilnoticias.org\/site\/novo-presidente-do-ub-salvador-luciano-simoes-diz-que-vai-trabalhar-para-reeleger-bruno-reis\/#primaryimage\"},\"thumbnailUrl\":\"https:\/\/brasilnoticias.org\/site\/wp-content\/uploads\/2023\/10\/58ae55e3-f2e2-4477-8955-593c39e60a00.jpeg\",\"datePublished\":\"2023-10-19T21:53:22+00:00\",\"breadcrumb\":{\"@id\":\"https:\/\/brasilnoticias.org\/site\/novo-presidente-do-ub-salvador-luciano-simoes-diz-que-vai-trabalhar-para-reeleger-bruno-reis\/#breadcrumb\"},\"inLanguage\":\"pt-PT\",\"potentialAction\":[{\"@type\":\"ReadAction\",\"target\":[\"https:\/\/brasilnoticias.org\/site\/novo-presidente-do-ub-salvador-luciano-simoes-diz-que-vai-trabalhar-para-reeleger-bruno-reis\/\"]}]},{\"@type\":\"ImageObject\",\"inLanguage\":\"pt-PT\",\"@id\":\"https:\/\/brasilnoticias.org\/site\/novo-presidente-do-ub-salvador-luciano-simoes-diz-que-vai-trabalhar-para-reeleger-bruno-reis\/#primaryimage\",\"url\":\"https:\/\/brasilnoticias.org\/site\/wp-content\/uploads\/2023\/10\/58ae55e3-f2e2-4477-8955-593c39e60a00.jpeg\",\"contentUrl\":\"https:\/\/brasilnoticias.org\/site\/wp-content\/uploads\/2023\/10\/58ae55e3-f2e2-4477-8955-593c39e60a00.jpeg\",\"width\":1280,\"height\":853},{\"@type\":\"BreadcrumbList\",\"@id\":\"https:\/\/brasilnoticias.org\/site\/novo-presidente-do-ub-salvador-luciano-simoes-diz-que-vai-trabalhar-para-reeleger-bruno-reis\/#breadcrumb\",\"itemListElement\":[{\"@type\":\"ListItem\",\"position\":1,\"name\":\"In\u00edcio\",\"item\":\"https:\/\/brasilnoticias.org\/site\/\"},{\"@type\":\"ListItem\",\"position\":2,\"name\":\"Novo presidente do UB Salvador, Luciano Sim\u00f5es diz que vai trabalhar para reeleger Bruno Reis\"}]},{\"@type\":\"WebSite\",\"@id\":\"https:\/\/brasilnoticias.org\/site\/#website\",\"url\":\"https:\/\/brasilnoticias.org\/site\/\",\"name\":\"Brasil not\u00edcias\",\"description\":\"Brasil not\u00edcias\",\"publisher\":{\"@id\":\"https:\/\/brasilnoticias.org\/site\/#organization\"},\"potentialAction\":[{\"@type\":\"SearchAction\",\"target\":{\"@type\":\"EntryPoint\",\"urlTemplate\":\"https:\/\/brasilnoticias.org\/site\/?s={search_term_string}\"},\"query-input\":{\"@type\":\"PropertyValueSpecification\",\"valueRequired\":true,\"valueName\":\"search_term_string\"}}],\"inLanguage\":\"pt-PT\"},{\"@type\":\"Organization\",\"@id\":\"https:\/\/brasilnoticias.org\/site\/#organization\",\"name\":\"Brasil not\u00edcias\",\"url\":\"https:\/\/brasilnoticias.org\/site\/\",\"logo\":{\"@type\":\"ImageObject\",\"inLanguage\":\"pt-PT\",\"@id\":\"https:\/\/brasilnoticias.org\/site\/#\/schema\/logo\/image\/\",\"url\":\"https:\/\/brasilnoticias.org\/site\/wp-content\/uploads\/2022\/05\/cropped-brasilnoticias-mini.jpg\",\"contentUrl\":\"https:\/\/brasilnoticias.org\/site\/wp-content\/uploads\/2022\/05\/cropped-brasilnoticias-mini.jpg\",\"width\":314,\"height\":86,\"caption\":\"Brasil not\u00edcias\"},\"image\":{\"@id\":\"https:\/\/brasilnoticias.org\/site\/#\/schema\/logo\/image\/\"}},{\"@type\":\"Person\",\"@id\":\"https:\/\/brasilnoticias.org\/site\/#\/schema\/person\/03bbbfe6c7634ad18c26444ea39049fa\",\"name\":\"Reda\u00e7\u00e3o\",\"image\":{\"@type\":\"ImageObject\",\"inLanguage\":\"pt-PT\",\"@id\":\"https:\/\/brasilnoticias.org\/site\/#\/schema\/person\/image\/\",\"url\":\"https:\/\/secure.gravatar.com\/avatar\/9ecaf7327a696cb23ad926fedded5f1f04d7049de9e445375d55b48c001a6e42?s=96&d=mm&r=g\",\"contentUrl\":\"https:\/\/secure.gravatar.com\/avatar\/9ecaf7327a696cb23ad926fedded5f1f04d7049de9e445375d55b48c001a6e42?s=96&d=mm&r=g\",\"caption\":\"Reda\u00e7\u00e3o\"},\"url\":\"https:\/\/brasilnoticias.org\/site\/author\/henrique\/\"}]}<\/script>\n<!-- \/ Yoast SEO plugin. -->","yoast_head_json":{"title":"Novo presidente do UB Salvador, Luciano Sim\u00f5es diz que vai trabalhar para reeleger Bruno Reis - Brasil not\u00edcias","robots":{"index":"index","follow":"follow","max-snippet":"max-snippet:-1","max-image-preview":"max-image-preview:large","max-video-preview":"max-video-preview:-1"},"canonical":"https:\/\/brasilnoticias.org\/site\/novo-presidente-do-ub-salvador-luciano-simoes-diz-que-vai-trabalhar-para-reeleger-bruno-reis\/","og_locale":"pt_PT","og_type":"article","og_title":"Novo presidente do UB Salvador, Luciano Sim\u00f5es diz que vai trabalhar para reeleger Bruno Reis - Brasil not\u00edcias","og_description":"Novo presidente do diret\u00f3rio municipal do Uni\u00e3o Brasil em Salvador, o deputado Luciano Sim\u00f5es participou de um encontro com o","og_url":"https:\/\/brasilnoticias.org\/site\/novo-presidente-do-ub-salvador-luciano-simoes-diz-que-vai-trabalhar-para-reeleger-bruno-reis\/","og_site_name":"Brasil not\u00edcias","article_published_time":"2023-10-19T21:53:22+00:00","og_image":[{"width":1280,"height":853,"url":"https:\/\/brasilnoticias.org\/site\/wp-content\/uploads\/2023\/10\/58ae55e3-f2e2-4477-8955-593c39e60a00.jpeg","type":"image\/jpeg"}],"author":"Reda\u00e7\u00e3o","twitter_card":"summary_large_image","twitter_misc":{"Escrito por":"Reda\u00e7\u00e3o"},"schema":{"@context":"https:\/\/schema.org","@graph":[{"@type":"Article","@id":"https:\/\/brasilnoticias.org\/site\/novo-presidente-do-ub-salvador-luciano-simoes-diz-que-vai-trabalhar-para-reeleger-bruno-reis\/#article","isPartOf":{"@id":"https:\/\/brasilnoticias.org\/site\/novo-presidente-do-ub-salvador-luciano-simoes-diz-que-vai-trabalhar-para-reeleger-bruno-reis\/"},"author":{"name":"Reda\u00e7\u00e3o","@id":"https:\/\/brasilnoticias.org\/site\/#\/schema\/person\/03bbbfe6c7634ad18c26444ea39049fa"},"headline":"Novo presidente do UB Salvador, Luciano Sim\u00f5es diz que vai trabalhar para reeleger Bruno Reis","datePublished":"2023-10-19T21:53:22+00:00","mainEntityOfPage":{"@id":"https:\/\/brasilnoticias.org\/site\/novo-presidente-do-ub-salvador-luciano-simoes-diz-que-vai-trabalhar-para-reeleger-bruno-reis\/"},"wordCount":312,"commentCount":0,"publisher":{"@id":"https:\/\/brasilnoticias.org\/site\/#organization"},"image":{"@id":"https:\/\/brasilnoticias.org\/site\/novo-presidente-do-ub-salvador-luciano-simoes-diz-que-vai-trabalhar-para-reeleger-bruno-reis\/#primaryimage"},"thumbnailUrl":"https:\/\/brasilnoticias.org\/site\/wp-content\/uploads\/2023\/10\/58ae55e3-f2e2-4477-8955-593c39e60a00.jpeg","articleSection":["Pol\u00edtica","\u00daltimas"],"inLanguage":"pt-PT","potentialAction":[{"@type":"CommentAction","name":"Comment","target":["https:\/\/brasilnoticias.org\/site\/novo-presidente-do-ub-salvador-luciano-simoes-diz-que-vai-trabalhar-para-reeleger-bruno-reis\/#respond"]}]},{"@type":"WebPage","@id":"https:\/\/brasilnoticias.org\/site\/novo-presidente-do-ub-salvador-luciano-simoes-diz-que-vai-trabalhar-para-reeleger-bruno-reis\/","url":"https:\/\/brasilnoticias.org\/site\/novo-presidente-do-ub-salvador-luciano-simoes-diz-que-vai-trabalhar-para-reeleger-bruno-reis\/","name":"Novo presidente do UB Salvador, Luciano Sim\u00f5es diz que vai trabalhar para reeleger Bruno Reis - Brasil not\u00edcias","isPartOf":{"@id":"https:\/\/brasilnoticias.org\/site\/#website"},"primaryImageOfPage":{"@id":"https:\/\/brasilnoticias.org\/site\/novo-presidente-do-ub-salvador-luciano-simoes-diz-que-vai-trabalhar-para-reeleger-bruno-reis\/#primaryimage"},"image":{"@id":"https:\/\/brasilnoticias.org\/site\/novo-presidente-do-ub-salvador-luciano-simoes-diz-que-vai-trabalhar-para-reeleger-bruno-reis\/#primaryimage"},"thumbnailUrl":"https:\/\/brasilnoticias.org\/site\/wp-content\/uploads\/2023\/10\/58ae55e3-f2e2-4477-8955-593c39e60a00.jpeg","datePublished":"2023-10-19T21:53:22+00:00","breadcrumb":{"@id":"https:\/\/brasilnoticias.org\/site\/novo-presidente-do-ub-salvador-luciano-simoes-diz-que-vai-trabalhar-para-reeleger-bruno-reis\/#breadcrumb"},"inLanguage":"pt-PT","potentialAction":[{"@type":"ReadAction","target":["https:\/\/brasilnoticias.org\/site\/novo-presidente-do-ub-salvador-luciano-simoes-diz-que-vai-trabalhar-para-reeleger-bruno-reis\/"]}]},{"@type":"ImageObject","inLanguage":"pt-PT","@id":"https:\/\/brasilnoticias.org\/site\/novo-presidente-do-ub-salvador-luciano-simoes-diz-que-vai-trabalhar-para-reeleger-bruno-reis\/#primaryimage","url":"https:\/\/brasilnoticias.org\/site\/wp-content\/uploads\/2023\/10\/58ae55e3-f2e2-4477-8955-593c39e60a00.jpeg","contentUrl":"https:\/\/brasilnoticias.org\/site\/wp-content\/uploads\/2023\/10\/58ae55e3-f2e2-4477-8955-593c39e60a00.jpeg","width":1280,"height":853},{"@type":"BreadcrumbList","@id":"https:\/\/brasilnoticias.org\/site\/novo-presidente-do-ub-salvador-luciano-simoes-diz-que-vai-trabalhar-para-reeleger-bruno-reis\/#breadcrumb","itemListElement":[{"@type":"ListItem","position":1,"name":"In\u00edcio","item":"https:\/\/brasilnoticias.org\/site\/"},{"@type":"ListItem","position":2,"name":"Novo presidente do UB Salvador, Luciano Sim\u00f5es diz que vai trabalhar para reeleger Bruno Reis"}]},{"@type":"WebSite","@id":"https:\/\/brasilnoticias.org\/site\/#website","url":"https:\/\/brasilnoticias.org\/site\/","name":"Brasil not\u00edcias","description":"Brasil not\u00edcias","publisher":{"@id":"https:\/\/brasilnoticias.org\/site\/#organization"},"potentialAction":[{"@type":"SearchAction","target":{"@type":"EntryPoint","urlTemplate":"https:\/\/brasilnoticias.org\/site\/?s={search_term_string}"},"query-input":{"@type":"PropertyValueSpecification","valueRequired":true,"valueName":"search_term_string"}}],"inLanguage":"pt-PT"},{"@type":"Organization","@id":"https:\/\/brasilnoticias.org\/site\/#organization","name":"Brasil not\u00edcias","url":"https:\/\/brasilnoticias.org\/site\/","logo":{"@type":"ImageObject","inLanguage":"pt-PT","@id":"https:\/\/brasilnoticias.org\/site\/#\/schema\/logo\/image\/","url":"https:\/\/brasilnoticias.org\/site\/wp-content\/uploads\/2022\/05\/cropped-brasilnoticias-mini.jpg","contentUrl":"https:\/\/brasilnoticias.org\/site\/wp-content\/uploads\/2022\/05\/cropped-brasilnoticias-mini.jpg","width":314,"height":86,"caption":"Brasil not\u00edcias"},"image":{"@id":"https:\/\/brasilnoticias.org\/site\/#\/schema\/logo\/image\/"}},{"@type":"Person","@id":"https:\/\/brasilnoticias.org\/site\/#\/schema\/person\/03bbbfe6c7634ad18c26444ea39049fa","name":"Reda\u00e7\u00e3o","image":{"@type":"ImageObject","inLanguage":"pt-PT","@id":"https:\/\/brasilnoticias.org\/site\/#\/schema\/person\/image\/","url":"https:\/\/secure.gravatar.com\/avatar\/9ecaf7327a696cb23ad926fedded5f1f04d7049de9e445375d55b48c001a6e42?s=96&d=mm&r=g","contentUrl":"https:\/\/secure.gravatar.com\/avatar\/9ecaf7327a696cb23ad926fedded5f1f04d7049de9e445375d55b48c001a6e42?s=96&d=mm&r=g","caption":"Reda\u00e7\u00e3o"},"url":"https:\/\/brasilnoticias.org\/site\/author\/henrique\/"}]}},"_links":{"self":[{"href":"https:\/\/brasilnoticias.org\/site\/wp-json\/wp\/v2\/posts\/10309","targetHints":{"allow":["GET"]}}],"collection":[{"href":"https:\/\/brasilnoticias.org\/site\/wp-json\/wp\/v2\/posts"}],"about":[{"href":"https:\/\/brasilnoticias.org\/site\/wp-json\/wp\/v2\/types\/post"}],"author":[{"embeddable":true,"href":"https:\/\/brasilnoticias.org\/site\/wp-json\/wp\/v2\/users\/4"}],"replies":[{"embeddable":true,"href":"https:\/\/brasilnoticias.org\/site\/wp-json\/wp\/v2\/comments?post=10309"}],"version-history":[{"count":1,"href":"https:\/\/brasilnoticias.org\/site\/wp-json\/wp\/v2\/posts\/10309\/revisions"}],"predecessor-version":[{"id":10313,"href":"https:\/\/brasilnoticias.org\/site\/wp-json\/wp\/v2\/posts\/10309\/revisions\/10313"}],"wp:featuredmedia":[{"embeddable":true,"href":"https:\/\/brasilnoticias.org\/site\/wp-json\/wp\/v2\/media\/10310"}],"wp:attachment":[{"href":"https:\/\/brasilnoticias.org\/site\/wp-json\/wp\/v2\/media?parent=10309"}],"wp:term":[{"taxonomy":"category","embeddable":true,"href":"https:\/\/brasilnoticias.org\/site\/wp-json\/wp\/v2\/categories?post=10309"},{"taxonomy":"post_tag","embeddable":true,"href":"https:\/\/brasilnoticias.org\/site\/wp-json\/wp\/v2\/tags?post=10309"}],"curies":[{"name":"wp","href":"https:\/\/api.w.org\/{rel}","templated":true}]}}