{"id":10314,"date":"2023-10-20T15:39:23","date_gmt":"2023-10-20T18:39:23","guid":{"rendered":"https:\/\/brasilnoticias.org\/site\/?p=10314"},"modified":"2023-10-20T15:39:23","modified_gmt":"2023-10-20T18:39:23","slug":"parentes-de-brasileiro-em-gaza-sao-mortos-apos-bombardeio-de-israel","status":"publish","type":"post","link":"https:\/\/brasilnoticias.org\/site\/parentes-de-brasileiro-em-gaza-sao-mortos-apos-bombardeio-de-israel\/","title":{"rendered":"Parentes de brasileiro em Gaza s\u00e3o mortos ap\u00f3s bombardeio de Israel"},"content":{"rendered":"<p>Em v\u00eddeo enviado \u00e0 imprensa, Rabee conta que os bombardeios destru\u00edram o pr\u00e9dio em que o primo dele vivia com a fam\u00edlia, na cidade de Jabalia<\/p>\n<p>O brasileiro Hassan Rabee, de 30 anos, recebeu a informa\u00e7\u00e3o nesta sexta-feira (20\/10) de que o primo, a esposa, e filhos e netos do casal foram mortos em um bombardeio no norte da Faixa de Gaza na noite desta quinta-feira (19). As informa\u00e7\u00f5es s\u00e3o da Ag\u00eancia Brasil.<\/p>\n<p>Hassan \u00e9 palestino naturalizado brasileiro e vive em S\u00e3o Paulo desde 2014. Ele foi \u00e0 Faixa de Gaza visitar a fam\u00edlia poucos dias antes do in\u00edcio dos ataques entre Israel e Hamas. Neste momento, ele est\u00e1 com a esposa e duas filhas pequenas, tamb\u00e9m brasileiras.<\/p>\n<p>Em v\u00eddeo enviado \u00e0 imprensa, Rabee conta que os bombardeios destru\u00edram o pr\u00e9dio em que o primo dele vivia com a fam\u00edlia, na cidade de Jabalia.<\/p>\n<p>\u201cEle estava no norte da Faixa de Gaza, teve bombardeio na noite passada perto da casa dele, o pr\u00e9dio dele foi destru\u00eddo em cima dos cidad\u00e3os palestinos. A not\u00edcia que recebemos \u00e9 de que mais de 60 pessoas moravam nesse pr\u00e9dio. Muito triste, um cidad\u00e3o do bem, trabalhador, n\u00e3o tem nada a ver com isso\u201d, lamentou.<\/p>\n<p>Ontem, uma bomba caiu pr\u00f3ximo \u00e0 casa onde Hassan se abriga com a fam\u00edlia \u00e0 espera da abertura da fronteira com o Egito. At\u00e9 o momento, n\u00e3o h\u00e1 previs\u00e3o para a abertura da fronteira para sa\u00edda de palestinos ou estrangeiros, de acordo com o Itamaraty.<\/p>\n<p>Ao todo, 30 brasileiros na Faixa de Gaza est\u00e3o esperando para deixar o territ\u00f3rio em seguran\u00e7a.<\/p>\n<p>Foto: Redes Sociais<br \/>\nAratu On<\/p>\n","protected":false},"excerpt":{"rendered":"<p>Em v\u00eddeo enviado \u00e0 imprensa, Rabee conta que os bombardeios destru\u00edram o pr\u00e9dio em que o primo dele vivia com<\/p>\n","protected":false},"author":4,"featured_media":10315,"comment_status":"open","ping_status":"open","sticky":false,"template":"","format":"standard","meta":{"colormag_page_container_layout":"default_layout","colormag_page_sidebar_layout":"default_layout","_FSMCFIC_featured_image_caption":"","_FSMCFIC_featured_image_nocaption":"","_FSMCFIC_featured_image_hide":"","footnotes":""},"categories":[2,1],"tags":[],"class_list":["post-10314","post","type-post","status-publish","format-standard","has-post-thumbnail","hentry","category-noticias","category-ultimas"],"yoast_head":"<!-- This site is optimized with the Yoast SEO plugin v27.1.1 - https:\/\/yoast.com\/product\/yoast-seo-wordpress\/ -->\n<title>Parentes de brasileiro em Gaza s\u00e3o mortos ap\u00f3s bombardeio de Israel - Brasil not\u00edcias<\/title>\n<meta name=\"robots\" content=\"index, follow, max-snippet:-1, max-image-preview:large, max-video-preview:-1\" \/>\n<link rel=\"canonical\" href=\"https:\/\/brasilnoticias.org\/site\/parentes-de-brasileiro-em-gaza-sao-mortos-apos-bombardeio-de-israel\/\" \/>\n<meta property=\"og:locale\" content=\"pt_PT\" \/>\n<meta property=\"og:type\" content=\"article\" \/>\n<meta property=\"og:title\" content=\"Parentes de brasileiro em Gaza s\u00e3o mortos ap\u00f3s bombardeio de Israel - Brasil not\u00edcias\" \/>\n<meta property=\"og:description\" content=\"Em v\u00eddeo enviado \u00e0 imprensa, Rabee conta que os bombardeios destru\u00edram o pr\u00e9dio em que o primo dele vivia com\" \/>\n<meta property=\"og:url\" content=\"https:\/\/brasilnoticias.org\/site\/parentes-de-brasileiro-em-gaza-sao-mortos-apos-bombardeio-de-israel\/\" \/>\n<meta property=\"og:site_name\" content=\"Brasil not\u00edcias\" \/>\n<meta property=\"article:published_time\" content=\"2023-10-20T18:39:23+00:00\" \/>\n<meta property=\"og:image\" content=\"https:\/\/brasilnoticias.org\/site\/wp-content\/uploads\/2023\/10\/faixa-gaza-palestina-848x477-1-740x470-1.jpeg\" \/>\n\t<meta property=\"og:image:width\" content=\"740\" \/>\n\t<meta property=\"og:image:height\" content=\"470\" \/>\n\t<meta property=\"og:image:type\" content=\"image\/jpeg\" \/>\n<meta name=\"author\" content=\"Reda\u00e7\u00e3o\" \/>\n<meta name=\"twitter:card\" content=\"summary_large_image\" \/>\n<meta name=\"twitter:label1\" content=\"Escrito por\" \/>\n\t<meta name=\"twitter:data1\" content=\"Reda\u00e7\u00e3o\" \/>\n<script type=\"application\/ld+json\" class=\"yoast-schema-graph\">{\"@context\":\"https:\/\/schema.org\",\"@graph\":[{\"@type\":\"Article\",\"@id\":\"https:\/\/brasilnoticias.org\/site\/parentes-de-brasileiro-em-gaza-sao-mortos-apos-bombardeio-de-israel\/#article\",\"isPartOf\":{\"@id\":\"https:\/\/brasilnoticias.org\/site\/parentes-de-brasileiro-em-gaza-sao-mortos-apos-bombardeio-de-israel\/\"},\"author\":{\"name\":\"Reda\u00e7\u00e3o\",\"@id\":\"https:\/\/brasilnoticias.org\/site\/#\/schema\/person\/03bbbfe6c7634ad18c26444ea39049fa\"},\"headline\":\"Parentes de brasileiro em Gaza s\u00e3o mortos ap\u00f3s bombardeio de Israel\",\"datePublished\":\"2023-10-20T18:39:23+00:00\",\"mainEntityOfPage\":{\"@id\":\"https:\/\/brasilnoticias.org\/site\/parentes-de-brasileiro-em-gaza-sao-mortos-apos-bombardeio-de-israel\/\"},\"wordCount\":297,\"commentCount\":0,\"publisher\":{\"@id\":\"https:\/\/brasilnoticias.org\/site\/#organization\"},\"image\":{\"@id\":\"https:\/\/brasilnoticias.org\/site\/parentes-de-brasileiro-em-gaza-sao-mortos-apos-bombardeio-de-israel\/#primaryimage\"},\"thumbnailUrl\":\"https:\/\/brasilnoticias.org\/site\/wp-content\/uploads\/2023\/10\/faixa-gaza-palestina-848x477-1-740x470-1.jpeg\",\"articleSection\":[\"Not\u00edcias\",\"\u00daltimas\"],\"inLanguage\":\"pt-PT\",\"potentialAction\":[{\"@type\":\"CommentAction\",\"name\":\"Comment\",\"target\":[\"https:\/\/brasilnoticias.org\/site\/parentes-de-brasileiro-em-gaza-sao-mortos-apos-bombardeio-de-israel\/#respond\"]}]},{\"@type\":\"WebPage\",\"@id\":\"https:\/\/brasilnoticias.org\/site\/parentes-de-brasileiro-em-gaza-sao-mortos-apos-bombardeio-de-israel\/\",\"url\":\"https:\/\/brasilnoticias.org\/site\/parentes-de-brasileiro-em-gaza-sao-mortos-apos-bombardeio-de-israel\/\",\"name\":\"Parentes de brasileiro em Gaza s\u00e3o mortos ap\u00f3s bombardeio de Israel - Brasil not\u00edcias\",\"isPartOf\":{\"@id\":\"https:\/\/brasilnoticias.org\/site\/#website\"},\"primaryImageOfPage\":{\"@id\":\"https:\/\/brasilnoticias.org\/site\/parentes-de-brasileiro-em-gaza-sao-mortos-apos-bombardeio-de-israel\/#primaryimage\"},\"image\":{\"@id\":\"https:\/\/brasilnoticias.org\/site\/parentes-de-brasileiro-em-gaza-sao-mortos-apos-bombardeio-de-israel\/#primaryimage\"},\"thumbnailUrl\":\"https:\/\/brasilnoticias.org\/site\/wp-content\/uploads\/2023\/10\/faixa-gaza-palestina-848x477-1-740x470-1.jpeg\",\"datePublished\":\"2023-10-20T18:39:23+00:00\",\"breadcrumb\":{\"@id\":\"https:\/\/brasilnoticias.org\/site\/parentes-de-brasileiro-em-gaza-sao-mortos-apos-bombardeio-de-israel\/#breadcrumb\"},\"inLanguage\":\"pt-PT\",\"potentialAction\":[{\"@type\":\"ReadAction\",\"target\":[\"https:\/\/brasilnoticias.org\/site\/parentes-de-brasileiro-em-gaza-sao-mortos-apos-bombardeio-de-israel\/\"]}]},{\"@type\":\"ImageObject\",\"inLanguage\":\"pt-PT\",\"@id\":\"https:\/\/brasilnoticias.org\/site\/parentes-de-brasileiro-em-gaza-sao-mortos-apos-bombardeio-de-israel\/#primaryimage\",\"url\":\"https:\/\/brasilnoticias.org\/site\/wp-content\/uploads\/2023\/10\/faixa-gaza-palestina-848x477-1-740x470-1.jpeg\",\"contentUrl\":\"https:\/\/brasilnoticias.org\/site\/wp-content\/uploads\/2023\/10\/faixa-gaza-palestina-848x477-1-740x470-1.jpeg\",\"width\":740,\"height\":470},{\"@type\":\"BreadcrumbList\",\"@id\":\"https:\/\/brasilnoticias.org\/site\/parentes-de-brasileiro-em-gaza-sao-mortos-apos-bombardeio-de-israel\/#breadcrumb\",\"itemListElement\":[{\"@type\":\"ListItem\",\"position\":1,\"name\":\"In\u00edcio\",\"item\":\"https:\/\/brasilnoticias.org\/site\/\"},{\"@type\":\"ListItem\",\"position\":2,\"name\":\"Parentes de brasileiro em Gaza s\u00e3o mortos ap\u00f3s bombardeio de Israel\"}]},{\"@type\":\"WebSite\",\"@id\":\"https:\/\/brasilnoticias.org\/site\/#website\",\"url\":\"https:\/\/brasilnoticias.org\/site\/\",\"name\":\"Brasil not\u00edcias\",\"description\":\"Brasil not\u00edcias\",\"publisher\":{\"@id\":\"https:\/\/brasilnoticias.org\/site\/#organization\"},\"potentialAction\":[{\"@type\":\"SearchAction\",\"target\":{\"@type\":\"EntryPoint\",\"urlTemplate\":\"https:\/\/brasilnoticias.org\/site\/?s={search_term_string}\"},\"query-input\":{\"@type\":\"PropertyValueSpecification\",\"valueRequired\":true,\"valueName\":\"search_term_string\"}}],\"inLanguage\":\"pt-PT\"},{\"@type\":\"Organization\",\"@id\":\"https:\/\/brasilnoticias.org\/site\/#organization\",\"name\":\"Brasil not\u00edcias\",\"url\":\"https:\/\/brasilnoticias.org\/site\/\",\"logo\":{\"@type\":\"ImageObject\",\"inLanguage\":\"pt-PT\",\"@id\":\"https:\/\/brasilnoticias.org\/site\/#\/schema\/logo\/image\/\",\"url\":\"https:\/\/brasilnoticias.org\/site\/wp-content\/uploads\/2022\/05\/cropped-brasilnoticias-mini.jpg\",\"contentUrl\":\"https:\/\/brasilnoticias.org\/site\/wp-content\/uploads\/2022\/05\/cropped-brasilnoticias-mini.jpg\",\"width\":314,\"height\":86,\"caption\":\"Brasil not\u00edcias\"},\"image\":{\"@id\":\"https:\/\/brasilnoticias.org\/site\/#\/schema\/logo\/image\/\"}},{\"@type\":\"Person\",\"@id\":\"https:\/\/brasilnoticias.org\/site\/#\/schema\/person\/03bbbfe6c7634ad18c26444ea39049fa\",\"name\":\"Reda\u00e7\u00e3o\",\"image\":{\"@type\":\"ImageObject\",\"inLanguage\":\"pt-PT\",\"@id\":\"https:\/\/brasilnoticias.org\/site\/#\/schema\/person\/image\/\",\"url\":\"https:\/\/secure.gravatar.com\/avatar\/9ecaf7327a696cb23ad926fedded5f1f04d7049de9e445375d55b48c001a6e42?s=96&d=mm&r=g\",\"contentUrl\":\"https:\/\/secure.gravatar.com\/avatar\/9ecaf7327a696cb23ad926fedded5f1f04d7049de9e445375d55b48c001a6e42?s=96&d=mm&r=g\",\"caption\":\"Reda\u00e7\u00e3o\"},\"url\":\"https:\/\/brasilnoticias.org\/site\/author\/henrique\/\"}]}<\/script>\n<!-- \/ Yoast SEO plugin. -->","yoast_head_json":{"title":"Parentes de brasileiro em Gaza s\u00e3o mortos ap\u00f3s bombardeio de Israel - Brasil not\u00edcias","robots":{"index":"index","follow":"follow","max-snippet":"max-snippet:-1","max-image-preview":"max-image-preview:large","max-video-preview":"max-video-preview:-1"},"canonical":"https:\/\/brasilnoticias.org\/site\/parentes-de-brasileiro-em-gaza-sao-mortos-apos-bombardeio-de-israel\/","og_locale":"pt_PT","og_type":"article","og_title":"Parentes de brasileiro em Gaza s\u00e3o mortos ap\u00f3s bombardeio de Israel - Brasil not\u00edcias","og_description":"Em v\u00eddeo enviado \u00e0 imprensa, Rabee conta que os bombardeios destru\u00edram o pr\u00e9dio em que o primo dele vivia com","og_url":"https:\/\/brasilnoticias.org\/site\/parentes-de-brasileiro-em-gaza-sao-mortos-apos-bombardeio-de-israel\/","og_site_name":"Brasil not\u00edcias","article_published_time":"2023-10-20T18:39:23+00:00","og_image":[{"width":740,"height":470,"url":"https:\/\/brasilnoticias.org\/site\/wp-content\/uploads\/2023\/10\/faixa-gaza-palestina-848x477-1-740x470-1.jpeg","type":"image\/jpeg"}],"author":"Reda\u00e7\u00e3o","twitter_card":"summary_large_image","twitter_misc":{"Escrito por":"Reda\u00e7\u00e3o"},"schema":{"@context":"https:\/\/schema.org","@graph":[{"@type":"Article","@id":"https:\/\/brasilnoticias.org\/site\/parentes-de-brasileiro-em-gaza-sao-mortos-apos-bombardeio-de-israel\/#article","isPartOf":{"@id":"https:\/\/brasilnoticias.org\/site\/parentes-de-brasileiro-em-gaza-sao-mortos-apos-bombardeio-de-israel\/"},"author":{"name":"Reda\u00e7\u00e3o","@id":"https:\/\/brasilnoticias.org\/site\/#\/schema\/person\/03bbbfe6c7634ad18c26444ea39049fa"},"headline":"Parentes de brasileiro em Gaza s\u00e3o mortos ap\u00f3s bombardeio de Israel","datePublished":"2023-10-20T18:39:23+00:00","mainEntityOfPage":{"@id":"https:\/\/brasilnoticias.org\/site\/parentes-de-brasileiro-em-gaza-sao-mortos-apos-bombardeio-de-israel\/"},"wordCount":297,"commentCount":0,"publisher":{"@id":"https:\/\/brasilnoticias.org\/site\/#organization"},"image":{"@id":"https:\/\/brasilnoticias.org\/site\/parentes-de-brasileiro-em-gaza-sao-mortos-apos-bombardeio-de-israel\/#primaryimage"},"thumbnailUrl":"https:\/\/brasilnoticias.org\/site\/wp-content\/uploads\/2023\/10\/faixa-gaza-palestina-848x477-1-740x470-1.jpeg","articleSection":["Not\u00edcias","\u00daltimas"],"inLanguage":"pt-PT","potentialAction":[{"@type":"CommentAction","name":"Comment","target":["https:\/\/brasilnoticias.org\/site\/parentes-de-brasileiro-em-gaza-sao-mortos-apos-bombardeio-de-israel\/#respond"]}]},{"@type":"WebPage","@id":"https:\/\/brasilnoticias.org\/site\/parentes-de-brasileiro-em-gaza-sao-mortos-apos-bombardeio-de-israel\/","url":"https:\/\/brasilnoticias.org\/site\/parentes-de-brasileiro-em-gaza-sao-mortos-apos-bombardeio-de-israel\/","name":"Parentes de brasileiro em Gaza s\u00e3o mortos ap\u00f3s bombardeio de Israel - Brasil not\u00edcias","isPartOf":{"@id":"https:\/\/brasilnoticias.org\/site\/#website"},"primaryImageOfPage":{"@id":"https:\/\/brasilnoticias.org\/site\/parentes-de-brasileiro-em-gaza-sao-mortos-apos-bombardeio-de-israel\/#primaryimage"},"image":{"@id":"https:\/\/brasilnoticias.org\/site\/parentes-de-brasileiro-em-gaza-sao-mortos-apos-bombardeio-de-israel\/#primaryimage"},"thumbnailUrl":"https:\/\/brasilnoticias.org\/site\/wp-content\/uploads\/2023\/10\/faixa-gaza-palestina-848x477-1-740x470-1.jpeg","datePublished":"2023-10-20T18:39:23+00:00","breadcrumb":{"@id":"https:\/\/brasilnoticias.org\/site\/parentes-de-brasileiro-em-gaza-sao-mortos-apos-bombardeio-de-israel\/#breadcrumb"},"inLanguage":"pt-PT","potentialAction":[{"@type":"ReadAction","target":["https:\/\/brasilnoticias.org\/site\/parentes-de-brasileiro-em-gaza-sao-mortos-apos-bombardeio-de-israel\/"]}]},{"@type":"ImageObject","inLanguage":"pt-PT","@id":"https:\/\/brasilnoticias.org\/site\/parentes-de-brasileiro-em-gaza-sao-mortos-apos-bombardeio-de-israel\/#primaryimage","url":"https:\/\/brasilnoticias.org\/site\/wp-content\/uploads\/2023\/10\/faixa-gaza-palestina-848x477-1-740x470-1.jpeg","contentUrl":"https:\/\/brasilnoticias.org\/site\/wp-content\/uploads\/2023\/10\/faixa-gaza-palestina-848x477-1-740x470-1.jpeg","width":740,"height":470},{"@type":"BreadcrumbList","@id":"https:\/\/brasilnoticias.org\/site\/parentes-de-brasileiro-em-gaza-sao-mortos-apos-bombardeio-de-israel\/#breadcrumb","itemListElement":[{"@type":"ListItem","position":1,"name":"In\u00edcio","item":"https:\/\/brasilnoticias.org\/site\/"},{"@type":"ListItem","position":2,"name":"Parentes de brasileiro em Gaza s\u00e3o mortos ap\u00f3s bombardeio de Israel"}]},{"@type":"WebSite","@id":"https:\/\/brasilnoticias.org\/site\/#website","url":"https:\/\/brasilnoticias.org\/site\/","name":"Brasil not\u00edcias","description":"Brasil not\u00edcias","publisher":{"@id":"https:\/\/brasilnoticias.org\/site\/#organization"},"potentialAction":[{"@type":"SearchAction","target":{"@type":"EntryPoint","urlTemplate":"https:\/\/brasilnoticias.org\/site\/?s={search_term_string}"},"query-input":{"@type":"PropertyValueSpecification","valueRequired":true,"valueName":"search_term_string"}}],"inLanguage":"pt-PT"},{"@type":"Organization","@id":"https:\/\/brasilnoticias.org\/site\/#organization","name":"Brasil not\u00edcias","url":"https:\/\/brasilnoticias.org\/site\/","logo":{"@type":"ImageObject","inLanguage":"pt-PT","@id":"https:\/\/brasilnoticias.org\/site\/#\/schema\/logo\/image\/","url":"https:\/\/brasilnoticias.org\/site\/wp-content\/uploads\/2022\/05\/cropped-brasilnoticias-mini.jpg","contentUrl":"https:\/\/brasilnoticias.org\/site\/wp-content\/uploads\/2022\/05\/cropped-brasilnoticias-mini.jpg","width":314,"height":86,"caption":"Brasil not\u00edcias"},"image":{"@id":"https:\/\/brasilnoticias.org\/site\/#\/schema\/logo\/image\/"}},{"@type":"Person","@id":"https:\/\/brasilnoticias.org\/site\/#\/schema\/person\/03bbbfe6c7634ad18c26444ea39049fa","name":"Reda\u00e7\u00e3o","image":{"@type":"ImageObject","inLanguage":"pt-PT","@id":"https:\/\/brasilnoticias.org\/site\/#\/schema\/person\/image\/","url":"https:\/\/secure.gravatar.com\/avatar\/9ecaf7327a696cb23ad926fedded5f1f04d7049de9e445375d55b48c001a6e42?s=96&d=mm&r=g","contentUrl":"https:\/\/secure.gravatar.com\/avatar\/9ecaf7327a696cb23ad926fedded5f1f04d7049de9e445375d55b48c001a6e42?s=96&d=mm&r=g","caption":"Reda\u00e7\u00e3o"},"url":"https:\/\/brasilnoticias.org\/site\/author\/henrique\/"}]}},"_links":{"self":[{"href":"https:\/\/brasilnoticias.org\/site\/wp-json\/wp\/v2\/posts\/10314","targetHints":{"allow":["GET"]}}],"collection":[{"href":"https:\/\/brasilnoticias.org\/site\/wp-json\/wp\/v2\/posts"}],"about":[{"href":"https:\/\/brasilnoticias.org\/site\/wp-json\/wp\/v2\/types\/post"}],"author":[{"embeddable":true,"href":"https:\/\/brasilnoticias.org\/site\/wp-json\/wp\/v2\/users\/4"}],"replies":[{"embeddable":true,"href":"https:\/\/brasilnoticias.org\/site\/wp-json\/wp\/v2\/comments?post=10314"}],"version-history":[{"count":1,"href":"https:\/\/brasilnoticias.org\/site\/wp-json\/wp\/v2\/posts\/10314\/revisions"}],"predecessor-version":[{"id":10316,"href":"https:\/\/brasilnoticias.org\/site\/wp-json\/wp\/v2\/posts\/10314\/revisions\/10316"}],"wp:featuredmedia":[{"embeddable":true,"href":"https:\/\/brasilnoticias.org\/site\/wp-json\/wp\/v2\/media\/10315"}],"wp:attachment":[{"href":"https:\/\/brasilnoticias.org\/site\/wp-json\/wp\/v2\/media?parent=10314"}],"wp:term":[{"taxonomy":"category","embeddable":true,"href":"https:\/\/brasilnoticias.org\/site\/wp-json\/wp\/v2\/categories?post=10314"},{"taxonomy":"post_tag","embeddable":true,"href":"https:\/\/brasilnoticias.org\/site\/wp-json\/wp\/v2\/tags?post=10314"}],"curies":[{"name":"wp","href":"https:\/\/api.w.org\/{rel}","templated":true}]}}