{"id":10317,"date":"2023-10-20T15:41:23","date_gmt":"2023-10-20T18:41:23","guid":{"rendered":"https:\/\/brasilnoticias.org\/site\/?p=10317"},"modified":"2023-10-20T15:41:23","modified_gmt":"2023-10-20T18:41:23","slug":"salvador-tem-mudancas-no-transito-no-fim-de-semana-confira-locais","status":"publish","type":"post","link":"https:\/\/brasilnoticias.org\/site\/salvador-tem-mudancas-no-transito-no-fim-de-semana-confira-locais\/","title":{"rendered":"Salvador t\u00eam mudan\u00e7as no tr\u00e2nsito no fim de semana; confira locais"},"content":{"rendered":"<p>As mudan\u00e7as acontecem em Ondina, Barra, Pituba, Pernambu\u00e9s, Cajazeiras V, Itapu\u00e3 e Rio Vermelho<\/p>\n<p>Alguns bairros de Salvador ir\u00e3o ter altera\u00e7\u00f5es no tr\u00e2nsito por conta de eventos realizados no domingo (22\/10). As mudan\u00e7as acontecem em Ondina, Barra, Pituba, Pernambu\u00e9s, Cajazeiras V, Itapu\u00e3 e Rio Vermelho. Confira os detalhes abaixo:<\/p>\n<p>CORRIDA UNIMED \u2013 13\u00aa CORRIDA DOS M\u00c9DICOS \u2013 Barra \/ Ondina \/ Rio Vermelho domingo<\/p>\n<p>Por conta da Corrida UNIMED \u2013 13\u00aa Corrida dos M\u00e9dicos, que acontece neste domingo, o tr\u00e2nsito entre a Ondina e a Barra sofrer\u00e1 algumas altera\u00e7\u00f5es. O tr\u00e1fego de ve\u00edculos ser\u00e1 interditado progressivamente, a partir do in\u00edcio da corrida, na Av. Milton Santos (trecho entre a Rua Doutor Oswaldo Ribeiro e a Rua Professor Edgard da Mata), Av. Anita Garibaldi, Rua Eurycles de Mattos.<\/p>\n<p>Haver\u00e1 tamb\u00e9m a interdi\u00e7\u00e3o do tr\u00e1fego de ve\u00edculos, das 6h \u00e0s 8h30, nas seguintes vias: Largo do Porto da Barra, Av. Sete de Setembro, Largo do Farol da Barra, Av. Oce\u00e2nica, Rua da Paci\u00eancia (curva as Paci\u00eancia), conforme a seguir:<\/p>\n<p>\u2013 Na faixa \u00e0 direita, no trecho compreendido entre a Rua Bar\u00e3o de Itapoan e o Largo do Farol da Barra;<br \/>\n\u2013 Na faixa \u00e0 direita, sentido Barra, no trecho compreendido entre o Largo do Camar\u00e3o e a Rua Jos\u00e9 S\u00e1tiro de Oliveira;<br \/>\n\u2013 Lado direito, sentido Itapu\u00e3, no trecho compreendido entre a Rua do Escravo Miguel e a Av. Milton Santos;<br \/>\n\u2013 Sentido Barra, no trecho compreendido entre a Rua Artur Neiva e a Rua Carlos Chiacchio;<\/p>\n<p>Os ve\u00edculos em geral, que habitualmente trafegam pelo trecho interditado, ter\u00e3o como op\u00e7\u00e3o de tr\u00e1fego:<\/p>\n<p>Sentido Rio Vermelho \/ Barra: Rua Eurycles de Matos, Av. Anita Garibaldi;<br \/>\nSentido Barra \/ Rio Vermelho: Av. Sete de Setembro, Rua Afonso Celso, Rua Marqu\u00eas de Caravelas, Rua Miguel Burnier, Largo do Chame \u2013 Chame, Av. Centen\u00e1rio ou Av. Oce\u00e2nica, Rua Dr. Artur Neiva, Av. Centen\u00e1rio;<br \/>\nSentido Centen\u00e1rio \/ Barra: Av. Centen\u00e1rio, Rua Airosa Galv\u00e3o, Av. Oce\u00e2nica (sentido Farol da Barra).<\/p>\n<p>No mesmo hor\u00e1rio, haver\u00e1 a interdi\u00e7\u00e3o do tr\u00e1fego de ve\u00edculos, nas seguintes vias: Rua da Paci\u00eancia (faixa dupla \u00e0 direita, sentido Itapu\u00e3, no trecho compreendido entre a Rua Eurycles de Matos e o Largo de Santana, Rua Guedes Cabral, Rua Borges dos Reis, Pra\u00e7a Colombo.<\/p>\n<p>Os ve\u00edculos em geral, que trafegam pelo trecho interditado, ter\u00e3o como op\u00e7\u00e3o de tr\u00e1fego:<\/p>\n<p>Provenientes da Av. Cardeal da Silva com destino ao Rio Vermelho: Travessa Prudente de Moraes, Rua da Paci\u00eancia (sentido Ondina), Rua Eurycles de Mattos, Av. Anita Garibaldi.<\/p>\n<p>Paralelamente, ocorrer\u00e1 a interdi\u00e7\u00e3o do tr\u00e1fego de ve\u00edculos, das 6h \u00e0s 8h30, com libera\u00e7\u00e3o progressiva \u00e0 passagem dos atletas, na faixa \u00e0 direita da Rua Marqu\u00eas de Monte Santo (trecho compreendido entre a Pra\u00e7a Brigadeiro Faria Rocha e a Rua Theodomiro Baptista \u2013 Super Bom Pre\u00e7o Amaralina).<\/p>\n<p>Haver\u00e1 instala\u00e7\u00f5es de barreiras fixas (BF) e barreiras m\u00f3veis (BM)<\/p>\n<p>1. Instala\u00e7\u00e3o de Barreiras Fixas (BF), das 6h \u00e0s 8h30:<\/p>\n<p>BF 01 \u2013 Av. Oce\u00e2nica \/ Rua Professor Fernando Luz;<\/p>\n<p>BF 02 \u2013 Av. Oce\u00e2nica \/ Rua Leoni Ramos;<\/p>\n<p>BF 03 \u2013 Av. Oce\u00e2nica \/ Rua Francisco Otaviano;<\/p>\n<p>BF 04 \u2013 Av. Oce\u00e2nica \/ Rua Jos\u00e9 S\u00e1tiro de Oliveira;<\/p>\n<p>BF 05 \u2013 Av. Oce\u00e2nica 2\u00b0 retorno \/ Antigo Hotel Salvador;<\/p>\n<p>BF 06 \u2013 Av. Oce\u00e2nica \/ Vila Matos;<\/p>\n<p>BF 07 \u2013 Av. Oce\u00e2nica \/ Rua Vila Matos;<\/p>\n<p>BF 08 \u2013 Rua Doutor Oswaldo Ribeiro \/ Av. Oce\u00e2nica (interdi\u00e7\u00e3o do acesso Rua N para Av. Oce\u00e2nica);<\/p>\n<p>BF 09 \u2013 Rua Professor Sabino Silva \/ Av. Oce\u00e2nica (Largo do Camar\u00e3o);<\/p>\n<p>2. Instala\u00e7\u00e3o de Barreiras M\u00f3veis (BM), das 6h \u00e0s 8h30:<\/p>\n<p>BM 01 \u2013 Av. Oc\u00eaanica \/ Curva da Paci\u00eancia;<\/p>\n<p>BM 02 \u2013 Av. Oce\u00e2nica \/ Rua Bartholomeu de Gusm\u00e3o;<\/p>\n<p>BM 03 \u2013 Av. Oce\u00e2nica \/ Rua Senta Pua;<\/p>\n<p>BM 04 \u2013 Av. Oce\u00e2nica \/ Av. Milton Santos;<\/p>\n<p>BM 05 \u2013 Av. Anita Garibaldi \/ Av. Milton Santos;<\/p>\n<p>BM 06 \u2013 Av. Anita Garibaldi \/ Rua do Corte Grande;<\/p>\n<p>BM 07 \u2013 Av. Milton Santos \/ Rua Raimundo Pereira de Magalh\u00e3es;<\/p>\n<p>BM 08 \u2013 Av. Milton Santos \/ Rua Edgard da Mata;<\/p>\n<p>BM 09 \u2013 Av. Oce\u00e2nica \/ Rua Professor Sabino Silva;<\/p>\n<p>BM 10 \u2013 Rua Jos\u00e9 S\u00e1tiro de Oliveira \/ Av. Oce\u00e2nica;<\/p>\n<p>BM 11 \u2013 Av. Centen\u00e1rio \/ \u00daltimo retorno ap\u00f3s Shopping Barra;<\/p>\n<p>BM 12 \u2013 Rua Odilon Santos \/ Rua da Fonte do Boi;<\/p>\n<p>BM 13 \u2013 Rua Marqu\u00eas de Monte Santo \/ Rua Barro Vermelho.<\/p>\n<p>O acesso aos residentes e\/ou domiciliados na via interditada ser\u00e1 liberado mediante comprova\u00e7\u00e3o de endere\u00e7o.<\/p>\n<p>GP BAHIA DE CICLISMO \u2013 domingo <\/p>\n<p>Com a realiza\u00e7\u00e3o do GP Bahia de Ciclismo, neste domingo, o tr\u00e1fego de ve\u00edculos no bairro da Pituba sofrer\u00e1 algumas altera\u00e7\u00f5es. Haver\u00e1 a interdi\u00e7\u00e3o do tr\u00e1fego de ve\u00edculos, das 6h \u00e0s 10h, no Complexo Vi\u00e1rio Tatti Moreno.<\/p>\n<p>Ainda no mesmo hor\u00e1rio, o tr\u00e1fego de ve\u00edculos ser\u00e1 interditado, na Av. Prof. Magalh\u00e3es Neto, pista principal, sentido Avenida Tancredo Neves (no trecho compreendido entre a Rua Fernando Menezes de G\u00f3es e proximidades do Pontilh\u00e3o \/ Mercado GBarbosa).<\/p>\n<p>Paralelamente, ocorrer\u00e1 a interdi\u00e7\u00e3o do tr\u00e1fego de ve\u00edculos, das 6h \u00e0s 10h, na Av. Prof. Magalh\u00e3es Neto, pista principal, sentido Orla, a partir da sa\u00edda do Complexo Vi\u00e1rio Tatti Moreno, at\u00e9 a via marginal da Av. Professor Magalh\u00e3es Neto. Simultaneamente, haver\u00e1 a interdi\u00e7\u00e3o do tr\u00e1fego de ve\u00edculos, na Av. Prof. Magalh\u00e3es Neto, pista principal, sentido Av. Tancredo Neves, a partir da sa\u00edda do Mercado GBarbosa at\u00e9 a entrada do Complexo Vi\u00e1rio Tatti Moreno.<\/p>\n<p>O acesso aos residentes e\/ou domiciliados na via interditada ser\u00e1 liberado mediante comprova\u00e7\u00e3o de endere\u00e7o.<\/p>\n<p>DESFILE DA PRIMAVERA ESCOLAR \u2013 Pernambu\u00e9s \u2013 domingo <\/p>\n<p>Para a realiza\u00e7\u00e3o do Desfile da Primavera Escolar, neste domingo, haver\u00e1 algumas altera\u00e7\u00f5es no tr\u00e2nsito do bairro de Pernambu\u00e9s.<\/p>\n<p>O tr\u00e1fego de ve\u00edculos ser\u00e1 interditado progressivamente, das 9h \u00e0s 10h30, nas seguintes vias: Travessa Santo Ant\u00f4nio de Cima (sa\u00edda Escola Educand\u00e1rio Mota), Rua Escritor \u00c9dison Carneiro, Largo da Ventosa, 1\u00aa Travessa Ventosa, Rua Santa Verusa, (retorno Ballet Michele Azevedo), 1\u00aa Travessa Ventosa, Largo da Ventosa, Rua Santa Clara, Rua Paulo Afonso, Rua Escritor \u00c9dison Carneiro, Travessa Santo Ant\u00f4nio de Cima (chegada na Escola Educand\u00e1rio Mota).<\/p>\n<p>6\u00aa PARADA DO ORGULHO GAY DE CAJAZEIRAS V \u2013 Cajazeiras V \u2013 domingo<\/p>\n<p>Em virtude da 6\u00aa Parada do Orgulho Gay de Cajazeiras V, que acontece neste domingo (22), das 13h \u00e0s 21h, o tr\u00e2nsito no bairro de Cajazeiras V sofrer\u00e1 algumas altera\u00e7\u00f5es. Haver\u00e1 a interdi\u00e7\u00e3o progressiva do tr\u00e1fego de ve\u00edculos, na Rua \u00c1lvaro da Franca Rocha (sa\u00edda interse\u00e7\u00e3o entre Via Regional \/ Rua \u00c1lvaro da Franca Rocha e chegada na Madeireira Assun\u00e7\u00e3o).<\/p>\n<p>1\u00aa PARADA LGBT KM 17 ITAPU\u00c3 \u2013 Itapu\u00e3 \u2013 domingo <\/p>\n<p>Devido \u00e0 1\u00aa Parada LGBT KM 17 Itapu\u00e3 que acontecer\u00e1 no domingo (22), no bairro de Itapu\u00e3, o tr\u00e1fego de ve\u00edculos ser\u00e1 interditado progressivamente, das 14h \u00e0s 21h, na faixa \u00e0 direita, das seguintes vias: Rua da Ilha (sa\u00edda do Instituto Daniel Alves), Rua Km 17 (chegada no in\u00edcio da Rua Luiz Eduardo Magalh\u00e3es).<\/p>\n<p>XVII TORNEIRO INTERMUNICIPAL DA LICBAMBA \u2013 Centro da Cidade \u2013 domingo <\/p>\n<p>Para a realiza\u00e7\u00e3o do torneiro, haver\u00e1 a interdi\u00e7\u00e3o do tr\u00e1fego de ve\u00edculos, das 13h \u00e0s 19h, na Rua Chile, Rua da Miseric\u00f3rdia, Pra\u00e7a da S\u00e9, (trecho compreendido entre o Pal\u00e1cio Rio Branco, Rua Pau da Bandeira e o Ed. Themis, Pra\u00e7a da S\u00e9). Entre \u00e0s 13h e 19h, o tr\u00e2nsito ser\u00e1 sentido duplo nas seguintes vias: Rua Jos\u00e9 Gon\u00e7alves, Rua da Ajuda (trecho compreendido entre a Pra\u00e7a da S\u00e9 e a Rua das Vassouras).<\/p>\n<p>Foto: Twitter\/Transalvador<br \/>\nAratu On<\/p>\n","protected":false},"excerpt":{"rendered":"<p>As mudan\u00e7as acontecem em Ondina, Barra, Pituba, Pernambu\u00e9s, Cajazeiras V, Itapu\u00e3 e Rio Vermelho Alguns bairros de Salvador ir\u00e3o ter<\/p>\n","protected":false},"author":4,"featured_media":10318,"comment_status":"open","ping_status":"open","sticky":false,"template":"","format":"standard","meta":{"colormag_page_container_layout":"default_layout","colormag_page_sidebar_layout":"default_layout","_FSMCFIC_featured_image_caption":"","_FSMCFIC_featured_image_nocaption":"","_FSMCFIC_featured_image_hide":"","footnotes":""},"categories":[2,1],"tags":[],"class_list":["post-10317","post","type-post","status-publish","format-standard","has-post-thumbnail","hentry","category-noticias","category-ultimas"],"yoast_head":"<!-- This site is optimized with the Yoast SEO plugin v27.1.1 - https:\/\/yoast.com\/product\/yoast-seo-wordpress\/ -->\n<title>Salvador t\u00eam mudan\u00e7as no tr\u00e2nsito no fim de semana; confira locais - Brasil not\u00edcias<\/title>\n<meta name=\"robots\" content=\"index, follow, max-snippet:-1, max-image-preview:large, max-video-preview:-1\" \/>\n<link rel=\"canonical\" href=\"https:\/\/brasilnoticias.org\/site\/salvador-tem-mudancas-no-transito-no-fim-de-semana-confira-locais\/\" \/>\n<meta property=\"og:locale\" content=\"pt_PT\" \/>\n<meta property=\"og:type\" content=\"article\" \/>\n<meta property=\"og:title\" content=\"Salvador t\u00eam mudan\u00e7as no tr\u00e2nsito no fim de semana; confira locais - Brasil not\u00edcias\" \/>\n<meta property=\"og:description\" content=\"As mudan\u00e7as acontecem em Ondina, Barra, Pituba, Pernambu\u00e9s, Cajazeiras V, Itapu\u00e3 e Rio Vermelho Alguns bairros de Salvador ir\u00e3o ter\" \/>\n<meta property=\"og:url\" content=\"https:\/\/brasilnoticias.org\/site\/salvador-tem-mudancas-no-transito-no-fim-de-semana-confira-locais\/\" \/>\n<meta property=\"og:site_name\" content=\"Brasil not\u00edcias\" \/>\n<meta property=\"article:published_time\" content=\"2023-10-20T18:41:23+00:00\" \/>\n<meta property=\"og:image\" content=\"https:\/\/brasilnoticias.org\/site\/wp-content\/uploads\/2023\/10\/imagem-destacada-engavetamento-envolvendo-cinco-veiculos-deixa-transito-congesti-740x470-1.jpg\" \/>\n\t<meta property=\"og:image:width\" content=\"740\" \/>\n\t<meta property=\"og:image:height\" content=\"470\" \/>\n\t<meta property=\"og:image:type\" content=\"image\/jpeg\" \/>\n<meta name=\"author\" content=\"Reda\u00e7\u00e3o\" \/>\n<meta name=\"twitter:card\" content=\"summary_large_image\" \/>\n<meta name=\"twitter:label1\" content=\"Escrito por\" \/>\n\t<meta name=\"twitter:data1\" content=\"Reda\u00e7\u00e3o\" \/>\n<script type=\"application\/ld+json\" class=\"yoast-schema-graph\">{\"@context\":\"https:\/\/schema.org\",\"@graph\":[{\"@type\":\"Article\",\"@id\":\"https:\/\/brasilnoticias.org\/site\/salvador-tem-mudancas-no-transito-no-fim-de-semana-confira-locais\/#article\",\"isPartOf\":{\"@id\":\"https:\/\/brasilnoticias.org\/site\/salvador-tem-mudancas-no-transito-no-fim-de-semana-confira-locais\/\"},\"author\":{\"name\":\"Reda\u00e7\u00e3o\",\"@id\":\"https:\/\/brasilnoticias.org\/site\/#\/schema\/person\/03bbbfe6c7634ad18c26444ea39049fa\"},\"headline\":\"Salvador t\u00eam mudan\u00e7as no tr\u00e2nsito no fim de semana; confira locais\",\"datePublished\":\"2023-10-20T18:41:23+00:00\",\"mainEntityOfPage\":{\"@id\":\"https:\/\/brasilnoticias.org\/site\/salvador-tem-mudancas-no-transito-no-fim-de-semana-confira-locais\/\"},\"wordCount\":1277,\"commentCount\":0,\"publisher\":{\"@id\":\"https:\/\/brasilnoticias.org\/site\/#organization\"},\"image\":{\"@id\":\"https:\/\/brasilnoticias.org\/site\/salvador-tem-mudancas-no-transito-no-fim-de-semana-confira-locais\/#primaryimage\"},\"thumbnailUrl\":\"https:\/\/brasilnoticias.org\/site\/wp-content\/uploads\/2023\/10\/imagem-destacada-engavetamento-envolvendo-cinco-veiculos-deixa-transito-congesti-740x470-1.jpg\",\"articleSection\":[\"Not\u00edcias\",\"\u00daltimas\"],\"inLanguage\":\"pt-PT\",\"potentialAction\":[{\"@type\":\"CommentAction\",\"name\":\"Comment\",\"target\":[\"https:\/\/brasilnoticias.org\/site\/salvador-tem-mudancas-no-transito-no-fim-de-semana-confira-locais\/#respond\"]}]},{\"@type\":\"WebPage\",\"@id\":\"https:\/\/brasilnoticias.org\/site\/salvador-tem-mudancas-no-transito-no-fim-de-semana-confira-locais\/\",\"url\":\"https:\/\/brasilnoticias.org\/site\/salvador-tem-mudancas-no-transito-no-fim-de-semana-confira-locais\/\",\"name\":\"Salvador t\u00eam mudan\u00e7as no tr\u00e2nsito no fim de semana; confira locais - Brasil not\u00edcias\",\"isPartOf\":{\"@id\":\"https:\/\/brasilnoticias.org\/site\/#website\"},\"primaryImageOfPage\":{\"@id\":\"https:\/\/brasilnoticias.org\/site\/salvador-tem-mudancas-no-transito-no-fim-de-semana-confira-locais\/#primaryimage\"},\"image\":{\"@id\":\"https:\/\/brasilnoticias.org\/site\/salvador-tem-mudancas-no-transito-no-fim-de-semana-confira-locais\/#primaryimage\"},\"thumbnailUrl\":\"https:\/\/brasilnoticias.org\/site\/wp-content\/uploads\/2023\/10\/imagem-destacada-engavetamento-envolvendo-cinco-veiculos-deixa-transito-congesti-740x470-1.jpg\",\"datePublished\":\"2023-10-20T18:41:23+00:00\",\"breadcrumb\":{\"@id\":\"https:\/\/brasilnoticias.org\/site\/salvador-tem-mudancas-no-transito-no-fim-de-semana-confira-locais\/#breadcrumb\"},\"inLanguage\":\"pt-PT\",\"potentialAction\":[{\"@type\":\"ReadAction\",\"target\":[\"https:\/\/brasilnoticias.org\/site\/salvador-tem-mudancas-no-transito-no-fim-de-semana-confira-locais\/\"]}]},{\"@type\":\"ImageObject\",\"inLanguage\":\"pt-PT\",\"@id\":\"https:\/\/brasilnoticias.org\/site\/salvador-tem-mudancas-no-transito-no-fim-de-semana-confira-locais\/#primaryimage\",\"url\":\"https:\/\/brasilnoticias.org\/site\/wp-content\/uploads\/2023\/10\/imagem-destacada-engavetamento-envolvendo-cinco-veiculos-deixa-transito-congesti-740x470-1.jpg\",\"contentUrl\":\"https:\/\/brasilnoticias.org\/site\/wp-content\/uploads\/2023\/10\/imagem-destacada-engavetamento-envolvendo-cinco-veiculos-deixa-transito-congesti-740x470-1.jpg\",\"width\":740,\"height\":470},{\"@type\":\"BreadcrumbList\",\"@id\":\"https:\/\/brasilnoticias.org\/site\/salvador-tem-mudancas-no-transito-no-fim-de-semana-confira-locais\/#breadcrumb\",\"itemListElement\":[{\"@type\":\"ListItem\",\"position\":1,\"name\":\"In\u00edcio\",\"item\":\"https:\/\/brasilnoticias.org\/site\/\"},{\"@type\":\"ListItem\",\"position\":2,\"name\":\"Salvador t\u00eam mudan\u00e7as no tr\u00e2nsito no fim de semana; confira locais\"}]},{\"@type\":\"WebSite\",\"@id\":\"https:\/\/brasilnoticias.org\/site\/#website\",\"url\":\"https:\/\/brasilnoticias.org\/site\/\",\"name\":\"Brasil not\u00edcias\",\"description\":\"Brasil not\u00edcias\",\"publisher\":{\"@id\":\"https:\/\/brasilnoticias.org\/site\/#organization\"},\"potentialAction\":[{\"@type\":\"SearchAction\",\"target\":{\"@type\":\"EntryPoint\",\"urlTemplate\":\"https:\/\/brasilnoticias.org\/site\/?s={search_term_string}\"},\"query-input\":{\"@type\":\"PropertyValueSpecification\",\"valueRequired\":true,\"valueName\":\"search_term_string\"}}],\"inLanguage\":\"pt-PT\"},{\"@type\":\"Organization\",\"@id\":\"https:\/\/brasilnoticias.org\/site\/#organization\",\"name\":\"Brasil not\u00edcias\",\"url\":\"https:\/\/brasilnoticias.org\/site\/\",\"logo\":{\"@type\":\"ImageObject\",\"inLanguage\":\"pt-PT\",\"@id\":\"https:\/\/brasilnoticias.org\/site\/#\/schema\/logo\/image\/\",\"url\":\"https:\/\/brasilnoticias.org\/site\/wp-content\/uploads\/2022\/05\/cropped-brasilnoticias-mini.jpg\",\"contentUrl\":\"https:\/\/brasilnoticias.org\/site\/wp-content\/uploads\/2022\/05\/cropped-brasilnoticias-mini.jpg\",\"width\":314,\"height\":86,\"caption\":\"Brasil not\u00edcias\"},\"image\":{\"@id\":\"https:\/\/brasilnoticias.org\/site\/#\/schema\/logo\/image\/\"}},{\"@type\":\"Person\",\"@id\":\"https:\/\/brasilnoticias.org\/site\/#\/schema\/person\/03bbbfe6c7634ad18c26444ea39049fa\",\"name\":\"Reda\u00e7\u00e3o\",\"image\":{\"@type\":\"ImageObject\",\"inLanguage\":\"pt-PT\",\"@id\":\"https:\/\/brasilnoticias.org\/site\/#\/schema\/person\/image\/\",\"url\":\"https:\/\/secure.gravatar.com\/avatar\/9ecaf7327a696cb23ad926fedded5f1f04d7049de9e445375d55b48c001a6e42?s=96&d=mm&r=g\",\"contentUrl\":\"https:\/\/secure.gravatar.com\/avatar\/9ecaf7327a696cb23ad926fedded5f1f04d7049de9e445375d55b48c001a6e42?s=96&d=mm&r=g\",\"caption\":\"Reda\u00e7\u00e3o\"},\"url\":\"https:\/\/brasilnoticias.org\/site\/author\/henrique\/\"}]}<\/script>\n<!-- \/ Yoast SEO plugin. -->","yoast_head_json":{"title":"Salvador t\u00eam mudan\u00e7as no tr\u00e2nsito no fim de semana; confira locais - Brasil not\u00edcias","robots":{"index":"index","follow":"follow","max-snippet":"max-snippet:-1","max-image-preview":"max-image-preview:large","max-video-preview":"max-video-preview:-1"},"canonical":"https:\/\/brasilnoticias.org\/site\/salvador-tem-mudancas-no-transito-no-fim-de-semana-confira-locais\/","og_locale":"pt_PT","og_type":"article","og_title":"Salvador t\u00eam mudan\u00e7as no tr\u00e2nsito no fim de semana; confira locais - Brasil not\u00edcias","og_description":"As mudan\u00e7as acontecem em Ondina, Barra, Pituba, Pernambu\u00e9s, Cajazeiras V, Itapu\u00e3 e Rio Vermelho Alguns bairros de Salvador ir\u00e3o ter","og_url":"https:\/\/brasilnoticias.org\/site\/salvador-tem-mudancas-no-transito-no-fim-de-semana-confira-locais\/","og_site_name":"Brasil not\u00edcias","article_published_time":"2023-10-20T18:41:23+00:00","og_image":[{"width":740,"height":470,"url":"https:\/\/brasilnoticias.org\/site\/wp-content\/uploads\/2023\/10\/imagem-destacada-engavetamento-envolvendo-cinco-veiculos-deixa-transito-congesti-740x470-1.jpg","type":"image\/jpeg"}],"author":"Reda\u00e7\u00e3o","twitter_card":"summary_large_image","twitter_misc":{"Escrito por":"Reda\u00e7\u00e3o"},"schema":{"@context":"https:\/\/schema.org","@graph":[{"@type":"Article","@id":"https:\/\/brasilnoticias.org\/site\/salvador-tem-mudancas-no-transito-no-fim-de-semana-confira-locais\/#article","isPartOf":{"@id":"https:\/\/brasilnoticias.org\/site\/salvador-tem-mudancas-no-transito-no-fim-de-semana-confira-locais\/"},"author":{"name":"Reda\u00e7\u00e3o","@id":"https:\/\/brasilnoticias.org\/site\/#\/schema\/person\/03bbbfe6c7634ad18c26444ea39049fa"},"headline":"Salvador t\u00eam mudan\u00e7as no tr\u00e2nsito no fim de semana; confira locais","datePublished":"2023-10-20T18:41:23+00:00","mainEntityOfPage":{"@id":"https:\/\/brasilnoticias.org\/site\/salvador-tem-mudancas-no-transito-no-fim-de-semana-confira-locais\/"},"wordCount":1277,"commentCount":0,"publisher":{"@id":"https:\/\/brasilnoticias.org\/site\/#organization"},"image":{"@id":"https:\/\/brasilnoticias.org\/site\/salvador-tem-mudancas-no-transito-no-fim-de-semana-confira-locais\/#primaryimage"},"thumbnailUrl":"https:\/\/brasilnoticias.org\/site\/wp-content\/uploads\/2023\/10\/imagem-destacada-engavetamento-envolvendo-cinco-veiculos-deixa-transito-congesti-740x470-1.jpg","articleSection":["Not\u00edcias","\u00daltimas"],"inLanguage":"pt-PT","potentialAction":[{"@type":"CommentAction","name":"Comment","target":["https:\/\/brasilnoticias.org\/site\/salvador-tem-mudancas-no-transito-no-fim-de-semana-confira-locais\/#respond"]}]},{"@type":"WebPage","@id":"https:\/\/brasilnoticias.org\/site\/salvador-tem-mudancas-no-transito-no-fim-de-semana-confira-locais\/","url":"https:\/\/brasilnoticias.org\/site\/salvador-tem-mudancas-no-transito-no-fim-de-semana-confira-locais\/","name":"Salvador t\u00eam mudan\u00e7as no tr\u00e2nsito no fim de semana; confira locais - Brasil not\u00edcias","isPartOf":{"@id":"https:\/\/brasilnoticias.org\/site\/#website"},"primaryImageOfPage":{"@id":"https:\/\/brasilnoticias.org\/site\/salvador-tem-mudancas-no-transito-no-fim-de-semana-confira-locais\/#primaryimage"},"image":{"@id":"https:\/\/brasilnoticias.org\/site\/salvador-tem-mudancas-no-transito-no-fim-de-semana-confira-locais\/#primaryimage"},"thumbnailUrl":"https:\/\/brasilnoticias.org\/site\/wp-content\/uploads\/2023\/10\/imagem-destacada-engavetamento-envolvendo-cinco-veiculos-deixa-transito-congesti-740x470-1.jpg","datePublished":"2023-10-20T18:41:23+00:00","breadcrumb":{"@id":"https:\/\/brasilnoticias.org\/site\/salvador-tem-mudancas-no-transito-no-fim-de-semana-confira-locais\/#breadcrumb"},"inLanguage":"pt-PT","potentialAction":[{"@type":"ReadAction","target":["https:\/\/brasilnoticias.org\/site\/salvador-tem-mudancas-no-transito-no-fim-de-semana-confira-locais\/"]}]},{"@type":"ImageObject","inLanguage":"pt-PT","@id":"https:\/\/brasilnoticias.org\/site\/salvador-tem-mudancas-no-transito-no-fim-de-semana-confira-locais\/#primaryimage","url":"https:\/\/brasilnoticias.org\/site\/wp-content\/uploads\/2023\/10\/imagem-destacada-engavetamento-envolvendo-cinco-veiculos-deixa-transito-congesti-740x470-1.jpg","contentUrl":"https:\/\/brasilnoticias.org\/site\/wp-content\/uploads\/2023\/10\/imagem-destacada-engavetamento-envolvendo-cinco-veiculos-deixa-transito-congesti-740x470-1.jpg","width":740,"height":470},{"@type":"BreadcrumbList","@id":"https:\/\/brasilnoticias.org\/site\/salvador-tem-mudancas-no-transito-no-fim-de-semana-confira-locais\/#breadcrumb","itemListElement":[{"@type":"ListItem","position":1,"name":"In\u00edcio","item":"https:\/\/brasilnoticias.org\/site\/"},{"@type":"ListItem","position":2,"name":"Salvador t\u00eam mudan\u00e7as no tr\u00e2nsito no fim de semana; confira locais"}]},{"@type":"WebSite","@id":"https:\/\/brasilnoticias.org\/site\/#website","url":"https:\/\/brasilnoticias.org\/site\/","name":"Brasil not\u00edcias","description":"Brasil not\u00edcias","publisher":{"@id":"https:\/\/brasilnoticias.org\/site\/#organization"},"potentialAction":[{"@type":"SearchAction","target":{"@type":"EntryPoint","urlTemplate":"https:\/\/brasilnoticias.org\/site\/?s={search_term_string}"},"query-input":{"@type":"PropertyValueSpecification","valueRequired":true,"valueName":"search_term_string"}}],"inLanguage":"pt-PT"},{"@type":"Organization","@id":"https:\/\/brasilnoticias.org\/site\/#organization","name":"Brasil not\u00edcias","url":"https:\/\/brasilnoticias.org\/site\/","logo":{"@type":"ImageObject","inLanguage":"pt-PT","@id":"https:\/\/brasilnoticias.org\/site\/#\/schema\/logo\/image\/","url":"https:\/\/brasilnoticias.org\/site\/wp-content\/uploads\/2022\/05\/cropped-brasilnoticias-mini.jpg","contentUrl":"https:\/\/brasilnoticias.org\/site\/wp-content\/uploads\/2022\/05\/cropped-brasilnoticias-mini.jpg","width":314,"height":86,"caption":"Brasil not\u00edcias"},"image":{"@id":"https:\/\/brasilnoticias.org\/site\/#\/schema\/logo\/image\/"}},{"@type":"Person","@id":"https:\/\/brasilnoticias.org\/site\/#\/schema\/person\/03bbbfe6c7634ad18c26444ea39049fa","name":"Reda\u00e7\u00e3o","image":{"@type":"ImageObject","inLanguage":"pt-PT","@id":"https:\/\/brasilnoticias.org\/site\/#\/schema\/person\/image\/","url":"https:\/\/secure.gravatar.com\/avatar\/9ecaf7327a696cb23ad926fedded5f1f04d7049de9e445375d55b48c001a6e42?s=96&d=mm&r=g","contentUrl":"https:\/\/secure.gravatar.com\/avatar\/9ecaf7327a696cb23ad926fedded5f1f04d7049de9e445375d55b48c001a6e42?s=96&d=mm&r=g","caption":"Reda\u00e7\u00e3o"},"url":"https:\/\/brasilnoticias.org\/site\/author\/henrique\/"}]}},"_links":{"self":[{"href":"https:\/\/brasilnoticias.org\/site\/wp-json\/wp\/v2\/posts\/10317","targetHints":{"allow":["GET"]}}],"collection":[{"href":"https:\/\/brasilnoticias.org\/site\/wp-json\/wp\/v2\/posts"}],"about":[{"href":"https:\/\/brasilnoticias.org\/site\/wp-json\/wp\/v2\/types\/post"}],"author":[{"embeddable":true,"href":"https:\/\/brasilnoticias.org\/site\/wp-json\/wp\/v2\/users\/4"}],"replies":[{"embeddable":true,"href":"https:\/\/brasilnoticias.org\/site\/wp-json\/wp\/v2\/comments?post=10317"}],"version-history":[{"count":1,"href":"https:\/\/brasilnoticias.org\/site\/wp-json\/wp\/v2\/posts\/10317\/revisions"}],"predecessor-version":[{"id":10319,"href":"https:\/\/brasilnoticias.org\/site\/wp-json\/wp\/v2\/posts\/10317\/revisions\/10319"}],"wp:featuredmedia":[{"embeddable":true,"href":"https:\/\/brasilnoticias.org\/site\/wp-json\/wp\/v2\/media\/10318"}],"wp:attachment":[{"href":"https:\/\/brasilnoticias.org\/site\/wp-json\/wp\/v2\/media?parent=10317"}],"wp:term":[{"taxonomy":"category","embeddable":true,"href":"https:\/\/brasilnoticias.org\/site\/wp-json\/wp\/v2\/categories?post=10317"},{"taxonomy":"post_tag","embeddable":true,"href":"https:\/\/brasilnoticias.org\/site\/wp-json\/wp\/v2\/tags?post=10317"}],"curies":[{"name":"wp","href":"https:\/\/api.w.org\/{rel}","templated":true}]}}