{"id":10332,"date":"2023-10-20T15:50:08","date_gmt":"2023-10-20T18:50:08","guid":{"rendered":"https:\/\/brasilnoticias.org\/site\/?p=10332"},"modified":"2023-10-20T15:50:08","modified_gmt":"2023-10-20T18:50:08","slug":"mpf-defende-inconstitucionalidade-do-marco-temporal-e-pede-veto-integral-a-projeto-de-lei","status":"publish","type":"post","link":"https:\/\/brasilnoticias.org\/site\/mpf-defende-inconstitucionalidade-do-marco-temporal-e-pede-veto-integral-a-projeto-de-lei\/","title":{"rendered":"MPF defende inconstitucionalidade do Marco Temporal e pede veto integral a projeto de lei"},"content":{"rendered":"<p>Nota foi elaborada pela C\u00e2mara de Popula\u00e7\u00f5es Ind\u00edgenas e Comunidades Tradicionais<\/p>\n<p>O Minist\u00e9rio P\u00fablico Federal (MPF) divulgou uma nota, nesta quinta-feira (19), definindo o projeto de lei que estabelece o Marco Temporal para demarca\u00e7\u00f5es de terras ind\u00edgenas, como &#8220;inconstitucional&#8221; e &#8220;inconvencional&#8221;. O \u00f3rg\u00e3o defende ainda que o projeto deve ser vetado.<\/p>\n<p>A nota foi elaborada pela C\u00e2mara de Popula\u00e7\u00f5es Ind\u00edgenas e Comunidades Tradicionais (6CCR) do MPF, e diz que a aplica\u00e7\u00e3o da tese n\u00e3o pode ser feita por meio de lei ordin\u00e1ria. O documento alega que a aplica\u00e7\u00e3o do Marco Temporal restringe os direitos garantidos aos ind\u00edgenas na Constitui\u00e7\u00e3o, os quais, segundo o MPF, s\u00e3o cl\u00e1usulas p\u00e9treas, e, por isso, n\u00e3o poderiam ser alterados nem mesmo por meio de uma Proposta de Emenda \u00e0 Constitui\u00e7\u00e3o (PEC).<\/p>\n<p>O Marco Temporal foi aprovado pelo Senado no m\u00eas de setembro e determina que os ind\u00edgenas s\u00f3 ter\u00e3o direito \u00e0s terras consideradas ancestrais os povos que as estivessem ocupando no dia da promulga\u00e7\u00e3o da Constitui\u00e7\u00e3o Federal, em 5 de outubro de 1988.<\/p>\n<p>Como o texto tamb\u00e9m j\u00e1 foi aprovado pela C\u00e2mara, o PL aguarda san\u00e7\u00e3o do presidente Luiz In\u00e1cio Lula da Silva (PT). O projeto contraria uma decis\u00e3o do Supremo Tribunal Federal (STF), proferida em setembro.<\/p>\n<p>Foto: Jo\u00e9dson Alves\/Ag\u00eancia Brasil<br \/>\nPor: Metro1<\/p>\n","protected":false},"excerpt":{"rendered":"<p>Nota foi elaborada pela C\u00e2mara de Popula\u00e7\u00f5es Ind\u00edgenas e Comunidades Tradicionais O Minist\u00e9rio P\u00fablico Federal (MPF) divulgou uma nota, nesta<\/p>\n","protected":false},"author":4,"featured_media":10333,"comment_status":"open","ping_status":"open","sticky":false,"template":"","format":"standard","meta":{"colormag_page_container_layout":"default_layout","colormag_page_sidebar_layout":"default_layout","_FSMCFIC_featured_image_caption":"","_FSMCFIC_featured_image_nocaption":"","_FSMCFIC_featured_image_hide":"","footnotes":""},"categories":[7,1],"tags":[],"class_list":["post-10332","post","type-post","status-publish","format-standard","has-post-thumbnail","hentry","category-justica","category-ultimas"],"yoast_head":"<!-- This site is optimized with the Yoast SEO plugin v27.1.1 - https:\/\/yoast.com\/product\/yoast-seo-wordpress\/ -->\n<title>MPF defende inconstitucionalidade do Marco Temporal e pede veto integral a projeto de lei - Brasil not\u00edcias<\/title>\n<meta name=\"robots\" content=\"index, follow, max-snippet:-1, max-image-preview:large, max-video-preview:-1\" \/>\n<link rel=\"canonical\" href=\"https:\/\/brasilnoticias.org\/site\/mpf-defende-inconstitucionalidade-do-marco-temporal-e-pede-veto-integral-a-projeto-de-lei\/\" \/>\n<meta property=\"og:locale\" content=\"pt_PT\" \/>\n<meta property=\"og:type\" content=\"article\" \/>\n<meta property=\"og:title\" content=\"MPF defende inconstitucionalidade do Marco Temporal e pede veto integral a projeto de lei - Brasil not\u00edcias\" \/>\n<meta property=\"og:description\" content=\"Nota foi elaborada pela C\u00e2mara de Popula\u00e7\u00f5es Ind\u00edgenas e Comunidades Tradicionais O Minist\u00e9rio P\u00fablico Federal (MPF) divulgou uma nota, nesta\" \/>\n<meta property=\"og:url\" content=\"https:\/\/brasilnoticias.org\/site\/mpf-defende-inconstitucionalidade-do-marco-temporal-e-pede-veto-integral-a-projeto-de-lei\/\" \/>\n<meta property=\"og:site_name\" content=\"Brasil not\u00edcias\" \/>\n<meta property=\"article:published_time\" content=\"2023-10-20T18:50:08+00:00\" \/>\n<meta property=\"og:image\" content=\"https:\/\/brasilnoticias.org\/site\/wp-content\/uploads\/2023\/10\/142255mpf-defende-inconstitucionalidade-do-marco-temporal-e-pede-veto-integral-a-projeto-de-lei-3.jpg\" \/>\n\t<meta property=\"og:image:width\" content=\"1600\" \/>\n\t<meta property=\"og:image:height\" content=\"752\" \/>\n\t<meta property=\"og:image:type\" content=\"image\/jpeg\" \/>\n<meta name=\"author\" content=\"Reda\u00e7\u00e3o\" \/>\n<meta name=\"twitter:card\" content=\"summary_large_image\" \/>\n<meta name=\"twitter:label1\" content=\"Escrito por\" \/>\n\t<meta name=\"twitter:data1\" content=\"Reda\u00e7\u00e3o\" \/>\n<script type=\"application\/ld+json\" class=\"yoast-schema-graph\">{\"@context\":\"https:\/\/schema.org\",\"@graph\":[{\"@type\":\"Article\",\"@id\":\"https:\/\/brasilnoticias.org\/site\/mpf-defende-inconstitucionalidade-do-marco-temporal-e-pede-veto-integral-a-projeto-de-lei\/#article\",\"isPartOf\":{\"@id\":\"https:\/\/brasilnoticias.org\/site\/mpf-defende-inconstitucionalidade-do-marco-temporal-e-pede-veto-integral-a-projeto-de-lei\/\"},\"author\":{\"name\":\"Reda\u00e7\u00e3o\",\"@id\":\"https:\/\/brasilnoticias.org\/site\/#\/schema\/person\/03bbbfe6c7634ad18c26444ea39049fa\"},\"headline\":\"MPF defende inconstitucionalidade do Marco Temporal e pede veto integral a projeto de lei\",\"datePublished\":\"2023-10-20T18:50:08+00:00\",\"mainEntityOfPage\":{\"@id\":\"https:\/\/brasilnoticias.org\/site\/mpf-defende-inconstitucionalidade-do-marco-temporal-e-pede-veto-integral-a-projeto-de-lei\/\"},\"wordCount\":253,\"commentCount\":0,\"publisher\":{\"@id\":\"https:\/\/brasilnoticias.org\/site\/#organization\"},\"image\":{\"@id\":\"https:\/\/brasilnoticias.org\/site\/mpf-defende-inconstitucionalidade-do-marco-temporal-e-pede-veto-integral-a-projeto-de-lei\/#primaryimage\"},\"thumbnailUrl\":\"https:\/\/brasilnoticias.org\/site\/wp-content\/uploads\/2023\/10\/142255mpf-defende-inconstitucionalidade-do-marco-temporal-e-pede-veto-integral-a-projeto-de-lei-3.jpg\",\"articleSection\":[\"Justi\u00e7a\",\"\u00daltimas\"],\"inLanguage\":\"pt-PT\",\"potentialAction\":[{\"@type\":\"CommentAction\",\"name\":\"Comment\",\"target\":[\"https:\/\/brasilnoticias.org\/site\/mpf-defende-inconstitucionalidade-do-marco-temporal-e-pede-veto-integral-a-projeto-de-lei\/#respond\"]}]},{\"@type\":\"WebPage\",\"@id\":\"https:\/\/brasilnoticias.org\/site\/mpf-defende-inconstitucionalidade-do-marco-temporal-e-pede-veto-integral-a-projeto-de-lei\/\",\"url\":\"https:\/\/brasilnoticias.org\/site\/mpf-defende-inconstitucionalidade-do-marco-temporal-e-pede-veto-integral-a-projeto-de-lei\/\",\"name\":\"MPF defende inconstitucionalidade do Marco Temporal e pede veto integral a projeto de lei - Brasil not\u00edcias\",\"isPartOf\":{\"@id\":\"https:\/\/brasilnoticias.org\/site\/#website\"},\"primaryImageOfPage\":{\"@id\":\"https:\/\/brasilnoticias.org\/site\/mpf-defende-inconstitucionalidade-do-marco-temporal-e-pede-veto-integral-a-projeto-de-lei\/#primaryimage\"},\"image\":{\"@id\":\"https:\/\/brasilnoticias.org\/site\/mpf-defende-inconstitucionalidade-do-marco-temporal-e-pede-veto-integral-a-projeto-de-lei\/#primaryimage\"},\"thumbnailUrl\":\"https:\/\/brasilnoticias.org\/site\/wp-content\/uploads\/2023\/10\/142255mpf-defende-inconstitucionalidade-do-marco-temporal-e-pede-veto-integral-a-projeto-de-lei-3.jpg\",\"datePublished\":\"2023-10-20T18:50:08+00:00\",\"breadcrumb\":{\"@id\":\"https:\/\/brasilnoticias.org\/site\/mpf-defende-inconstitucionalidade-do-marco-temporal-e-pede-veto-integral-a-projeto-de-lei\/#breadcrumb\"},\"inLanguage\":\"pt-PT\",\"potentialAction\":[{\"@type\":\"ReadAction\",\"target\":[\"https:\/\/brasilnoticias.org\/site\/mpf-defende-inconstitucionalidade-do-marco-temporal-e-pede-veto-integral-a-projeto-de-lei\/\"]}]},{\"@type\":\"ImageObject\",\"inLanguage\":\"pt-PT\",\"@id\":\"https:\/\/brasilnoticias.org\/site\/mpf-defende-inconstitucionalidade-do-marco-temporal-e-pede-veto-integral-a-projeto-de-lei\/#primaryimage\",\"url\":\"https:\/\/brasilnoticias.org\/site\/wp-content\/uploads\/2023\/10\/142255mpf-defende-inconstitucionalidade-do-marco-temporal-e-pede-veto-integral-a-projeto-de-lei-3.jpg\",\"contentUrl\":\"https:\/\/brasilnoticias.org\/site\/wp-content\/uploads\/2023\/10\/142255mpf-defende-inconstitucionalidade-do-marco-temporal-e-pede-veto-integral-a-projeto-de-lei-3.jpg\",\"width\":1600,\"height\":752},{\"@type\":\"BreadcrumbList\",\"@id\":\"https:\/\/brasilnoticias.org\/site\/mpf-defende-inconstitucionalidade-do-marco-temporal-e-pede-veto-integral-a-projeto-de-lei\/#breadcrumb\",\"itemListElement\":[{\"@type\":\"ListItem\",\"position\":1,\"name\":\"In\u00edcio\",\"item\":\"https:\/\/brasilnoticias.org\/site\/\"},{\"@type\":\"ListItem\",\"position\":2,\"name\":\"MPF defende inconstitucionalidade do Marco Temporal e pede veto integral a projeto de lei\"}]},{\"@type\":\"WebSite\",\"@id\":\"https:\/\/brasilnoticias.org\/site\/#website\",\"url\":\"https:\/\/brasilnoticias.org\/site\/\",\"name\":\"Brasil not\u00edcias\",\"description\":\"Brasil not\u00edcias\",\"publisher\":{\"@id\":\"https:\/\/brasilnoticias.org\/site\/#organization\"},\"potentialAction\":[{\"@type\":\"SearchAction\",\"target\":{\"@type\":\"EntryPoint\",\"urlTemplate\":\"https:\/\/brasilnoticias.org\/site\/?s={search_term_string}\"},\"query-input\":{\"@type\":\"PropertyValueSpecification\",\"valueRequired\":true,\"valueName\":\"search_term_string\"}}],\"inLanguage\":\"pt-PT\"},{\"@type\":\"Organization\",\"@id\":\"https:\/\/brasilnoticias.org\/site\/#organization\",\"name\":\"Brasil not\u00edcias\",\"url\":\"https:\/\/brasilnoticias.org\/site\/\",\"logo\":{\"@type\":\"ImageObject\",\"inLanguage\":\"pt-PT\",\"@id\":\"https:\/\/brasilnoticias.org\/site\/#\/schema\/logo\/image\/\",\"url\":\"https:\/\/brasilnoticias.org\/site\/wp-content\/uploads\/2022\/05\/cropped-brasilnoticias-mini.jpg\",\"contentUrl\":\"https:\/\/brasilnoticias.org\/site\/wp-content\/uploads\/2022\/05\/cropped-brasilnoticias-mini.jpg\",\"width\":314,\"height\":86,\"caption\":\"Brasil not\u00edcias\"},\"image\":{\"@id\":\"https:\/\/brasilnoticias.org\/site\/#\/schema\/logo\/image\/\"}},{\"@type\":\"Person\",\"@id\":\"https:\/\/brasilnoticias.org\/site\/#\/schema\/person\/03bbbfe6c7634ad18c26444ea39049fa\",\"name\":\"Reda\u00e7\u00e3o\",\"image\":{\"@type\":\"ImageObject\",\"inLanguage\":\"pt-PT\",\"@id\":\"https:\/\/brasilnoticias.org\/site\/#\/schema\/person\/image\/\",\"url\":\"https:\/\/secure.gravatar.com\/avatar\/9ecaf7327a696cb23ad926fedded5f1f04d7049de9e445375d55b48c001a6e42?s=96&d=mm&r=g\",\"contentUrl\":\"https:\/\/secure.gravatar.com\/avatar\/9ecaf7327a696cb23ad926fedded5f1f04d7049de9e445375d55b48c001a6e42?s=96&d=mm&r=g\",\"caption\":\"Reda\u00e7\u00e3o\"},\"url\":\"https:\/\/brasilnoticias.org\/site\/author\/henrique\/\"}]}<\/script>\n<!-- \/ Yoast SEO plugin. -->","yoast_head_json":{"title":"MPF defende inconstitucionalidade do Marco Temporal e pede veto integral a projeto de lei - Brasil not\u00edcias","robots":{"index":"index","follow":"follow","max-snippet":"max-snippet:-1","max-image-preview":"max-image-preview:large","max-video-preview":"max-video-preview:-1"},"canonical":"https:\/\/brasilnoticias.org\/site\/mpf-defende-inconstitucionalidade-do-marco-temporal-e-pede-veto-integral-a-projeto-de-lei\/","og_locale":"pt_PT","og_type":"article","og_title":"MPF defende inconstitucionalidade do Marco Temporal e pede veto integral a projeto de lei - Brasil not\u00edcias","og_description":"Nota foi elaborada pela C\u00e2mara de Popula\u00e7\u00f5es Ind\u00edgenas e Comunidades Tradicionais O Minist\u00e9rio P\u00fablico Federal (MPF) divulgou uma nota, nesta","og_url":"https:\/\/brasilnoticias.org\/site\/mpf-defende-inconstitucionalidade-do-marco-temporal-e-pede-veto-integral-a-projeto-de-lei\/","og_site_name":"Brasil not\u00edcias","article_published_time":"2023-10-20T18:50:08+00:00","og_image":[{"width":1600,"height":752,"url":"https:\/\/brasilnoticias.org\/site\/wp-content\/uploads\/2023\/10\/142255mpf-defende-inconstitucionalidade-do-marco-temporal-e-pede-veto-integral-a-projeto-de-lei-3.jpg","type":"image\/jpeg"}],"author":"Reda\u00e7\u00e3o","twitter_card":"summary_large_image","twitter_misc":{"Escrito por":"Reda\u00e7\u00e3o"},"schema":{"@context":"https:\/\/schema.org","@graph":[{"@type":"Article","@id":"https:\/\/brasilnoticias.org\/site\/mpf-defende-inconstitucionalidade-do-marco-temporal-e-pede-veto-integral-a-projeto-de-lei\/#article","isPartOf":{"@id":"https:\/\/brasilnoticias.org\/site\/mpf-defende-inconstitucionalidade-do-marco-temporal-e-pede-veto-integral-a-projeto-de-lei\/"},"author":{"name":"Reda\u00e7\u00e3o","@id":"https:\/\/brasilnoticias.org\/site\/#\/schema\/person\/03bbbfe6c7634ad18c26444ea39049fa"},"headline":"MPF defende inconstitucionalidade do Marco Temporal e pede veto integral a projeto de lei","datePublished":"2023-10-20T18:50:08+00:00","mainEntityOfPage":{"@id":"https:\/\/brasilnoticias.org\/site\/mpf-defende-inconstitucionalidade-do-marco-temporal-e-pede-veto-integral-a-projeto-de-lei\/"},"wordCount":253,"commentCount":0,"publisher":{"@id":"https:\/\/brasilnoticias.org\/site\/#organization"},"image":{"@id":"https:\/\/brasilnoticias.org\/site\/mpf-defende-inconstitucionalidade-do-marco-temporal-e-pede-veto-integral-a-projeto-de-lei\/#primaryimage"},"thumbnailUrl":"https:\/\/brasilnoticias.org\/site\/wp-content\/uploads\/2023\/10\/142255mpf-defende-inconstitucionalidade-do-marco-temporal-e-pede-veto-integral-a-projeto-de-lei-3.jpg","articleSection":["Justi\u00e7a","\u00daltimas"],"inLanguage":"pt-PT","potentialAction":[{"@type":"CommentAction","name":"Comment","target":["https:\/\/brasilnoticias.org\/site\/mpf-defende-inconstitucionalidade-do-marco-temporal-e-pede-veto-integral-a-projeto-de-lei\/#respond"]}]},{"@type":"WebPage","@id":"https:\/\/brasilnoticias.org\/site\/mpf-defende-inconstitucionalidade-do-marco-temporal-e-pede-veto-integral-a-projeto-de-lei\/","url":"https:\/\/brasilnoticias.org\/site\/mpf-defende-inconstitucionalidade-do-marco-temporal-e-pede-veto-integral-a-projeto-de-lei\/","name":"MPF defende inconstitucionalidade do Marco Temporal e pede veto integral a projeto de lei - Brasil not\u00edcias","isPartOf":{"@id":"https:\/\/brasilnoticias.org\/site\/#website"},"primaryImageOfPage":{"@id":"https:\/\/brasilnoticias.org\/site\/mpf-defende-inconstitucionalidade-do-marco-temporal-e-pede-veto-integral-a-projeto-de-lei\/#primaryimage"},"image":{"@id":"https:\/\/brasilnoticias.org\/site\/mpf-defende-inconstitucionalidade-do-marco-temporal-e-pede-veto-integral-a-projeto-de-lei\/#primaryimage"},"thumbnailUrl":"https:\/\/brasilnoticias.org\/site\/wp-content\/uploads\/2023\/10\/142255mpf-defende-inconstitucionalidade-do-marco-temporal-e-pede-veto-integral-a-projeto-de-lei-3.jpg","datePublished":"2023-10-20T18:50:08+00:00","breadcrumb":{"@id":"https:\/\/brasilnoticias.org\/site\/mpf-defende-inconstitucionalidade-do-marco-temporal-e-pede-veto-integral-a-projeto-de-lei\/#breadcrumb"},"inLanguage":"pt-PT","potentialAction":[{"@type":"ReadAction","target":["https:\/\/brasilnoticias.org\/site\/mpf-defende-inconstitucionalidade-do-marco-temporal-e-pede-veto-integral-a-projeto-de-lei\/"]}]},{"@type":"ImageObject","inLanguage":"pt-PT","@id":"https:\/\/brasilnoticias.org\/site\/mpf-defende-inconstitucionalidade-do-marco-temporal-e-pede-veto-integral-a-projeto-de-lei\/#primaryimage","url":"https:\/\/brasilnoticias.org\/site\/wp-content\/uploads\/2023\/10\/142255mpf-defende-inconstitucionalidade-do-marco-temporal-e-pede-veto-integral-a-projeto-de-lei-3.jpg","contentUrl":"https:\/\/brasilnoticias.org\/site\/wp-content\/uploads\/2023\/10\/142255mpf-defende-inconstitucionalidade-do-marco-temporal-e-pede-veto-integral-a-projeto-de-lei-3.jpg","width":1600,"height":752},{"@type":"BreadcrumbList","@id":"https:\/\/brasilnoticias.org\/site\/mpf-defende-inconstitucionalidade-do-marco-temporal-e-pede-veto-integral-a-projeto-de-lei\/#breadcrumb","itemListElement":[{"@type":"ListItem","position":1,"name":"In\u00edcio","item":"https:\/\/brasilnoticias.org\/site\/"},{"@type":"ListItem","position":2,"name":"MPF defende inconstitucionalidade do Marco Temporal e pede veto integral a projeto de lei"}]},{"@type":"WebSite","@id":"https:\/\/brasilnoticias.org\/site\/#website","url":"https:\/\/brasilnoticias.org\/site\/","name":"Brasil not\u00edcias","description":"Brasil not\u00edcias","publisher":{"@id":"https:\/\/brasilnoticias.org\/site\/#organization"},"potentialAction":[{"@type":"SearchAction","target":{"@type":"EntryPoint","urlTemplate":"https:\/\/brasilnoticias.org\/site\/?s={search_term_string}"},"query-input":{"@type":"PropertyValueSpecification","valueRequired":true,"valueName":"search_term_string"}}],"inLanguage":"pt-PT"},{"@type":"Organization","@id":"https:\/\/brasilnoticias.org\/site\/#organization","name":"Brasil not\u00edcias","url":"https:\/\/brasilnoticias.org\/site\/","logo":{"@type":"ImageObject","inLanguage":"pt-PT","@id":"https:\/\/brasilnoticias.org\/site\/#\/schema\/logo\/image\/","url":"https:\/\/brasilnoticias.org\/site\/wp-content\/uploads\/2022\/05\/cropped-brasilnoticias-mini.jpg","contentUrl":"https:\/\/brasilnoticias.org\/site\/wp-content\/uploads\/2022\/05\/cropped-brasilnoticias-mini.jpg","width":314,"height":86,"caption":"Brasil not\u00edcias"},"image":{"@id":"https:\/\/brasilnoticias.org\/site\/#\/schema\/logo\/image\/"}},{"@type":"Person","@id":"https:\/\/brasilnoticias.org\/site\/#\/schema\/person\/03bbbfe6c7634ad18c26444ea39049fa","name":"Reda\u00e7\u00e3o","image":{"@type":"ImageObject","inLanguage":"pt-PT","@id":"https:\/\/brasilnoticias.org\/site\/#\/schema\/person\/image\/","url":"https:\/\/secure.gravatar.com\/avatar\/9ecaf7327a696cb23ad926fedded5f1f04d7049de9e445375d55b48c001a6e42?s=96&d=mm&r=g","contentUrl":"https:\/\/secure.gravatar.com\/avatar\/9ecaf7327a696cb23ad926fedded5f1f04d7049de9e445375d55b48c001a6e42?s=96&d=mm&r=g","caption":"Reda\u00e7\u00e3o"},"url":"https:\/\/brasilnoticias.org\/site\/author\/henrique\/"}]}},"_links":{"self":[{"href":"https:\/\/brasilnoticias.org\/site\/wp-json\/wp\/v2\/posts\/10332","targetHints":{"allow":["GET"]}}],"collection":[{"href":"https:\/\/brasilnoticias.org\/site\/wp-json\/wp\/v2\/posts"}],"about":[{"href":"https:\/\/brasilnoticias.org\/site\/wp-json\/wp\/v2\/types\/post"}],"author":[{"embeddable":true,"href":"https:\/\/brasilnoticias.org\/site\/wp-json\/wp\/v2\/users\/4"}],"replies":[{"embeddable":true,"href":"https:\/\/brasilnoticias.org\/site\/wp-json\/wp\/v2\/comments?post=10332"}],"version-history":[{"count":1,"href":"https:\/\/brasilnoticias.org\/site\/wp-json\/wp\/v2\/posts\/10332\/revisions"}],"predecessor-version":[{"id":10334,"href":"https:\/\/brasilnoticias.org\/site\/wp-json\/wp\/v2\/posts\/10332\/revisions\/10334"}],"wp:featuredmedia":[{"embeddable":true,"href":"https:\/\/brasilnoticias.org\/site\/wp-json\/wp\/v2\/media\/10333"}],"wp:attachment":[{"href":"https:\/\/brasilnoticias.org\/site\/wp-json\/wp\/v2\/media?parent=10332"}],"wp:term":[{"taxonomy":"category","embeddable":true,"href":"https:\/\/brasilnoticias.org\/site\/wp-json\/wp\/v2\/categories?post=10332"},{"taxonomy":"post_tag","embeddable":true,"href":"https:\/\/brasilnoticias.org\/site\/wp-json\/wp\/v2\/tags?post=10332"}],"curies":[{"name":"wp","href":"https:\/\/api.w.org\/{rel}","templated":true}]}}