{"id":10335,"date":"2023-10-20T15:51:23","date_gmt":"2023-10-20T18:51:23","guid":{"rendered":"https:\/\/brasilnoticias.org\/site\/?p=10335"},"modified":"2023-10-20T15:52:03","modified_gmt":"2023-10-20T18:52:03","slug":"abin-afasta-servidores-que-foram-alvo-de-busca-e-apreensao-da-pf","status":"publish","type":"post","link":"https:\/\/brasilnoticias.org\/site\/abin-afasta-servidores-que-foram-alvo-de-busca-e-apreensao-da-pf\/","title":{"rendered":"Abin afasta servidores que foram alvo de busca e apreens\u00e3o da PF"},"content":{"rendered":"<p>A ag\u00eancia informou que a uma sindic\u00e2ncia interna j\u00e1 tinha conclu\u00eddo pelo desligamento dos investigados<\/p>\n<p>A Ag\u00eancia Brasileira de Intelig\u00eancia (Abin) divulgou uma nota em que comunicou o afastamento dos servidores que foram alvo da Pol\u00edcia Federal. Em opera\u00e7\u00e3o realizada nesta sexta-feira(20), foi feita busca e apreens\u00e3o para investigar o uso irregular de um sistema secreto de monitoramento de geolocaliza\u00e7\u00e3o de celulares.<\/p>\n<p>O uso desse software teria sido feito entre 2019 e 2022, durante a gest\u00e3o do ex-presidente Jair Bolsonaro (PL). Segundo a Abin, em 23 de fevereiro a ag\u00eancia concluiu um processo interno de investiga\u00e7\u00e3o sobre o caso, quando a corregedoria-geral decidiu por prosseguir com uma sindic\u00e2ncia investigativa, que foi aberta no \u00faltimo dia 21 de mar\u00e7o.<\/p>\n<p>Os mandados foram cumpridos em S\u00e3o Paulo (2), Santa Catarina (3), Paran\u00e1 (2) e Goi\u00e1s (1), al\u00e9m do Distrito Federal (17). Nesta sexta, o ministro do Supremo Tribunal Federal (STF), Alexandre de Moraes, ainda decidiu por afastar cinco servidores, dentre ele o n\u00famero 3 da Abin, Paulo Maur\u00edcio Fortunato Pinto.<\/p>\n<p>Foto: Reprodu\u00e7\u00e3o<br \/>\nPor: Metro1<\/p>\n","protected":false},"excerpt":{"rendered":"<p>A ag\u00eancia informou que a uma sindic\u00e2ncia interna j\u00e1 tinha conclu\u00eddo pelo desligamento dos investigados A Ag\u00eancia Brasileira de Intelig\u00eancia<\/p>\n","protected":false},"author":4,"featured_media":10336,"comment_status":"open","ping_status":"open","sticky":false,"template":"","format":"standard","meta":{"colormag_page_container_layout":"default_layout","colormag_page_sidebar_layout":"default_layout","_FSMCFIC_featured_image_caption":"","_FSMCFIC_featured_image_nocaption":"","_FSMCFIC_featured_image_hide":"","footnotes":""},"categories":[2,1],"tags":[],"class_list":["post-10335","post","type-post","status-publish","format-standard","has-post-thumbnail","hentry","category-noticias","category-ultimas"],"yoast_head":"<!-- This site is optimized with the Yoast SEO plugin v27.1.1 - https:\/\/yoast.com\/product\/yoast-seo-wordpress\/ -->\n<title>Abin afasta servidores que foram alvo de busca e apreens\u00e3o da PF - Brasil not\u00edcias<\/title>\n<meta name=\"robots\" content=\"index, follow, max-snippet:-1, max-image-preview:large, max-video-preview:-1\" \/>\n<link rel=\"canonical\" href=\"https:\/\/brasilnoticias.org\/site\/abin-afasta-servidores-que-foram-alvo-de-busca-e-apreensao-da-pf\/\" \/>\n<meta property=\"og:locale\" content=\"pt_PT\" \/>\n<meta property=\"og:type\" content=\"article\" \/>\n<meta property=\"og:title\" content=\"Abin afasta servidores que foram alvo de busca e apreens\u00e3o da PF - Brasil not\u00edcias\" \/>\n<meta property=\"og:description\" content=\"A ag\u00eancia informou que a uma sindic\u00e2ncia interna j\u00e1 tinha conclu\u00eddo pelo desligamento dos investigados A Ag\u00eancia Brasileira de Intelig\u00eancia\" \/>\n<meta property=\"og:url\" content=\"https:\/\/brasilnoticias.org\/site\/abin-afasta-servidores-que-foram-alvo-de-busca-e-apreensao-da-pf\/\" \/>\n<meta property=\"og:site_name\" content=\"Brasil not\u00edcias\" \/>\n<meta property=\"article:published_time\" content=\"2023-10-20T18:51:23+00:00\" \/>\n<meta property=\"article:modified_time\" content=\"2023-10-20T18:52:03+00:00\" \/>\n<meta property=\"og:image\" content=\"https:\/\/brasilnoticias.org\/site\/wp-content\/uploads\/2023\/10\/142262abin-afasta-servidores-que-foram-alvo-de-busca-e-apreensao-da-pf-3.jpg\" \/>\n\t<meta property=\"og:image:width\" content=\"1600\" \/>\n\t<meta property=\"og:image:height\" content=\"752\" \/>\n\t<meta property=\"og:image:type\" content=\"image\/jpeg\" \/>\n<meta name=\"author\" content=\"Reda\u00e7\u00e3o\" \/>\n<meta name=\"twitter:card\" content=\"summary_large_image\" \/>\n<meta name=\"twitter:label1\" content=\"Escrito por\" \/>\n\t<meta name=\"twitter:data1\" content=\"Reda\u00e7\u00e3o\" \/>\n\t<meta name=\"twitter:label2\" content=\"Tempo estimado de leitura\" \/>\n\t<meta name=\"twitter:data2\" content=\"1 minuto\" \/>\n<script type=\"application\/ld+json\" class=\"yoast-schema-graph\">{\"@context\":\"https:\/\/schema.org\",\"@graph\":[{\"@type\":\"Article\",\"@id\":\"https:\/\/brasilnoticias.org\/site\/abin-afasta-servidores-que-foram-alvo-de-busca-e-apreensao-da-pf\/#article\",\"isPartOf\":{\"@id\":\"https:\/\/brasilnoticias.org\/site\/abin-afasta-servidores-que-foram-alvo-de-busca-e-apreensao-da-pf\/\"},\"author\":{\"name\":\"Reda\u00e7\u00e3o\",\"@id\":\"https:\/\/brasilnoticias.org\/site\/#\/schema\/person\/03bbbfe6c7634ad18c26444ea39049fa\"},\"headline\":\"Abin afasta servidores que foram alvo de busca e apreens\u00e3o da PF\",\"datePublished\":\"2023-10-20T18:51:23+00:00\",\"dateModified\":\"2023-10-20T18:52:03+00:00\",\"mainEntityOfPage\":{\"@id\":\"https:\/\/brasilnoticias.org\/site\/abin-afasta-servidores-que-foram-alvo-de-busca-e-apreensao-da-pf\/\"},\"wordCount\":195,\"commentCount\":0,\"publisher\":{\"@id\":\"https:\/\/brasilnoticias.org\/site\/#organization\"},\"image\":{\"@id\":\"https:\/\/brasilnoticias.org\/site\/abin-afasta-servidores-que-foram-alvo-de-busca-e-apreensao-da-pf\/#primaryimage\"},\"thumbnailUrl\":\"https:\/\/brasilnoticias.org\/site\/wp-content\/uploads\/2023\/10\/142262abin-afasta-servidores-que-foram-alvo-de-busca-e-apreensao-da-pf-3.jpg\",\"articleSection\":[\"Not\u00edcias\",\"\u00daltimas\"],\"inLanguage\":\"pt-PT\",\"potentialAction\":[{\"@type\":\"CommentAction\",\"name\":\"Comment\",\"target\":[\"https:\/\/brasilnoticias.org\/site\/abin-afasta-servidores-que-foram-alvo-de-busca-e-apreensao-da-pf\/#respond\"]}]},{\"@type\":\"WebPage\",\"@id\":\"https:\/\/brasilnoticias.org\/site\/abin-afasta-servidores-que-foram-alvo-de-busca-e-apreensao-da-pf\/\",\"url\":\"https:\/\/brasilnoticias.org\/site\/abin-afasta-servidores-que-foram-alvo-de-busca-e-apreensao-da-pf\/\",\"name\":\"Abin afasta servidores que foram alvo de busca e apreens\u00e3o da PF - Brasil not\u00edcias\",\"isPartOf\":{\"@id\":\"https:\/\/brasilnoticias.org\/site\/#website\"},\"primaryImageOfPage\":{\"@id\":\"https:\/\/brasilnoticias.org\/site\/abin-afasta-servidores-que-foram-alvo-de-busca-e-apreensao-da-pf\/#primaryimage\"},\"image\":{\"@id\":\"https:\/\/brasilnoticias.org\/site\/abin-afasta-servidores-que-foram-alvo-de-busca-e-apreensao-da-pf\/#primaryimage\"},\"thumbnailUrl\":\"https:\/\/brasilnoticias.org\/site\/wp-content\/uploads\/2023\/10\/142262abin-afasta-servidores-que-foram-alvo-de-busca-e-apreensao-da-pf-3.jpg\",\"datePublished\":\"2023-10-20T18:51:23+00:00\",\"dateModified\":\"2023-10-20T18:52:03+00:00\",\"breadcrumb\":{\"@id\":\"https:\/\/brasilnoticias.org\/site\/abin-afasta-servidores-que-foram-alvo-de-busca-e-apreensao-da-pf\/#breadcrumb\"},\"inLanguage\":\"pt-PT\",\"potentialAction\":[{\"@type\":\"ReadAction\",\"target\":[\"https:\/\/brasilnoticias.org\/site\/abin-afasta-servidores-que-foram-alvo-de-busca-e-apreensao-da-pf\/\"]}]},{\"@type\":\"ImageObject\",\"inLanguage\":\"pt-PT\",\"@id\":\"https:\/\/brasilnoticias.org\/site\/abin-afasta-servidores-que-foram-alvo-de-busca-e-apreensao-da-pf\/#primaryimage\",\"url\":\"https:\/\/brasilnoticias.org\/site\/wp-content\/uploads\/2023\/10\/142262abin-afasta-servidores-que-foram-alvo-de-busca-e-apreensao-da-pf-3.jpg\",\"contentUrl\":\"https:\/\/brasilnoticias.org\/site\/wp-content\/uploads\/2023\/10\/142262abin-afasta-servidores-que-foram-alvo-de-busca-e-apreensao-da-pf-3.jpg\",\"width\":1600,\"height\":752},{\"@type\":\"BreadcrumbList\",\"@id\":\"https:\/\/brasilnoticias.org\/site\/abin-afasta-servidores-que-foram-alvo-de-busca-e-apreensao-da-pf\/#breadcrumb\",\"itemListElement\":[{\"@type\":\"ListItem\",\"position\":1,\"name\":\"In\u00edcio\",\"item\":\"https:\/\/brasilnoticias.org\/site\/\"},{\"@type\":\"ListItem\",\"position\":2,\"name\":\"Abin afasta servidores que foram alvo de busca e apreens\u00e3o da PF\"}]},{\"@type\":\"WebSite\",\"@id\":\"https:\/\/brasilnoticias.org\/site\/#website\",\"url\":\"https:\/\/brasilnoticias.org\/site\/\",\"name\":\"Brasil not\u00edcias\",\"description\":\"Brasil not\u00edcias\",\"publisher\":{\"@id\":\"https:\/\/brasilnoticias.org\/site\/#organization\"},\"potentialAction\":[{\"@type\":\"SearchAction\",\"target\":{\"@type\":\"EntryPoint\",\"urlTemplate\":\"https:\/\/brasilnoticias.org\/site\/?s={search_term_string}\"},\"query-input\":{\"@type\":\"PropertyValueSpecification\",\"valueRequired\":true,\"valueName\":\"search_term_string\"}}],\"inLanguage\":\"pt-PT\"},{\"@type\":\"Organization\",\"@id\":\"https:\/\/brasilnoticias.org\/site\/#organization\",\"name\":\"Brasil not\u00edcias\",\"url\":\"https:\/\/brasilnoticias.org\/site\/\",\"logo\":{\"@type\":\"ImageObject\",\"inLanguage\":\"pt-PT\",\"@id\":\"https:\/\/brasilnoticias.org\/site\/#\/schema\/logo\/image\/\",\"url\":\"https:\/\/brasilnoticias.org\/site\/wp-content\/uploads\/2022\/05\/cropped-brasilnoticias-mini.jpg\",\"contentUrl\":\"https:\/\/brasilnoticias.org\/site\/wp-content\/uploads\/2022\/05\/cropped-brasilnoticias-mini.jpg\",\"width\":314,\"height\":86,\"caption\":\"Brasil not\u00edcias\"},\"image\":{\"@id\":\"https:\/\/brasilnoticias.org\/site\/#\/schema\/logo\/image\/\"}},{\"@type\":\"Person\",\"@id\":\"https:\/\/brasilnoticias.org\/site\/#\/schema\/person\/03bbbfe6c7634ad18c26444ea39049fa\",\"name\":\"Reda\u00e7\u00e3o\",\"image\":{\"@type\":\"ImageObject\",\"inLanguage\":\"pt-PT\",\"@id\":\"https:\/\/brasilnoticias.org\/site\/#\/schema\/person\/image\/\",\"url\":\"https:\/\/secure.gravatar.com\/avatar\/9ecaf7327a696cb23ad926fedded5f1f04d7049de9e445375d55b48c001a6e42?s=96&d=mm&r=g\",\"contentUrl\":\"https:\/\/secure.gravatar.com\/avatar\/9ecaf7327a696cb23ad926fedded5f1f04d7049de9e445375d55b48c001a6e42?s=96&d=mm&r=g\",\"caption\":\"Reda\u00e7\u00e3o\"},\"url\":\"https:\/\/brasilnoticias.org\/site\/author\/henrique\/\"}]}<\/script>\n<!-- \/ Yoast SEO plugin. -->","yoast_head_json":{"title":"Abin afasta servidores que foram alvo de busca e apreens\u00e3o da PF - Brasil not\u00edcias","robots":{"index":"index","follow":"follow","max-snippet":"max-snippet:-1","max-image-preview":"max-image-preview:large","max-video-preview":"max-video-preview:-1"},"canonical":"https:\/\/brasilnoticias.org\/site\/abin-afasta-servidores-que-foram-alvo-de-busca-e-apreensao-da-pf\/","og_locale":"pt_PT","og_type":"article","og_title":"Abin afasta servidores que foram alvo de busca e apreens\u00e3o da PF - Brasil not\u00edcias","og_description":"A ag\u00eancia informou que a uma sindic\u00e2ncia interna j\u00e1 tinha conclu\u00eddo pelo desligamento dos investigados A Ag\u00eancia Brasileira de Intelig\u00eancia","og_url":"https:\/\/brasilnoticias.org\/site\/abin-afasta-servidores-que-foram-alvo-de-busca-e-apreensao-da-pf\/","og_site_name":"Brasil not\u00edcias","article_published_time":"2023-10-20T18:51:23+00:00","article_modified_time":"2023-10-20T18:52:03+00:00","og_image":[{"width":1600,"height":752,"url":"https:\/\/brasilnoticias.org\/site\/wp-content\/uploads\/2023\/10\/142262abin-afasta-servidores-que-foram-alvo-de-busca-e-apreensao-da-pf-3.jpg","type":"image\/jpeg"}],"author":"Reda\u00e7\u00e3o","twitter_card":"summary_large_image","twitter_misc":{"Escrito por":"Reda\u00e7\u00e3o","Tempo estimado de leitura":"1 minuto"},"schema":{"@context":"https:\/\/schema.org","@graph":[{"@type":"Article","@id":"https:\/\/brasilnoticias.org\/site\/abin-afasta-servidores-que-foram-alvo-de-busca-e-apreensao-da-pf\/#article","isPartOf":{"@id":"https:\/\/brasilnoticias.org\/site\/abin-afasta-servidores-que-foram-alvo-de-busca-e-apreensao-da-pf\/"},"author":{"name":"Reda\u00e7\u00e3o","@id":"https:\/\/brasilnoticias.org\/site\/#\/schema\/person\/03bbbfe6c7634ad18c26444ea39049fa"},"headline":"Abin afasta servidores que foram alvo de busca e apreens\u00e3o da PF","datePublished":"2023-10-20T18:51:23+00:00","dateModified":"2023-10-20T18:52:03+00:00","mainEntityOfPage":{"@id":"https:\/\/brasilnoticias.org\/site\/abin-afasta-servidores-que-foram-alvo-de-busca-e-apreensao-da-pf\/"},"wordCount":195,"commentCount":0,"publisher":{"@id":"https:\/\/brasilnoticias.org\/site\/#organization"},"image":{"@id":"https:\/\/brasilnoticias.org\/site\/abin-afasta-servidores-que-foram-alvo-de-busca-e-apreensao-da-pf\/#primaryimage"},"thumbnailUrl":"https:\/\/brasilnoticias.org\/site\/wp-content\/uploads\/2023\/10\/142262abin-afasta-servidores-que-foram-alvo-de-busca-e-apreensao-da-pf-3.jpg","articleSection":["Not\u00edcias","\u00daltimas"],"inLanguage":"pt-PT","potentialAction":[{"@type":"CommentAction","name":"Comment","target":["https:\/\/brasilnoticias.org\/site\/abin-afasta-servidores-que-foram-alvo-de-busca-e-apreensao-da-pf\/#respond"]}]},{"@type":"WebPage","@id":"https:\/\/brasilnoticias.org\/site\/abin-afasta-servidores-que-foram-alvo-de-busca-e-apreensao-da-pf\/","url":"https:\/\/brasilnoticias.org\/site\/abin-afasta-servidores-que-foram-alvo-de-busca-e-apreensao-da-pf\/","name":"Abin afasta servidores que foram alvo de busca e apreens\u00e3o da PF - Brasil not\u00edcias","isPartOf":{"@id":"https:\/\/brasilnoticias.org\/site\/#website"},"primaryImageOfPage":{"@id":"https:\/\/brasilnoticias.org\/site\/abin-afasta-servidores-que-foram-alvo-de-busca-e-apreensao-da-pf\/#primaryimage"},"image":{"@id":"https:\/\/brasilnoticias.org\/site\/abin-afasta-servidores-que-foram-alvo-de-busca-e-apreensao-da-pf\/#primaryimage"},"thumbnailUrl":"https:\/\/brasilnoticias.org\/site\/wp-content\/uploads\/2023\/10\/142262abin-afasta-servidores-que-foram-alvo-de-busca-e-apreensao-da-pf-3.jpg","datePublished":"2023-10-20T18:51:23+00:00","dateModified":"2023-10-20T18:52:03+00:00","breadcrumb":{"@id":"https:\/\/brasilnoticias.org\/site\/abin-afasta-servidores-que-foram-alvo-de-busca-e-apreensao-da-pf\/#breadcrumb"},"inLanguage":"pt-PT","potentialAction":[{"@type":"ReadAction","target":["https:\/\/brasilnoticias.org\/site\/abin-afasta-servidores-que-foram-alvo-de-busca-e-apreensao-da-pf\/"]}]},{"@type":"ImageObject","inLanguage":"pt-PT","@id":"https:\/\/brasilnoticias.org\/site\/abin-afasta-servidores-que-foram-alvo-de-busca-e-apreensao-da-pf\/#primaryimage","url":"https:\/\/brasilnoticias.org\/site\/wp-content\/uploads\/2023\/10\/142262abin-afasta-servidores-que-foram-alvo-de-busca-e-apreensao-da-pf-3.jpg","contentUrl":"https:\/\/brasilnoticias.org\/site\/wp-content\/uploads\/2023\/10\/142262abin-afasta-servidores-que-foram-alvo-de-busca-e-apreensao-da-pf-3.jpg","width":1600,"height":752},{"@type":"BreadcrumbList","@id":"https:\/\/brasilnoticias.org\/site\/abin-afasta-servidores-que-foram-alvo-de-busca-e-apreensao-da-pf\/#breadcrumb","itemListElement":[{"@type":"ListItem","position":1,"name":"In\u00edcio","item":"https:\/\/brasilnoticias.org\/site\/"},{"@type":"ListItem","position":2,"name":"Abin afasta servidores que foram alvo de busca e apreens\u00e3o da PF"}]},{"@type":"WebSite","@id":"https:\/\/brasilnoticias.org\/site\/#website","url":"https:\/\/brasilnoticias.org\/site\/","name":"Brasil not\u00edcias","description":"Brasil not\u00edcias","publisher":{"@id":"https:\/\/brasilnoticias.org\/site\/#organization"},"potentialAction":[{"@type":"SearchAction","target":{"@type":"EntryPoint","urlTemplate":"https:\/\/brasilnoticias.org\/site\/?s={search_term_string}"},"query-input":{"@type":"PropertyValueSpecification","valueRequired":true,"valueName":"search_term_string"}}],"inLanguage":"pt-PT"},{"@type":"Organization","@id":"https:\/\/brasilnoticias.org\/site\/#organization","name":"Brasil not\u00edcias","url":"https:\/\/brasilnoticias.org\/site\/","logo":{"@type":"ImageObject","inLanguage":"pt-PT","@id":"https:\/\/brasilnoticias.org\/site\/#\/schema\/logo\/image\/","url":"https:\/\/brasilnoticias.org\/site\/wp-content\/uploads\/2022\/05\/cropped-brasilnoticias-mini.jpg","contentUrl":"https:\/\/brasilnoticias.org\/site\/wp-content\/uploads\/2022\/05\/cropped-brasilnoticias-mini.jpg","width":314,"height":86,"caption":"Brasil not\u00edcias"},"image":{"@id":"https:\/\/brasilnoticias.org\/site\/#\/schema\/logo\/image\/"}},{"@type":"Person","@id":"https:\/\/brasilnoticias.org\/site\/#\/schema\/person\/03bbbfe6c7634ad18c26444ea39049fa","name":"Reda\u00e7\u00e3o","image":{"@type":"ImageObject","inLanguage":"pt-PT","@id":"https:\/\/brasilnoticias.org\/site\/#\/schema\/person\/image\/","url":"https:\/\/secure.gravatar.com\/avatar\/9ecaf7327a696cb23ad926fedded5f1f04d7049de9e445375d55b48c001a6e42?s=96&d=mm&r=g","contentUrl":"https:\/\/secure.gravatar.com\/avatar\/9ecaf7327a696cb23ad926fedded5f1f04d7049de9e445375d55b48c001a6e42?s=96&d=mm&r=g","caption":"Reda\u00e7\u00e3o"},"url":"https:\/\/brasilnoticias.org\/site\/author\/henrique\/"}]}},"_links":{"self":[{"href":"https:\/\/brasilnoticias.org\/site\/wp-json\/wp\/v2\/posts\/10335","targetHints":{"allow":["GET"]}}],"collection":[{"href":"https:\/\/brasilnoticias.org\/site\/wp-json\/wp\/v2\/posts"}],"about":[{"href":"https:\/\/brasilnoticias.org\/site\/wp-json\/wp\/v2\/types\/post"}],"author":[{"embeddable":true,"href":"https:\/\/brasilnoticias.org\/site\/wp-json\/wp\/v2\/users\/4"}],"replies":[{"embeddable":true,"href":"https:\/\/brasilnoticias.org\/site\/wp-json\/wp\/v2\/comments?post=10335"}],"version-history":[{"count":1,"href":"https:\/\/brasilnoticias.org\/site\/wp-json\/wp\/v2\/posts\/10335\/revisions"}],"predecessor-version":[{"id":10337,"href":"https:\/\/brasilnoticias.org\/site\/wp-json\/wp\/v2\/posts\/10335\/revisions\/10337"}],"wp:featuredmedia":[{"embeddable":true,"href":"https:\/\/brasilnoticias.org\/site\/wp-json\/wp\/v2\/media\/10336"}],"wp:attachment":[{"href":"https:\/\/brasilnoticias.org\/site\/wp-json\/wp\/v2\/media?parent=10335"}],"wp:term":[{"taxonomy":"category","embeddable":true,"href":"https:\/\/brasilnoticias.org\/site\/wp-json\/wp\/v2\/categories?post=10335"},{"taxonomy":"post_tag","embeddable":true,"href":"https:\/\/brasilnoticias.org\/site\/wp-json\/wp\/v2\/tags?post=10335"}],"curies":[{"name":"wp","href":"https:\/\/api.w.org\/{rel}","templated":true}]}}