{"id":10348,"date":"2023-10-21T05:00:56","date_gmt":"2023-10-21T08:00:56","guid":{"rendered":"https:\/\/brasilnoticias.org\/site\/?p=10348"},"modified":"2023-10-20T21:07:51","modified_gmt":"2023-10-21T00:07:51","slug":"vitoria-bate-o-sampaio-correa-e-entra-em-contagem-regressiva-para-o-acesso","status":"publish","type":"post","link":"https:\/\/brasilnoticias.org\/site\/vitoria-bate-o-sampaio-correa-e-entra-em-contagem-regressiva-para-o-acesso\/","title":{"rendered":"Vit\u00f3ria bate o Sampaio Corr\u00eaa e entra em contagem regressiva para o acesso"},"content":{"rendered":"<p>Partida terminou em 1 x 0 no Castel\u00e3o (MA), com gol de Osvaldo; Le\u00e3o foi a 64 pontos<\/p>\n<p>Para continuar isolado na ponta da S\u00e9rie B e se aproximar ainda mais do acesso, o Vit\u00f3ria fez sua parte fora de casa ao derrotar o Sampaio Corr\u00eaa por 1 x 0 nesta sexta-feira (20). Com o \u00fanico gol de Osvaldo, o Rubro-Negro garantiu mais tr\u00eas pontos no Est\u00e1dio Castel\u00e3o (MA), pela 33\u00aa rodada.<\/p>\n<p>O Le\u00e3o foi a 64 pontos e, se vencer os dois jogos seguintes, confirma o acesso matematicamente. Com mais seis, o time baiano chegaria a 70 e n\u00e3o poderia ser mais ultrapassado pelo quinto colocado, independentemente dos resultados dos concorrentes.<\/p>\n<p>Para isso, o Rubro-Negro ter\u00e1 duas oportunidades em casa nos pr\u00f3ximos dois jogos contra Juventude e Vila-Nova, advers\u00e1rios diretos na briga pelo G-4. O primeiro desafio \u00e9 no domingo (29). O Vit\u00f3ria recebe o time ga\u00facho no Barrad\u00e3o, \u00e0s 19h, pela 34\u00aa rodada da Segundona.<\/p>\n<p>O JOGO<\/p>\n<p>Primeiro tempo<\/p>\n<p>O jogo come\u00e7ou aberto em S\u00e3o Lu\u00eds (MA), com os goleiros fazendo defesas providenciais para manter o zero no placar do advers\u00e1rio. O Vit\u00f3ria teve duas chances: uma com Osvaldo em escapada pela direita e, no lance seguinte, outra com bola na trave ap\u00f3s cobran\u00e7a de escanteio de Matheusinho. O Sampaio Corr\u00eaa assustou com chutes de Robinho e Vitinho. A partida seguiu com oportunidades para ambos os lados, tanto o Rubro-Negro quanto a Bol\u00edvia Querida conseguiam boas constru\u00e7\u00f5es de jogadas quando tinham a posse de bola. Em um desses lances, o Le\u00e3o inaugurou o marcador com Osvaldo e ainda teve chance de ampliar com L\u00e9o Gamalho. <\/p>\n<p>Aos oito minutos, L\u00e9o Gamalho raspou de cabe\u00e7a e deixou a bola com Iury Castilho. O camisa 7 lan\u00e7ou em profundidade para Osvaldo, que bateu forte para a defesa do goleiro Luiz Daniel.<\/p>\n<p>Em seguida, Matheusinho cobrou escanteio na primeira trave. A bola desviou na zaga e tocou no travess\u00e3o. <\/p>\n<p>Aos 17, Robinho finalizou de fora da \u00e1rea e a bola passou rente \u00e0 trave esquerda de Lucas Arcanjo.<\/p>\n<p>Aos 19 minutos, Vitinho recebeu cruzamento, limpou a marca\u00e7\u00e3o e chutou cruzado para a defesa do goleiro rubro-negro.<\/p>\n<p>Aos 26, \u00c9dson Lucas carregou pelo meio sem marca\u00e7\u00e3o e arriscou de longe. A bola passou perto do travess\u00e3o, enquanto o goleiro maranhense apenas observou. <\/p>\n<p>Gol do Le\u00e3o! Aos 37 minutos em contra-ataque pela esquerda, Iury Castilho deixou Osvaldo de cara com goleiro. O camisa 11 deu um toque de cobertura na sa\u00edda de Luiz Daniel e abriu o placar.<\/p>\n<p>Segundo tempo <\/p>\n<p>A segunda etapa come\u00e7ou equilibrada, com os times em busca dos seus objetivos principais: o Vit\u00f3ria tentava ampliar o jogo e o Sampaio Corr\u00eaa, o empate. O time maranhense tinha mais \u00edmpeto ofensivo e, ap\u00f3s a entrada do atacante Pimentinha, come\u00e7ou a dar trabalho para a defesa rubro-negra. O Le\u00e3o tentava sair em contra-ataque e teve duas oportunidades de matar a partida com L\u00e9o Gamalho e Iury Castilho. A Bol\u00edvia Querida seguiu pressionando em busca de igualar o placar, mas sem sucesso. Melhor para os visitantes! <\/p>\n<p>Aos 18 minutos, Pimentinha entrou dirblando a marca\u00e7\u00e3o na \u00e1rea e a bola sobrou para Vitinho. O atacante chutou colocado buscando o \u00e2ngulo, mas n\u00e3o teve \u00eaxito. <\/p>\n<p>Aos 26, Dudu pela esquerda lan\u00e7ou para Iury Castilho em velocidade. O camisa 7 tocou para L\u00e9o Gamalho na \u00e1rea, que isolou a finaliza\u00e7\u00e3o.<\/p>\n<p>Aos 29 minutos, Par\u00e1 girou na entrada da \u00e1rea e arriscou de longe. A bola passou pr\u00f3xima \u00e0 trave de Lucas Arcanjo.<\/p>\n<p>Aos 31, Dudu cruzou pelo lado esquerdo para Iury Castilho que se esticou, mas n\u00e3o conseguiu alcan\u00e7ar a bola.<\/p>\n<p>Quase o segundo! Aos 37 minutos em cobran\u00e7a de escanteio, Jo\u00e3o Victor raspou de cabe\u00e7a e a bola sobrou para Welder na segunda trave. O centroavante chutou \u00e0 queima-roupa, em cima do goleiro maranhense.<\/p>\n<p>FICHA T\u00c9CNICA<\/p>\n<p>Sampaio Corr\u00eaa 0 x 1 Vit\u00f3ria<br \/>\nS\u00e9rie B &#8211; 33\u00aa rodada<br \/>\nLocal: Est\u00e1dio Castel\u00e3o, em S\u00e3o Lu\u00eds (MA)<br \/>\nData: 20\/10\/2023 (sexta-feira)<br \/>\nHor\u00e1rio: 19h<br \/>\n\u00c1rbitro: Savio Pereira Sampaio (FIFA-DF)<br \/>\nAssistentes: Marcia Bezerra Lopes Caetano (RO) e Lehi Sousa Silva (DF)<br \/>\nQuarto \u00e1rbitro: Jose Henrique de Azevedo Junior (MA)<br \/>\nVAR: Rodrigo Nunes de Sa (FIFA-RJ)<\/p>\n<p>Gol: Osvado (Vit\u00f3ria)<br \/>\nCart\u00f5es amarelos: Riquelmo (Sampaio Corr\u00eaa) \/ Rodrigo Andrade (Vit\u00f3ria)<\/p>\n<p>Sampaio Corr\u00eaa: Luiz Daniel; Lucas Mota, \u00cdcaro, Gustavo Henrique e Par\u00e1; Claudinei (Jo\u00e3o Diogo), Ferreira \u00a9, Robinho (Patrick Allan), Riquelmo (Pimentinha) e Vitinho (Henrique); Ytalo (J\u00f4). T\u00e9cnico: Fernando Marchiori <\/p>\n<p>Vit\u00f3ria: Lucas Arcanjo; Railan, Camutanga, Jo\u00e3o Victor e \u00c9dson Lucas (Z\u00e9 Hugo); Rodrigo Andrade, Dudu (Matheus Trindade) e Matheusinho; Osvaldo \u00a9 (Wellington Nem), Iury Castilho (Welder) e L\u00e9o Gamalho (Giovanni Augusto). T\u00e9cnico: L\u00e9o Cond\u00e9<\/p>\n<p>Foto: Victor Ferreira\/EC Vit\u00f3ria<br \/>\nPor: Jos\u00e9 Gabriel<\/p>\n","protected":false},"excerpt":{"rendered":"<p>Partida terminou em 1 x 0 no Castel\u00e3o (MA), com gol de Osvaldo; Le\u00e3o foi a 64 pontos Para continuar<\/p>\n","protected":false},"author":4,"featured_media":10349,"comment_status":"open","ping_status":"open","sticky":false,"template":"","format":"standard","meta":{"colormag_page_container_layout":"default_layout","colormag_page_sidebar_layout":"default_layout","_FSMCFIC_featured_image_caption":"","_FSMCFIC_featured_image_nocaption":"","_FSMCFIC_featured_image_hide":"","footnotes":""},"categories":[4,1],"tags":[],"class_list":["post-10348","post","type-post","status-publish","format-standard","has-post-thumbnail","hentry","category-esporte","category-ultimas"],"yoast_head":"<!-- This site is optimized with the Yoast SEO plugin v27.1.1 - https:\/\/yoast.com\/product\/yoast-seo-wordpress\/ -->\n<title>Vit\u00f3ria bate o Sampaio Corr\u00eaa e entra em contagem regressiva para o acesso - Brasil not\u00edcias<\/title>\n<meta name=\"robots\" content=\"index, follow, max-snippet:-1, max-image-preview:large, max-video-preview:-1\" \/>\n<link rel=\"canonical\" href=\"https:\/\/brasilnoticias.org\/site\/vitoria-bate-o-sampaio-correa-e-entra-em-contagem-regressiva-para-o-acesso\/\" \/>\n<meta property=\"og:locale\" content=\"pt_PT\" \/>\n<meta property=\"og:type\" content=\"article\" \/>\n<meta property=\"og:title\" content=\"Vit\u00f3ria bate o Sampaio Corr\u00eaa e entra em contagem regressiva para o acesso - Brasil not\u00edcias\" \/>\n<meta property=\"og:description\" content=\"Partida terminou em 1 x 0 no Castel\u00e3o (MA), com gol de Osvaldo; Le\u00e3o foi a 64 pontos Para continuar\" \/>\n<meta property=\"og:url\" content=\"https:\/\/brasilnoticias.org\/site\/vitoria-bate-o-sampaio-correa-e-entra-em-contagem-regressiva-para-o-acesso\/\" \/>\n<meta property=\"og:site_name\" content=\"Brasil not\u00edcias\" \/>\n<meta property=\"article:published_time\" content=\"2023-10-21T08:00:56+00:00\" \/>\n<meta property=\"og:image\" content=\"https:\/\/brasilnoticias.org\/site\/wp-content\/uploads\/2023\/10\/142279vitoria-bate-o-sampaio-correa-e-entra-em-contagem-regressiva-para-o-acesso-3.jpg\" \/>\n\t<meta property=\"og:image:width\" content=\"1600\" \/>\n\t<meta property=\"og:image:height\" content=\"752\" \/>\n\t<meta property=\"og:image:type\" content=\"image\/jpeg\" \/>\n<meta name=\"author\" content=\"Reda\u00e7\u00e3o\" \/>\n<meta name=\"twitter:card\" content=\"summary_large_image\" \/>\n<meta name=\"twitter:label1\" content=\"Escrito por\" \/>\n\t<meta name=\"twitter:data1\" content=\"Reda\u00e7\u00e3o\" \/>\n<script type=\"application\/ld+json\" class=\"yoast-schema-graph\">{\"@context\":\"https:\/\/schema.org\",\"@graph\":[{\"@type\":\"Article\",\"@id\":\"https:\/\/brasilnoticias.org\/site\/vitoria-bate-o-sampaio-correa-e-entra-em-contagem-regressiva-para-o-acesso\/#article\",\"isPartOf\":{\"@id\":\"https:\/\/brasilnoticias.org\/site\/vitoria-bate-o-sampaio-correa-e-entra-em-contagem-regressiva-para-o-acesso\/\"},\"author\":{\"name\":\"Reda\u00e7\u00e3o\",\"@id\":\"https:\/\/brasilnoticias.org\/site\/#\/schema\/person\/03bbbfe6c7634ad18c26444ea39049fa\"},\"headline\":\"Vit\u00f3ria bate o Sampaio Corr\u00eaa e entra em contagem regressiva para o acesso\",\"datePublished\":\"2023-10-21T08:00:56+00:00\",\"mainEntityOfPage\":{\"@id\":\"https:\/\/brasilnoticias.org\/site\/vitoria-bate-o-sampaio-correa-e-entra-em-contagem-regressiva-para-o-acesso\/\"},\"wordCount\":824,\"commentCount\":0,\"publisher\":{\"@id\":\"https:\/\/brasilnoticias.org\/site\/#organization\"},\"image\":{\"@id\":\"https:\/\/brasilnoticias.org\/site\/vitoria-bate-o-sampaio-correa-e-entra-em-contagem-regressiva-para-o-acesso\/#primaryimage\"},\"thumbnailUrl\":\"https:\/\/brasilnoticias.org\/site\/wp-content\/uploads\/2023\/10\/142279vitoria-bate-o-sampaio-correa-e-entra-em-contagem-regressiva-para-o-acesso-3.jpg\",\"articleSection\":[\"Esporte\",\"\u00daltimas\"],\"inLanguage\":\"pt-PT\",\"potentialAction\":[{\"@type\":\"CommentAction\",\"name\":\"Comment\",\"target\":[\"https:\/\/brasilnoticias.org\/site\/vitoria-bate-o-sampaio-correa-e-entra-em-contagem-regressiva-para-o-acesso\/#respond\"]}]},{\"@type\":\"WebPage\",\"@id\":\"https:\/\/brasilnoticias.org\/site\/vitoria-bate-o-sampaio-correa-e-entra-em-contagem-regressiva-para-o-acesso\/\",\"url\":\"https:\/\/brasilnoticias.org\/site\/vitoria-bate-o-sampaio-correa-e-entra-em-contagem-regressiva-para-o-acesso\/\",\"name\":\"Vit\u00f3ria bate o Sampaio Corr\u00eaa e entra em contagem regressiva para o acesso - Brasil not\u00edcias\",\"isPartOf\":{\"@id\":\"https:\/\/brasilnoticias.org\/site\/#website\"},\"primaryImageOfPage\":{\"@id\":\"https:\/\/brasilnoticias.org\/site\/vitoria-bate-o-sampaio-correa-e-entra-em-contagem-regressiva-para-o-acesso\/#primaryimage\"},\"image\":{\"@id\":\"https:\/\/brasilnoticias.org\/site\/vitoria-bate-o-sampaio-correa-e-entra-em-contagem-regressiva-para-o-acesso\/#primaryimage\"},\"thumbnailUrl\":\"https:\/\/brasilnoticias.org\/site\/wp-content\/uploads\/2023\/10\/142279vitoria-bate-o-sampaio-correa-e-entra-em-contagem-regressiva-para-o-acesso-3.jpg\",\"datePublished\":\"2023-10-21T08:00:56+00:00\",\"breadcrumb\":{\"@id\":\"https:\/\/brasilnoticias.org\/site\/vitoria-bate-o-sampaio-correa-e-entra-em-contagem-regressiva-para-o-acesso\/#breadcrumb\"},\"inLanguage\":\"pt-PT\",\"potentialAction\":[{\"@type\":\"ReadAction\",\"target\":[\"https:\/\/brasilnoticias.org\/site\/vitoria-bate-o-sampaio-correa-e-entra-em-contagem-regressiva-para-o-acesso\/\"]}]},{\"@type\":\"ImageObject\",\"inLanguage\":\"pt-PT\",\"@id\":\"https:\/\/brasilnoticias.org\/site\/vitoria-bate-o-sampaio-correa-e-entra-em-contagem-regressiva-para-o-acesso\/#primaryimage\",\"url\":\"https:\/\/brasilnoticias.org\/site\/wp-content\/uploads\/2023\/10\/142279vitoria-bate-o-sampaio-correa-e-entra-em-contagem-regressiva-para-o-acesso-3.jpg\",\"contentUrl\":\"https:\/\/brasilnoticias.org\/site\/wp-content\/uploads\/2023\/10\/142279vitoria-bate-o-sampaio-correa-e-entra-em-contagem-regressiva-para-o-acesso-3.jpg\",\"width\":1600,\"height\":752},{\"@type\":\"BreadcrumbList\",\"@id\":\"https:\/\/brasilnoticias.org\/site\/vitoria-bate-o-sampaio-correa-e-entra-em-contagem-regressiva-para-o-acesso\/#breadcrumb\",\"itemListElement\":[{\"@type\":\"ListItem\",\"position\":1,\"name\":\"In\u00edcio\",\"item\":\"https:\/\/brasilnoticias.org\/site\/\"},{\"@type\":\"ListItem\",\"position\":2,\"name\":\"Vit\u00f3ria bate o Sampaio Corr\u00eaa e entra em contagem regressiva para o acesso\"}]},{\"@type\":\"WebSite\",\"@id\":\"https:\/\/brasilnoticias.org\/site\/#website\",\"url\":\"https:\/\/brasilnoticias.org\/site\/\",\"name\":\"Brasil not\u00edcias\",\"description\":\"Brasil not\u00edcias\",\"publisher\":{\"@id\":\"https:\/\/brasilnoticias.org\/site\/#organization\"},\"potentialAction\":[{\"@type\":\"SearchAction\",\"target\":{\"@type\":\"EntryPoint\",\"urlTemplate\":\"https:\/\/brasilnoticias.org\/site\/?s={search_term_string}\"},\"query-input\":{\"@type\":\"PropertyValueSpecification\",\"valueRequired\":true,\"valueName\":\"search_term_string\"}}],\"inLanguage\":\"pt-PT\"},{\"@type\":\"Organization\",\"@id\":\"https:\/\/brasilnoticias.org\/site\/#organization\",\"name\":\"Brasil not\u00edcias\",\"url\":\"https:\/\/brasilnoticias.org\/site\/\",\"logo\":{\"@type\":\"ImageObject\",\"inLanguage\":\"pt-PT\",\"@id\":\"https:\/\/brasilnoticias.org\/site\/#\/schema\/logo\/image\/\",\"url\":\"https:\/\/brasilnoticias.org\/site\/wp-content\/uploads\/2022\/05\/cropped-brasilnoticias-mini.jpg\",\"contentUrl\":\"https:\/\/brasilnoticias.org\/site\/wp-content\/uploads\/2022\/05\/cropped-brasilnoticias-mini.jpg\",\"width\":314,\"height\":86,\"caption\":\"Brasil not\u00edcias\"},\"image\":{\"@id\":\"https:\/\/brasilnoticias.org\/site\/#\/schema\/logo\/image\/\"}},{\"@type\":\"Person\",\"@id\":\"https:\/\/brasilnoticias.org\/site\/#\/schema\/person\/03bbbfe6c7634ad18c26444ea39049fa\",\"name\":\"Reda\u00e7\u00e3o\",\"image\":{\"@type\":\"ImageObject\",\"inLanguage\":\"pt-PT\",\"@id\":\"https:\/\/brasilnoticias.org\/site\/#\/schema\/person\/image\/\",\"url\":\"https:\/\/secure.gravatar.com\/avatar\/9ecaf7327a696cb23ad926fedded5f1f04d7049de9e445375d55b48c001a6e42?s=96&d=mm&r=g\",\"contentUrl\":\"https:\/\/secure.gravatar.com\/avatar\/9ecaf7327a696cb23ad926fedded5f1f04d7049de9e445375d55b48c001a6e42?s=96&d=mm&r=g\",\"caption\":\"Reda\u00e7\u00e3o\"},\"url\":\"https:\/\/brasilnoticias.org\/site\/author\/henrique\/\"}]}<\/script>\n<!-- \/ Yoast SEO plugin. -->","yoast_head_json":{"title":"Vit\u00f3ria bate o Sampaio Corr\u00eaa e entra em contagem regressiva para o acesso - Brasil not\u00edcias","robots":{"index":"index","follow":"follow","max-snippet":"max-snippet:-1","max-image-preview":"max-image-preview:large","max-video-preview":"max-video-preview:-1"},"canonical":"https:\/\/brasilnoticias.org\/site\/vitoria-bate-o-sampaio-correa-e-entra-em-contagem-regressiva-para-o-acesso\/","og_locale":"pt_PT","og_type":"article","og_title":"Vit\u00f3ria bate o Sampaio Corr\u00eaa e entra em contagem regressiva para o acesso - Brasil not\u00edcias","og_description":"Partida terminou em 1 x 0 no Castel\u00e3o (MA), com gol de Osvaldo; Le\u00e3o foi a 64 pontos Para continuar","og_url":"https:\/\/brasilnoticias.org\/site\/vitoria-bate-o-sampaio-correa-e-entra-em-contagem-regressiva-para-o-acesso\/","og_site_name":"Brasil not\u00edcias","article_published_time":"2023-10-21T08:00:56+00:00","og_image":[{"width":1600,"height":752,"url":"https:\/\/brasilnoticias.org\/site\/wp-content\/uploads\/2023\/10\/142279vitoria-bate-o-sampaio-correa-e-entra-em-contagem-regressiva-para-o-acesso-3.jpg","type":"image\/jpeg"}],"author":"Reda\u00e7\u00e3o","twitter_card":"summary_large_image","twitter_misc":{"Escrito por":"Reda\u00e7\u00e3o"},"schema":{"@context":"https:\/\/schema.org","@graph":[{"@type":"Article","@id":"https:\/\/brasilnoticias.org\/site\/vitoria-bate-o-sampaio-correa-e-entra-em-contagem-regressiva-para-o-acesso\/#article","isPartOf":{"@id":"https:\/\/brasilnoticias.org\/site\/vitoria-bate-o-sampaio-correa-e-entra-em-contagem-regressiva-para-o-acesso\/"},"author":{"name":"Reda\u00e7\u00e3o","@id":"https:\/\/brasilnoticias.org\/site\/#\/schema\/person\/03bbbfe6c7634ad18c26444ea39049fa"},"headline":"Vit\u00f3ria bate o Sampaio Corr\u00eaa e entra em contagem regressiva para o acesso","datePublished":"2023-10-21T08:00:56+00:00","mainEntityOfPage":{"@id":"https:\/\/brasilnoticias.org\/site\/vitoria-bate-o-sampaio-correa-e-entra-em-contagem-regressiva-para-o-acesso\/"},"wordCount":824,"commentCount":0,"publisher":{"@id":"https:\/\/brasilnoticias.org\/site\/#organization"},"image":{"@id":"https:\/\/brasilnoticias.org\/site\/vitoria-bate-o-sampaio-correa-e-entra-em-contagem-regressiva-para-o-acesso\/#primaryimage"},"thumbnailUrl":"https:\/\/brasilnoticias.org\/site\/wp-content\/uploads\/2023\/10\/142279vitoria-bate-o-sampaio-correa-e-entra-em-contagem-regressiva-para-o-acesso-3.jpg","articleSection":["Esporte","\u00daltimas"],"inLanguage":"pt-PT","potentialAction":[{"@type":"CommentAction","name":"Comment","target":["https:\/\/brasilnoticias.org\/site\/vitoria-bate-o-sampaio-correa-e-entra-em-contagem-regressiva-para-o-acesso\/#respond"]}]},{"@type":"WebPage","@id":"https:\/\/brasilnoticias.org\/site\/vitoria-bate-o-sampaio-correa-e-entra-em-contagem-regressiva-para-o-acesso\/","url":"https:\/\/brasilnoticias.org\/site\/vitoria-bate-o-sampaio-correa-e-entra-em-contagem-regressiva-para-o-acesso\/","name":"Vit\u00f3ria bate o Sampaio Corr\u00eaa e entra em contagem regressiva para o acesso - Brasil not\u00edcias","isPartOf":{"@id":"https:\/\/brasilnoticias.org\/site\/#website"},"primaryImageOfPage":{"@id":"https:\/\/brasilnoticias.org\/site\/vitoria-bate-o-sampaio-correa-e-entra-em-contagem-regressiva-para-o-acesso\/#primaryimage"},"image":{"@id":"https:\/\/brasilnoticias.org\/site\/vitoria-bate-o-sampaio-correa-e-entra-em-contagem-regressiva-para-o-acesso\/#primaryimage"},"thumbnailUrl":"https:\/\/brasilnoticias.org\/site\/wp-content\/uploads\/2023\/10\/142279vitoria-bate-o-sampaio-correa-e-entra-em-contagem-regressiva-para-o-acesso-3.jpg","datePublished":"2023-10-21T08:00:56+00:00","breadcrumb":{"@id":"https:\/\/brasilnoticias.org\/site\/vitoria-bate-o-sampaio-correa-e-entra-em-contagem-regressiva-para-o-acesso\/#breadcrumb"},"inLanguage":"pt-PT","potentialAction":[{"@type":"ReadAction","target":["https:\/\/brasilnoticias.org\/site\/vitoria-bate-o-sampaio-correa-e-entra-em-contagem-regressiva-para-o-acesso\/"]}]},{"@type":"ImageObject","inLanguage":"pt-PT","@id":"https:\/\/brasilnoticias.org\/site\/vitoria-bate-o-sampaio-correa-e-entra-em-contagem-regressiva-para-o-acesso\/#primaryimage","url":"https:\/\/brasilnoticias.org\/site\/wp-content\/uploads\/2023\/10\/142279vitoria-bate-o-sampaio-correa-e-entra-em-contagem-regressiva-para-o-acesso-3.jpg","contentUrl":"https:\/\/brasilnoticias.org\/site\/wp-content\/uploads\/2023\/10\/142279vitoria-bate-o-sampaio-correa-e-entra-em-contagem-regressiva-para-o-acesso-3.jpg","width":1600,"height":752},{"@type":"BreadcrumbList","@id":"https:\/\/brasilnoticias.org\/site\/vitoria-bate-o-sampaio-correa-e-entra-em-contagem-regressiva-para-o-acesso\/#breadcrumb","itemListElement":[{"@type":"ListItem","position":1,"name":"In\u00edcio","item":"https:\/\/brasilnoticias.org\/site\/"},{"@type":"ListItem","position":2,"name":"Vit\u00f3ria bate o Sampaio Corr\u00eaa e entra em contagem regressiva para o acesso"}]},{"@type":"WebSite","@id":"https:\/\/brasilnoticias.org\/site\/#website","url":"https:\/\/brasilnoticias.org\/site\/","name":"Brasil not\u00edcias","description":"Brasil not\u00edcias","publisher":{"@id":"https:\/\/brasilnoticias.org\/site\/#organization"},"potentialAction":[{"@type":"SearchAction","target":{"@type":"EntryPoint","urlTemplate":"https:\/\/brasilnoticias.org\/site\/?s={search_term_string}"},"query-input":{"@type":"PropertyValueSpecification","valueRequired":true,"valueName":"search_term_string"}}],"inLanguage":"pt-PT"},{"@type":"Organization","@id":"https:\/\/brasilnoticias.org\/site\/#organization","name":"Brasil not\u00edcias","url":"https:\/\/brasilnoticias.org\/site\/","logo":{"@type":"ImageObject","inLanguage":"pt-PT","@id":"https:\/\/brasilnoticias.org\/site\/#\/schema\/logo\/image\/","url":"https:\/\/brasilnoticias.org\/site\/wp-content\/uploads\/2022\/05\/cropped-brasilnoticias-mini.jpg","contentUrl":"https:\/\/brasilnoticias.org\/site\/wp-content\/uploads\/2022\/05\/cropped-brasilnoticias-mini.jpg","width":314,"height":86,"caption":"Brasil not\u00edcias"},"image":{"@id":"https:\/\/brasilnoticias.org\/site\/#\/schema\/logo\/image\/"}},{"@type":"Person","@id":"https:\/\/brasilnoticias.org\/site\/#\/schema\/person\/03bbbfe6c7634ad18c26444ea39049fa","name":"Reda\u00e7\u00e3o","image":{"@type":"ImageObject","inLanguage":"pt-PT","@id":"https:\/\/brasilnoticias.org\/site\/#\/schema\/person\/image\/","url":"https:\/\/secure.gravatar.com\/avatar\/9ecaf7327a696cb23ad926fedded5f1f04d7049de9e445375d55b48c001a6e42?s=96&d=mm&r=g","contentUrl":"https:\/\/secure.gravatar.com\/avatar\/9ecaf7327a696cb23ad926fedded5f1f04d7049de9e445375d55b48c001a6e42?s=96&d=mm&r=g","caption":"Reda\u00e7\u00e3o"},"url":"https:\/\/brasilnoticias.org\/site\/author\/henrique\/"}]}},"_links":{"self":[{"href":"https:\/\/brasilnoticias.org\/site\/wp-json\/wp\/v2\/posts\/10348","targetHints":{"allow":["GET"]}}],"collection":[{"href":"https:\/\/brasilnoticias.org\/site\/wp-json\/wp\/v2\/posts"}],"about":[{"href":"https:\/\/brasilnoticias.org\/site\/wp-json\/wp\/v2\/types\/post"}],"author":[{"embeddable":true,"href":"https:\/\/brasilnoticias.org\/site\/wp-json\/wp\/v2\/users\/4"}],"replies":[{"embeddable":true,"href":"https:\/\/brasilnoticias.org\/site\/wp-json\/wp\/v2\/comments?post=10348"}],"version-history":[{"count":1,"href":"https:\/\/brasilnoticias.org\/site\/wp-json\/wp\/v2\/posts\/10348\/revisions"}],"predecessor-version":[{"id":10350,"href":"https:\/\/brasilnoticias.org\/site\/wp-json\/wp\/v2\/posts\/10348\/revisions\/10350"}],"wp:featuredmedia":[{"embeddable":true,"href":"https:\/\/brasilnoticias.org\/site\/wp-json\/wp\/v2\/media\/10349"}],"wp:attachment":[{"href":"https:\/\/brasilnoticias.org\/site\/wp-json\/wp\/v2\/media?parent=10348"}],"wp:term":[{"taxonomy":"category","embeddable":true,"href":"https:\/\/brasilnoticias.org\/site\/wp-json\/wp\/v2\/categories?post=10348"},{"taxonomy":"post_tag","embeddable":true,"href":"https:\/\/brasilnoticias.org\/site\/wp-json\/wp\/v2\/tags?post=10348"}],"curies":[{"name":"wp","href":"https:\/\/api.w.org\/{rel}","templated":true}]}}