{"id":10371,"date":"2023-10-22T20:08:48","date_gmt":"2023-10-22T23:08:48","guid":{"rendered":"https:\/\/brasilnoticias.org\/site\/?p=10371"},"modified":"2023-10-22T20:08:48","modified_gmt":"2023-10-22T23:08:48","slug":"cerca-de-70-kg-de-cocaina-sao-apreendidos-em-veiculos-na-linha-verde-e-em-salvador","status":"publish","type":"post","link":"https:\/\/brasilnoticias.org\/site\/cerca-de-70-kg-de-cocaina-sao-apreendidos-em-veiculos-na-linha-verde-e-em-salvador\/","title":{"rendered":"Cerca de 70 kg de coca\u00edna s\u00e3o apreendidos em ve\u00edculos na Linha Verde e em Salvador"},"content":{"rendered":"<p>Agentes de segura\u00e7a encontraram 23 tabletes em um carro na Linha Verde e outros 47 no bairro de Pernambu\u00e9s, na capital baiana<\/p>\n<p>Cerca de 70 kg de coca\u00edna foram apreendidos pela For\u00e7a Integrada de Combate ao Crime Organizado (FICCO) neste s\u00e1bado (21), ap\u00f3s a intercepta\u00e7\u00e3o de um traficante na Linha Verde, pr\u00f3ximo a Arembepe, na Regi\u00e3o Metropolitana de Salvador (RMS).<\/p>\n<p>Dentro do carro conduzido pelo traficante, as autoridades encontraram 23 tabletes da droga escondidos em diferentes compartimentos. <\/p>\n<p>Ap\u00f3s a apreens\u00e3o ter sido realizada, os agentes de seguran\u00e7a descobriram que o criminoso tinha um outro ve\u00edculo em seu nome, que estava no bairro de Pernambu\u00e9s, em Salvador. Equipes foram encaminhadas at\u00e9 o local encontraram mais 47 tabletes de coca\u00edna. <\/p>\n<p>O traficante, que n\u00e3o teve a identidade divulgada, foi encaminhado pela FICCO para a sede da Pol\u00edcia Federal (PF), no bairro de \u00c1gua de Meninos. As drogas e os dois ve\u00edculos tamb\u00e9m foram apresentados na unidade.<\/p>\n<p>Foto: Alberto Maraux\/SSP-BA<br \/>\nPor: Metro1 <\/p>\n","protected":false},"excerpt":{"rendered":"<p>Agentes de segura\u00e7a encontraram 23 tabletes em um carro na Linha Verde e outros 47 no bairro de Pernambu\u00e9s, na<\/p>\n","protected":false},"author":4,"featured_media":10372,"comment_status":"open","ping_status":"open","sticky":false,"template":"","format":"standard","meta":{"colormag_page_container_layout":"default_layout","colormag_page_sidebar_layout":"default_layout","_FSMCFIC_featured_image_caption":"","_FSMCFIC_featured_image_nocaption":"","_FSMCFIC_featured_image_hide":"","footnotes":""},"categories":[3,1],"tags":[],"class_list":["post-10371","post","type-post","status-publish","format-standard","has-post-thumbnail","hentry","category-policia","category-ultimas"],"yoast_head":"<!-- This site is optimized with the Yoast SEO plugin v27.1.1 - https:\/\/yoast.com\/product\/yoast-seo-wordpress\/ -->\n<title>Cerca de 70 kg de coca\u00edna s\u00e3o apreendidos em ve\u00edculos na Linha Verde e em Salvador - Brasil not\u00edcias<\/title>\n<meta name=\"robots\" content=\"index, follow, max-snippet:-1, max-image-preview:large, max-video-preview:-1\" \/>\n<link rel=\"canonical\" href=\"https:\/\/brasilnoticias.org\/site\/cerca-de-70-kg-de-cocaina-sao-apreendidos-em-veiculos-na-linha-verde-e-em-salvador\/\" \/>\n<meta property=\"og:locale\" content=\"pt_PT\" \/>\n<meta property=\"og:type\" content=\"article\" \/>\n<meta property=\"og:title\" content=\"Cerca de 70 kg de coca\u00edna s\u00e3o apreendidos em ve\u00edculos na Linha Verde e em Salvador - Brasil not\u00edcias\" \/>\n<meta property=\"og:description\" content=\"Agentes de segura\u00e7a encontraram 23 tabletes em um carro na Linha Verde e outros 47 no bairro de Pernambu\u00e9s, na\" \/>\n<meta property=\"og:url\" content=\"https:\/\/brasilnoticias.org\/site\/cerca-de-70-kg-de-cocaina-sao-apreendidos-em-veiculos-na-linha-verde-e-em-salvador\/\" \/>\n<meta property=\"og:site_name\" content=\"Brasil not\u00edcias\" \/>\n<meta property=\"article:published_time\" content=\"2023-10-22T23:08:48+00:00\" \/>\n<meta property=\"og:image\" content=\"https:\/\/brasilnoticias.org\/site\/wp-content\/uploads\/2023\/10\/142310cerca-de-70-kg-de-cocaina-sao-apreendidos-em-veiculos-na-linha-verde-e-em-salvador-3.jpg\" \/>\n\t<meta property=\"og:image:width\" content=\"1600\" \/>\n\t<meta property=\"og:image:height\" content=\"752\" \/>\n\t<meta property=\"og:image:type\" content=\"image\/jpeg\" \/>\n<meta name=\"author\" content=\"Reda\u00e7\u00e3o\" \/>\n<meta name=\"twitter:card\" content=\"summary_large_image\" \/>\n<meta name=\"twitter:label1\" content=\"Escrito por\" \/>\n\t<meta name=\"twitter:data1\" content=\"Reda\u00e7\u00e3o\" \/>\n<script type=\"application\/ld+json\" class=\"yoast-schema-graph\">{\"@context\":\"https:\/\/schema.org\",\"@graph\":[{\"@type\":\"Article\",\"@id\":\"https:\/\/brasilnoticias.org\/site\/cerca-de-70-kg-de-cocaina-sao-apreendidos-em-veiculos-na-linha-verde-e-em-salvador\/#article\",\"isPartOf\":{\"@id\":\"https:\/\/brasilnoticias.org\/site\/cerca-de-70-kg-de-cocaina-sao-apreendidos-em-veiculos-na-linha-verde-e-em-salvador\/\"},\"author\":{\"name\":\"Reda\u00e7\u00e3o\",\"@id\":\"https:\/\/brasilnoticias.org\/site\/#\/schema\/person\/03bbbfe6c7634ad18c26444ea39049fa\"},\"headline\":\"Cerca de 70 kg de coca\u00edna s\u00e3o apreendidos em ve\u00edculos na Linha Verde e em Salvador\",\"datePublished\":\"2023-10-22T23:08:48+00:00\",\"mainEntityOfPage\":{\"@id\":\"https:\/\/brasilnoticias.org\/site\/cerca-de-70-kg-de-cocaina-sao-apreendidos-em-veiculos-na-linha-verde-e-em-salvador\/\"},\"wordCount\":191,\"commentCount\":0,\"publisher\":{\"@id\":\"https:\/\/brasilnoticias.org\/site\/#organization\"},\"image\":{\"@id\":\"https:\/\/brasilnoticias.org\/site\/cerca-de-70-kg-de-cocaina-sao-apreendidos-em-veiculos-na-linha-verde-e-em-salvador\/#primaryimage\"},\"thumbnailUrl\":\"https:\/\/brasilnoticias.org\/site\/wp-content\/uploads\/2023\/10\/142310cerca-de-70-kg-de-cocaina-sao-apreendidos-em-veiculos-na-linha-verde-e-em-salvador-3.jpg\",\"articleSection\":[\"Pol\u00edcia\",\"\u00daltimas\"],\"inLanguage\":\"pt-PT\",\"potentialAction\":[{\"@type\":\"CommentAction\",\"name\":\"Comment\",\"target\":[\"https:\/\/brasilnoticias.org\/site\/cerca-de-70-kg-de-cocaina-sao-apreendidos-em-veiculos-na-linha-verde-e-em-salvador\/#respond\"]}]},{\"@type\":\"WebPage\",\"@id\":\"https:\/\/brasilnoticias.org\/site\/cerca-de-70-kg-de-cocaina-sao-apreendidos-em-veiculos-na-linha-verde-e-em-salvador\/\",\"url\":\"https:\/\/brasilnoticias.org\/site\/cerca-de-70-kg-de-cocaina-sao-apreendidos-em-veiculos-na-linha-verde-e-em-salvador\/\",\"name\":\"Cerca de 70 kg de coca\u00edna s\u00e3o apreendidos em ve\u00edculos na Linha Verde e em Salvador - Brasil not\u00edcias\",\"isPartOf\":{\"@id\":\"https:\/\/brasilnoticias.org\/site\/#website\"},\"primaryImageOfPage\":{\"@id\":\"https:\/\/brasilnoticias.org\/site\/cerca-de-70-kg-de-cocaina-sao-apreendidos-em-veiculos-na-linha-verde-e-em-salvador\/#primaryimage\"},\"image\":{\"@id\":\"https:\/\/brasilnoticias.org\/site\/cerca-de-70-kg-de-cocaina-sao-apreendidos-em-veiculos-na-linha-verde-e-em-salvador\/#primaryimage\"},\"thumbnailUrl\":\"https:\/\/brasilnoticias.org\/site\/wp-content\/uploads\/2023\/10\/142310cerca-de-70-kg-de-cocaina-sao-apreendidos-em-veiculos-na-linha-verde-e-em-salvador-3.jpg\",\"datePublished\":\"2023-10-22T23:08:48+00:00\",\"breadcrumb\":{\"@id\":\"https:\/\/brasilnoticias.org\/site\/cerca-de-70-kg-de-cocaina-sao-apreendidos-em-veiculos-na-linha-verde-e-em-salvador\/#breadcrumb\"},\"inLanguage\":\"pt-PT\",\"potentialAction\":[{\"@type\":\"ReadAction\",\"target\":[\"https:\/\/brasilnoticias.org\/site\/cerca-de-70-kg-de-cocaina-sao-apreendidos-em-veiculos-na-linha-verde-e-em-salvador\/\"]}]},{\"@type\":\"ImageObject\",\"inLanguage\":\"pt-PT\",\"@id\":\"https:\/\/brasilnoticias.org\/site\/cerca-de-70-kg-de-cocaina-sao-apreendidos-em-veiculos-na-linha-verde-e-em-salvador\/#primaryimage\",\"url\":\"https:\/\/brasilnoticias.org\/site\/wp-content\/uploads\/2023\/10\/142310cerca-de-70-kg-de-cocaina-sao-apreendidos-em-veiculos-na-linha-verde-e-em-salvador-3.jpg\",\"contentUrl\":\"https:\/\/brasilnoticias.org\/site\/wp-content\/uploads\/2023\/10\/142310cerca-de-70-kg-de-cocaina-sao-apreendidos-em-veiculos-na-linha-verde-e-em-salvador-3.jpg\",\"width\":1600,\"height\":752},{\"@type\":\"BreadcrumbList\",\"@id\":\"https:\/\/brasilnoticias.org\/site\/cerca-de-70-kg-de-cocaina-sao-apreendidos-em-veiculos-na-linha-verde-e-em-salvador\/#breadcrumb\",\"itemListElement\":[{\"@type\":\"ListItem\",\"position\":1,\"name\":\"In\u00edcio\",\"item\":\"https:\/\/brasilnoticias.org\/site\/\"},{\"@type\":\"ListItem\",\"position\":2,\"name\":\"Cerca de 70 kg de coca\u00edna s\u00e3o apreendidos em ve\u00edculos na Linha Verde e em Salvador\"}]},{\"@type\":\"WebSite\",\"@id\":\"https:\/\/brasilnoticias.org\/site\/#website\",\"url\":\"https:\/\/brasilnoticias.org\/site\/\",\"name\":\"Brasil not\u00edcias\",\"description\":\"Brasil not\u00edcias\",\"publisher\":{\"@id\":\"https:\/\/brasilnoticias.org\/site\/#organization\"},\"potentialAction\":[{\"@type\":\"SearchAction\",\"target\":{\"@type\":\"EntryPoint\",\"urlTemplate\":\"https:\/\/brasilnoticias.org\/site\/?s={search_term_string}\"},\"query-input\":{\"@type\":\"PropertyValueSpecification\",\"valueRequired\":true,\"valueName\":\"search_term_string\"}}],\"inLanguage\":\"pt-PT\"},{\"@type\":\"Organization\",\"@id\":\"https:\/\/brasilnoticias.org\/site\/#organization\",\"name\":\"Brasil not\u00edcias\",\"url\":\"https:\/\/brasilnoticias.org\/site\/\",\"logo\":{\"@type\":\"ImageObject\",\"inLanguage\":\"pt-PT\",\"@id\":\"https:\/\/brasilnoticias.org\/site\/#\/schema\/logo\/image\/\",\"url\":\"https:\/\/brasilnoticias.org\/site\/wp-content\/uploads\/2022\/05\/cropped-brasilnoticias-mini.jpg\",\"contentUrl\":\"https:\/\/brasilnoticias.org\/site\/wp-content\/uploads\/2022\/05\/cropped-brasilnoticias-mini.jpg\",\"width\":314,\"height\":86,\"caption\":\"Brasil not\u00edcias\"},\"image\":{\"@id\":\"https:\/\/brasilnoticias.org\/site\/#\/schema\/logo\/image\/\"}},{\"@type\":\"Person\",\"@id\":\"https:\/\/brasilnoticias.org\/site\/#\/schema\/person\/03bbbfe6c7634ad18c26444ea39049fa\",\"name\":\"Reda\u00e7\u00e3o\",\"image\":{\"@type\":\"ImageObject\",\"inLanguage\":\"pt-PT\",\"@id\":\"https:\/\/brasilnoticias.org\/site\/#\/schema\/person\/image\/\",\"url\":\"https:\/\/secure.gravatar.com\/avatar\/9ecaf7327a696cb23ad926fedded5f1f04d7049de9e445375d55b48c001a6e42?s=96&d=mm&r=g\",\"contentUrl\":\"https:\/\/secure.gravatar.com\/avatar\/9ecaf7327a696cb23ad926fedded5f1f04d7049de9e445375d55b48c001a6e42?s=96&d=mm&r=g\",\"caption\":\"Reda\u00e7\u00e3o\"},\"url\":\"https:\/\/brasilnoticias.org\/site\/author\/henrique\/\"}]}<\/script>\n<!-- \/ Yoast SEO plugin. -->","yoast_head_json":{"title":"Cerca de 70 kg de coca\u00edna s\u00e3o apreendidos em ve\u00edculos na Linha Verde e em Salvador - Brasil not\u00edcias","robots":{"index":"index","follow":"follow","max-snippet":"max-snippet:-1","max-image-preview":"max-image-preview:large","max-video-preview":"max-video-preview:-1"},"canonical":"https:\/\/brasilnoticias.org\/site\/cerca-de-70-kg-de-cocaina-sao-apreendidos-em-veiculos-na-linha-verde-e-em-salvador\/","og_locale":"pt_PT","og_type":"article","og_title":"Cerca de 70 kg de coca\u00edna s\u00e3o apreendidos em ve\u00edculos na Linha Verde e em Salvador - Brasil not\u00edcias","og_description":"Agentes de segura\u00e7a encontraram 23 tabletes em um carro na Linha Verde e outros 47 no bairro de Pernambu\u00e9s, na","og_url":"https:\/\/brasilnoticias.org\/site\/cerca-de-70-kg-de-cocaina-sao-apreendidos-em-veiculos-na-linha-verde-e-em-salvador\/","og_site_name":"Brasil not\u00edcias","article_published_time":"2023-10-22T23:08:48+00:00","og_image":[{"width":1600,"height":752,"url":"https:\/\/brasilnoticias.org\/site\/wp-content\/uploads\/2023\/10\/142310cerca-de-70-kg-de-cocaina-sao-apreendidos-em-veiculos-na-linha-verde-e-em-salvador-3.jpg","type":"image\/jpeg"}],"author":"Reda\u00e7\u00e3o","twitter_card":"summary_large_image","twitter_misc":{"Escrito por":"Reda\u00e7\u00e3o"},"schema":{"@context":"https:\/\/schema.org","@graph":[{"@type":"Article","@id":"https:\/\/brasilnoticias.org\/site\/cerca-de-70-kg-de-cocaina-sao-apreendidos-em-veiculos-na-linha-verde-e-em-salvador\/#article","isPartOf":{"@id":"https:\/\/brasilnoticias.org\/site\/cerca-de-70-kg-de-cocaina-sao-apreendidos-em-veiculos-na-linha-verde-e-em-salvador\/"},"author":{"name":"Reda\u00e7\u00e3o","@id":"https:\/\/brasilnoticias.org\/site\/#\/schema\/person\/03bbbfe6c7634ad18c26444ea39049fa"},"headline":"Cerca de 70 kg de coca\u00edna s\u00e3o apreendidos em ve\u00edculos na Linha Verde e em Salvador","datePublished":"2023-10-22T23:08:48+00:00","mainEntityOfPage":{"@id":"https:\/\/brasilnoticias.org\/site\/cerca-de-70-kg-de-cocaina-sao-apreendidos-em-veiculos-na-linha-verde-e-em-salvador\/"},"wordCount":191,"commentCount":0,"publisher":{"@id":"https:\/\/brasilnoticias.org\/site\/#organization"},"image":{"@id":"https:\/\/brasilnoticias.org\/site\/cerca-de-70-kg-de-cocaina-sao-apreendidos-em-veiculos-na-linha-verde-e-em-salvador\/#primaryimage"},"thumbnailUrl":"https:\/\/brasilnoticias.org\/site\/wp-content\/uploads\/2023\/10\/142310cerca-de-70-kg-de-cocaina-sao-apreendidos-em-veiculos-na-linha-verde-e-em-salvador-3.jpg","articleSection":["Pol\u00edcia","\u00daltimas"],"inLanguage":"pt-PT","potentialAction":[{"@type":"CommentAction","name":"Comment","target":["https:\/\/brasilnoticias.org\/site\/cerca-de-70-kg-de-cocaina-sao-apreendidos-em-veiculos-na-linha-verde-e-em-salvador\/#respond"]}]},{"@type":"WebPage","@id":"https:\/\/brasilnoticias.org\/site\/cerca-de-70-kg-de-cocaina-sao-apreendidos-em-veiculos-na-linha-verde-e-em-salvador\/","url":"https:\/\/brasilnoticias.org\/site\/cerca-de-70-kg-de-cocaina-sao-apreendidos-em-veiculos-na-linha-verde-e-em-salvador\/","name":"Cerca de 70 kg de coca\u00edna s\u00e3o apreendidos em ve\u00edculos na Linha Verde e em Salvador - Brasil not\u00edcias","isPartOf":{"@id":"https:\/\/brasilnoticias.org\/site\/#website"},"primaryImageOfPage":{"@id":"https:\/\/brasilnoticias.org\/site\/cerca-de-70-kg-de-cocaina-sao-apreendidos-em-veiculos-na-linha-verde-e-em-salvador\/#primaryimage"},"image":{"@id":"https:\/\/brasilnoticias.org\/site\/cerca-de-70-kg-de-cocaina-sao-apreendidos-em-veiculos-na-linha-verde-e-em-salvador\/#primaryimage"},"thumbnailUrl":"https:\/\/brasilnoticias.org\/site\/wp-content\/uploads\/2023\/10\/142310cerca-de-70-kg-de-cocaina-sao-apreendidos-em-veiculos-na-linha-verde-e-em-salvador-3.jpg","datePublished":"2023-10-22T23:08:48+00:00","breadcrumb":{"@id":"https:\/\/brasilnoticias.org\/site\/cerca-de-70-kg-de-cocaina-sao-apreendidos-em-veiculos-na-linha-verde-e-em-salvador\/#breadcrumb"},"inLanguage":"pt-PT","potentialAction":[{"@type":"ReadAction","target":["https:\/\/brasilnoticias.org\/site\/cerca-de-70-kg-de-cocaina-sao-apreendidos-em-veiculos-na-linha-verde-e-em-salvador\/"]}]},{"@type":"ImageObject","inLanguage":"pt-PT","@id":"https:\/\/brasilnoticias.org\/site\/cerca-de-70-kg-de-cocaina-sao-apreendidos-em-veiculos-na-linha-verde-e-em-salvador\/#primaryimage","url":"https:\/\/brasilnoticias.org\/site\/wp-content\/uploads\/2023\/10\/142310cerca-de-70-kg-de-cocaina-sao-apreendidos-em-veiculos-na-linha-verde-e-em-salvador-3.jpg","contentUrl":"https:\/\/brasilnoticias.org\/site\/wp-content\/uploads\/2023\/10\/142310cerca-de-70-kg-de-cocaina-sao-apreendidos-em-veiculos-na-linha-verde-e-em-salvador-3.jpg","width":1600,"height":752},{"@type":"BreadcrumbList","@id":"https:\/\/brasilnoticias.org\/site\/cerca-de-70-kg-de-cocaina-sao-apreendidos-em-veiculos-na-linha-verde-e-em-salvador\/#breadcrumb","itemListElement":[{"@type":"ListItem","position":1,"name":"In\u00edcio","item":"https:\/\/brasilnoticias.org\/site\/"},{"@type":"ListItem","position":2,"name":"Cerca de 70 kg de coca\u00edna s\u00e3o apreendidos em ve\u00edculos na Linha Verde e em Salvador"}]},{"@type":"WebSite","@id":"https:\/\/brasilnoticias.org\/site\/#website","url":"https:\/\/brasilnoticias.org\/site\/","name":"Brasil not\u00edcias","description":"Brasil not\u00edcias","publisher":{"@id":"https:\/\/brasilnoticias.org\/site\/#organization"},"potentialAction":[{"@type":"SearchAction","target":{"@type":"EntryPoint","urlTemplate":"https:\/\/brasilnoticias.org\/site\/?s={search_term_string}"},"query-input":{"@type":"PropertyValueSpecification","valueRequired":true,"valueName":"search_term_string"}}],"inLanguage":"pt-PT"},{"@type":"Organization","@id":"https:\/\/brasilnoticias.org\/site\/#organization","name":"Brasil not\u00edcias","url":"https:\/\/brasilnoticias.org\/site\/","logo":{"@type":"ImageObject","inLanguage":"pt-PT","@id":"https:\/\/brasilnoticias.org\/site\/#\/schema\/logo\/image\/","url":"https:\/\/brasilnoticias.org\/site\/wp-content\/uploads\/2022\/05\/cropped-brasilnoticias-mini.jpg","contentUrl":"https:\/\/brasilnoticias.org\/site\/wp-content\/uploads\/2022\/05\/cropped-brasilnoticias-mini.jpg","width":314,"height":86,"caption":"Brasil not\u00edcias"},"image":{"@id":"https:\/\/brasilnoticias.org\/site\/#\/schema\/logo\/image\/"}},{"@type":"Person","@id":"https:\/\/brasilnoticias.org\/site\/#\/schema\/person\/03bbbfe6c7634ad18c26444ea39049fa","name":"Reda\u00e7\u00e3o","image":{"@type":"ImageObject","inLanguage":"pt-PT","@id":"https:\/\/brasilnoticias.org\/site\/#\/schema\/person\/image\/","url":"https:\/\/secure.gravatar.com\/avatar\/9ecaf7327a696cb23ad926fedded5f1f04d7049de9e445375d55b48c001a6e42?s=96&d=mm&r=g","contentUrl":"https:\/\/secure.gravatar.com\/avatar\/9ecaf7327a696cb23ad926fedded5f1f04d7049de9e445375d55b48c001a6e42?s=96&d=mm&r=g","caption":"Reda\u00e7\u00e3o"},"url":"https:\/\/brasilnoticias.org\/site\/author\/henrique\/"}]}},"_links":{"self":[{"href":"https:\/\/brasilnoticias.org\/site\/wp-json\/wp\/v2\/posts\/10371","targetHints":{"allow":["GET"]}}],"collection":[{"href":"https:\/\/brasilnoticias.org\/site\/wp-json\/wp\/v2\/posts"}],"about":[{"href":"https:\/\/brasilnoticias.org\/site\/wp-json\/wp\/v2\/types\/post"}],"author":[{"embeddable":true,"href":"https:\/\/brasilnoticias.org\/site\/wp-json\/wp\/v2\/users\/4"}],"replies":[{"embeddable":true,"href":"https:\/\/brasilnoticias.org\/site\/wp-json\/wp\/v2\/comments?post=10371"}],"version-history":[{"count":1,"href":"https:\/\/brasilnoticias.org\/site\/wp-json\/wp\/v2\/posts\/10371\/revisions"}],"predecessor-version":[{"id":10373,"href":"https:\/\/brasilnoticias.org\/site\/wp-json\/wp\/v2\/posts\/10371\/revisions\/10373"}],"wp:featuredmedia":[{"embeddable":true,"href":"https:\/\/brasilnoticias.org\/site\/wp-json\/wp\/v2\/media\/10372"}],"wp:attachment":[{"href":"https:\/\/brasilnoticias.org\/site\/wp-json\/wp\/v2\/media?parent=10371"}],"wp:term":[{"taxonomy":"category","embeddable":true,"href":"https:\/\/brasilnoticias.org\/site\/wp-json\/wp\/v2\/categories?post=10371"},{"taxonomy":"post_tag","embeddable":true,"href":"https:\/\/brasilnoticias.org\/site\/wp-json\/wp\/v2\/tags?post=10371"}],"curies":[{"name":"wp","href":"https:\/\/api.w.org\/{rel}","templated":true}]}}