{"id":1038,"date":"2022-07-31T19:04:21","date_gmt":"2022-07-31T22:04:21","guid":{"rendered":"https:\/\/brasilnoticias.org\/site\/?p=1038"},"modified":"2022-07-31T19:04:21","modified_gmt":"2022-07-31T22:04:21","slug":"vitoria-empata-com-o-abc-e-nao-consegue-entrar-no-g8-da-serie-c","status":"publish","type":"post","link":"https:\/\/brasilnoticias.org\/site\/vitoria-empata-com-o-abc-e-nao-consegue-entrar-no-g8-da-serie-c\/","title":{"rendered":"Vit\u00f3ria empata com o ABC e n\u00e3o consegue entrar no G8 da S\u00e9rie C"},"content":{"rendered":"<p>O Vit\u00f3ria empatou com o ABC na tarde deste domingo (31), no Barrad\u00e3o, pela 17\u00aa rodada do\u00a0<a href=\"https:\/\/www.bnews.com.br\/tags\/serie-c\" target=\"_blank\" rel=\"noopener\">Campeonato Brasileiro da S\u00e9rie C<\/a>. Para um p\u00fablico de 27.581, o rubro-negro conseguiu estar na frente do placar por duas oportunidades na partida, por\u00e9m acabou sofrendo o empate duas vezes, uma delas com gol irregular.<\/p>\n<p>Com o resultado, o Le\u00e3o vai precisar buscar duas vit\u00f3rias nas \u00faltimas duas partidas da primeira fase da S\u00e9rie C, contra Mirassol e Brasil de Pelotas, caso queira se classificar entre os oito times que v\u00e3o para a segunda fase do torneio disputar o acesso \u00e0 S\u00e9rie B.<\/p>\n<p>O jogo come\u00e7ou a milh\u00e3o, com o\u00a0<a href=\"https:\/\/www.bnews.com.br\/tags\/vitoria\" target=\"_blank\" rel=\"noopener\">Vit\u00f3ria<\/a>\u00a0abrindo o placar antes dos 10 minutos de jogo, com Santiago Tr\u00e9llez aproveitando cruzamento de Lazaroni, mas o time potiguar empatou cinco minutos ap\u00f3s o tento rubro-negro, com F\u00e1bio Lima aproveitando enfiada de bola. O atacante do ABC estava impedido no lance do gol, por\u00e9m o assistente n\u00e3o marcou a infra\u00e7\u00e3o.<\/p>\n<p>O jogo ficou muito aberto para ambas as equipes, e o Le\u00e3o conseguiu o segundo gol aos 35\u2019, novamente com Tr\u00e9llez, dessa vez cobrando p\u00eanalti sofrido por Alan Pedro.<\/p>\n<p><strong>SEGUNDO TEMPO<\/strong><\/p>\n<p>O segundo tempo da partida come\u00e7ou com o ABC em cima do Vit\u00f3ria, e logo aos 4 minutos da segunda etapa, Wallyson acertou a trave do gol defendido por Dalton. O ABC conseguiu igualar o placar novamente aos 10\u2019, com Erick Var\u00e3o acertando um lindo chute de fora da \u00e1rea. Ap\u00f3s sofrer o segundo gol, o rubro-negro tentou pressionar o time advers\u00e1rio.<\/p>\n<p>O Le\u00e3o acabou tendo uma chance clara de gol aos 40&#8242;, com Z\u00e9 Vitor de cabe\u00e7a, por\u00e9m o goleiro Bruno Paulo conseguiu fazer a defesa em cima da linha. Aos 41&#8242; novamente uma chance clara, dessa vez com Dinei tamb\u00e9m de cabe\u00e7a, e mais uma vez o goleiro do ABC opera um milagre.<\/p>\n<p>A partida terminou com o placar de 2&#215;2.<\/p>\n<p>Na pr\u00f3xima rodada, o Vit\u00f3ria enfrenta o Mirassol, l\u00edder da competi\u00e7\u00e3o, no pr\u00f3ximo domingo (7), \u00e0s 19h, no est\u00e1dio municipal de Mirassol, em S\u00e3o Paulo.<\/p>\n<p>&nbsp;<\/p>\n<p>&nbsp;<\/p>\n<p>Bnews<\/p>\n<p><strong>\u00a0<\/strong><\/p>\n<p><strong>\u00a0<\/strong><\/p>\n","protected":false},"excerpt":{"rendered":"<p>O Vit\u00f3ria empatou com o ABC na tarde deste domingo (31), no Barrad\u00e3o, pela 17\u00aa rodada do\u00a0Campeonato Brasileiro da S\u00e9rie<\/p>\n","protected":false},"author":2,"featured_media":1039,"comment_status":"open","ping_status":"open","sticky":false,"template":"","format":"standard","meta":{"colormag_page_container_layout":"default_layout","colormag_page_sidebar_layout":"default_layout","_FSMCFIC_featured_image_caption":"","_FSMCFIC_featured_image_nocaption":"","_FSMCFIC_featured_image_hide":"","footnotes":""},"categories":[4,1],"tags":[],"class_list":["post-1038","post","type-post","status-publish","format-standard","has-post-thumbnail","hentry","category-esporte","category-ultimas"],"yoast_head":"<!-- This site is optimized with the Yoast SEO plugin v27.1.1 - https:\/\/yoast.com\/product\/yoast-seo-wordpress\/ -->\n<title>Vit\u00f3ria empata com o ABC e n\u00e3o consegue entrar no G8 da S\u00e9rie C - Brasil not\u00edcias<\/title>\n<meta name=\"robots\" content=\"index, follow, max-snippet:-1, max-image-preview:large, max-video-preview:-1\" \/>\n<link rel=\"canonical\" href=\"https:\/\/brasilnoticias.org\/site\/vitoria-empata-com-o-abc-e-nao-consegue-entrar-no-g8-da-serie-c\/\" \/>\n<meta property=\"og:locale\" content=\"pt_PT\" \/>\n<meta property=\"og:type\" content=\"article\" \/>\n<meta property=\"og:title\" content=\"Vit\u00f3ria empata com o ABC e n\u00e3o consegue entrar no G8 da S\u00e9rie C - Brasil not\u00edcias\" \/>\n<meta property=\"og:description\" content=\"O Vit\u00f3ria empatou com o ABC na tarde deste domingo (31), no Barrad\u00e3o, pela 17\u00aa rodada do\u00a0Campeonato Brasileiro da S\u00e9rie\" \/>\n<meta property=\"og:url\" content=\"https:\/\/brasilnoticias.org\/site\/vitoria-empata-com-o-abc-e-nao-consegue-entrar-no-g8-da-serie-c\/\" \/>\n<meta property=\"og:site_name\" content=\"Brasil not\u00edcias\" \/>\n<meta property=\"article:published_time\" content=\"2022-07-31T22:04:21+00:00\" \/>\n<meta property=\"og:image\" content=\"https:\/\/brasilnoticias.org\/site\/wp-content\/uploads\/2022\/07\/whatsapp_image_2022-07-31_at_16.36.56_widelg-2.jpeg\" \/>\n\t<meta property=\"og:image:width\" content=\"800\" \/>\n\t<meta property=\"og:image:height\" content=\"450\" \/>\n\t<meta property=\"og:image:type\" content=\"image\/jpeg\" \/>\n<meta name=\"author\" content=\"Reda\u00e7\u00e3o\" \/>\n<meta name=\"twitter:card\" content=\"summary_large_image\" \/>\n<meta name=\"twitter:label1\" content=\"Escrito por\" \/>\n\t<meta name=\"twitter:data1\" content=\"Reda\u00e7\u00e3o\" \/>\n\t<meta name=\"twitter:label2\" content=\"Tempo estimado de leitura\" \/>\n\t<meta name=\"twitter:data2\" content=\"2 minutos\" \/>\n<script type=\"application\/ld+json\" class=\"yoast-schema-graph\">{\"@context\":\"https:\/\/schema.org\",\"@graph\":[{\"@type\":\"Article\",\"@id\":\"https:\/\/brasilnoticias.org\/site\/vitoria-empata-com-o-abc-e-nao-consegue-entrar-no-g8-da-serie-c\/#article\",\"isPartOf\":{\"@id\":\"https:\/\/brasilnoticias.org\/site\/vitoria-empata-com-o-abc-e-nao-consegue-entrar-no-g8-da-serie-c\/\"},\"author\":{\"name\":\"Reda\u00e7\u00e3o\",\"@id\":\"https:\/\/brasilnoticias.org\/site\/#\/schema\/person\/f609fa847b5314f1c8b983342f34c798\"},\"headline\":\"Vit\u00f3ria empata com o ABC e n\u00e3o consegue entrar no G8 da S\u00e9rie C\",\"datePublished\":\"2022-07-31T22:04:21+00:00\",\"mainEntityOfPage\":{\"@id\":\"https:\/\/brasilnoticias.org\/site\/vitoria-empata-com-o-abc-e-nao-consegue-entrar-no-g8-da-serie-c\/\"},\"wordCount\":388,\"commentCount\":0,\"publisher\":{\"@id\":\"https:\/\/brasilnoticias.org\/site\/#organization\"},\"image\":{\"@id\":\"https:\/\/brasilnoticias.org\/site\/vitoria-empata-com-o-abc-e-nao-consegue-entrar-no-g8-da-serie-c\/#primaryimage\"},\"thumbnailUrl\":\"https:\/\/brasilnoticias.org\/site\/wp-content\/uploads\/2022\/07\/whatsapp_image_2022-07-31_at_16.36.56_widelg-2.jpeg\",\"articleSection\":[\"Esporte\",\"\u00daltimas\"],\"inLanguage\":\"pt-PT\",\"potentialAction\":[{\"@type\":\"CommentAction\",\"name\":\"Comment\",\"target\":[\"https:\/\/brasilnoticias.org\/site\/vitoria-empata-com-o-abc-e-nao-consegue-entrar-no-g8-da-serie-c\/#respond\"]}]},{\"@type\":\"WebPage\",\"@id\":\"https:\/\/brasilnoticias.org\/site\/vitoria-empata-com-o-abc-e-nao-consegue-entrar-no-g8-da-serie-c\/\",\"url\":\"https:\/\/brasilnoticias.org\/site\/vitoria-empata-com-o-abc-e-nao-consegue-entrar-no-g8-da-serie-c\/\",\"name\":\"Vit\u00f3ria empata com o ABC e n\u00e3o consegue entrar no G8 da S\u00e9rie C - Brasil not\u00edcias\",\"isPartOf\":{\"@id\":\"https:\/\/brasilnoticias.org\/site\/#website\"},\"primaryImageOfPage\":{\"@id\":\"https:\/\/brasilnoticias.org\/site\/vitoria-empata-com-o-abc-e-nao-consegue-entrar-no-g8-da-serie-c\/#primaryimage\"},\"image\":{\"@id\":\"https:\/\/brasilnoticias.org\/site\/vitoria-empata-com-o-abc-e-nao-consegue-entrar-no-g8-da-serie-c\/#primaryimage\"},\"thumbnailUrl\":\"https:\/\/brasilnoticias.org\/site\/wp-content\/uploads\/2022\/07\/whatsapp_image_2022-07-31_at_16.36.56_widelg-2.jpeg\",\"datePublished\":\"2022-07-31T22:04:21+00:00\",\"breadcrumb\":{\"@id\":\"https:\/\/brasilnoticias.org\/site\/vitoria-empata-com-o-abc-e-nao-consegue-entrar-no-g8-da-serie-c\/#breadcrumb\"},\"inLanguage\":\"pt-PT\",\"potentialAction\":[{\"@type\":\"ReadAction\",\"target\":[\"https:\/\/brasilnoticias.org\/site\/vitoria-empata-com-o-abc-e-nao-consegue-entrar-no-g8-da-serie-c\/\"]}]},{\"@type\":\"ImageObject\",\"inLanguage\":\"pt-PT\",\"@id\":\"https:\/\/brasilnoticias.org\/site\/vitoria-empata-com-o-abc-e-nao-consegue-entrar-no-g8-da-serie-c\/#primaryimage\",\"url\":\"https:\/\/brasilnoticias.org\/site\/wp-content\/uploads\/2022\/07\/whatsapp_image_2022-07-31_at_16.36.56_widelg-2.jpeg\",\"contentUrl\":\"https:\/\/brasilnoticias.org\/site\/wp-content\/uploads\/2022\/07\/whatsapp_image_2022-07-31_at_16.36.56_widelg-2.jpeg\",\"width\":800,\"height\":450},{\"@type\":\"BreadcrumbList\",\"@id\":\"https:\/\/brasilnoticias.org\/site\/vitoria-empata-com-o-abc-e-nao-consegue-entrar-no-g8-da-serie-c\/#breadcrumb\",\"itemListElement\":[{\"@type\":\"ListItem\",\"position\":1,\"name\":\"In\u00edcio\",\"item\":\"https:\/\/brasilnoticias.org\/site\/\"},{\"@type\":\"ListItem\",\"position\":2,\"name\":\"Vit\u00f3ria empata com o ABC e n\u00e3o consegue entrar no G8 da S\u00e9rie C\"}]},{\"@type\":\"WebSite\",\"@id\":\"https:\/\/brasilnoticias.org\/site\/#website\",\"url\":\"https:\/\/brasilnoticias.org\/site\/\",\"name\":\"Brasil not\u00edcias\",\"description\":\"Brasil not\u00edcias\",\"publisher\":{\"@id\":\"https:\/\/brasilnoticias.org\/site\/#organization\"},\"potentialAction\":[{\"@type\":\"SearchAction\",\"target\":{\"@type\":\"EntryPoint\",\"urlTemplate\":\"https:\/\/brasilnoticias.org\/site\/?s={search_term_string}\"},\"query-input\":{\"@type\":\"PropertyValueSpecification\",\"valueRequired\":true,\"valueName\":\"search_term_string\"}}],\"inLanguage\":\"pt-PT\"},{\"@type\":\"Organization\",\"@id\":\"https:\/\/brasilnoticias.org\/site\/#organization\",\"name\":\"Brasil not\u00edcias\",\"url\":\"https:\/\/brasilnoticias.org\/site\/\",\"logo\":{\"@type\":\"ImageObject\",\"inLanguage\":\"pt-PT\",\"@id\":\"https:\/\/brasilnoticias.org\/site\/#\/schema\/logo\/image\/\",\"url\":\"https:\/\/brasilnoticias.org\/site\/wp-content\/uploads\/2022\/05\/cropped-brasilnoticias-mini.jpg\",\"contentUrl\":\"https:\/\/brasilnoticias.org\/site\/wp-content\/uploads\/2022\/05\/cropped-brasilnoticias-mini.jpg\",\"width\":314,\"height\":86,\"caption\":\"Brasil not\u00edcias\"},\"image\":{\"@id\":\"https:\/\/brasilnoticias.org\/site\/#\/schema\/logo\/image\/\"}},{\"@type\":\"Person\",\"@id\":\"https:\/\/brasilnoticias.org\/site\/#\/schema\/person\/f609fa847b5314f1c8b983342f34c798\",\"name\":\"Reda\u00e7\u00e3o\",\"image\":{\"@type\":\"ImageObject\",\"inLanguage\":\"pt-PT\",\"@id\":\"https:\/\/brasilnoticias.org\/site\/#\/schema\/person\/image\/\",\"url\":\"https:\/\/secure.gravatar.com\/avatar\/447284c06c1ad8b46465a36de9cd0d8326b73387a22799b8b1ffb1fbcff2ed0c?s=96&d=mm&r=g\",\"contentUrl\":\"https:\/\/secure.gravatar.com\/avatar\/447284c06c1ad8b46465a36de9cd0d8326b73387a22799b8b1ffb1fbcff2ed0c?s=96&d=mm&r=g\",\"caption\":\"Reda\u00e7\u00e3o\"},\"url\":\"https:\/\/brasilnoticias.org\/site\/author\/redacao\/\"}]}<\/script>\n<!-- \/ Yoast SEO plugin. -->","yoast_head_json":{"title":"Vit\u00f3ria empata com o ABC e n\u00e3o consegue entrar no G8 da S\u00e9rie C - Brasil not\u00edcias","robots":{"index":"index","follow":"follow","max-snippet":"max-snippet:-1","max-image-preview":"max-image-preview:large","max-video-preview":"max-video-preview:-1"},"canonical":"https:\/\/brasilnoticias.org\/site\/vitoria-empata-com-o-abc-e-nao-consegue-entrar-no-g8-da-serie-c\/","og_locale":"pt_PT","og_type":"article","og_title":"Vit\u00f3ria empata com o ABC e n\u00e3o consegue entrar no G8 da S\u00e9rie C - Brasil not\u00edcias","og_description":"O Vit\u00f3ria empatou com o ABC na tarde deste domingo (31), no Barrad\u00e3o, pela 17\u00aa rodada do\u00a0Campeonato Brasileiro da S\u00e9rie","og_url":"https:\/\/brasilnoticias.org\/site\/vitoria-empata-com-o-abc-e-nao-consegue-entrar-no-g8-da-serie-c\/","og_site_name":"Brasil not\u00edcias","article_published_time":"2022-07-31T22:04:21+00:00","og_image":[{"width":800,"height":450,"url":"https:\/\/brasilnoticias.org\/site\/wp-content\/uploads\/2022\/07\/whatsapp_image_2022-07-31_at_16.36.56_widelg-2.jpeg","type":"image\/jpeg"}],"author":"Reda\u00e7\u00e3o","twitter_card":"summary_large_image","twitter_misc":{"Escrito por":"Reda\u00e7\u00e3o","Tempo estimado de leitura":"2 minutos"},"schema":{"@context":"https:\/\/schema.org","@graph":[{"@type":"Article","@id":"https:\/\/brasilnoticias.org\/site\/vitoria-empata-com-o-abc-e-nao-consegue-entrar-no-g8-da-serie-c\/#article","isPartOf":{"@id":"https:\/\/brasilnoticias.org\/site\/vitoria-empata-com-o-abc-e-nao-consegue-entrar-no-g8-da-serie-c\/"},"author":{"name":"Reda\u00e7\u00e3o","@id":"https:\/\/brasilnoticias.org\/site\/#\/schema\/person\/f609fa847b5314f1c8b983342f34c798"},"headline":"Vit\u00f3ria empata com o ABC e n\u00e3o consegue entrar no G8 da S\u00e9rie C","datePublished":"2022-07-31T22:04:21+00:00","mainEntityOfPage":{"@id":"https:\/\/brasilnoticias.org\/site\/vitoria-empata-com-o-abc-e-nao-consegue-entrar-no-g8-da-serie-c\/"},"wordCount":388,"commentCount":0,"publisher":{"@id":"https:\/\/brasilnoticias.org\/site\/#organization"},"image":{"@id":"https:\/\/brasilnoticias.org\/site\/vitoria-empata-com-o-abc-e-nao-consegue-entrar-no-g8-da-serie-c\/#primaryimage"},"thumbnailUrl":"https:\/\/brasilnoticias.org\/site\/wp-content\/uploads\/2022\/07\/whatsapp_image_2022-07-31_at_16.36.56_widelg-2.jpeg","articleSection":["Esporte","\u00daltimas"],"inLanguage":"pt-PT","potentialAction":[{"@type":"CommentAction","name":"Comment","target":["https:\/\/brasilnoticias.org\/site\/vitoria-empata-com-o-abc-e-nao-consegue-entrar-no-g8-da-serie-c\/#respond"]}]},{"@type":"WebPage","@id":"https:\/\/brasilnoticias.org\/site\/vitoria-empata-com-o-abc-e-nao-consegue-entrar-no-g8-da-serie-c\/","url":"https:\/\/brasilnoticias.org\/site\/vitoria-empata-com-o-abc-e-nao-consegue-entrar-no-g8-da-serie-c\/","name":"Vit\u00f3ria empata com o ABC e n\u00e3o consegue entrar no G8 da S\u00e9rie C - Brasil not\u00edcias","isPartOf":{"@id":"https:\/\/brasilnoticias.org\/site\/#website"},"primaryImageOfPage":{"@id":"https:\/\/brasilnoticias.org\/site\/vitoria-empata-com-o-abc-e-nao-consegue-entrar-no-g8-da-serie-c\/#primaryimage"},"image":{"@id":"https:\/\/brasilnoticias.org\/site\/vitoria-empata-com-o-abc-e-nao-consegue-entrar-no-g8-da-serie-c\/#primaryimage"},"thumbnailUrl":"https:\/\/brasilnoticias.org\/site\/wp-content\/uploads\/2022\/07\/whatsapp_image_2022-07-31_at_16.36.56_widelg-2.jpeg","datePublished":"2022-07-31T22:04:21+00:00","breadcrumb":{"@id":"https:\/\/brasilnoticias.org\/site\/vitoria-empata-com-o-abc-e-nao-consegue-entrar-no-g8-da-serie-c\/#breadcrumb"},"inLanguage":"pt-PT","potentialAction":[{"@type":"ReadAction","target":["https:\/\/brasilnoticias.org\/site\/vitoria-empata-com-o-abc-e-nao-consegue-entrar-no-g8-da-serie-c\/"]}]},{"@type":"ImageObject","inLanguage":"pt-PT","@id":"https:\/\/brasilnoticias.org\/site\/vitoria-empata-com-o-abc-e-nao-consegue-entrar-no-g8-da-serie-c\/#primaryimage","url":"https:\/\/brasilnoticias.org\/site\/wp-content\/uploads\/2022\/07\/whatsapp_image_2022-07-31_at_16.36.56_widelg-2.jpeg","contentUrl":"https:\/\/brasilnoticias.org\/site\/wp-content\/uploads\/2022\/07\/whatsapp_image_2022-07-31_at_16.36.56_widelg-2.jpeg","width":800,"height":450},{"@type":"BreadcrumbList","@id":"https:\/\/brasilnoticias.org\/site\/vitoria-empata-com-o-abc-e-nao-consegue-entrar-no-g8-da-serie-c\/#breadcrumb","itemListElement":[{"@type":"ListItem","position":1,"name":"In\u00edcio","item":"https:\/\/brasilnoticias.org\/site\/"},{"@type":"ListItem","position":2,"name":"Vit\u00f3ria empata com o ABC e n\u00e3o consegue entrar no G8 da S\u00e9rie C"}]},{"@type":"WebSite","@id":"https:\/\/brasilnoticias.org\/site\/#website","url":"https:\/\/brasilnoticias.org\/site\/","name":"Brasil not\u00edcias","description":"Brasil not\u00edcias","publisher":{"@id":"https:\/\/brasilnoticias.org\/site\/#organization"},"potentialAction":[{"@type":"SearchAction","target":{"@type":"EntryPoint","urlTemplate":"https:\/\/brasilnoticias.org\/site\/?s={search_term_string}"},"query-input":{"@type":"PropertyValueSpecification","valueRequired":true,"valueName":"search_term_string"}}],"inLanguage":"pt-PT"},{"@type":"Organization","@id":"https:\/\/brasilnoticias.org\/site\/#organization","name":"Brasil not\u00edcias","url":"https:\/\/brasilnoticias.org\/site\/","logo":{"@type":"ImageObject","inLanguage":"pt-PT","@id":"https:\/\/brasilnoticias.org\/site\/#\/schema\/logo\/image\/","url":"https:\/\/brasilnoticias.org\/site\/wp-content\/uploads\/2022\/05\/cropped-brasilnoticias-mini.jpg","contentUrl":"https:\/\/brasilnoticias.org\/site\/wp-content\/uploads\/2022\/05\/cropped-brasilnoticias-mini.jpg","width":314,"height":86,"caption":"Brasil not\u00edcias"},"image":{"@id":"https:\/\/brasilnoticias.org\/site\/#\/schema\/logo\/image\/"}},{"@type":"Person","@id":"https:\/\/brasilnoticias.org\/site\/#\/schema\/person\/f609fa847b5314f1c8b983342f34c798","name":"Reda\u00e7\u00e3o","image":{"@type":"ImageObject","inLanguage":"pt-PT","@id":"https:\/\/brasilnoticias.org\/site\/#\/schema\/person\/image\/","url":"https:\/\/secure.gravatar.com\/avatar\/447284c06c1ad8b46465a36de9cd0d8326b73387a22799b8b1ffb1fbcff2ed0c?s=96&d=mm&r=g","contentUrl":"https:\/\/secure.gravatar.com\/avatar\/447284c06c1ad8b46465a36de9cd0d8326b73387a22799b8b1ffb1fbcff2ed0c?s=96&d=mm&r=g","caption":"Reda\u00e7\u00e3o"},"url":"https:\/\/brasilnoticias.org\/site\/author\/redacao\/"}]}},"_links":{"self":[{"href":"https:\/\/brasilnoticias.org\/site\/wp-json\/wp\/v2\/posts\/1038","targetHints":{"allow":["GET"]}}],"collection":[{"href":"https:\/\/brasilnoticias.org\/site\/wp-json\/wp\/v2\/posts"}],"about":[{"href":"https:\/\/brasilnoticias.org\/site\/wp-json\/wp\/v2\/types\/post"}],"author":[{"embeddable":true,"href":"https:\/\/brasilnoticias.org\/site\/wp-json\/wp\/v2\/users\/2"}],"replies":[{"embeddable":true,"href":"https:\/\/brasilnoticias.org\/site\/wp-json\/wp\/v2\/comments?post=1038"}],"version-history":[{"count":1,"href":"https:\/\/brasilnoticias.org\/site\/wp-json\/wp\/v2\/posts\/1038\/revisions"}],"predecessor-version":[{"id":1040,"href":"https:\/\/brasilnoticias.org\/site\/wp-json\/wp\/v2\/posts\/1038\/revisions\/1040"}],"wp:featuredmedia":[{"embeddable":true,"href":"https:\/\/brasilnoticias.org\/site\/wp-json\/wp\/v2\/media\/1039"}],"wp:attachment":[{"href":"https:\/\/brasilnoticias.org\/site\/wp-json\/wp\/v2\/media?parent=1038"}],"wp:term":[{"taxonomy":"category","embeddable":true,"href":"https:\/\/brasilnoticias.org\/site\/wp-json\/wp\/v2\/categories?post=1038"},{"taxonomy":"post_tag","embeddable":true,"href":"https:\/\/brasilnoticias.org\/site\/wp-json\/wp\/v2\/tags?post=1038"}],"curies":[{"name":"wp","href":"https:\/\/api.w.org\/{rel}","templated":true}]}}