{"id":10383,"date":"2023-10-23T06:00:36","date_gmt":"2023-10-23T09:00:36","guid":{"rendered":"https:\/\/brasilnoticias.org\/site\/?p=10383"},"modified":"2023-10-22T20:14:17","modified_gmt":"2023-10-22T23:14:17","slug":"incendio-atinge-embarcacao-historica-no-rio-sao-francisco-prefeitura-suspeita-que-fogo-teve-origem-criminosa","status":"publish","type":"post","link":"https:\/\/brasilnoticias.org\/site\/incendio-atinge-embarcacao-historica-no-rio-sao-francisco-prefeitura-suspeita-que-fogo-teve-origem-criminosa\/","title":{"rendered":"Inc\u00eandio atinge embarca\u00e7\u00e3o hist\u00f3rica no rio S\u00e3o Francisco; prefeitura suspeita que fogo teve origem criminosa"},"content":{"rendered":"<p>Um dos atingidos \u00e9 o Vapor S\u00e3o Salvador, embarca\u00e7\u00e3o que come\u00e7ou a fazer transporte de passageiros no in\u00edcio do s\u00e9culo 20<\/p>\n<p>Um inc\u00eandio atingiu embarca\u00e7\u00f5es, uma delas hist\u00f3rica, que estavam atracadas em um cais do Rio S\u00e3o Francisco, em Ibotirama, no Oeste baiano. A trag\u00e9dia ocorreu na noite do \u00faltimo s\u00e1bado (21).<\/p>\n<p>Um dos atingidos \u00e9 o Vapor S\u00e3o Salvador, embarca\u00e7\u00e3o que come\u00e7ou a fazer transporte de passageiros no in\u00edcio do s\u00e9culo 20.<\/p>\n<p>Segundo a gest\u00e3o municipal, a embarca\u00e7\u00e3o era mantida sob vigil\u00e2ncia, mas as chamas come\u00e7aram durante a troca de turno, o que sugere origem criminosa.<\/p>\n<p>O S\u00e3o Salvador foi constru\u00eddo em 1937, na Bahia, e podia transportar at\u00e9 63 toneladas de carga e mais de cem pessoas, entre passageiros e tripulantes. O vapor navegou at\u00e9 1969.<\/p>\n<p>Foto: Reprodu\u00e7\u00e3o \/ Gazeta 5<br \/>\nPor: Metro1<\/p>\n","protected":false},"excerpt":{"rendered":"<p>Um dos atingidos \u00e9 o Vapor S\u00e3o Salvador, embarca\u00e7\u00e3o que come\u00e7ou a fazer transporte de passageiros no in\u00edcio do s\u00e9culo<\/p>\n","protected":false},"author":4,"featured_media":10384,"comment_status":"open","ping_status":"open","sticky":false,"template":"","format":"standard","meta":{"colormag_page_container_layout":"default_layout","colormag_page_sidebar_layout":"default_layout","_FSMCFIC_featured_image_caption":"","_FSMCFIC_featured_image_nocaption":"","_FSMCFIC_featured_image_hide":"","footnotes":""},"categories":[2,1],"tags":[],"class_list":["post-10383","post","type-post","status-publish","format-standard","has-post-thumbnail","hentry","category-noticias","category-ultimas"],"yoast_head":"<!-- This site is optimized with the Yoast SEO plugin v27.1.1 - https:\/\/yoast.com\/product\/yoast-seo-wordpress\/ -->\n<title>Inc\u00eandio atinge embarca\u00e7\u00e3o hist\u00f3rica no rio S\u00e3o Francisco; prefeitura suspeita que fogo teve origem criminosa - Brasil not\u00edcias<\/title>\n<meta name=\"robots\" content=\"index, follow, max-snippet:-1, max-image-preview:large, max-video-preview:-1\" \/>\n<link rel=\"canonical\" href=\"https:\/\/brasilnoticias.org\/site\/incendio-atinge-embarcacao-historica-no-rio-sao-francisco-prefeitura-suspeita-que-fogo-teve-origem-criminosa\/\" \/>\n<meta property=\"og:locale\" content=\"pt_PT\" \/>\n<meta property=\"og:type\" content=\"article\" \/>\n<meta property=\"og:title\" content=\"Inc\u00eandio atinge embarca\u00e7\u00e3o hist\u00f3rica no rio S\u00e3o Francisco; prefeitura suspeita que fogo teve origem criminosa - Brasil not\u00edcias\" \/>\n<meta property=\"og:description\" content=\"Um dos atingidos \u00e9 o Vapor S\u00e3o Salvador, embarca\u00e7\u00e3o que come\u00e7ou a fazer transporte de passageiros no in\u00edcio do s\u00e9culo\" \/>\n<meta property=\"og:url\" content=\"https:\/\/brasilnoticias.org\/site\/incendio-atinge-embarcacao-historica-no-rio-sao-francisco-prefeitura-suspeita-que-fogo-teve-origem-criminosa\/\" \/>\n<meta property=\"og:site_name\" content=\"Brasil not\u00edcias\" \/>\n<meta property=\"article:published_time\" content=\"2023-10-23T09:00:36+00:00\" \/>\n<meta property=\"og:image\" content=\"https:\/\/brasilnoticias.org\/site\/wp-content\/uploads\/2023\/10\/142324incendio-atinge-embarcacao-historica-no-rio-sao-francisco-prefeitura-suspeita-que-fogo-teve-origem-criminosa-3.jpg\" \/>\n\t<meta property=\"og:image:width\" content=\"1600\" \/>\n\t<meta property=\"og:image:height\" content=\"752\" \/>\n\t<meta property=\"og:image:type\" content=\"image\/jpeg\" \/>\n<meta name=\"author\" content=\"Reda\u00e7\u00e3o\" \/>\n<meta name=\"twitter:card\" content=\"summary_large_image\" \/>\n<meta name=\"twitter:label1\" content=\"Escrito por\" \/>\n\t<meta name=\"twitter:data1\" content=\"Reda\u00e7\u00e3o\" \/>\n<script type=\"application\/ld+json\" class=\"yoast-schema-graph\">{\"@context\":\"https:\/\/schema.org\",\"@graph\":[{\"@type\":\"Article\",\"@id\":\"https:\/\/brasilnoticias.org\/site\/incendio-atinge-embarcacao-historica-no-rio-sao-francisco-prefeitura-suspeita-que-fogo-teve-origem-criminosa\/#article\",\"isPartOf\":{\"@id\":\"https:\/\/brasilnoticias.org\/site\/incendio-atinge-embarcacao-historica-no-rio-sao-francisco-prefeitura-suspeita-que-fogo-teve-origem-criminosa\/\"},\"author\":{\"name\":\"Reda\u00e7\u00e3o\",\"@id\":\"https:\/\/brasilnoticias.org\/site\/#\/schema\/person\/03bbbfe6c7634ad18c26444ea39049fa\"},\"headline\":\"Inc\u00eandio atinge embarca\u00e7\u00e3o hist\u00f3rica no rio S\u00e3o Francisco; prefeitura suspeita que fogo teve origem criminosa\",\"datePublished\":\"2023-10-23T09:00:36+00:00\",\"mainEntityOfPage\":{\"@id\":\"https:\/\/brasilnoticias.org\/site\/incendio-atinge-embarcacao-historica-no-rio-sao-francisco-prefeitura-suspeita-que-fogo-teve-origem-criminosa\/\"},\"wordCount\":167,\"commentCount\":0,\"publisher\":{\"@id\":\"https:\/\/brasilnoticias.org\/site\/#organization\"},\"image\":{\"@id\":\"https:\/\/brasilnoticias.org\/site\/incendio-atinge-embarcacao-historica-no-rio-sao-francisco-prefeitura-suspeita-que-fogo-teve-origem-criminosa\/#primaryimage\"},\"thumbnailUrl\":\"https:\/\/brasilnoticias.org\/site\/wp-content\/uploads\/2023\/10\/142324incendio-atinge-embarcacao-historica-no-rio-sao-francisco-prefeitura-suspeita-que-fogo-teve-origem-criminosa-3.jpg\",\"articleSection\":[\"Not\u00edcias\",\"\u00daltimas\"],\"inLanguage\":\"pt-PT\",\"potentialAction\":[{\"@type\":\"CommentAction\",\"name\":\"Comment\",\"target\":[\"https:\/\/brasilnoticias.org\/site\/incendio-atinge-embarcacao-historica-no-rio-sao-francisco-prefeitura-suspeita-que-fogo-teve-origem-criminosa\/#respond\"]}]},{\"@type\":\"WebPage\",\"@id\":\"https:\/\/brasilnoticias.org\/site\/incendio-atinge-embarcacao-historica-no-rio-sao-francisco-prefeitura-suspeita-que-fogo-teve-origem-criminosa\/\",\"url\":\"https:\/\/brasilnoticias.org\/site\/incendio-atinge-embarcacao-historica-no-rio-sao-francisco-prefeitura-suspeita-que-fogo-teve-origem-criminosa\/\",\"name\":\"Inc\u00eandio atinge embarca\u00e7\u00e3o hist\u00f3rica no rio S\u00e3o Francisco; prefeitura suspeita que fogo teve origem criminosa - Brasil not\u00edcias\",\"isPartOf\":{\"@id\":\"https:\/\/brasilnoticias.org\/site\/#website\"},\"primaryImageOfPage\":{\"@id\":\"https:\/\/brasilnoticias.org\/site\/incendio-atinge-embarcacao-historica-no-rio-sao-francisco-prefeitura-suspeita-que-fogo-teve-origem-criminosa\/#primaryimage\"},\"image\":{\"@id\":\"https:\/\/brasilnoticias.org\/site\/incendio-atinge-embarcacao-historica-no-rio-sao-francisco-prefeitura-suspeita-que-fogo-teve-origem-criminosa\/#primaryimage\"},\"thumbnailUrl\":\"https:\/\/brasilnoticias.org\/site\/wp-content\/uploads\/2023\/10\/142324incendio-atinge-embarcacao-historica-no-rio-sao-francisco-prefeitura-suspeita-que-fogo-teve-origem-criminosa-3.jpg\",\"datePublished\":\"2023-10-23T09:00:36+00:00\",\"breadcrumb\":{\"@id\":\"https:\/\/brasilnoticias.org\/site\/incendio-atinge-embarcacao-historica-no-rio-sao-francisco-prefeitura-suspeita-que-fogo-teve-origem-criminosa\/#breadcrumb\"},\"inLanguage\":\"pt-PT\",\"potentialAction\":[{\"@type\":\"ReadAction\",\"target\":[\"https:\/\/brasilnoticias.org\/site\/incendio-atinge-embarcacao-historica-no-rio-sao-francisco-prefeitura-suspeita-que-fogo-teve-origem-criminosa\/\"]}]},{\"@type\":\"ImageObject\",\"inLanguage\":\"pt-PT\",\"@id\":\"https:\/\/brasilnoticias.org\/site\/incendio-atinge-embarcacao-historica-no-rio-sao-francisco-prefeitura-suspeita-que-fogo-teve-origem-criminosa\/#primaryimage\",\"url\":\"https:\/\/brasilnoticias.org\/site\/wp-content\/uploads\/2023\/10\/142324incendio-atinge-embarcacao-historica-no-rio-sao-francisco-prefeitura-suspeita-que-fogo-teve-origem-criminosa-3.jpg\",\"contentUrl\":\"https:\/\/brasilnoticias.org\/site\/wp-content\/uploads\/2023\/10\/142324incendio-atinge-embarcacao-historica-no-rio-sao-francisco-prefeitura-suspeita-que-fogo-teve-origem-criminosa-3.jpg\",\"width\":1600,\"height\":752},{\"@type\":\"BreadcrumbList\",\"@id\":\"https:\/\/brasilnoticias.org\/site\/incendio-atinge-embarcacao-historica-no-rio-sao-francisco-prefeitura-suspeita-que-fogo-teve-origem-criminosa\/#breadcrumb\",\"itemListElement\":[{\"@type\":\"ListItem\",\"position\":1,\"name\":\"In\u00edcio\",\"item\":\"https:\/\/brasilnoticias.org\/site\/\"},{\"@type\":\"ListItem\",\"position\":2,\"name\":\"Inc\u00eandio atinge embarca\u00e7\u00e3o hist\u00f3rica no rio S\u00e3o Francisco; prefeitura suspeita que fogo teve origem criminosa\"}]},{\"@type\":\"WebSite\",\"@id\":\"https:\/\/brasilnoticias.org\/site\/#website\",\"url\":\"https:\/\/brasilnoticias.org\/site\/\",\"name\":\"Brasil not\u00edcias\",\"description\":\"Brasil not\u00edcias\",\"publisher\":{\"@id\":\"https:\/\/brasilnoticias.org\/site\/#organization\"},\"potentialAction\":[{\"@type\":\"SearchAction\",\"target\":{\"@type\":\"EntryPoint\",\"urlTemplate\":\"https:\/\/brasilnoticias.org\/site\/?s={search_term_string}\"},\"query-input\":{\"@type\":\"PropertyValueSpecification\",\"valueRequired\":true,\"valueName\":\"search_term_string\"}}],\"inLanguage\":\"pt-PT\"},{\"@type\":\"Organization\",\"@id\":\"https:\/\/brasilnoticias.org\/site\/#organization\",\"name\":\"Brasil not\u00edcias\",\"url\":\"https:\/\/brasilnoticias.org\/site\/\",\"logo\":{\"@type\":\"ImageObject\",\"inLanguage\":\"pt-PT\",\"@id\":\"https:\/\/brasilnoticias.org\/site\/#\/schema\/logo\/image\/\",\"url\":\"https:\/\/brasilnoticias.org\/site\/wp-content\/uploads\/2022\/05\/cropped-brasilnoticias-mini.jpg\",\"contentUrl\":\"https:\/\/brasilnoticias.org\/site\/wp-content\/uploads\/2022\/05\/cropped-brasilnoticias-mini.jpg\",\"width\":314,\"height\":86,\"caption\":\"Brasil not\u00edcias\"},\"image\":{\"@id\":\"https:\/\/brasilnoticias.org\/site\/#\/schema\/logo\/image\/\"}},{\"@type\":\"Person\",\"@id\":\"https:\/\/brasilnoticias.org\/site\/#\/schema\/person\/03bbbfe6c7634ad18c26444ea39049fa\",\"name\":\"Reda\u00e7\u00e3o\",\"image\":{\"@type\":\"ImageObject\",\"inLanguage\":\"pt-PT\",\"@id\":\"https:\/\/brasilnoticias.org\/site\/#\/schema\/person\/image\/\",\"url\":\"https:\/\/secure.gravatar.com\/avatar\/9ecaf7327a696cb23ad926fedded5f1f04d7049de9e445375d55b48c001a6e42?s=96&d=mm&r=g\",\"contentUrl\":\"https:\/\/secure.gravatar.com\/avatar\/9ecaf7327a696cb23ad926fedded5f1f04d7049de9e445375d55b48c001a6e42?s=96&d=mm&r=g\",\"caption\":\"Reda\u00e7\u00e3o\"},\"url\":\"https:\/\/brasilnoticias.org\/site\/author\/henrique\/\"}]}<\/script>\n<!-- \/ Yoast SEO plugin. -->","yoast_head_json":{"title":"Inc\u00eandio atinge embarca\u00e7\u00e3o hist\u00f3rica no rio S\u00e3o Francisco; prefeitura suspeita que fogo teve origem criminosa - Brasil not\u00edcias","robots":{"index":"index","follow":"follow","max-snippet":"max-snippet:-1","max-image-preview":"max-image-preview:large","max-video-preview":"max-video-preview:-1"},"canonical":"https:\/\/brasilnoticias.org\/site\/incendio-atinge-embarcacao-historica-no-rio-sao-francisco-prefeitura-suspeita-que-fogo-teve-origem-criminosa\/","og_locale":"pt_PT","og_type":"article","og_title":"Inc\u00eandio atinge embarca\u00e7\u00e3o hist\u00f3rica no rio S\u00e3o Francisco; prefeitura suspeita que fogo teve origem criminosa - Brasil not\u00edcias","og_description":"Um dos atingidos \u00e9 o Vapor S\u00e3o Salvador, embarca\u00e7\u00e3o que come\u00e7ou a fazer transporte de passageiros no in\u00edcio do s\u00e9culo","og_url":"https:\/\/brasilnoticias.org\/site\/incendio-atinge-embarcacao-historica-no-rio-sao-francisco-prefeitura-suspeita-que-fogo-teve-origem-criminosa\/","og_site_name":"Brasil not\u00edcias","article_published_time":"2023-10-23T09:00:36+00:00","og_image":[{"width":1600,"height":752,"url":"https:\/\/brasilnoticias.org\/site\/wp-content\/uploads\/2023\/10\/142324incendio-atinge-embarcacao-historica-no-rio-sao-francisco-prefeitura-suspeita-que-fogo-teve-origem-criminosa-3.jpg","type":"image\/jpeg"}],"author":"Reda\u00e7\u00e3o","twitter_card":"summary_large_image","twitter_misc":{"Escrito por":"Reda\u00e7\u00e3o"},"schema":{"@context":"https:\/\/schema.org","@graph":[{"@type":"Article","@id":"https:\/\/brasilnoticias.org\/site\/incendio-atinge-embarcacao-historica-no-rio-sao-francisco-prefeitura-suspeita-que-fogo-teve-origem-criminosa\/#article","isPartOf":{"@id":"https:\/\/brasilnoticias.org\/site\/incendio-atinge-embarcacao-historica-no-rio-sao-francisco-prefeitura-suspeita-que-fogo-teve-origem-criminosa\/"},"author":{"name":"Reda\u00e7\u00e3o","@id":"https:\/\/brasilnoticias.org\/site\/#\/schema\/person\/03bbbfe6c7634ad18c26444ea39049fa"},"headline":"Inc\u00eandio atinge embarca\u00e7\u00e3o hist\u00f3rica no rio S\u00e3o Francisco; prefeitura suspeita que fogo teve origem criminosa","datePublished":"2023-10-23T09:00:36+00:00","mainEntityOfPage":{"@id":"https:\/\/brasilnoticias.org\/site\/incendio-atinge-embarcacao-historica-no-rio-sao-francisco-prefeitura-suspeita-que-fogo-teve-origem-criminosa\/"},"wordCount":167,"commentCount":0,"publisher":{"@id":"https:\/\/brasilnoticias.org\/site\/#organization"},"image":{"@id":"https:\/\/brasilnoticias.org\/site\/incendio-atinge-embarcacao-historica-no-rio-sao-francisco-prefeitura-suspeita-que-fogo-teve-origem-criminosa\/#primaryimage"},"thumbnailUrl":"https:\/\/brasilnoticias.org\/site\/wp-content\/uploads\/2023\/10\/142324incendio-atinge-embarcacao-historica-no-rio-sao-francisco-prefeitura-suspeita-que-fogo-teve-origem-criminosa-3.jpg","articleSection":["Not\u00edcias","\u00daltimas"],"inLanguage":"pt-PT","potentialAction":[{"@type":"CommentAction","name":"Comment","target":["https:\/\/brasilnoticias.org\/site\/incendio-atinge-embarcacao-historica-no-rio-sao-francisco-prefeitura-suspeita-que-fogo-teve-origem-criminosa\/#respond"]}]},{"@type":"WebPage","@id":"https:\/\/brasilnoticias.org\/site\/incendio-atinge-embarcacao-historica-no-rio-sao-francisco-prefeitura-suspeita-que-fogo-teve-origem-criminosa\/","url":"https:\/\/brasilnoticias.org\/site\/incendio-atinge-embarcacao-historica-no-rio-sao-francisco-prefeitura-suspeita-que-fogo-teve-origem-criminosa\/","name":"Inc\u00eandio atinge embarca\u00e7\u00e3o hist\u00f3rica no rio S\u00e3o Francisco; prefeitura suspeita que fogo teve origem criminosa - Brasil not\u00edcias","isPartOf":{"@id":"https:\/\/brasilnoticias.org\/site\/#website"},"primaryImageOfPage":{"@id":"https:\/\/brasilnoticias.org\/site\/incendio-atinge-embarcacao-historica-no-rio-sao-francisco-prefeitura-suspeita-que-fogo-teve-origem-criminosa\/#primaryimage"},"image":{"@id":"https:\/\/brasilnoticias.org\/site\/incendio-atinge-embarcacao-historica-no-rio-sao-francisco-prefeitura-suspeita-que-fogo-teve-origem-criminosa\/#primaryimage"},"thumbnailUrl":"https:\/\/brasilnoticias.org\/site\/wp-content\/uploads\/2023\/10\/142324incendio-atinge-embarcacao-historica-no-rio-sao-francisco-prefeitura-suspeita-que-fogo-teve-origem-criminosa-3.jpg","datePublished":"2023-10-23T09:00:36+00:00","breadcrumb":{"@id":"https:\/\/brasilnoticias.org\/site\/incendio-atinge-embarcacao-historica-no-rio-sao-francisco-prefeitura-suspeita-que-fogo-teve-origem-criminosa\/#breadcrumb"},"inLanguage":"pt-PT","potentialAction":[{"@type":"ReadAction","target":["https:\/\/brasilnoticias.org\/site\/incendio-atinge-embarcacao-historica-no-rio-sao-francisco-prefeitura-suspeita-que-fogo-teve-origem-criminosa\/"]}]},{"@type":"ImageObject","inLanguage":"pt-PT","@id":"https:\/\/brasilnoticias.org\/site\/incendio-atinge-embarcacao-historica-no-rio-sao-francisco-prefeitura-suspeita-que-fogo-teve-origem-criminosa\/#primaryimage","url":"https:\/\/brasilnoticias.org\/site\/wp-content\/uploads\/2023\/10\/142324incendio-atinge-embarcacao-historica-no-rio-sao-francisco-prefeitura-suspeita-que-fogo-teve-origem-criminosa-3.jpg","contentUrl":"https:\/\/brasilnoticias.org\/site\/wp-content\/uploads\/2023\/10\/142324incendio-atinge-embarcacao-historica-no-rio-sao-francisco-prefeitura-suspeita-que-fogo-teve-origem-criminosa-3.jpg","width":1600,"height":752},{"@type":"BreadcrumbList","@id":"https:\/\/brasilnoticias.org\/site\/incendio-atinge-embarcacao-historica-no-rio-sao-francisco-prefeitura-suspeita-que-fogo-teve-origem-criminosa\/#breadcrumb","itemListElement":[{"@type":"ListItem","position":1,"name":"In\u00edcio","item":"https:\/\/brasilnoticias.org\/site\/"},{"@type":"ListItem","position":2,"name":"Inc\u00eandio atinge embarca\u00e7\u00e3o hist\u00f3rica no rio S\u00e3o Francisco; prefeitura suspeita que fogo teve origem criminosa"}]},{"@type":"WebSite","@id":"https:\/\/brasilnoticias.org\/site\/#website","url":"https:\/\/brasilnoticias.org\/site\/","name":"Brasil not\u00edcias","description":"Brasil not\u00edcias","publisher":{"@id":"https:\/\/brasilnoticias.org\/site\/#organization"},"potentialAction":[{"@type":"SearchAction","target":{"@type":"EntryPoint","urlTemplate":"https:\/\/brasilnoticias.org\/site\/?s={search_term_string}"},"query-input":{"@type":"PropertyValueSpecification","valueRequired":true,"valueName":"search_term_string"}}],"inLanguage":"pt-PT"},{"@type":"Organization","@id":"https:\/\/brasilnoticias.org\/site\/#organization","name":"Brasil not\u00edcias","url":"https:\/\/brasilnoticias.org\/site\/","logo":{"@type":"ImageObject","inLanguage":"pt-PT","@id":"https:\/\/brasilnoticias.org\/site\/#\/schema\/logo\/image\/","url":"https:\/\/brasilnoticias.org\/site\/wp-content\/uploads\/2022\/05\/cropped-brasilnoticias-mini.jpg","contentUrl":"https:\/\/brasilnoticias.org\/site\/wp-content\/uploads\/2022\/05\/cropped-brasilnoticias-mini.jpg","width":314,"height":86,"caption":"Brasil not\u00edcias"},"image":{"@id":"https:\/\/brasilnoticias.org\/site\/#\/schema\/logo\/image\/"}},{"@type":"Person","@id":"https:\/\/brasilnoticias.org\/site\/#\/schema\/person\/03bbbfe6c7634ad18c26444ea39049fa","name":"Reda\u00e7\u00e3o","image":{"@type":"ImageObject","inLanguage":"pt-PT","@id":"https:\/\/brasilnoticias.org\/site\/#\/schema\/person\/image\/","url":"https:\/\/secure.gravatar.com\/avatar\/9ecaf7327a696cb23ad926fedded5f1f04d7049de9e445375d55b48c001a6e42?s=96&d=mm&r=g","contentUrl":"https:\/\/secure.gravatar.com\/avatar\/9ecaf7327a696cb23ad926fedded5f1f04d7049de9e445375d55b48c001a6e42?s=96&d=mm&r=g","caption":"Reda\u00e7\u00e3o"},"url":"https:\/\/brasilnoticias.org\/site\/author\/henrique\/"}]}},"_links":{"self":[{"href":"https:\/\/brasilnoticias.org\/site\/wp-json\/wp\/v2\/posts\/10383","targetHints":{"allow":["GET"]}}],"collection":[{"href":"https:\/\/brasilnoticias.org\/site\/wp-json\/wp\/v2\/posts"}],"about":[{"href":"https:\/\/brasilnoticias.org\/site\/wp-json\/wp\/v2\/types\/post"}],"author":[{"embeddable":true,"href":"https:\/\/brasilnoticias.org\/site\/wp-json\/wp\/v2\/users\/4"}],"replies":[{"embeddable":true,"href":"https:\/\/brasilnoticias.org\/site\/wp-json\/wp\/v2\/comments?post=10383"}],"version-history":[{"count":1,"href":"https:\/\/brasilnoticias.org\/site\/wp-json\/wp\/v2\/posts\/10383\/revisions"}],"predecessor-version":[{"id":10385,"href":"https:\/\/brasilnoticias.org\/site\/wp-json\/wp\/v2\/posts\/10383\/revisions\/10385"}],"wp:featuredmedia":[{"embeddable":true,"href":"https:\/\/brasilnoticias.org\/site\/wp-json\/wp\/v2\/media\/10384"}],"wp:attachment":[{"href":"https:\/\/brasilnoticias.org\/site\/wp-json\/wp\/v2\/media?parent=10383"}],"wp:term":[{"taxonomy":"category","embeddable":true,"href":"https:\/\/brasilnoticias.org\/site\/wp-json\/wp\/v2\/categories?post=10383"},{"taxonomy":"post_tag","embeddable":true,"href":"https:\/\/brasilnoticias.org\/site\/wp-json\/wp\/v2\/tags?post=10383"}],"curies":[{"name":"wp","href":"https:\/\/api.w.org\/{rel}","templated":true}]}}