{"id":10386,"date":"2023-10-22T20:15:22","date_gmt":"2023-10-22T23:15:22","guid":{"rendered":"https:\/\/brasilnoticias.org\/site\/?p=10386"},"modified":"2023-10-22T20:15:22","modified_gmt":"2023-10-22T23:15:22","slug":"irmaos-parem-papa-francisco-faz-apelo-sobre-conflito-hamas-israel","status":"publish","type":"post","link":"https:\/\/brasilnoticias.org\/site\/irmaos-parem-papa-francisco-faz-apelo-sobre-conflito-hamas-israel\/","title":{"rendered":"\u201cIrm\u00e3os, parem!\u201d: Papa Francisco faz apelo sobre conflito Hamas-Israel"},"content":{"rendered":"<p>Pont\u00edfice de 86 anos reiterou o apelo para a permiss\u00e3o de entrada de ajuda humanit\u00e1ria em Gaza<\/p>\n<p>O papa Francisco pediu neste domingo (22) o fim do conflito entre Hamas e Israel, expressou o temor de uma escalada da guerra e fez um apelo para a permiss\u00e3o de entrada de mais ajuda humanit\u00e1ria na Faixa de Gaza.<\/p>\n<p>&#8220;A guerra, qualquer guerra, \u00e9 sempre uma derrota. A guerra \u00e9 sempre uma derrota, uma destrui\u00e7\u00e3o da fraternidade humana. Irm\u00e3os, parem! Parem!&#8221;, afirmou o papa argentino aos fi\u00e9is reunidos na Pra\u00e7a de S\u00e3o Pedro para a b\u00ean\u00e7\u00e3o do Angelus.<\/p>\n<p>O pont\u00edfice de 86 anos reiterou o apelo para a permiss\u00e3o de entrada de ajuda humanit\u00e1ria em Gaza e para a liberta\u00e7\u00e3o dos ref\u00e9ns.<\/p>\n<p>Foto: Vatican Media Divisione<br \/>\nPor: Metro1<\/p>\n","protected":false},"excerpt":{"rendered":"<p>Pont\u00edfice de 86 anos reiterou o apelo para a permiss\u00e3o de entrada de ajuda humanit\u00e1ria em Gaza O papa Francisco<\/p>\n","protected":false},"author":4,"featured_media":10387,"comment_status":"open","ping_status":"open","sticky":false,"template":"","format":"standard","meta":{"colormag_page_container_layout":"default_layout","colormag_page_sidebar_layout":"default_layout","_FSMCFIC_featured_image_caption":"","_FSMCFIC_featured_image_nocaption":"","_FSMCFIC_featured_image_hide":"","footnotes":""},"categories":[6,1],"tags":[],"class_list":["post-10386","post","type-post","status-publish","format-standard","has-post-thumbnail","hentry","category-mundo","category-ultimas"],"yoast_head":"<!-- This site is optimized with the Yoast SEO plugin v27.1.1 - https:\/\/yoast.com\/product\/yoast-seo-wordpress\/ -->\n<title>\u201cIrm\u00e3os, parem!\u201d: Papa Francisco faz apelo sobre conflito Hamas-Israel - Brasil not\u00edcias<\/title>\n<meta name=\"robots\" content=\"index, follow, max-snippet:-1, max-image-preview:large, max-video-preview:-1\" \/>\n<link rel=\"canonical\" href=\"https:\/\/brasilnoticias.org\/site\/irmaos-parem-papa-francisco-faz-apelo-sobre-conflito-hamas-israel\/\" \/>\n<meta property=\"og:locale\" content=\"pt_PT\" \/>\n<meta property=\"og:type\" content=\"article\" \/>\n<meta property=\"og:title\" content=\"\u201cIrm\u00e3os, parem!\u201d: Papa Francisco faz apelo sobre conflito Hamas-Israel - Brasil not\u00edcias\" \/>\n<meta property=\"og:description\" content=\"Pont\u00edfice de 86 anos reiterou o apelo para a permiss\u00e3o de entrada de ajuda humanit\u00e1ria em Gaza O papa Francisco\" \/>\n<meta property=\"og:url\" content=\"https:\/\/brasilnoticias.org\/site\/irmaos-parem-papa-francisco-faz-apelo-sobre-conflito-hamas-israel\/\" \/>\n<meta property=\"og:site_name\" content=\"Brasil not\u00edcias\" \/>\n<meta property=\"article:published_time\" content=\"2023-10-22T23:15:22+00:00\" \/>\n<meta property=\"og:image\" content=\"https:\/\/brasilnoticias.org\/site\/wp-content\/uploads\/2023\/10\/142325irmaos-parem-papa-francisco-faz-apelo-sobre-conflito-hamas-israel-3.jpg\" \/>\n\t<meta property=\"og:image:width\" content=\"1600\" \/>\n\t<meta property=\"og:image:height\" content=\"752\" \/>\n\t<meta property=\"og:image:type\" content=\"image\/jpeg\" \/>\n<meta name=\"author\" content=\"Reda\u00e7\u00e3o\" \/>\n<meta name=\"twitter:card\" content=\"summary_large_image\" \/>\n<meta name=\"twitter:label1\" content=\"Escrito por\" \/>\n\t<meta name=\"twitter:data1\" content=\"Reda\u00e7\u00e3o\" \/>\n<script type=\"application\/ld+json\" class=\"yoast-schema-graph\">{\"@context\":\"https:\/\/schema.org\",\"@graph\":[{\"@type\":\"Article\",\"@id\":\"https:\/\/brasilnoticias.org\/site\/irmaos-parem-papa-francisco-faz-apelo-sobre-conflito-hamas-israel\/#article\",\"isPartOf\":{\"@id\":\"https:\/\/brasilnoticias.org\/site\/irmaos-parem-papa-francisco-faz-apelo-sobre-conflito-hamas-israel\/\"},\"author\":{\"name\":\"Reda\u00e7\u00e3o\",\"@id\":\"https:\/\/brasilnoticias.org\/site\/#\/schema\/person\/03bbbfe6c7634ad18c26444ea39049fa\"},\"headline\":\"\u201cIrm\u00e3os, parem!\u201d: Papa Francisco faz apelo sobre conflito Hamas-Israel\",\"datePublished\":\"2023-10-22T23:15:22+00:00\",\"mainEntityOfPage\":{\"@id\":\"https:\/\/brasilnoticias.org\/site\/irmaos-parem-papa-francisco-faz-apelo-sobre-conflito-hamas-israel\/\"},\"wordCount\":148,\"commentCount\":0,\"publisher\":{\"@id\":\"https:\/\/brasilnoticias.org\/site\/#organization\"},\"image\":{\"@id\":\"https:\/\/brasilnoticias.org\/site\/irmaos-parem-papa-francisco-faz-apelo-sobre-conflito-hamas-israel\/#primaryimage\"},\"thumbnailUrl\":\"https:\/\/brasilnoticias.org\/site\/wp-content\/uploads\/2023\/10\/142325irmaos-parem-papa-francisco-faz-apelo-sobre-conflito-hamas-israel-3.jpg\",\"articleSection\":[\"Mundo\",\"\u00daltimas\"],\"inLanguage\":\"pt-PT\",\"potentialAction\":[{\"@type\":\"CommentAction\",\"name\":\"Comment\",\"target\":[\"https:\/\/brasilnoticias.org\/site\/irmaos-parem-papa-francisco-faz-apelo-sobre-conflito-hamas-israel\/#respond\"]}]},{\"@type\":\"WebPage\",\"@id\":\"https:\/\/brasilnoticias.org\/site\/irmaos-parem-papa-francisco-faz-apelo-sobre-conflito-hamas-israel\/\",\"url\":\"https:\/\/brasilnoticias.org\/site\/irmaos-parem-papa-francisco-faz-apelo-sobre-conflito-hamas-israel\/\",\"name\":\"\u201cIrm\u00e3os, parem!\u201d: Papa Francisco faz apelo sobre conflito Hamas-Israel - Brasil not\u00edcias\",\"isPartOf\":{\"@id\":\"https:\/\/brasilnoticias.org\/site\/#website\"},\"primaryImageOfPage\":{\"@id\":\"https:\/\/brasilnoticias.org\/site\/irmaos-parem-papa-francisco-faz-apelo-sobre-conflito-hamas-israel\/#primaryimage\"},\"image\":{\"@id\":\"https:\/\/brasilnoticias.org\/site\/irmaos-parem-papa-francisco-faz-apelo-sobre-conflito-hamas-israel\/#primaryimage\"},\"thumbnailUrl\":\"https:\/\/brasilnoticias.org\/site\/wp-content\/uploads\/2023\/10\/142325irmaos-parem-papa-francisco-faz-apelo-sobre-conflito-hamas-israel-3.jpg\",\"datePublished\":\"2023-10-22T23:15:22+00:00\",\"breadcrumb\":{\"@id\":\"https:\/\/brasilnoticias.org\/site\/irmaos-parem-papa-francisco-faz-apelo-sobre-conflito-hamas-israel\/#breadcrumb\"},\"inLanguage\":\"pt-PT\",\"potentialAction\":[{\"@type\":\"ReadAction\",\"target\":[\"https:\/\/brasilnoticias.org\/site\/irmaos-parem-papa-francisco-faz-apelo-sobre-conflito-hamas-israel\/\"]}]},{\"@type\":\"ImageObject\",\"inLanguage\":\"pt-PT\",\"@id\":\"https:\/\/brasilnoticias.org\/site\/irmaos-parem-papa-francisco-faz-apelo-sobre-conflito-hamas-israel\/#primaryimage\",\"url\":\"https:\/\/brasilnoticias.org\/site\/wp-content\/uploads\/2023\/10\/142325irmaos-parem-papa-francisco-faz-apelo-sobre-conflito-hamas-israel-3.jpg\",\"contentUrl\":\"https:\/\/brasilnoticias.org\/site\/wp-content\/uploads\/2023\/10\/142325irmaos-parem-papa-francisco-faz-apelo-sobre-conflito-hamas-israel-3.jpg\",\"width\":1600,\"height\":752},{\"@type\":\"BreadcrumbList\",\"@id\":\"https:\/\/brasilnoticias.org\/site\/irmaos-parem-papa-francisco-faz-apelo-sobre-conflito-hamas-israel\/#breadcrumb\",\"itemListElement\":[{\"@type\":\"ListItem\",\"position\":1,\"name\":\"In\u00edcio\",\"item\":\"https:\/\/brasilnoticias.org\/site\/\"},{\"@type\":\"ListItem\",\"position\":2,\"name\":\"\u201cIrm\u00e3os, parem!\u201d: Papa Francisco faz apelo sobre conflito Hamas-Israel\"}]},{\"@type\":\"WebSite\",\"@id\":\"https:\/\/brasilnoticias.org\/site\/#website\",\"url\":\"https:\/\/brasilnoticias.org\/site\/\",\"name\":\"Brasil not\u00edcias\",\"description\":\"Brasil not\u00edcias\",\"publisher\":{\"@id\":\"https:\/\/brasilnoticias.org\/site\/#organization\"},\"potentialAction\":[{\"@type\":\"SearchAction\",\"target\":{\"@type\":\"EntryPoint\",\"urlTemplate\":\"https:\/\/brasilnoticias.org\/site\/?s={search_term_string}\"},\"query-input\":{\"@type\":\"PropertyValueSpecification\",\"valueRequired\":true,\"valueName\":\"search_term_string\"}}],\"inLanguage\":\"pt-PT\"},{\"@type\":\"Organization\",\"@id\":\"https:\/\/brasilnoticias.org\/site\/#organization\",\"name\":\"Brasil not\u00edcias\",\"url\":\"https:\/\/brasilnoticias.org\/site\/\",\"logo\":{\"@type\":\"ImageObject\",\"inLanguage\":\"pt-PT\",\"@id\":\"https:\/\/brasilnoticias.org\/site\/#\/schema\/logo\/image\/\",\"url\":\"https:\/\/brasilnoticias.org\/site\/wp-content\/uploads\/2022\/05\/cropped-brasilnoticias-mini.jpg\",\"contentUrl\":\"https:\/\/brasilnoticias.org\/site\/wp-content\/uploads\/2022\/05\/cropped-brasilnoticias-mini.jpg\",\"width\":314,\"height\":86,\"caption\":\"Brasil not\u00edcias\"},\"image\":{\"@id\":\"https:\/\/brasilnoticias.org\/site\/#\/schema\/logo\/image\/\"}},{\"@type\":\"Person\",\"@id\":\"https:\/\/brasilnoticias.org\/site\/#\/schema\/person\/03bbbfe6c7634ad18c26444ea39049fa\",\"name\":\"Reda\u00e7\u00e3o\",\"image\":{\"@type\":\"ImageObject\",\"inLanguage\":\"pt-PT\",\"@id\":\"https:\/\/brasilnoticias.org\/site\/#\/schema\/person\/image\/\",\"url\":\"https:\/\/secure.gravatar.com\/avatar\/9ecaf7327a696cb23ad926fedded5f1f04d7049de9e445375d55b48c001a6e42?s=96&d=mm&r=g\",\"contentUrl\":\"https:\/\/secure.gravatar.com\/avatar\/9ecaf7327a696cb23ad926fedded5f1f04d7049de9e445375d55b48c001a6e42?s=96&d=mm&r=g\",\"caption\":\"Reda\u00e7\u00e3o\"},\"url\":\"https:\/\/brasilnoticias.org\/site\/author\/henrique\/\"}]}<\/script>\n<!-- \/ Yoast SEO plugin. -->","yoast_head_json":{"title":"\u201cIrm\u00e3os, parem!\u201d: Papa Francisco faz apelo sobre conflito Hamas-Israel - Brasil not\u00edcias","robots":{"index":"index","follow":"follow","max-snippet":"max-snippet:-1","max-image-preview":"max-image-preview:large","max-video-preview":"max-video-preview:-1"},"canonical":"https:\/\/brasilnoticias.org\/site\/irmaos-parem-papa-francisco-faz-apelo-sobre-conflito-hamas-israel\/","og_locale":"pt_PT","og_type":"article","og_title":"\u201cIrm\u00e3os, parem!\u201d: Papa Francisco faz apelo sobre conflito Hamas-Israel - Brasil not\u00edcias","og_description":"Pont\u00edfice de 86 anos reiterou o apelo para a permiss\u00e3o de entrada de ajuda humanit\u00e1ria em Gaza O papa Francisco","og_url":"https:\/\/brasilnoticias.org\/site\/irmaos-parem-papa-francisco-faz-apelo-sobre-conflito-hamas-israel\/","og_site_name":"Brasil not\u00edcias","article_published_time":"2023-10-22T23:15:22+00:00","og_image":[{"width":1600,"height":752,"url":"https:\/\/brasilnoticias.org\/site\/wp-content\/uploads\/2023\/10\/142325irmaos-parem-papa-francisco-faz-apelo-sobre-conflito-hamas-israel-3.jpg","type":"image\/jpeg"}],"author":"Reda\u00e7\u00e3o","twitter_card":"summary_large_image","twitter_misc":{"Escrito por":"Reda\u00e7\u00e3o"},"schema":{"@context":"https:\/\/schema.org","@graph":[{"@type":"Article","@id":"https:\/\/brasilnoticias.org\/site\/irmaos-parem-papa-francisco-faz-apelo-sobre-conflito-hamas-israel\/#article","isPartOf":{"@id":"https:\/\/brasilnoticias.org\/site\/irmaos-parem-papa-francisco-faz-apelo-sobre-conflito-hamas-israel\/"},"author":{"name":"Reda\u00e7\u00e3o","@id":"https:\/\/brasilnoticias.org\/site\/#\/schema\/person\/03bbbfe6c7634ad18c26444ea39049fa"},"headline":"\u201cIrm\u00e3os, parem!\u201d: Papa Francisco faz apelo sobre conflito Hamas-Israel","datePublished":"2023-10-22T23:15:22+00:00","mainEntityOfPage":{"@id":"https:\/\/brasilnoticias.org\/site\/irmaos-parem-papa-francisco-faz-apelo-sobre-conflito-hamas-israel\/"},"wordCount":148,"commentCount":0,"publisher":{"@id":"https:\/\/brasilnoticias.org\/site\/#organization"},"image":{"@id":"https:\/\/brasilnoticias.org\/site\/irmaos-parem-papa-francisco-faz-apelo-sobre-conflito-hamas-israel\/#primaryimage"},"thumbnailUrl":"https:\/\/brasilnoticias.org\/site\/wp-content\/uploads\/2023\/10\/142325irmaos-parem-papa-francisco-faz-apelo-sobre-conflito-hamas-israel-3.jpg","articleSection":["Mundo","\u00daltimas"],"inLanguage":"pt-PT","potentialAction":[{"@type":"CommentAction","name":"Comment","target":["https:\/\/brasilnoticias.org\/site\/irmaos-parem-papa-francisco-faz-apelo-sobre-conflito-hamas-israel\/#respond"]}]},{"@type":"WebPage","@id":"https:\/\/brasilnoticias.org\/site\/irmaos-parem-papa-francisco-faz-apelo-sobre-conflito-hamas-israel\/","url":"https:\/\/brasilnoticias.org\/site\/irmaos-parem-papa-francisco-faz-apelo-sobre-conflito-hamas-israel\/","name":"\u201cIrm\u00e3os, parem!\u201d: Papa Francisco faz apelo sobre conflito Hamas-Israel - Brasil not\u00edcias","isPartOf":{"@id":"https:\/\/brasilnoticias.org\/site\/#website"},"primaryImageOfPage":{"@id":"https:\/\/brasilnoticias.org\/site\/irmaos-parem-papa-francisco-faz-apelo-sobre-conflito-hamas-israel\/#primaryimage"},"image":{"@id":"https:\/\/brasilnoticias.org\/site\/irmaos-parem-papa-francisco-faz-apelo-sobre-conflito-hamas-israel\/#primaryimage"},"thumbnailUrl":"https:\/\/brasilnoticias.org\/site\/wp-content\/uploads\/2023\/10\/142325irmaos-parem-papa-francisco-faz-apelo-sobre-conflito-hamas-israel-3.jpg","datePublished":"2023-10-22T23:15:22+00:00","breadcrumb":{"@id":"https:\/\/brasilnoticias.org\/site\/irmaos-parem-papa-francisco-faz-apelo-sobre-conflito-hamas-israel\/#breadcrumb"},"inLanguage":"pt-PT","potentialAction":[{"@type":"ReadAction","target":["https:\/\/brasilnoticias.org\/site\/irmaos-parem-papa-francisco-faz-apelo-sobre-conflito-hamas-israel\/"]}]},{"@type":"ImageObject","inLanguage":"pt-PT","@id":"https:\/\/brasilnoticias.org\/site\/irmaos-parem-papa-francisco-faz-apelo-sobre-conflito-hamas-israel\/#primaryimage","url":"https:\/\/brasilnoticias.org\/site\/wp-content\/uploads\/2023\/10\/142325irmaos-parem-papa-francisco-faz-apelo-sobre-conflito-hamas-israel-3.jpg","contentUrl":"https:\/\/brasilnoticias.org\/site\/wp-content\/uploads\/2023\/10\/142325irmaos-parem-papa-francisco-faz-apelo-sobre-conflito-hamas-israel-3.jpg","width":1600,"height":752},{"@type":"BreadcrumbList","@id":"https:\/\/brasilnoticias.org\/site\/irmaos-parem-papa-francisco-faz-apelo-sobre-conflito-hamas-israel\/#breadcrumb","itemListElement":[{"@type":"ListItem","position":1,"name":"In\u00edcio","item":"https:\/\/brasilnoticias.org\/site\/"},{"@type":"ListItem","position":2,"name":"\u201cIrm\u00e3os, parem!\u201d: Papa Francisco faz apelo sobre conflito Hamas-Israel"}]},{"@type":"WebSite","@id":"https:\/\/brasilnoticias.org\/site\/#website","url":"https:\/\/brasilnoticias.org\/site\/","name":"Brasil not\u00edcias","description":"Brasil not\u00edcias","publisher":{"@id":"https:\/\/brasilnoticias.org\/site\/#organization"},"potentialAction":[{"@type":"SearchAction","target":{"@type":"EntryPoint","urlTemplate":"https:\/\/brasilnoticias.org\/site\/?s={search_term_string}"},"query-input":{"@type":"PropertyValueSpecification","valueRequired":true,"valueName":"search_term_string"}}],"inLanguage":"pt-PT"},{"@type":"Organization","@id":"https:\/\/brasilnoticias.org\/site\/#organization","name":"Brasil not\u00edcias","url":"https:\/\/brasilnoticias.org\/site\/","logo":{"@type":"ImageObject","inLanguage":"pt-PT","@id":"https:\/\/brasilnoticias.org\/site\/#\/schema\/logo\/image\/","url":"https:\/\/brasilnoticias.org\/site\/wp-content\/uploads\/2022\/05\/cropped-brasilnoticias-mini.jpg","contentUrl":"https:\/\/brasilnoticias.org\/site\/wp-content\/uploads\/2022\/05\/cropped-brasilnoticias-mini.jpg","width":314,"height":86,"caption":"Brasil not\u00edcias"},"image":{"@id":"https:\/\/brasilnoticias.org\/site\/#\/schema\/logo\/image\/"}},{"@type":"Person","@id":"https:\/\/brasilnoticias.org\/site\/#\/schema\/person\/03bbbfe6c7634ad18c26444ea39049fa","name":"Reda\u00e7\u00e3o","image":{"@type":"ImageObject","inLanguage":"pt-PT","@id":"https:\/\/brasilnoticias.org\/site\/#\/schema\/person\/image\/","url":"https:\/\/secure.gravatar.com\/avatar\/9ecaf7327a696cb23ad926fedded5f1f04d7049de9e445375d55b48c001a6e42?s=96&d=mm&r=g","contentUrl":"https:\/\/secure.gravatar.com\/avatar\/9ecaf7327a696cb23ad926fedded5f1f04d7049de9e445375d55b48c001a6e42?s=96&d=mm&r=g","caption":"Reda\u00e7\u00e3o"},"url":"https:\/\/brasilnoticias.org\/site\/author\/henrique\/"}]}},"_links":{"self":[{"href":"https:\/\/brasilnoticias.org\/site\/wp-json\/wp\/v2\/posts\/10386","targetHints":{"allow":["GET"]}}],"collection":[{"href":"https:\/\/brasilnoticias.org\/site\/wp-json\/wp\/v2\/posts"}],"about":[{"href":"https:\/\/brasilnoticias.org\/site\/wp-json\/wp\/v2\/types\/post"}],"author":[{"embeddable":true,"href":"https:\/\/brasilnoticias.org\/site\/wp-json\/wp\/v2\/users\/4"}],"replies":[{"embeddable":true,"href":"https:\/\/brasilnoticias.org\/site\/wp-json\/wp\/v2\/comments?post=10386"}],"version-history":[{"count":1,"href":"https:\/\/brasilnoticias.org\/site\/wp-json\/wp\/v2\/posts\/10386\/revisions"}],"predecessor-version":[{"id":10388,"href":"https:\/\/brasilnoticias.org\/site\/wp-json\/wp\/v2\/posts\/10386\/revisions\/10388"}],"wp:featuredmedia":[{"embeddable":true,"href":"https:\/\/brasilnoticias.org\/site\/wp-json\/wp\/v2\/media\/10387"}],"wp:attachment":[{"href":"https:\/\/brasilnoticias.org\/site\/wp-json\/wp\/v2\/media?parent=10386"}],"wp:term":[{"taxonomy":"category","embeddable":true,"href":"https:\/\/brasilnoticias.org\/site\/wp-json\/wp\/v2\/categories?post=10386"},{"taxonomy":"post_tag","embeddable":true,"href":"https:\/\/brasilnoticias.org\/site\/wp-json\/wp\/v2\/tags?post=10386"}],"curies":[{"name":"wp","href":"https:\/\/api.w.org\/{rel}","templated":true}]}}