{"id":10408,"date":"2023-10-23T19:39:25","date_gmt":"2023-10-23T22:39:25","guid":{"rendered":"https:\/\/brasilnoticias.org\/site\/?p=10408"},"modified":"2023-10-23T19:39:25","modified_gmt":"2023-10-23T22:39:25","slug":"torcedor-do-vitoria-e-agredido-e-tem-camisa-arrancada-por-suspeitos","status":"publish","type":"post","link":"https:\/\/brasilnoticias.org\/site\/torcedor-do-vitoria-e-agredido-e-tem-camisa-arrancada-por-suspeitos\/","title":{"rendered":"Torcedor do Vit\u00f3ria \u00e9 agredido e tem camisa arrancada por suspeitos"},"content":{"rendered":"<p>Torcedor do Vit\u00f3ria voltava para casa com irm\u00e3o e cunhada quando foi agredido por suspeitos<\/p>\n<p>Um torcedor do Vit\u00f3ria foi agredido por suspeitos na tarde do \u00faltimo s\u00e1bado (21), quando chegava em casa, no bairro da Gra\u00e7a, em Salvador.<\/p>\n<p>Ele estava acompanhado do irm\u00e3o e da cunhada, quando foi puxado por um suspeito, que vestia a camisa do Bahia. O criminoso chegou a invadir o pr\u00e9dio. C\u00e2meras de seguran\u00e7a do edif\u00edcio registraram o crime.<\/p>\n<p>Nas imagens \u00e9 poss\u00edvel ver que a v\u00edtima, que usava uma camisa da torcida organizada Imbat\u00edveis, do Vit\u00f3ria, chega ao pr\u00e9dio com outras duas pessoas. Ap\u00f3s isso, um homem, vestido com a camisa do Bahia, se aproxima e entra no pr\u00e9dio puxando a v\u00edtima para fora do local.<\/p>\n<p>\u00c9 nesse momento que um terceiro homem, que estava no passeio, se junta para cometer as agress\u00f5es. A v\u00edtima chega a ser jogada no ch\u00e3o e arrastada, enquanto as outras duas pessoas que estavam com ele tentam apartar a confus\u00e3o.<\/p>\n<p>De acordo com relato da v\u00edtima, um dos suspeitos teria dito que fazia parte da torcida organizada Bamor. Em resposta, o presidente da torcida disse que o homem n\u00e3o estaria associado \u00e0 Bamor.<\/p>\n<p>Times se pronunciaram<br \/>\nEm nota, o Vit\u00f3ria repudiou a a\u00e7\u00e3o e afirmou que o time n\u00e3o representa a torcida organizada dos Imbat\u00edveis, al\u00e9m de reiterar que esse \u00e9 um caso de pol\u00edcia. A Pol\u00edcia Militar foi contatada, mas afirmou que n\u00e3o houve acionamento.<\/p>\n<p>Em entrevista \u00e0 TV Bahia, a v\u00edtima afirmou que estava com depress\u00e3o, foi a primeira vez que ele saiu de casa em um m\u00eas e, por conta disso, n\u00e3o havia registrado um Boletim de Ocorr\u00eancia, mas vai procurar os meios legais para resolver a situa\u00e7\u00e3o.<\/p>\n<p>O Bahia tamb\u00e9m se pronunciou, por meio de nota, e afirmou que &#8220;lamenta o ocorrido e repudia qualquer ato de viol\u00eancia&#8221;. Leia as duas notas abaixo e em seguida assista o v\u00eddeo:<\/p>\n<p>Posicionamento da torcida organizada &#8220;Bamor Nova Era&#8221;<br \/>\n&#8220;A TORCIDA BAMOR NOVA ERA, vem por meio desta, repudiar totalmente as informa\u00e7\u00f5es infundadas que foram vinculadas a nossa institui\u00e7\u00e3o no dia de hoje. \u00c9 lament\u00e1vel que o sensacionalismo barato siga disseminando not\u00edcias falsas para a sociedade e se omitindo da real apura\u00e7\u00e3o dos fatos.<\/p>\n<p>Al\u00e9m disso, aproveitamos tamb\u00e9m para refor\u00e7ar o nosso compromisso com a paz e condenar qualquer ato de viol\u00eancia vinculado ao futebol. Seguimos \u00e0 disposi\u00e7\u00e3o da justi\u00e7a para qualquer tipo de esclarecimento&#8221;.<\/p>\n<p>Posicionamento da torcida organizada &#8220;Os Imbat\u00edveis&#8221;<br \/>\n&#8220;A Torcida Uniformizada Os Imbat\u00edveis informa que mesmo n\u00e3o reconhecendo o agredido como componente da torcida, a mesma informa que repudia o ato de viol\u00eancia ocorrido no bairro da Gra\u00e7a. A TUI reitera o compromisso com a paz e deseja que os \u00f3rg\u00e3os de seguran\u00e7as atrav\u00e9s das imagens, identifiquem e punam os agressores para que sirva de exemplo com os demais&#8221;.<\/p>\n<p>Veja o v\u00eddeo:<\/p>\n<p><a href=\"https:\/\/cdn.ibahia.com\/img\/videoinline\/300000\/Torcedor-do-Vitoria-e-agredido-e-tem-camisa-arranc0030749500202310231521.mp4?xid=1419562\">https:\/\/cdn.ibahia.com\/img\/videoinline\/300000\/Torcedor-do-Vitoria-e-agredido-e-tem-camisa-arranc0030749500202310231521.mp4?xid=1419562<\/a><\/p>\n<p>Foto: Reprodu\u00e7\u00e3o\/ C\u00e2meras Seguran\u00e7a<br \/>\nIBahia<\/p>\n","protected":false},"excerpt":{"rendered":"<p>Torcedor do Vit\u00f3ria voltava para casa com irm\u00e3o e cunhada quando foi agredido por suspeitos Um torcedor do Vit\u00f3ria foi<\/p>\n","protected":false},"author":4,"featured_media":10409,"comment_status":"open","ping_status":"open","sticky":false,"template":"","format":"standard","meta":{"colormag_page_container_layout":"default_layout","colormag_page_sidebar_layout":"default_layout","_FSMCFIC_featured_image_caption":"","_FSMCFIC_featured_image_nocaption":"","_FSMCFIC_featured_image_hide":"","footnotes":""},"categories":[4,1],"tags":[],"class_list":["post-10408","post","type-post","status-publish","format-standard","has-post-thumbnail","hentry","category-esporte","category-ultimas"],"yoast_head":"<!-- This site is optimized with the Yoast SEO plugin v27.1.1 - https:\/\/yoast.com\/product\/yoast-seo-wordpress\/ -->\n<title>Torcedor do Vit\u00f3ria \u00e9 agredido e tem camisa arrancada por suspeitos - Brasil not\u00edcias<\/title>\n<meta name=\"robots\" content=\"index, follow, max-snippet:-1, max-image-preview:large, max-video-preview:-1\" \/>\n<link rel=\"canonical\" href=\"https:\/\/brasilnoticias.org\/site\/torcedor-do-vitoria-e-agredido-e-tem-camisa-arrancada-por-suspeitos\/\" \/>\n<meta property=\"og:locale\" content=\"pt_PT\" \/>\n<meta property=\"og:type\" content=\"article\" \/>\n<meta property=\"og:title\" content=\"Torcedor do Vit\u00f3ria \u00e9 agredido e tem camisa arrancada por suspeitos - Brasil not\u00edcias\" \/>\n<meta property=\"og:description\" content=\"Torcedor do Vit\u00f3ria voltava para casa com irm\u00e3o e cunhada quando foi agredido por suspeitos Um torcedor do Vit\u00f3ria foi\" \/>\n<meta property=\"og:url\" content=\"https:\/\/brasilnoticias.org\/site\/torcedor-do-vitoria-e-agredido-e-tem-camisa-arrancada-por-suspeitos\/\" \/>\n<meta property=\"og:site_name\" content=\"Brasil not\u00edcias\" \/>\n<meta property=\"article:published_time\" content=\"2023-10-23T22:39:25+00:00\" \/>\n<meta property=\"og:image\" content=\"https:\/\/brasilnoticias.org\/site\/wp-content\/uploads\/2023\/10\/Torcedor-do-Vitoria-e-agredido-e-tem-camisa-arranc0030749500202310231252-6.webp\" \/>\n\t<meta property=\"og:image:width\" content=\"1200\" \/>\n\t<meta property=\"og:image:height\" content=\"720\" \/>\n\t<meta property=\"og:image:type\" content=\"image\/webp\" \/>\n<meta name=\"author\" content=\"Reda\u00e7\u00e3o\" \/>\n<meta name=\"twitter:card\" content=\"summary_large_image\" \/>\n<meta name=\"twitter:label1\" content=\"Escrito por\" \/>\n\t<meta name=\"twitter:data1\" content=\"Reda\u00e7\u00e3o\" \/>\n<script type=\"application\/ld+json\" class=\"yoast-schema-graph\">{\"@context\":\"https:\/\/schema.org\",\"@graph\":[{\"@type\":\"Article\",\"@id\":\"https:\/\/brasilnoticias.org\/site\/torcedor-do-vitoria-e-agredido-e-tem-camisa-arrancada-por-suspeitos\/#article\",\"isPartOf\":{\"@id\":\"https:\/\/brasilnoticias.org\/site\/torcedor-do-vitoria-e-agredido-e-tem-camisa-arrancada-por-suspeitos\/\"},\"author\":{\"name\":\"Reda\u00e7\u00e3o\",\"@id\":\"https:\/\/brasilnoticias.org\/site\/#\/schema\/person\/03bbbfe6c7634ad18c26444ea39049fa\"},\"headline\":\"Torcedor do Vit\u00f3ria \u00e9 agredido e tem camisa arrancada por suspeitos\",\"datePublished\":\"2023-10-23T22:39:25+00:00\",\"mainEntityOfPage\":{\"@id\":\"https:\/\/brasilnoticias.org\/site\/torcedor-do-vitoria-e-agredido-e-tem-camisa-arrancada-por-suspeitos\/\"},\"wordCount\":549,\"commentCount\":0,\"publisher\":{\"@id\":\"https:\/\/brasilnoticias.org\/site\/#organization\"},\"image\":{\"@id\":\"https:\/\/brasilnoticias.org\/site\/torcedor-do-vitoria-e-agredido-e-tem-camisa-arrancada-por-suspeitos\/#primaryimage\"},\"thumbnailUrl\":\"https:\/\/brasilnoticias.org\/site\/wp-content\/uploads\/2023\/10\/Torcedor-do-Vitoria-e-agredido-e-tem-camisa-arranc0030749500202310231252-6.webp\",\"articleSection\":[\"Esporte\",\"\u00daltimas\"],\"inLanguage\":\"pt-PT\",\"potentialAction\":[{\"@type\":\"CommentAction\",\"name\":\"Comment\",\"target\":[\"https:\/\/brasilnoticias.org\/site\/torcedor-do-vitoria-e-agredido-e-tem-camisa-arrancada-por-suspeitos\/#respond\"]}]},{\"@type\":\"WebPage\",\"@id\":\"https:\/\/brasilnoticias.org\/site\/torcedor-do-vitoria-e-agredido-e-tem-camisa-arrancada-por-suspeitos\/\",\"url\":\"https:\/\/brasilnoticias.org\/site\/torcedor-do-vitoria-e-agredido-e-tem-camisa-arrancada-por-suspeitos\/\",\"name\":\"Torcedor do Vit\u00f3ria \u00e9 agredido e tem camisa arrancada por suspeitos - Brasil not\u00edcias\",\"isPartOf\":{\"@id\":\"https:\/\/brasilnoticias.org\/site\/#website\"},\"primaryImageOfPage\":{\"@id\":\"https:\/\/brasilnoticias.org\/site\/torcedor-do-vitoria-e-agredido-e-tem-camisa-arrancada-por-suspeitos\/#primaryimage\"},\"image\":{\"@id\":\"https:\/\/brasilnoticias.org\/site\/torcedor-do-vitoria-e-agredido-e-tem-camisa-arrancada-por-suspeitos\/#primaryimage\"},\"thumbnailUrl\":\"https:\/\/brasilnoticias.org\/site\/wp-content\/uploads\/2023\/10\/Torcedor-do-Vitoria-e-agredido-e-tem-camisa-arranc0030749500202310231252-6.webp\",\"datePublished\":\"2023-10-23T22:39:25+00:00\",\"breadcrumb\":{\"@id\":\"https:\/\/brasilnoticias.org\/site\/torcedor-do-vitoria-e-agredido-e-tem-camisa-arrancada-por-suspeitos\/#breadcrumb\"},\"inLanguage\":\"pt-PT\",\"potentialAction\":[{\"@type\":\"ReadAction\",\"target\":[\"https:\/\/brasilnoticias.org\/site\/torcedor-do-vitoria-e-agredido-e-tem-camisa-arrancada-por-suspeitos\/\"]}]},{\"@type\":\"ImageObject\",\"inLanguage\":\"pt-PT\",\"@id\":\"https:\/\/brasilnoticias.org\/site\/torcedor-do-vitoria-e-agredido-e-tem-camisa-arrancada-por-suspeitos\/#primaryimage\",\"url\":\"https:\/\/brasilnoticias.org\/site\/wp-content\/uploads\/2023\/10\/Torcedor-do-Vitoria-e-agredido-e-tem-camisa-arranc0030749500202310231252-6.webp\",\"contentUrl\":\"https:\/\/brasilnoticias.org\/site\/wp-content\/uploads\/2023\/10\/Torcedor-do-Vitoria-e-agredido-e-tem-camisa-arranc0030749500202310231252-6.webp\",\"width\":1200,\"height\":720},{\"@type\":\"BreadcrumbList\",\"@id\":\"https:\/\/brasilnoticias.org\/site\/torcedor-do-vitoria-e-agredido-e-tem-camisa-arrancada-por-suspeitos\/#breadcrumb\",\"itemListElement\":[{\"@type\":\"ListItem\",\"position\":1,\"name\":\"In\u00edcio\",\"item\":\"https:\/\/brasilnoticias.org\/site\/\"},{\"@type\":\"ListItem\",\"position\":2,\"name\":\"Torcedor do Vit\u00f3ria \u00e9 agredido e tem camisa arrancada por suspeitos\"}]},{\"@type\":\"WebSite\",\"@id\":\"https:\/\/brasilnoticias.org\/site\/#website\",\"url\":\"https:\/\/brasilnoticias.org\/site\/\",\"name\":\"Brasil not\u00edcias\",\"description\":\"Brasil not\u00edcias\",\"publisher\":{\"@id\":\"https:\/\/brasilnoticias.org\/site\/#organization\"},\"potentialAction\":[{\"@type\":\"SearchAction\",\"target\":{\"@type\":\"EntryPoint\",\"urlTemplate\":\"https:\/\/brasilnoticias.org\/site\/?s={search_term_string}\"},\"query-input\":{\"@type\":\"PropertyValueSpecification\",\"valueRequired\":true,\"valueName\":\"search_term_string\"}}],\"inLanguage\":\"pt-PT\"},{\"@type\":\"Organization\",\"@id\":\"https:\/\/brasilnoticias.org\/site\/#organization\",\"name\":\"Brasil not\u00edcias\",\"url\":\"https:\/\/brasilnoticias.org\/site\/\",\"logo\":{\"@type\":\"ImageObject\",\"inLanguage\":\"pt-PT\",\"@id\":\"https:\/\/brasilnoticias.org\/site\/#\/schema\/logo\/image\/\",\"url\":\"https:\/\/brasilnoticias.org\/site\/wp-content\/uploads\/2022\/05\/cropped-brasilnoticias-mini.jpg\",\"contentUrl\":\"https:\/\/brasilnoticias.org\/site\/wp-content\/uploads\/2022\/05\/cropped-brasilnoticias-mini.jpg\",\"width\":314,\"height\":86,\"caption\":\"Brasil not\u00edcias\"},\"image\":{\"@id\":\"https:\/\/brasilnoticias.org\/site\/#\/schema\/logo\/image\/\"}},{\"@type\":\"Person\",\"@id\":\"https:\/\/brasilnoticias.org\/site\/#\/schema\/person\/03bbbfe6c7634ad18c26444ea39049fa\",\"name\":\"Reda\u00e7\u00e3o\",\"image\":{\"@type\":\"ImageObject\",\"inLanguage\":\"pt-PT\",\"@id\":\"https:\/\/brasilnoticias.org\/site\/#\/schema\/person\/image\/\",\"url\":\"https:\/\/secure.gravatar.com\/avatar\/9ecaf7327a696cb23ad926fedded5f1f04d7049de9e445375d55b48c001a6e42?s=96&d=mm&r=g\",\"contentUrl\":\"https:\/\/secure.gravatar.com\/avatar\/9ecaf7327a696cb23ad926fedded5f1f04d7049de9e445375d55b48c001a6e42?s=96&d=mm&r=g\",\"caption\":\"Reda\u00e7\u00e3o\"},\"url\":\"https:\/\/brasilnoticias.org\/site\/author\/henrique\/\"}]}<\/script>\n<!-- \/ Yoast SEO plugin. -->","yoast_head_json":{"title":"Torcedor do Vit\u00f3ria \u00e9 agredido e tem camisa arrancada por suspeitos - Brasil not\u00edcias","robots":{"index":"index","follow":"follow","max-snippet":"max-snippet:-1","max-image-preview":"max-image-preview:large","max-video-preview":"max-video-preview:-1"},"canonical":"https:\/\/brasilnoticias.org\/site\/torcedor-do-vitoria-e-agredido-e-tem-camisa-arrancada-por-suspeitos\/","og_locale":"pt_PT","og_type":"article","og_title":"Torcedor do Vit\u00f3ria \u00e9 agredido e tem camisa arrancada por suspeitos - Brasil not\u00edcias","og_description":"Torcedor do Vit\u00f3ria voltava para casa com irm\u00e3o e cunhada quando foi agredido por suspeitos Um torcedor do Vit\u00f3ria foi","og_url":"https:\/\/brasilnoticias.org\/site\/torcedor-do-vitoria-e-agredido-e-tem-camisa-arrancada-por-suspeitos\/","og_site_name":"Brasil not\u00edcias","article_published_time":"2023-10-23T22:39:25+00:00","og_image":[{"width":1200,"height":720,"url":"https:\/\/brasilnoticias.org\/site\/wp-content\/uploads\/2023\/10\/Torcedor-do-Vitoria-e-agredido-e-tem-camisa-arranc0030749500202310231252-6.webp","type":"image\/webp"}],"author":"Reda\u00e7\u00e3o","twitter_card":"summary_large_image","twitter_misc":{"Escrito por":"Reda\u00e7\u00e3o"},"schema":{"@context":"https:\/\/schema.org","@graph":[{"@type":"Article","@id":"https:\/\/brasilnoticias.org\/site\/torcedor-do-vitoria-e-agredido-e-tem-camisa-arrancada-por-suspeitos\/#article","isPartOf":{"@id":"https:\/\/brasilnoticias.org\/site\/torcedor-do-vitoria-e-agredido-e-tem-camisa-arrancada-por-suspeitos\/"},"author":{"name":"Reda\u00e7\u00e3o","@id":"https:\/\/brasilnoticias.org\/site\/#\/schema\/person\/03bbbfe6c7634ad18c26444ea39049fa"},"headline":"Torcedor do Vit\u00f3ria \u00e9 agredido e tem camisa arrancada por suspeitos","datePublished":"2023-10-23T22:39:25+00:00","mainEntityOfPage":{"@id":"https:\/\/brasilnoticias.org\/site\/torcedor-do-vitoria-e-agredido-e-tem-camisa-arrancada-por-suspeitos\/"},"wordCount":549,"commentCount":0,"publisher":{"@id":"https:\/\/brasilnoticias.org\/site\/#organization"},"image":{"@id":"https:\/\/brasilnoticias.org\/site\/torcedor-do-vitoria-e-agredido-e-tem-camisa-arrancada-por-suspeitos\/#primaryimage"},"thumbnailUrl":"https:\/\/brasilnoticias.org\/site\/wp-content\/uploads\/2023\/10\/Torcedor-do-Vitoria-e-agredido-e-tem-camisa-arranc0030749500202310231252-6.webp","articleSection":["Esporte","\u00daltimas"],"inLanguage":"pt-PT","potentialAction":[{"@type":"CommentAction","name":"Comment","target":["https:\/\/brasilnoticias.org\/site\/torcedor-do-vitoria-e-agredido-e-tem-camisa-arrancada-por-suspeitos\/#respond"]}]},{"@type":"WebPage","@id":"https:\/\/brasilnoticias.org\/site\/torcedor-do-vitoria-e-agredido-e-tem-camisa-arrancada-por-suspeitos\/","url":"https:\/\/brasilnoticias.org\/site\/torcedor-do-vitoria-e-agredido-e-tem-camisa-arrancada-por-suspeitos\/","name":"Torcedor do Vit\u00f3ria \u00e9 agredido e tem camisa arrancada por suspeitos - Brasil not\u00edcias","isPartOf":{"@id":"https:\/\/brasilnoticias.org\/site\/#website"},"primaryImageOfPage":{"@id":"https:\/\/brasilnoticias.org\/site\/torcedor-do-vitoria-e-agredido-e-tem-camisa-arrancada-por-suspeitos\/#primaryimage"},"image":{"@id":"https:\/\/brasilnoticias.org\/site\/torcedor-do-vitoria-e-agredido-e-tem-camisa-arrancada-por-suspeitos\/#primaryimage"},"thumbnailUrl":"https:\/\/brasilnoticias.org\/site\/wp-content\/uploads\/2023\/10\/Torcedor-do-Vitoria-e-agredido-e-tem-camisa-arranc0030749500202310231252-6.webp","datePublished":"2023-10-23T22:39:25+00:00","breadcrumb":{"@id":"https:\/\/brasilnoticias.org\/site\/torcedor-do-vitoria-e-agredido-e-tem-camisa-arrancada-por-suspeitos\/#breadcrumb"},"inLanguage":"pt-PT","potentialAction":[{"@type":"ReadAction","target":["https:\/\/brasilnoticias.org\/site\/torcedor-do-vitoria-e-agredido-e-tem-camisa-arrancada-por-suspeitos\/"]}]},{"@type":"ImageObject","inLanguage":"pt-PT","@id":"https:\/\/brasilnoticias.org\/site\/torcedor-do-vitoria-e-agredido-e-tem-camisa-arrancada-por-suspeitos\/#primaryimage","url":"https:\/\/brasilnoticias.org\/site\/wp-content\/uploads\/2023\/10\/Torcedor-do-Vitoria-e-agredido-e-tem-camisa-arranc0030749500202310231252-6.webp","contentUrl":"https:\/\/brasilnoticias.org\/site\/wp-content\/uploads\/2023\/10\/Torcedor-do-Vitoria-e-agredido-e-tem-camisa-arranc0030749500202310231252-6.webp","width":1200,"height":720},{"@type":"BreadcrumbList","@id":"https:\/\/brasilnoticias.org\/site\/torcedor-do-vitoria-e-agredido-e-tem-camisa-arrancada-por-suspeitos\/#breadcrumb","itemListElement":[{"@type":"ListItem","position":1,"name":"In\u00edcio","item":"https:\/\/brasilnoticias.org\/site\/"},{"@type":"ListItem","position":2,"name":"Torcedor do Vit\u00f3ria \u00e9 agredido e tem camisa arrancada por suspeitos"}]},{"@type":"WebSite","@id":"https:\/\/brasilnoticias.org\/site\/#website","url":"https:\/\/brasilnoticias.org\/site\/","name":"Brasil not\u00edcias","description":"Brasil not\u00edcias","publisher":{"@id":"https:\/\/brasilnoticias.org\/site\/#organization"},"potentialAction":[{"@type":"SearchAction","target":{"@type":"EntryPoint","urlTemplate":"https:\/\/brasilnoticias.org\/site\/?s={search_term_string}"},"query-input":{"@type":"PropertyValueSpecification","valueRequired":true,"valueName":"search_term_string"}}],"inLanguage":"pt-PT"},{"@type":"Organization","@id":"https:\/\/brasilnoticias.org\/site\/#organization","name":"Brasil not\u00edcias","url":"https:\/\/brasilnoticias.org\/site\/","logo":{"@type":"ImageObject","inLanguage":"pt-PT","@id":"https:\/\/brasilnoticias.org\/site\/#\/schema\/logo\/image\/","url":"https:\/\/brasilnoticias.org\/site\/wp-content\/uploads\/2022\/05\/cropped-brasilnoticias-mini.jpg","contentUrl":"https:\/\/brasilnoticias.org\/site\/wp-content\/uploads\/2022\/05\/cropped-brasilnoticias-mini.jpg","width":314,"height":86,"caption":"Brasil not\u00edcias"},"image":{"@id":"https:\/\/brasilnoticias.org\/site\/#\/schema\/logo\/image\/"}},{"@type":"Person","@id":"https:\/\/brasilnoticias.org\/site\/#\/schema\/person\/03bbbfe6c7634ad18c26444ea39049fa","name":"Reda\u00e7\u00e3o","image":{"@type":"ImageObject","inLanguage":"pt-PT","@id":"https:\/\/brasilnoticias.org\/site\/#\/schema\/person\/image\/","url":"https:\/\/secure.gravatar.com\/avatar\/9ecaf7327a696cb23ad926fedded5f1f04d7049de9e445375d55b48c001a6e42?s=96&d=mm&r=g","contentUrl":"https:\/\/secure.gravatar.com\/avatar\/9ecaf7327a696cb23ad926fedded5f1f04d7049de9e445375d55b48c001a6e42?s=96&d=mm&r=g","caption":"Reda\u00e7\u00e3o"},"url":"https:\/\/brasilnoticias.org\/site\/author\/henrique\/"}]}},"_links":{"self":[{"href":"https:\/\/brasilnoticias.org\/site\/wp-json\/wp\/v2\/posts\/10408","targetHints":{"allow":["GET"]}}],"collection":[{"href":"https:\/\/brasilnoticias.org\/site\/wp-json\/wp\/v2\/posts"}],"about":[{"href":"https:\/\/brasilnoticias.org\/site\/wp-json\/wp\/v2\/types\/post"}],"author":[{"embeddable":true,"href":"https:\/\/brasilnoticias.org\/site\/wp-json\/wp\/v2\/users\/4"}],"replies":[{"embeddable":true,"href":"https:\/\/brasilnoticias.org\/site\/wp-json\/wp\/v2\/comments?post=10408"}],"version-history":[{"count":1,"href":"https:\/\/brasilnoticias.org\/site\/wp-json\/wp\/v2\/posts\/10408\/revisions"}],"predecessor-version":[{"id":10410,"href":"https:\/\/brasilnoticias.org\/site\/wp-json\/wp\/v2\/posts\/10408\/revisions\/10410"}],"wp:featuredmedia":[{"embeddable":true,"href":"https:\/\/brasilnoticias.org\/site\/wp-json\/wp\/v2\/media\/10409"}],"wp:attachment":[{"href":"https:\/\/brasilnoticias.org\/site\/wp-json\/wp\/v2\/media?parent=10408"}],"wp:term":[{"taxonomy":"category","embeddable":true,"href":"https:\/\/brasilnoticias.org\/site\/wp-json\/wp\/v2\/categories?post=10408"},{"taxonomy":"post_tag","embeddable":true,"href":"https:\/\/brasilnoticias.org\/site\/wp-json\/wp\/v2\/tags?post=10408"}],"curies":[{"name":"wp","href":"https:\/\/api.w.org\/{rel}","templated":true}]}}