{"id":10432,"date":"2023-10-24T19:50:19","date_gmt":"2023-10-24T22:50:19","guid":{"rendered":"https:\/\/brasilnoticias.org\/site\/?p=10432"},"modified":"2023-10-24T19:50:19","modified_gmt":"2023-10-24T22:50:19","slug":"cartao-de-confirmacao-do-enem-esta-disponivel-para-acesso-documento-contem-local-de-prova","status":"publish","type":"post","link":"https:\/\/brasilnoticias.org\/site\/cartao-de-confirmacao-do-enem-esta-disponivel-para-acesso-documento-contem-local-de-prova\/","title":{"rendered":"Cart\u00e3o de Confirma\u00e7\u00e3o do Enem est\u00e1 dispon\u00edvel para acesso; documento cont\u00e9m local de prova"},"content":{"rendered":"<p>No documento onde constam n\u00famero de inscri\u00e7\u00e3o, data, hora e local da realiza\u00e7\u00e3o das provas do Enem<\/p>\n<p>Os estudantes inscritos no Exame Nacional do Ensino M\u00e9dio (Enem) 2023 j\u00e1 podem acessar o Cart\u00e3o de Confirma\u00e7\u00e3o da prova, que foi liberado nesta ter\u00e7a-feira (24\/10). No documento onde constam n\u00famero de inscri\u00e7\u00e3o, data, hora e local da realiza\u00e7\u00e3o das provas. O cart\u00e3o informa, tamb\u00e9m, sobre eventuais necessidades de atendimento especializado.<\/p>\n<p>O acesso deve ser feito na P\u00e1gina do Participante, por meio de login \u00fanico da plataforma Gov.br. De acordo com o Instituto Nacional de Estudos e Pesquisas Educacionais An\u00edsio Teixeira (Inep), respons\u00e1vel pela aplica\u00e7\u00e3o das provas, caso o participante n\u00e3o lembre a senha da conta cadastrada, \u00e9 poss\u00edvel recuper\u00e1-la. \u201cBasta acessar a p\u00e1gina acesso.gov.br, digitar o CPF e clicar em \u2018Avan\u00e7ar\u2019. Em seguida, selecione a op\u00e7\u00e3o \u2018Esqueci minha senha\u2019\u201d, orientou o instituto.<\/p>\n<p>PROVAS<\/p>\n<p>O Enem 2023 ser\u00e1 aplicado nos dias 5 e 12 de novembro. As notas obtidas nas provas podem ser usadas para o estudante concorrer a vagas no ensino superior p\u00fablico pelo Sistema de Sele\u00e7\u00e3o Unificada (Sisu), a bolsas de estudo em institui\u00e7\u00f5es privadas de ensino superior pelo Programa Universidade para Todos (ProUni) e a recursos do Fundo de Financiamento Estudantil (Fies). Tamb\u00e9m podem ser usadas para concorrer a vagas em institui\u00e7\u00f5es estrangeiras que t\u00eam conv\u00eanio com o Inep.<\/p>\n<p>Para ajudar os estudantes a se preparar para a prova de reda\u00e7\u00e3o, o Inep disponibiliza a Cartilha do Participante com informa\u00e7\u00f5es sobre a Matriz de Refer\u00eancia da prova de reda\u00e7\u00e3o. Al\u00e9m disso, a cartilha traz amostras comentadas de reda\u00e7\u00f5es que receberam pontua\u00e7\u00e3o m\u00e1xima \u2013 mil pontos \u2013 no Enem 2022.<\/p>\n<p>*Com informa\u00e7\u00f5es da Ag\u00eancia Brasil<\/p>\n<p>Foto: Divulga\u00e7\u00e3o<br \/>\nAratu On<\/p>\n","protected":false},"excerpt":{"rendered":"<p>No documento onde constam n\u00famero de inscri\u00e7\u00e3o, data, hora e local da realiza\u00e7\u00e3o das provas do Enem Os estudantes inscritos<\/p>\n","protected":false},"author":4,"featured_media":10433,"comment_status":"open","ping_status":"open","sticky":false,"template":"","format":"standard","meta":{"colormag_page_container_layout":"default_layout","colormag_page_sidebar_layout":"default_layout","_FSMCFIC_featured_image_caption":"","_FSMCFIC_featured_image_nocaption":"","_FSMCFIC_featured_image_hide":"","footnotes":""},"categories":[2,1],"tags":[],"class_list":["post-10432","post","type-post","status-publish","format-standard","has-post-thumbnail","hentry","category-noticias","category-ultimas"],"yoast_head":"<!-- This site is optimized with the Yoast SEO plugin v27.1.1 - https:\/\/yoast.com\/product\/yoast-seo-wordpress\/ -->\n<title>Cart\u00e3o de Confirma\u00e7\u00e3o do Enem est\u00e1 dispon\u00edvel para acesso; documento cont\u00e9m local de prova - Brasil not\u00edcias<\/title>\n<meta name=\"robots\" content=\"index, follow, max-snippet:-1, max-image-preview:large, max-video-preview:-1\" \/>\n<link rel=\"canonical\" href=\"https:\/\/brasilnoticias.org\/site\/cartao-de-confirmacao-do-enem-esta-disponivel-para-acesso-documento-contem-local-de-prova\/\" \/>\n<meta property=\"og:locale\" content=\"pt_PT\" \/>\n<meta property=\"og:type\" content=\"article\" \/>\n<meta property=\"og:title\" content=\"Cart\u00e3o de Confirma\u00e7\u00e3o do Enem est\u00e1 dispon\u00edvel para acesso; documento cont\u00e9m local de prova - Brasil not\u00edcias\" \/>\n<meta property=\"og:description\" content=\"No documento onde constam n\u00famero de inscri\u00e7\u00e3o, data, hora e local da realiza\u00e7\u00e3o das provas do Enem Os estudantes inscritos\" \/>\n<meta property=\"og:url\" content=\"https:\/\/brasilnoticias.org\/site\/cartao-de-confirmacao-do-enem-esta-disponivel-para-acesso-documento-contem-local-de-prova\/\" \/>\n<meta property=\"og:site_name\" content=\"Brasil not\u00edcias\" \/>\n<meta property=\"article:published_time\" content=\"2023-10-24T22:50:19+00:00\" \/>\n<meta property=\"og:image\" content=\"https:\/\/brasilnoticias.org\/site\/wp-content\/uploads\/2023\/10\/enem-740x470-1.jpg\" \/>\n\t<meta property=\"og:image:width\" content=\"740\" \/>\n\t<meta property=\"og:image:height\" content=\"470\" \/>\n\t<meta property=\"og:image:type\" content=\"image\/jpeg\" \/>\n<meta name=\"author\" content=\"Reda\u00e7\u00e3o\" \/>\n<meta name=\"twitter:card\" content=\"summary_large_image\" \/>\n<meta name=\"twitter:label1\" content=\"Escrito por\" \/>\n\t<meta name=\"twitter:data1\" content=\"Reda\u00e7\u00e3o\" \/>\n<script type=\"application\/ld+json\" class=\"yoast-schema-graph\">{\"@context\":\"https:\/\/schema.org\",\"@graph\":[{\"@type\":\"Article\",\"@id\":\"https:\/\/brasilnoticias.org\/site\/cartao-de-confirmacao-do-enem-esta-disponivel-para-acesso-documento-contem-local-de-prova\/#article\",\"isPartOf\":{\"@id\":\"https:\/\/brasilnoticias.org\/site\/cartao-de-confirmacao-do-enem-esta-disponivel-para-acesso-documento-contem-local-de-prova\/\"},\"author\":{\"name\":\"Reda\u00e7\u00e3o\",\"@id\":\"https:\/\/brasilnoticias.org\/site\/#\/schema\/person\/03bbbfe6c7634ad18c26444ea39049fa\"},\"headline\":\"Cart\u00e3o de Confirma\u00e7\u00e3o do Enem est\u00e1 dispon\u00edvel para acesso; documento cont\u00e9m local de prova\",\"datePublished\":\"2023-10-24T22:50:19+00:00\",\"mainEntityOfPage\":{\"@id\":\"https:\/\/brasilnoticias.org\/site\/cartao-de-confirmacao-do-enem-esta-disponivel-para-acesso-documento-contem-local-de-prova\/\"},\"wordCount\":330,\"commentCount\":0,\"publisher\":{\"@id\":\"https:\/\/brasilnoticias.org\/site\/#organization\"},\"image\":{\"@id\":\"https:\/\/brasilnoticias.org\/site\/cartao-de-confirmacao-do-enem-esta-disponivel-para-acesso-documento-contem-local-de-prova\/#primaryimage\"},\"thumbnailUrl\":\"https:\/\/brasilnoticias.org\/site\/wp-content\/uploads\/2023\/10\/enem-740x470-1.jpg\",\"articleSection\":[\"Not\u00edcias\",\"\u00daltimas\"],\"inLanguage\":\"pt-PT\",\"potentialAction\":[{\"@type\":\"CommentAction\",\"name\":\"Comment\",\"target\":[\"https:\/\/brasilnoticias.org\/site\/cartao-de-confirmacao-do-enem-esta-disponivel-para-acesso-documento-contem-local-de-prova\/#respond\"]}]},{\"@type\":\"WebPage\",\"@id\":\"https:\/\/brasilnoticias.org\/site\/cartao-de-confirmacao-do-enem-esta-disponivel-para-acesso-documento-contem-local-de-prova\/\",\"url\":\"https:\/\/brasilnoticias.org\/site\/cartao-de-confirmacao-do-enem-esta-disponivel-para-acesso-documento-contem-local-de-prova\/\",\"name\":\"Cart\u00e3o de Confirma\u00e7\u00e3o do Enem est\u00e1 dispon\u00edvel para acesso; documento cont\u00e9m local de prova - Brasil not\u00edcias\",\"isPartOf\":{\"@id\":\"https:\/\/brasilnoticias.org\/site\/#website\"},\"primaryImageOfPage\":{\"@id\":\"https:\/\/brasilnoticias.org\/site\/cartao-de-confirmacao-do-enem-esta-disponivel-para-acesso-documento-contem-local-de-prova\/#primaryimage\"},\"image\":{\"@id\":\"https:\/\/brasilnoticias.org\/site\/cartao-de-confirmacao-do-enem-esta-disponivel-para-acesso-documento-contem-local-de-prova\/#primaryimage\"},\"thumbnailUrl\":\"https:\/\/brasilnoticias.org\/site\/wp-content\/uploads\/2023\/10\/enem-740x470-1.jpg\",\"datePublished\":\"2023-10-24T22:50:19+00:00\",\"breadcrumb\":{\"@id\":\"https:\/\/brasilnoticias.org\/site\/cartao-de-confirmacao-do-enem-esta-disponivel-para-acesso-documento-contem-local-de-prova\/#breadcrumb\"},\"inLanguage\":\"pt-PT\",\"potentialAction\":[{\"@type\":\"ReadAction\",\"target\":[\"https:\/\/brasilnoticias.org\/site\/cartao-de-confirmacao-do-enem-esta-disponivel-para-acesso-documento-contem-local-de-prova\/\"]}]},{\"@type\":\"ImageObject\",\"inLanguage\":\"pt-PT\",\"@id\":\"https:\/\/brasilnoticias.org\/site\/cartao-de-confirmacao-do-enem-esta-disponivel-para-acesso-documento-contem-local-de-prova\/#primaryimage\",\"url\":\"https:\/\/brasilnoticias.org\/site\/wp-content\/uploads\/2023\/10\/enem-740x470-1.jpg\",\"contentUrl\":\"https:\/\/brasilnoticias.org\/site\/wp-content\/uploads\/2023\/10\/enem-740x470-1.jpg\",\"width\":740,\"height\":470},{\"@type\":\"BreadcrumbList\",\"@id\":\"https:\/\/brasilnoticias.org\/site\/cartao-de-confirmacao-do-enem-esta-disponivel-para-acesso-documento-contem-local-de-prova\/#breadcrumb\",\"itemListElement\":[{\"@type\":\"ListItem\",\"position\":1,\"name\":\"In\u00edcio\",\"item\":\"https:\/\/brasilnoticias.org\/site\/\"},{\"@type\":\"ListItem\",\"position\":2,\"name\":\"Cart\u00e3o de Confirma\u00e7\u00e3o do Enem est\u00e1 dispon\u00edvel para acesso; documento cont\u00e9m local de prova\"}]},{\"@type\":\"WebSite\",\"@id\":\"https:\/\/brasilnoticias.org\/site\/#website\",\"url\":\"https:\/\/brasilnoticias.org\/site\/\",\"name\":\"Brasil not\u00edcias\",\"description\":\"Brasil not\u00edcias\",\"publisher\":{\"@id\":\"https:\/\/brasilnoticias.org\/site\/#organization\"},\"potentialAction\":[{\"@type\":\"SearchAction\",\"target\":{\"@type\":\"EntryPoint\",\"urlTemplate\":\"https:\/\/brasilnoticias.org\/site\/?s={search_term_string}\"},\"query-input\":{\"@type\":\"PropertyValueSpecification\",\"valueRequired\":true,\"valueName\":\"search_term_string\"}}],\"inLanguage\":\"pt-PT\"},{\"@type\":\"Organization\",\"@id\":\"https:\/\/brasilnoticias.org\/site\/#organization\",\"name\":\"Brasil not\u00edcias\",\"url\":\"https:\/\/brasilnoticias.org\/site\/\",\"logo\":{\"@type\":\"ImageObject\",\"inLanguage\":\"pt-PT\",\"@id\":\"https:\/\/brasilnoticias.org\/site\/#\/schema\/logo\/image\/\",\"url\":\"https:\/\/brasilnoticias.org\/site\/wp-content\/uploads\/2022\/05\/cropped-brasilnoticias-mini.jpg\",\"contentUrl\":\"https:\/\/brasilnoticias.org\/site\/wp-content\/uploads\/2022\/05\/cropped-brasilnoticias-mini.jpg\",\"width\":314,\"height\":86,\"caption\":\"Brasil not\u00edcias\"},\"image\":{\"@id\":\"https:\/\/brasilnoticias.org\/site\/#\/schema\/logo\/image\/\"}},{\"@type\":\"Person\",\"@id\":\"https:\/\/brasilnoticias.org\/site\/#\/schema\/person\/03bbbfe6c7634ad18c26444ea39049fa\",\"name\":\"Reda\u00e7\u00e3o\",\"image\":{\"@type\":\"ImageObject\",\"inLanguage\":\"pt-PT\",\"@id\":\"https:\/\/brasilnoticias.org\/site\/#\/schema\/person\/image\/\",\"url\":\"https:\/\/secure.gravatar.com\/avatar\/9ecaf7327a696cb23ad926fedded5f1f04d7049de9e445375d55b48c001a6e42?s=96&d=mm&r=g\",\"contentUrl\":\"https:\/\/secure.gravatar.com\/avatar\/9ecaf7327a696cb23ad926fedded5f1f04d7049de9e445375d55b48c001a6e42?s=96&d=mm&r=g\",\"caption\":\"Reda\u00e7\u00e3o\"},\"url\":\"https:\/\/brasilnoticias.org\/site\/author\/henrique\/\"}]}<\/script>\n<!-- \/ Yoast SEO plugin. -->","yoast_head_json":{"title":"Cart\u00e3o de Confirma\u00e7\u00e3o do Enem est\u00e1 dispon\u00edvel para acesso; documento cont\u00e9m local de prova - Brasil not\u00edcias","robots":{"index":"index","follow":"follow","max-snippet":"max-snippet:-1","max-image-preview":"max-image-preview:large","max-video-preview":"max-video-preview:-1"},"canonical":"https:\/\/brasilnoticias.org\/site\/cartao-de-confirmacao-do-enem-esta-disponivel-para-acesso-documento-contem-local-de-prova\/","og_locale":"pt_PT","og_type":"article","og_title":"Cart\u00e3o de Confirma\u00e7\u00e3o do Enem est\u00e1 dispon\u00edvel para acesso; documento cont\u00e9m local de prova - Brasil not\u00edcias","og_description":"No documento onde constam n\u00famero de inscri\u00e7\u00e3o, data, hora e local da realiza\u00e7\u00e3o das provas do Enem Os estudantes inscritos","og_url":"https:\/\/brasilnoticias.org\/site\/cartao-de-confirmacao-do-enem-esta-disponivel-para-acesso-documento-contem-local-de-prova\/","og_site_name":"Brasil not\u00edcias","article_published_time":"2023-10-24T22:50:19+00:00","og_image":[{"width":740,"height":470,"url":"https:\/\/brasilnoticias.org\/site\/wp-content\/uploads\/2023\/10\/enem-740x470-1.jpg","type":"image\/jpeg"}],"author":"Reda\u00e7\u00e3o","twitter_card":"summary_large_image","twitter_misc":{"Escrito por":"Reda\u00e7\u00e3o"},"schema":{"@context":"https:\/\/schema.org","@graph":[{"@type":"Article","@id":"https:\/\/brasilnoticias.org\/site\/cartao-de-confirmacao-do-enem-esta-disponivel-para-acesso-documento-contem-local-de-prova\/#article","isPartOf":{"@id":"https:\/\/brasilnoticias.org\/site\/cartao-de-confirmacao-do-enem-esta-disponivel-para-acesso-documento-contem-local-de-prova\/"},"author":{"name":"Reda\u00e7\u00e3o","@id":"https:\/\/brasilnoticias.org\/site\/#\/schema\/person\/03bbbfe6c7634ad18c26444ea39049fa"},"headline":"Cart\u00e3o de Confirma\u00e7\u00e3o do Enem est\u00e1 dispon\u00edvel para acesso; documento cont\u00e9m local de prova","datePublished":"2023-10-24T22:50:19+00:00","mainEntityOfPage":{"@id":"https:\/\/brasilnoticias.org\/site\/cartao-de-confirmacao-do-enem-esta-disponivel-para-acesso-documento-contem-local-de-prova\/"},"wordCount":330,"commentCount":0,"publisher":{"@id":"https:\/\/brasilnoticias.org\/site\/#organization"},"image":{"@id":"https:\/\/brasilnoticias.org\/site\/cartao-de-confirmacao-do-enem-esta-disponivel-para-acesso-documento-contem-local-de-prova\/#primaryimage"},"thumbnailUrl":"https:\/\/brasilnoticias.org\/site\/wp-content\/uploads\/2023\/10\/enem-740x470-1.jpg","articleSection":["Not\u00edcias","\u00daltimas"],"inLanguage":"pt-PT","potentialAction":[{"@type":"CommentAction","name":"Comment","target":["https:\/\/brasilnoticias.org\/site\/cartao-de-confirmacao-do-enem-esta-disponivel-para-acesso-documento-contem-local-de-prova\/#respond"]}]},{"@type":"WebPage","@id":"https:\/\/brasilnoticias.org\/site\/cartao-de-confirmacao-do-enem-esta-disponivel-para-acesso-documento-contem-local-de-prova\/","url":"https:\/\/brasilnoticias.org\/site\/cartao-de-confirmacao-do-enem-esta-disponivel-para-acesso-documento-contem-local-de-prova\/","name":"Cart\u00e3o de Confirma\u00e7\u00e3o do Enem est\u00e1 dispon\u00edvel para acesso; documento cont\u00e9m local de prova - Brasil not\u00edcias","isPartOf":{"@id":"https:\/\/brasilnoticias.org\/site\/#website"},"primaryImageOfPage":{"@id":"https:\/\/brasilnoticias.org\/site\/cartao-de-confirmacao-do-enem-esta-disponivel-para-acesso-documento-contem-local-de-prova\/#primaryimage"},"image":{"@id":"https:\/\/brasilnoticias.org\/site\/cartao-de-confirmacao-do-enem-esta-disponivel-para-acesso-documento-contem-local-de-prova\/#primaryimage"},"thumbnailUrl":"https:\/\/brasilnoticias.org\/site\/wp-content\/uploads\/2023\/10\/enem-740x470-1.jpg","datePublished":"2023-10-24T22:50:19+00:00","breadcrumb":{"@id":"https:\/\/brasilnoticias.org\/site\/cartao-de-confirmacao-do-enem-esta-disponivel-para-acesso-documento-contem-local-de-prova\/#breadcrumb"},"inLanguage":"pt-PT","potentialAction":[{"@type":"ReadAction","target":["https:\/\/brasilnoticias.org\/site\/cartao-de-confirmacao-do-enem-esta-disponivel-para-acesso-documento-contem-local-de-prova\/"]}]},{"@type":"ImageObject","inLanguage":"pt-PT","@id":"https:\/\/brasilnoticias.org\/site\/cartao-de-confirmacao-do-enem-esta-disponivel-para-acesso-documento-contem-local-de-prova\/#primaryimage","url":"https:\/\/brasilnoticias.org\/site\/wp-content\/uploads\/2023\/10\/enem-740x470-1.jpg","contentUrl":"https:\/\/brasilnoticias.org\/site\/wp-content\/uploads\/2023\/10\/enem-740x470-1.jpg","width":740,"height":470},{"@type":"BreadcrumbList","@id":"https:\/\/brasilnoticias.org\/site\/cartao-de-confirmacao-do-enem-esta-disponivel-para-acesso-documento-contem-local-de-prova\/#breadcrumb","itemListElement":[{"@type":"ListItem","position":1,"name":"In\u00edcio","item":"https:\/\/brasilnoticias.org\/site\/"},{"@type":"ListItem","position":2,"name":"Cart\u00e3o de Confirma\u00e7\u00e3o do Enem est\u00e1 dispon\u00edvel para acesso; documento cont\u00e9m local de prova"}]},{"@type":"WebSite","@id":"https:\/\/brasilnoticias.org\/site\/#website","url":"https:\/\/brasilnoticias.org\/site\/","name":"Brasil not\u00edcias","description":"Brasil not\u00edcias","publisher":{"@id":"https:\/\/brasilnoticias.org\/site\/#organization"},"potentialAction":[{"@type":"SearchAction","target":{"@type":"EntryPoint","urlTemplate":"https:\/\/brasilnoticias.org\/site\/?s={search_term_string}"},"query-input":{"@type":"PropertyValueSpecification","valueRequired":true,"valueName":"search_term_string"}}],"inLanguage":"pt-PT"},{"@type":"Organization","@id":"https:\/\/brasilnoticias.org\/site\/#organization","name":"Brasil not\u00edcias","url":"https:\/\/brasilnoticias.org\/site\/","logo":{"@type":"ImageObject","inLanguage":"pt-PT","@id":"https:\/\/brasilnoticias.org\/site\/#\/schema\/logo\/image\/","url":"https:\/\/brasilnoticias.org\/site\/wp-content\/uploads\/2022\/05\/cropped-brasilnoticias-mini.jpg","contentUrl":"https:\/\/brasilnoticias.org\/site\/wp-content\/uploads\/2022\/05\/cropped-brasilnoticias-mini.jpg","width":314,"height":86,"caption":"Brasil not\u00edcias"},"image":{"@id":"https:\/\/brasilnoticias.org\/site\/#\/schema\/logo\/image\/"}},{"@type":"Person","@id":"https:\/\/brasilnoticias.org\/site\/#\/schema\/person\/03bbbfe6c7634ad18c26444ea39049fa","name":"Reda\u00e7\u00e3o","image":{"@type":"ImageObject","inLanguage":"pt-PT","@id":"https:\/\/brasilnoticias.org\/site\/#\/schema\/person\/image\/","url":"https:\/\/secure.gravatar.com\/avatar\/9ecaf7327a696cb23ad926fedded5f1f04d7049de9e445375d55b48c001a6e42?s=96&d=mm&r=g","contentUrl":"https:\/\/secure.gravatar.com\/avatar\/9ecaf7327a696cb23ad926fedded5f1f04d7049de9e445375d55b48c001a6e42?s=96&d=mm&r=g","caption":"Reda\u00e7\u00e3o"},"url":"https:\/\/brasilnoticias.org\/site\/author\/henrique\/"}]}},"_links":{"self":[{"href":"https:\/\/brasilnoticias.org\/site\/wp-json\/wp\/v2\/posts\/10432","targetHints":{"allow":["GET"]}}],"collection":[{"href":"https:\/\/brasilnoticias.org\/site\/wp-json\/wp\/v2\/posts"}],"about":[{"href":"https:\/\/brasilnoticias.org\/site\/wp-json\/wp\/v2\/types\/post"}],"author":[{"embeddable":true,"href":"https:\/\/brasilnoticias.org\/site\/wp-json\/wp\/v2\/users\/4"}],"replies":[{"embeddable":true,"href":"https:\/\/brasilnoticias.org\/site\/wp-json\/wp\/v2\/comments?post=10432"}],"version-history":[{"count":1,"href":"https:\/\/brasilnoticias.org\/site\/wp-json\/wp\/v2\/posts\/10432\/revisions"}],"predecessor-version":[{"id":10434,"href":"https:\/\/brasilnoticias.org\/site\/wp-json\/wp\/v2\/posts\/10432\/revisions\/10434"}],"wp:featuredmedia":[{"embeddable":true,"href":"https:\/\/brasilnoticias.org\/site\/wp-json\/wp\/v2\/media\/10433"}],"wp:attachment":[{"href":"https:\/\/brasilnoticias.org\/site\/wp-json\/wp\/v2\/media?parent=10432"}],"wp:term":[{"taxonomy":"category","embeddable":true,"href":"https:\/\/brasilnoticias.org\/site\/wp-json\/wp\/v2\/categories?post=10432"},{"taxonomy":"post_tag","embeddable":true,"href":"https:\/\/brasilnoticias.org\/site\/wp-json\/wp\/v2\/tags?post=10432"}],"curies":[{"name":"wp","href":"https:\/\/api.w.org\/{rel}","templated":true}]}}