{"id":1044,"date":"2022-07-31T19:14:59","date_gmt":"2022-07-31T22:14:59","guid":{"rendered":"https:\/\/brasilnoticias.org\/site\/?p=1044"},"modified":"2022-07-31T19:14:59","modified_gmt":"2022-07-31T22:14:59","slug":"feira-de-santana-pm-apreende-quase-240-quilos-de-maconha-com-homem-em-flagrante","status":"publish","type":"post","link":"https:\/\/brasilnoticias.org\/site\/feira-de-santana-pm-apreende-quase-240-quilos-de-maconha-com-homem-em-flagrante\/","title":{"rendered":"Feira de Santana: PM apreende quase 240 quilos de maconha com homem em flagrante"},"content":{"rendered":"<p>A\u00a0<a href=\"https:\/\/www.bnews.com.br\/tags\/policia-militar\" target=\"_blank\" rel=\"noopener\">Pol\u00edcia Militar<\/a>\u00a0prendeu um homem em flgrante com quase 240 quilos de maconha, no munic\u00edpio de\u00a0<a href=\"https:\/\/www.bnews.com.br\/tags\/feira-de-santana\" target=\"_blank\" rel=\"noopener\">Feira de Santana<\/a>, na regi\u00e3o centro-norte da Bahia.\u00a0De acordo com a corpora\u00e7\u00e3o, o caso ocorreu no \u00faltimo s\u00e1bado (31), no bairro Mangabeira.<\/p>\n<p>Agentes da Companhia Independente de Policiamento T\u00e1tico (Rondesp Leste) realizavam rondas na regi\u00e3o, quando avistaram o suspeito. Na abordagem, foi descoberto que ele portava uma pequena quantidade de drogas e um radiocomunicador.<\/p>\n<p>Na sequ\u00eancia, ao adentrar em um terreno baldio pr\u00f3ximo ao local da primeira inspe\u00e7\u00e3o, os PMs encontraram uma submetralhadora, muni\u00e7\u00f5es, duas balan\u00e7as de precis\u00e3o, produtos qu\u00edmicos, entorpecentes, entre outros itens escondidos no meio do matagal.<\/p>\n<p>A droga encontrada estava dividida em 237 tabletes de aproximadamente um quilo cada, al\u00e9m de outros dois quilos soltos, sem embalagens. O homem e todo o material apreendido foram apresentados na Central de Flagrantes do munic\u00edpio.<\/p>\n<p>&nbsp;<\/p>\n<p>&nbsp;<\/p>\n<p>&nbsp;<\/p>\n<p>&nbsp;<\/p>\n<p>Bnews<\/p>\n","protected":false},"excerpt":{"rendered":"<p>A\u00a0Pol\u00edcia Militar\u00a0prendeu um homem em flgrante com quase 240 quilos de maconha, no munic\u00edpio de\u00a0Feira de Santana, na regi\u00e3o centro-norte<\/p>\n","protected":false},"author":2,"featured_media":1045,"comment_status":"open","ping_status":"open","sticky":false,"template":"","format":"standard","meta":{"colormag_page_container_layout":"default_layout","colormag_page_sidebar_layout":"default_layout","_FSMCFIC_featured_image_caption":"","_FSMCFIC_featured_image_nocaption":"","_FSMCFIC_featured_image_hide":"","footnotes":""},"categories":[3,1],"tags":[],"class_list":["post-1044","post","type-post","status-publish","format-standard","has-post-thumbnail","hentry","category-policia","category-ultimas"],"yoast_head":"<!-- This site is optimized with the Yoast SEO plugin v27.1.1 - https:\/\/yoast.com\/product\/yoast-seo-wordpress\/ -->\n<title>Feira de Santana: PM apreende quase 240 quilos de maconha com homem em flagrante - Brasil not\u00edcias<\/title>\n<meta name=\"robots\" content=\"index, follow, max-snippet:-1, max-image-preview:large, max-video-preview:-1\" \/>\n<link rel=\"canonical\" href=\"https:\/\/brasilnoticias.org\/site\/feira-de-santana-pm-apreende-quase-240-quilos-de-maconha-com-homem-em-flagrante\/\" \/>\n<meta property=\"og:locale\" content=\"pt_PT\" \/>\n<meta property=\"og:type\" content=\"article\" \/>\n<meta property=\"og:title\" content=\"Feira de Santana: PM apreende quase 240 quilos de maconha com homem em flagrante - Brasil not\u00edcias\" \/>\n<meta property=\"og:description\" content=\"A\u00a0Pol\u00edcia Militar\u00a0prendeu um homem em flgrante com quase 240 quilos de maconha, no munic\u00edpio de\u00a0Feira de Santana, na regi\u00e3o centro-norte\" \/>\n<meta property=\"og:url\" content=\"https:\/\/brasilnoticias.org\/site\/feira-de-santana-pm-apreende-quase-240-quilos-de-maconha-com-homem-em-flagrante\/\" \/>\n<meta property=\"og:site_name\" content=\"Brasil not\u00edcias\" \/>\n<meta property=\"article:published_time\" content=\"2022-07-31T22:14:59+00:00\" \/>\n<meta property=\"og:image\" content=\"https:\/\/brasilnoticias.org\/site\/wp-content\/uploads\/2022\/07\/pm-apreensao-drogas-feira-de-santana_widelg.jpg\" \/>\n\t<meta property=\"og:image:width\" content=\"800\" \/>\n\t<meta property=\"og:image:height\" content=\"450\" \/>\n\t<meta property=\"og:image:type\" content=\"image\/jpeg\" \/>\n<meta name=\"author\" content=\"Reda\u00e7\u00e3o\" \/>\n<meta name=\"twitter:card\" content=\"summary_large_image\" \/>\n<meta name=\"twitter:label1\" content=\"Escrito por\" \/>\n\t<meta name=\"twitter:data1\" content=\"Reda\u00e7\u00e3o\" \/>\n\t<meta name=\"twitter:label2\" content=\"Tempo estimado de leitura\" \/>\n\t<meta name=\"twitter:data2\" content=\"1 minuto\" \/>\n<script type=\"application\/ld+json\" class=\"yoast-schema-graph\">{\"@context\":\"https:\/\/schema.org\",\"@graph\":[{\"@type\":\"Article\",\"@id\":\"https:\/\/brasilnoticias.org\/site\/feira-de-santana-pm-apreende-quase-240-quilos-de-maconha-com-homem-em-flagrante\/#article\",\"isPartOf\":{\"@id\":\"https:\/\/brasilnoticias.org\/site\/feira-de-santana-pm-apreende-quase-240-quilos-de-maconha-com-homem-em-flagrante\/\"},\"author\":{\"name\":\"Reda\u00e7\u00e3o\",\"@id\":\"https:\/\/brasilnoticias.org\/site\/#\/schema\/person\/f609fa847b5314f1c8b983342f34c798\"},\"headline\":\"Feira de Santana: PM apreende quase 240 quilos de maconha com homem em flagrante\",\"datePublished\":\"2022-07-31T22:14:59+00:00\",\"mainEntityOfPage\":{\"@id\":\"https:\/\/brasilnoticias.org\/site\/feira-de-santana-pm-apreende-quase-240-quilos-de-maconha-com-homem-em-flagrante\/\"},\"wordCount\":174,\"commentCount\":0,\"publisher\":{\"@id\":\"https:\/\/brasilnoticias.org\/site\/#organization\"},\"image\":{\"@id\":\"https:\/\/brasilnoticias.org\/site\/feira-de-santana-pm-apreende-quase-240-quilos-de-maconha-com-homem-em-flagrante\/#primaryimage\"},\"thumbnailUrl\":\"https:\/\/brasilnoticias.org\/site\/wp-content\/uploads\/2022\/07\/pm-apreensao-drogas-feira-de-santana_widelg.jpg\",\"articleSection\":[\"Pol\u00edcia\",\"\u00daltimas\"],\"inLanguage\":\"pt-PT\",\"potentialAction\":[{\"@type\":\"CommentAction\",\"name\":\"Comment\",\"target\":[\"https:\/\/brasilnoticias.org\/site\/feira-de-santana-pm-apreende-quase-240-quilos-de-maconha-com-homem-em-flagrante\/#respond\"]}]},{\"@type\":\"WebPage\",\"@id\":\"https:\/\/brasilnoticias.org\/site\/feira-de-santana-pm-apreende-quase-240-quilos-de-maconha-com-homem-em-flagrante\/\",\"url\":\"https:\/\/brasilnoticias.org\/site\/feira-de-santana-pm-apreende-quase-240-quilos-de-maconha-com-homem-em-flagrante\/\",\"name\":\"Feira de Santana: PM apreende quase 240 quilos de maconha com homem em flagrante - Brasil not\u00edcias\",\"isPartOf\":{\"@id\":\"https:\/\/brasilnoticias.org\/site\/#website\"},\"primaryImageOfPage\":{\"@id\":\"https:\/\/brasilnoticias.org\/site\/feira-de-santana-pm-apreende-quase-240-quilos-de-maconha-com-homem-em-flagrante\/#primaryimage\"},\"image\":{\"@id\":\"https:\/\/brasilnoticias.org\/site\/feira-de-santana-pm-apreende-quase-240-quilos-de-maconha-com-homem-em-flagrante\/#primaryimage\"},\"thumbnailUrl\":\"https:\/\/brasilnoticias.org\/site\/wp-content\/uploads\/2022\/07\/pm-apreensao-drogas-feira-de-santana_widelg.jpg\",\"datePublished\":\"2022-07-31T22:14:59+00:00\",\"breadcrumb\":{\"@id\":\"https:\/\/brasilnoticias.org\/site\/feira-de-santana-pm-apreende-quase-240-quilos-de-maconha-com-homem-em-flagrante\/#breadcrumb\"},\"inLanguage\":\"pt-PT\",\"potentialAction\":[{\"@type\":\"ReadAction\",\"target\":[\"https:\/\/brasilnoticias.org\/site\/feira-de-santana-pm-apreende-quase-240-quilos-de-maconha-com-homem-em-flagrante\/\"]}]},{\"@type\":\"ImageObject\",\"inLanguage\":\"pt-PT\",\"@id\":\"https:\/\/brasilnoticias.org\/site\/feira-de-santana-pm-apreende-quase-240-quilos-de-maconha-com-homem-em-flagrante\/#primaryimage\",\"url\":\"https:\/\/brasilnoticias.org\/site\/wp-content\/uploads\/2022\/07\/pm-apreensao-drogas-feira-de-santana_widelg.jpg\",\"contentUrl\":\"https:\/\/brasilnoticias.org\/site\/wp-content\/uploads\/2022\/07\/pm-apreensao-drogas-feira-de-santana_widelg.jpg\",\"width\":800,\"height\":450},{\"@type\":\"BreadcrumbList\",\"@id\":\"https:\/\/brasilnoticias.org\/site\/feira-de-santana-pm-apreende-quase-240-quilos-de-maconha-com-homem-em-flagrante\/#breadcrumb\",\"itemListElement\":[{\"@type\":\"ListItem\",\"position\":1,\"name\":\"In\u00edcio\",\"item\":\"https:\/\/brasilnoticias.org\/site\/\"},{\"@type\":\"ListItem\",\"position\":2,\"name\":\"Feira de Santana: PM apreende quase 240 quilos de maconha com homem em flagrante\"}]},{\"@type\":\"WebSite\",\"@id\":\"https:\/\/brasilnoticias.org\/site\/#website\",\"url\":\"https:\/\/brasilnoticias.org\/site\/\",\"name\":\"Brasil not\u00edcias\",\"description\":\"Brasil not\u00edcias\",\"publisher\":{\"@id\":\"https:\/\/brasilnoticias.org\/site\/#organization\"},\"potentialAction\":[{\"@type\":\"SearchAction\",\"target\":{\"@type\":\"EntryPoint\",\"urlTemplate\":\"https:\/\/brasilnoticias.org\/site\/?s={search_term_string}\"},\"query-input\":{\"@type\":\"PropertyValueSpecification\",\"valueRequired\":true,\"valueName\":\"search_term_string\"}}],\"inLanguage\":\"pt-PT\"},{\"@type\":\"Organization\",\"@id\":\"https:\/\/brasilnoticias.org\/site\/#organization\",\"name\":\"Brasil not\u00edcias\",\"url\":\"https:\/\/brasilnoticias.org\/site\/\",\"logo\":{\"@type\":\"ImageObject\",\"inLanguage\":\"pt-PT\",\"@id\":\"https:\/\/brasilnoticias.org\/site\/#\/schema\/logo\/image\/\",\"url\":\"https:\/\/brasilnoticias.org\/site\/wp-content\/uploads\/2022\/05\/cropped-brasilnoticias-mini.jpg\",\"contentUrl\":\"https:\/\/brasilnoticias.org\/site\/wp-content\/uploads\/2022\/05\/cropped-brasilnoticias-mini.jpg\",\"width\":314,\"height\":86,\"caption\":\"Brasil not\u00edcias\"},\"image\":{\"@id\":\"https:\/\/brasilnoticias.org\/site\/#\/schema\/logo\/image\/\"}},{\"@type\":\"Person\",\"@id\":\"https:\/\/brasilnoticias.org\/site\/#\/schema\/person\/f609fa847b5314f1c8b983342f34c798\",\"name\":\"Reda\u00e7\u00e3o\",\"image\":{\"@type\":\"ImageObject\",\"inLanguage\":\"pt-PT\",\"@id\":\"https:\/\/brasilnoticias.org\/site\/#\/schema\/person\/image\/\",\"url\":\"https:\/\/secure.gravatar.com\/avatar\/447284c06c1ad8b46465a36de9cd0d8326b73387a22799b8b1ffb1fbcff2ed0c?s=96&d=mm&r=g\",\"contentUrl\":\"https:\/\/secure.gravatar.com\/avatar\/447284c06c1ad8b46465a36de9cd0d8326b73387a22799b8b1ffb1fbcff2ed0c?s=96&d=mm&r=g\",\"caption\":\"Reda\u00e7\u00e3o\"},\"url\":\"https:\/\/brasilnoticias.org\/site\/author\/redacao\/\"}]}<\/script>\n<!-- \/ Yoast SEO plugin. -->","yoast_head_json":{"title":"Feira de Santana: PM apreende quase 240 quilos de maconha com homem em flagrante - Brasil not\u00edcias","robots":{"index":"index","follow":"follow","max-snippet":"max-snippet:-1","max-image-preview":"max-image-preview:large","max-video-preview":"max-video-preview:-1"},"canonical":"https:\/\/brasilnoticias.org\/site\/feira-de-santana-pm-apreende-quase-240-quilos-de-maconha-com-homem-em-flagrante\/","og_locale":"pt_PT","og_type":"article","og_title":"Feira de Santana: PM apreende quase 240 quilos de maconha com homem em flagrante - Brasil not\u00edcias","og_description":"A\u00a0Pol\u00edcia Militar\u00a0prendeu um homem em flgrante com quase 240 quilos de maconha, no munic\u00edpio de\u00a0Feira de Santana, na regi\u00e3o centro-norte","og_url":"https:\/\/brasilnoticias.org\/site\/feira-de-santana-pm-apreende-quase-240-quilos-de-maconha-com-homem-em-flagrante\/","og_site_name":"Brasil not\u00edcias","article_published_time":"2022-07-31T22:14:59+00:00","og_image":[{"width":800,"height":450,"url":"https:\/\/brasilnoticias.org\/site\/wp-content\/uploads\/2022\/07\/pm-apreensao-drogas-feira-de-santana_widelg.jpg","type":"image\/jpeg"}],"author":"Reda\u00e7\u00e3o","twitter_card":"summary_large_image","twitter_misc":{"Escrito por":"Reda\u00e7\u00e3o","Tempo estimado de leitura":"1 minuto"},"schema":{"@context":"https:\/\/schema.org","@graph":[{"@type":"Article","@id":"https:\/\/brasilnoticias.org\/site\/feira-de-santana-pm-apreende-quase-240-quilos-de-maconha-com-homem-em-flagrante\/#article","isPartOf":{"@id":"https:\/\/brasilnoticias.org\/site\/feira-de-santana-pm-apreende-quase-240-quilos-de-maconha-com-homem-em-flagrante\/"},"author":{"name":"Reda\u00e7\u00e3o","@id":"https:\/\/brasilnoticias.org\/site\/#\/schema\/person\/f609fa847b5314f1c8b983342f34c798"},"headline":"Feira de Santana: PM apreende quase 240 quilos de maconha com homem em flagrante","datePublished":"2022-07-31T22:14:59+00:00","mainEntityOfPage":{"@id":"https:\/\/brasilnoticias.org\/site\/feira-de-santana-pm-apreende-quase-240-quilos-de-maconha-com-homem-em-flagrante\/"},"wordCount":174,"commentCount":0,"publisher":{"@id":"https:\/\/brasilnoticias.org\/site\/#organization"},"image":{"@id":"https:\/\/brasilnoticias.org\/site\/feira-de-santana-pm-apreende-quase-240-quilos-de-maconha-com-homem-em-flagrante\/#primaryimage"},"thumbnailUrl":"https:\/\/brasilnoticias.org\/site\/wp-content\/uploads\/2022\/07\/pm-apreensao-drogas-feira-de-santana_widelg.jpg","articleSection":["Pol\u00edcia","\u00daltimas"],"inLanguage":"pt-PT","potentialAction":[{"@type":"CommentAction","name":"Comment","target":["https:\/\/brasilnoticias.org\/site\/feira-de-santana-pm-apreende-quase-240-quilos-de-maconha-com-homem-em-flagrante\/#respond"]}]},{"@type":"WebPage","@id":"https:\/\/brasilnoticias.org\/site\/feira-de-santana-pm-apreende-quase-240-quilos-de-maconha-com-homem-em-flagrante\/","url":"https:\/\/brasilnoticias.org\/site\/feira-de-santana-pm-apreende-quase-240-quilos-de-maconha-com-homem-em-flagrante\/","name":"Feira de Santana: PM apreende quase 240 quilos de maconha com homem em flagrante - Brasil not\u00edcias","isPartOf":{"@id":"https:\/\/brasilnoticias.org\/site\/#website"},"primaryImageOfPage":{"@id":"https:\/\/brasilnoticias.org\/site\/feira-de-santana-pm-apreende-quase-240-quilos-de-maconha-com-homem-em-flagrante\/#primaryimage"},"image":{"@id":"https:\/\/brasilnoticias.org\/site\/feira-de-santana-pm-apreende-quase-240-quilos-de-maconha-com-homem-em-flagrante\/#primaryimage"},"thumbnailUrl":"https:\/\/brasilnoticias.org\/site\/wp-content\/uploads\/2022\/07\/pm-apreensao-drogas-feira-de-santana_widelg.jpg","datePublished":"2022-07-31T22:14:59+00:00","breadcrumb":{"@id":"https:\/\/brasilnoticias.org\/site\/feira-de-santana-pm-apreende-quase-240-quilos-de-maconha-com-homem-em-flagrante\/#breadcrumb"},"inLanguage":"pt-PT","potentialAction":[{"@type":"ReadAction","target":["https:\/\/brasilnoticias.org\/site\/feira-de-santana-pm-apreende-quase-240-quilos-de-maconha-com-homem-em-flagrante\/"]}]},{"@type":"ImageObject","inLanguage":"pt-PT","@id":"https:\/\/brasilnoticias.org\/site\/feira-de-santana-pm-apreende-quase-240-quilos-de-maconha-com-homem-em-flagrante\/#primaryimage","url":"https:\/\/brasilnoticias.org\/site\/wp-content\/uploads\/2022\/07\/pm-apreensao-drogas-feira-de-santana_widelg.jpg","contentUrl":"https:\/\/brasilnoticias.org\/site\/wp-content\/uploads\/2022\/07\/pm-apreensao-drogas-feira-de-santana_widelg.jpg","width":800,"height":450},{"@type":"BreadcrumbList","@id":"https:\/\/brasilnoticias.org\/site\/feira-de-santana-pm-apreende-quase-240-quilos-de-maconha-com-homem-em-flagrante\/#breadcrumb","itemListElement":[{"@type":"ListItem","position":1,"name":"In\u00edcio","item":"https:\/\/brasilnoticias.org\/site\/"},{"@type":"ListItem","position":2,"name":"Feira de Santana: PM apreende quase 240 quilos de maconha com homem em flagrante"}]},{"@type":"WebSite","@id":"https:\/\/brasilnoticias.org\/site\/#website","url":"https:\/\/brasilnoticias.org\/site\/","name":"Brasil not\u00edcias","description":"Brasil not\u00edcias","publisher":{"@id":"https:\/\/brasilnoticias.org\/site\/#organization"},"potentialAction":[{"@type":"SearchAction","target":{"@type":"EntryPoint","urlTemplate":"https:\/\/brasilnoticias.org\/site\/?s={search_term_string}"},"query-input":{"@type":"PropertyValueSpecification","valueRequired":true,"valueName":"search_term_string"}}],"inLanguage":"pt-PT"},{"@type":"Organization","@id":"https:\/\/brasilnoticias.org\/site\/#organization","name":"Brasil not\u00edcias","url":"https:\/\/brasilnoticias.org\/site\/","logo":{"@type":"ImageObject","inLanguage":"pt-PT","@id":"https:\/\/brasilnoticias.org\/site\/#\/schema\/logo\/image\/","url":"https:\/\/brasilnoticias.org\/site\/wp-content\/uploads\/2022\/05\/cropped-brasilnoticias-mini.jpg","contentUrl":"https:\/\/brasilnoticias.org\/site\/wp-content\/uploads\/2022\/05\/cropped-brasilnoticias-mini.jpg","width":314,"height":86,"caption":"Brasil not\u00edcias"},"image":{"@id":"https:\/\/brasilnoticias.org\/site\/#\/schema\/logo\/image\/"}},{"@type":"Person","@id":"https:\/\/brasilnoticias.org\/site\/#\/schema\/person\/f609fa847b5314f1c8b983342f34c798","name":"Reda\u00e7\u00e3o","image":{"@type":"ImageObject","inLanguage":"pt-PT","@id":"https:\/\/brasilnoticias.org\/site\/#\/schema\/person\/image\/","url":"https:\/\/secure.gravatar.com\/avatar\/447284c06c1ad8b46465a36de9cd0d8326b73387a22799b8b1ffb1fbcff2ed0c?s=96&d=mm&r=g","contentUrl":"https:\/\/secure.gravatar.com\/avatar\/447284c06c1ad8b46465a36de9cd0d8326b73387a22799b8b1ffb1fbcff2ed0c?s=96&d=mm&r=g","caption":"Reda\u00e7\u00e3o"},"url":"https:\/\/brasilnoticias.org\/site\/author\/redacao\/"}]}},"_links":{"self":[{"href":"https:\/\/brasilnoticias.org\/site\/wp-json\/wp\/v2\/posts\/1044","targetHints":{"allow":["GET"]}}],"collection":[{"href":"https:\/\/brasilnoticias.org\/site\/wp-json\/wp\/v2\/posts"}],"about":[{"href":"https:\/\/brasilnoticias.org\/site\/wp-json\/wp\/v2\/types\/post"}],"author":[{"embeddable":true,"href":"https:\/\/brasilnoticias.org\/site\/wp-json\/wp\/v2\/users\/2"}],"replies":[{"embeddable":true,"href":"https:\/\/brasilnoticias.org\/site\/wp-json\/wp\/v2\/comments?post=1044"}],"version-history":[{"count":1,"href":"https:\/\/brasilnoticias.org\/site\/wp-json\/wp\/v2\/posts\/1044\/revisions"}],"predecessor-version":[{"id":1046,"href":"https:\/\/brasilnoticias.org\/site\/wp-json\/wp\/v2\/posts\/1044\/revisions\/1046"}],"wp:featuredmedia":[{"embeddable":true,"href":"https:\/\/brasilnoticias.org\/site\/wp-json\/wp\/v2\/media\/1045"}],"wp:attachment":[{"href":"https:\/\/brasilnoticias.org\/site\/wp-json\/wp\/v2\/media?parent=1044"}],"wp:term":[{"taxonomy":"category","embeddable":true,"href":"https:\/\/brasilnoticias.org\/site\/wp-json\/wp\/v2\/categories?post=1044"},{"taxonomy":"post_tag","embeddable":true,"href":"https:\/\/brasilnoticias.org\/site\/wp-json\/wp\/v2\/tags?post=1044"}],"curies":[{"name":"wp","href":"https:\/\/api.w.org\/{rel}","templated":true}]}}