{"id":10461,"date":"2023-10-25T05:12:34","date_gmt":"2023-10-25T08:12:34","guid":{"rendered":"https:\/\/brasilnoticias.org\/site\/?p=10461"},"modified":"2023-10-24T20:13:49","modified_gmt":"2023-10-24T23:13:49","slug":"rio-de-janeiro-comerciantes-evitam-abrir-estabelecimentos-um-dia-apos-ataques-da-milicia","status":"publish","type":"post","link":"https:\/\/brasilnoticias.org\/site\/rio-de-janeiro-comerciantes-evitam-abrir-estabelecimentos-um-dia-apos-ataques-da-milicia\/","title":{"rendered":"Rio de Janeiro: Comerciantes evitam abrir estabelecimentos um dia ap\u00f3s ataques da mil\u00edcia"},"content":{"rendered":"<p>Os ataques foram iniciados nesta segunda-feira (23), ap\u00f3s a morte de um miliciano da Zona Oeste do Rio de Janeiro<\/p>\n<p>Comerciantes da Zona Oeste do Rio de Janeiro decidiram n\u00e3o abrir seus estabelecimentos, nesta ter\u00e7a-feira (24), devido ao receio de novos ataques de milicianos na regi\u00e3o. Foram fechadas lojas em diversos bairros, como Campo Grande, Bangu e Santa Cruz.<\/p>\n<p>Os ataques come\u00e7aram ap\u00f3s a morte do do atual chefe da mil\u00edcia da regi\u00e3o, o tamb\u00e9m miliciano Matheus da Silva Rezende, mais conhecido como Faust\u00e3o. Ele foi morto durante uma troca de tiros com a Pol\u00edcia Civil, que ocorreu na comunidade de Tr\u00eas Pontes, nesta segunda-feira (23).<\/p>\n<p>De acordo com as autoridades de seguran\u00e7a, o falecimento do miliciano \u00e9 apontado como um dos motivos que culminaram nos ataques na Zona Oeste do Rio. No dia da morte de Matheus da Silva, 35 \u00f4nibus e um trem foram incendiados pelo grupo criminoso na regi\u00e3o.<\/p>\n<p>Diante da gravidade da situa\u00e7\u00e3o, a circula\u00e7\u00e3o de \u00f4nibus foi suspensa na localidade. Passageiros esperam horas para poder ir trabalhar e at\u00e9 se penduraram na carroceria de um caminh\u00e3o cegonha. Al\u00e9m disso, mais de 30 escolas foram fechadas na capital fluminense.<\/p>\n<p>Foto: PMERJ \/ Divulga\u00e7\u00e3o<br \/>\nPor: Metro1<\/p>\n","protected":false},"excerpt":{"rendered":"<p>Os ataques foram iniciados nesta segunda-feira (23), ap\u00f3s a morte de um miliciano da Zona Oeste do Rio de Janeiro<\/p>\n","protected":false},"author":4,"featured_media":10462,"comment_status":"open","ping_status":"open","sticky":false,"template":"","format":"standard","meta":{"colormag_page_container_layout":"default_layout","colormag_page_sidebar_layout":"default_layout","_FSMCFIC_featured_image_caption":"","_FSMCFIC_featured_image_nocaption":"","_FSMCFIC_featured_image_hide":"","footnotes":""},"categories":[2,1],"tags":[],"class_list":["post-10461","post","type-post","status-publish","format-standard","has-post-thumbnail","hentry","category-noticias","category-ultimas"],"yoast_head":"<!-- This site is optimized with the Yoast SEO plugin v27.1.1 - https:\/\/yoast.com\/product\/yoast-seo-wordpress\/ -->\n<title>Rio de Janeiro: Comerciantes evitam abrir estabelecimentos um dia ap\u00f3s ataques da mil\u00edcia - Brasil not\u00edcias<\/title>\n<meta name=\"robots\" content=\"index, follow, max-snippet:-1, max-image-preview:large, max-video-preview:-1\" \/>\n<link rel=\"canonical\" href=\"https:\/\/brasilnoticias.org\/site\/rio-de-janeiro-comerciantes-evitam-abrir-estabelecimentos-um-dia-apos-ataques-da-milicia\/\" \/>\n<meta property=\"og:locale\" content=\"pt_PT\" \/>\n<meta property=\"og:type\" content=\"article\" \/>\n<meta property=\"og:title\" content=\"Rio de Janeiro: Comerciantes evitam abrir estabelecimentos um dia ap\u00f3s ataques da mil\u00edcia - Brasil not\u00edcias\" \/>\n<meta property=\"og:description\" content=\"Os ataques foram iniciados nesta segunda-feira (23), ap\u00f3s a morte de um miliciano da Zona Oeste do Rio de Janeiro\" \/>\n<meta property=\"og:url\" content=\"https:\/\/brasilnoticias.org\/site\/rio-de-janeiro-comerciantes-evitam-abrir-estabelecimentos-um-dia-apos-ataques-da-milicia\/\" \/>\n<meta property=\"og:site_name\" content=\"Brasil not\u00edcias\" \/>\n<meta property=\"article:published_time\" content=\"2023-10-25T08:12:34+00:00\" \/>\n<meta property=\"og:image\" content=\"https:\/\/brasilnoticias.org\/site\/wp-content\/uploads\/2023\/10\/142405rio-de-janeiro-comerciantes-evitam-abrir-estabelecimentos-um-dia-apos-ataques-da-milicia-3.jpg\" \/>\n\t<meta property=\"og:image:width\" content=\"1600\" \/>\n\t<meta property=\"og:image:height\" content=\"752\" \/>\n\t<meta property=\"og:image:type\" content=\"image\/jpeg\" \/>\n<meta name=\"author\" content=\"Reda\u00e7\u00e3o\" \/>\n<meta name=\"twitter:card\" content=\"summary_large_image\" \/>\n<meta name=\"twitter:label1\" content=\"Escrito por\" \/>\n\t<meta name=\"twitter:data1\" content=\"Reda\u00e7\u00e3o\" \/>\n<script type=\"application\/ld+json\" class=\"yoast-schema-graph\">{\"@context\":\"https:\/\/schema.org\",\"@graph\":[{\"@type\":\"Article\",\"@id\":\"https:\/\/brasilnoticias.org\/site\/rio-de-janeiro-comerciantes-evitam-abrir-estabelecimentos-um-dia-apos-ataques-da-milicia\/#article\",\"isPartOf\":{\"@id\":\"https:\/\/brasilnoticias.org\/site\/rio-de-janeiro-comerciantes-evitam-abrir-estabelecimentos-um-dia-apos-ataques-da-milicia\/\"},\"author\":{\"name\":\"Reda\u00e7\u00e3o\",\"@id\":\"https:\/\/brasilnoticias.org\/site\/#\/schema\/person\/03bbbfe6c7634ad18c26444ea39049fa\"},\"headline\":\"Rio de Janeiro: Comerciantes evitam abrir estabelecimentos um dia ap\u00f3s ataques da mil\u00edcia\",\"datePublished\":\"2023-10-25T08:12:34+00:00\",\"mainEntityOfPage\":{\"@id\":\"https:\/\/brasilnoticias.org\/site\/rio-de-janeiro-comerciantes-evitam-abrir-estabelecimentos-um-dia-apos-ataques-da-milicia\/\"},\"wordCount\":226,\"commentCount\":0,\"publisher\":{\"@id\":\"https:\/\/brasilnoticias.org\/site\/#organization\"},\"image\":{\"@id\":\"https:\/\/brasilnoticias.org\/site\/rio-de-janeiro-comerciantes-evitam-abrir-estabelecimentos-um-dia-apos-ataques-da-milicia\/#primaryimage\"},\"thumbnailUrl\":\"https:\/\/brasilnoticias.org\/site\/wp-content\/uploads\/2023\/10\/142405rio-de-janeiro-comerciantes-evitam-abrir-estabelecimentos-um-dia-apos-ataques-da-milicia-3.jpg\",\"articleSection\":[\"Not\u00edcias\",\"\u00daltimas\"],\"inLanguage\":\"pt-PT\",\"potentialAction\":[{\"@type\":\"CommentAction\",\"name\":\"Comment\",\"target\":[\"https:\/\/brasilnoticias.org\/site\/rio-de-janeiro-comerciantes-evitam-abrir-estabelecimentos-um-dia-apos-ataques-da-milicia\/#respond\"]}]},{\"@type\":\"WebPage\",\"@id\":\"https:\/\/brasilnoticias.org\/site\/rio-de-janeiro-comerciantes-evitam-abrir-estabelecimentos-um-dia-apos-ataques-da-milicia\/\",\"url\":\"https:\/\/brasilnoticias.org\/site\/rio-de-janeiro-comerciantes-evitam-abrir-estabelecimentos-um-dia-apos-ataques-da-milicia\/\",\"name\":\"Rio de Janeiro: Comerciantes evitam abrir estabelecimentos um dia ap\u00f3s ataques da mil\u00edcia - Brasil not\u00edcias\",\"isPartOf\":{\"@id\":\"https:\/\/brasilnoticias.org\/site\/#website\"},\"primaryImageOfPage\":{\"@id\":\"https:\/\/brasilnoticias.org\/site\/rio-de-janeiro-comerciantes-evitam-abrir-estabelecimentos-um-dia-apos-ataques-da-milicia\/#primaryimage\"},\"image\":{\"@id\":\"https:\/\/brasilnoticias.org\/site\/rio-de-janeiro-comerciantes-evitam-abrir-estabelecimentos-um-dia-apos-ataques-da-milicia\/#primaryimage\"},\"thumbnailUrl\":\"https:\/\/brasilnoticias.org\/site\/wp-content\/uploads\/2023\/10\/142405rio-de-janeiro-comerciantes-evitam-abrir-estabelecimentos-um-dia-apos-ataques-da-milicia-3.jpg\",\"datePublished\":\"2023-10-25T08:12:34+00:00\",\"breadcrumb\":{\"@id\":\"https:\/\/brasilnoticias.org\/site\/rio-de-janeiro-comerciantes-evitam-abrir-estabelecimentos-um-dia-apos-ataques-da-milicia\/#breadcrumb\"},\"inLanguage\":\"pt-PT\",\"potentialAction\":[{\"@type\":\"ReadAction\",\"target\":[\"https:\/\/brasilnoticias.org\/site\/rio-de-janeiro-comerciantes-evitam-abrir-estabelecimentos-um-dia-apos-ataques-da-milicia\/\"]}]},{\"@type\":\"ImageObject\",\"inLanguage\":\"pt-PT\",\"@id\":\"https:\/\/brasilnoticias.org\/site\/rio-de-janeiro-comerciantes-evitam-abrir-estabelecimentos-um-dia-apos-ataques-da-milicia\/#primaryimage\",\"url\":\"https:\/\/brasilnoticias.org\/site\/wp-content\/uploads\/2023\/10\/142405rio-de-janeiro-comerciantes-evitam-abrir-estabelecimentos-um-dia-apos-ataques-da-milicia-3.jpg\",\"contentUrl\":\"https:\/\/brasilnoticias.org\/site\/wp-content\/uploads\/2023\/10\/142405rio-de-janeiro-comerciantes-evitam-abrir-estabelecimentos-um-dia-apos-ataques-da-milicia-3.jpg\",\"width\":1600,\"height\":752},{\"@type\":\"BreadcrumbList\",\"@id\":\"https:\/\/brasilnoticias.org\/site\/rio-de-janeiro-comerciantes-evitam-abrir-estabelecimentos-um-dia-apos-ataques-da-milicia\/#breadcrumb\",\"itemListElement\":[{\"@type\":\"ListItem\",\"position\":1,\"name\":\"In\u00edcio\",\"item\":\"https:\/\/brasilnoticias.org\/site\/\"},{\"@type\":\"ListItem\",\"position\":2,\"name\":\"Rio de Janeiro: Comerciantes evitam abrir estabelecimentos um dia ap\u00f3s ataques da mil\u00edcia\"}]},{\"@type\":\"WebSite\",\"@id\":\"https:\/\/brasilnoticias.org\/site\/#website\",\"url\":\"https:\/\/brasilnoticias.org\/site\/\",\"name\":\"Brasil not\u00edcias\",\"description\":\"Brasil not\u00edcias\",\"publisher\":{\"@id\":\"https:\/\/brasilnoticias.org\/site\/#organization\"},\"potentialAction\":[{\"@type\":\"SearchAction\",\"target\":{\"@type\":\"EntryPoint\",\"urlTemplate\":\"https:\/\/brasilnoticias.org\/site\/?s={search_term_string}\"},\"query-input\":{\"@type\":\"PropertyValueSpecification\",\"valueRequired\":true,\"valueName\":\"search_term_string\"}}],\"inLanguage\":\"pt-PT\"},{\"@type\":\"Organization\",\"@id\":\"https:\/\/brasilnoticias.org\/site\/#organization\",\"name\":\"Brasil not\u00edcias\",\"url\":\"https:\/\/brasilnoticias.org\/site\/\",\"logo\":{\"@type\":\"ImageObject\",\"inLanguage\":\"pt-PT\",\"@id\":\"https:\/\/brasilnoticias.org\/site\/#\/schema\/logo\/image\/\",\"url\":\"https:\/\/brasilnoticias.org\/site\/wp-content\/uploads\/2022\/05\/cropped-brasilnoticias-mini.jpg\",\"contentUrl\":\"https:\/\/brasilnoticias.org\/site\/wp-content\/uploads\/2022\/05\/cropped-brasilnoticias-mini.jpg\",\"width\":314,\"height\":86,\"caption\":\"Brasil not\u00edcias\"},\"image\":{\"@id\":\"https:\/\/brasilnoticias.org\/site\/#\/schema\/logo\/image\/\"}},{\"@type\":\"Person\",\"@id\":\"https:\/\/brasilnoticias.org\/site\/#\/schema\/person\/03bbbfe6c7634ad18c26444ea39049fa\",\"name\":\"Reda\u00e7\u00e3o\",\"image\":{\"@type\":\"ImageObject\",\"inLanguage\":\"pt-PT\",\"@id\":\"https:\/\/brasilnoticias.org\/site\/#\/schema\/person\/image\/\",\"url\":\"https:\/\/secure.gravatar.com\/avatar\/9ecaf7327a696cb23ad926fedded5f1f04d7049de9e445375d55b48c001a6e42?s=96&d=mm&r=g\",\"contentUrl\":\"https:\/\/secure.gravatar.com\/avatar\/9ecaf7327a696cb23ad926fedded5f1f04d7049de9e445375d55b48c001a6e42?s=96&d=mm&r=g\",\"caption\":\"Reda\u00e7\u00e3o\"},\"url\":\"https:\/\/brasilnoticias.org\/site\/author\/henrique\/\"}]}<\/script>\n<!-- \/ Yoast SEO plugin. -->","yoast_head_json":{"title":"Rio de Janeiro: Comerciantes evitam abrir estabelecimentos um dia ap\u00f3s ataques da mil\u00edcia - Brasil not\u00edcias","robots":{"index":"index","follow":"follow","max-snippet":"max-snippet:-1","max-image-preview":"max-image-preview:large","max-video-preview":"max-video-preview:-1"},"canonical":"https:\/\/brasilnoticias.org\/site\/rio-de-janeiro-comerciantes-evitam-abrir-estabelecimentos-um-dia-apos-ataques-da-milicia\/","og_locale":"pt_PT","og_type":"article","og_title":"Rio de Janeiro: Comerciantes evitam abrir estabelecimentos um dia ap\u00f3s ataques da mil\u00edcia - Brasil not\u00edcias","og_description":"Os ataques foram iniciados nesta segunda-feira (23), ap\u00f3s a morte de um miliciano da Zona Oeste do Rio de Janeiro","og_url":"https:\/\/brasilnoticias.org\/site\/rio-de-janeiro-comerciantes-evitam-abrir-estabelecimentos-um-dia-apos-ataques-da-milicia\/","og_site_name":"Brasil not\u00edcias","article_published_time":"2023-10-25T08:12:34+00:00","og_image":[{"width":1600,"height":752,"url":"https:\/\/brasilnoticias.org\/site\/wp-content\/uploads\/2023\/10\/142405rio-de-janeiro-comerciantes-evitam-abrir-estabelecimentos-um-dia-apos-ataques-da-milicia-3.jpg","type":"image\/jpeg"}],"author":"Reda\u00e7\u00e3o","twitter_card":"summary_large_image","twitter_misc":{"Escrito por":"Reda\u00e7\u00e3o"},"schema":{"@context":"https:\/\/schema.org","@graph":[{"@type":"Article","@id":"https:\/\/brasilnoticias.org\/site\/rio-de-janeiro-comerciantes-evitam-abrir-estabelecimentos-um-dia-apos-ataques-da-milicia\/#article","isPartOf":{"@id":"https:\/\/brasilnoticias.org\/site\/rio-de-janeiro-comerciantes-evitam-abrir-estabelecimentos-um-dia-apos-ataques-da-milicia\/"},"author":{"name":"Reda\u00e7\u00e3o","@id":"https:\/\/brasilnoticias.org\/site\/#\/schema\/person\/03bbbfe6c7634ad18c26444ea39049fa"},"headline":"Rio de Janeiro: Comerciantes evitam abrir estabelecimentos um dia ap\u00f3s ataques da mil\u00edcia","datePublished":"2023-10-25T08:12:34+00:00","mainEntityOfPage":{"@id":"https:\/\/brasilnoticias.org\/site\/rio-de-janeiro-comerciantes-evitam-abrir-estabelecimentos-um-dia-apos-ataques-da-milicia\/"},"wordCount":226,"commentCount":0,"publisher":{"@id":"https:\/\/brasilnoticias.org\/site\/#organization"},"image":{"@id":"https:\/\/brasilnoticias.org\/site\/rio-de-janeiro-comerciantes-evitam-abrir-estabelecimentos-um-dia-apos-ataques-da-milicia\/#primaryimage"},"thumbnailUrl":"https:\/\/brasilnoticias.org\/site\/wp-content\/uploads\/2023\/10\/142405rio-de-janeiro-comerciantes-evitam-abrir-estabelecimentos-um-dia-apos-ataques-da-milicia-3.jpg","articleSection":["Not\u00edcias","\u00daltimas"],"inLanguage":"pt-PT","potentialAction":[{"@type":"CommentAction","name":"Comment","target":["https:\/\/brasilnoticias.org\/site\/rio-de-janeiro-comerciantes-evitam-abrir-estabelecimentos-um-dia-apos-ataques-da-milicia\/#respond"]}]},{"@type":"WebPage","@id":"https:\/\/brasilnoticias.org\/site\/rio-de-janeiro-comerciantes-evitam-abrir-estabelecimentos-um-dia-apos-ataques-da-milicia\/","url":"https:\/\/brasilnoticias.org\/site\/rio-de-janeiro-comerciantes-evitam-abrir-estabelecimentos-um-dia-apos-ataques-da-milicia\/","name":"Rio de Janeiro: Comerciantes evitam abrir estabelecimentos um dia ap\u00f3s ataques da mil\u00edcia - Brasil not\u00edcias","isPartOf":{"@id":"https:\/\/brasilnoticias.org\/site\/#website"},"primaryImageOfPage":{"@id":"https:\/\/brasilnoticias.org\/site\/rio-de-janeiro-comerciantes-evitam-abrir-estabelecimentos-um-dia-apos-ataques-da-milicia\/#primaryimage"},"image":{"@id":"https:\/\/brasilnoticias.org\/site\/rio-de-janeiro-comerciantes-evitam-abrir-estabelecimentos-um-dia-apos-ataques-da-milicia\/#primaryimage"},"thumbnailUrl":"https:\/\/brasilnoticias.org\/site\/wp-content\/uploads\/2023\/10\/142405rio-de-janeiro-comerciantes-evitam-abrir-estabelecimentos-um-dia-apos-ataques-da-milicia-3.jpg","datePublished":"2023-10-25T08:12:34+00:00","breadcrumb":{"@id":"https:\/\/brasilnoticias.org\/site\/rio-de-janeiro-comerciantes-evitam-abrir-estabelecimentos-um-dia-apos-ataques-da-milicia\/#breadcrumb"},"inLanguage":"pt-PT","potentialAction":[{"@type":"ReadAction","target":["https:\/\/brasilnoticias.org\/site\/rio-de-janeiro-comerciantes-evitam-abrir-estabelecimentos-um-dia-apos-ataques-da-milicia\/"]}]},{"@type":"ImageObject","inLanguage":"pt-PT","@id":"https:\/\/brasilnoticias.org\/site\/rio-de-janeiro-comerciantes-evitam-abrir-estabelecimentos-um-dia-apos-ataques-da-milicia\/#primaryimage","url":"https:\/\/brasilnoticias.org\/site\/wp-content\/uploads\/2023\/10\/142405rio-de-janeiro-comerciantes-evitam-abrir-estabelecimentos-um-dia-apos-ataques-da-milicia-3.jpg","contentUrl":"https:\/\/brasilnoticias.org\/site\/wp-content\/uploads\/2023\/10\/142405rio-de-janeiro-comerciantes-evitam-abrir-estabelecimentos-um-dia-apos-ataques-da-milicia-3.jpg","width":1600,"height":752},{"@type":"BreadcrumbList","@id":"https:\/\/brasilnoticias.org\/site\/rio-de-janeiro-comerciantes-evitam-abrir-estabelecimentos-um-dia-apos-ataques-da-milicia\/#breadcrumb","itemListElement":[{"@type":"ListItem","position":1,"name":"In\u00edcio","item":"https:\/\/brasilnoticias.org\/site\/"},{"@type":"ListItem","position":2,"name":"Rio de Janeiro: Comerciantes evitam abrir estabelecimentos um dia ap\u00f3s ataques da mil\u00edcia"}]},{"@type":"WebSite","@id":"https:\/\/brasilnoticias.org\/site\/#website","url":"https:\/\/brasilnoticias.org\/site\/","name":"Brasil not\u00edcias","description":"Brasil not\u00edcias","publisher":{"@id":"https:\/\/brasilnoticias.org\/site\/#organization"},"potentialAction":[{"@type":"SearchAction","target":{"@type":"EntryPoint","urlTemplate":"https:\/\/brasilnoticias.org\/site\/?s={search_term_string}"},"query-input":{"@type":"PropertyValueSpecification","valueRequired":true,"valueName":"search_term_string"}}],"inLanguage":"pt-PT"},{"@type":"Organization","@id":"https:\/\/brasilnoticias.org\/site\/#organization","name":"Brasil not\u00edcias","url":"https:\/\/brasilnoticias.org\/site\/","logo":{"@type":"ImageObject","inLanguage":"pt-PT","@id":"https:\/\/brasilnoticias.org\/site\/#\/schema\/logo\/image\/","url":"https:\/\/brasilnoticias.org\/site\/wp-content\/uploads\/2022\/05\/cropped-brasilnoticias-mini.jpg","contentUrl":"https:\/\/brasilnoticias.org\/site\/wp-content\/uploads\/2022\/05\/cropped-brasilnoticias-mini.jpg","width":314,"height":86,"caption":"Brasil not\u00edcias"},"image":{"@id":"https:\/\/brasilnoticias.org\/site\/#\/schema\/logo\/image\/"}},{"@type":"Person","@id":"https:\/\/brasilnoticias.org\/site\/#\/schema\/person\/03bbbfe6c7634ad18c26444ea39049fa","name":"Reda\u00e7\u00e3o","image":{"@type":"ImageObject","inLanguage":"pt-PT","@id":"https:\/\/brasilnoticias.org\/site\/#\/schema\/person\/image\/","url":"https:\/\/secure.gravatar.com\/avatar\/9ecaf7327a696cb23ad926fedded5f1f04d7049de9e445375d55b48c001a6e42?s=96&d=mm&r=g","contentUrl":"https:\/\/secure.gravatar.com\/avatar\/9ecaf7327a696cb23ad926fedded5f1f04d7049de9e445375d55b48c001a6e42?s=96&d=mm&r=g","caption":"Reda\u00e7\u00e3o"},"url":"https:\/\/brasilnoticias.org\/site\/author\/henrique\/"}]}},"_links":{"self":[{"href":"https:\/\/brasilnoticias.org\/site\/wp-json\/wp\/v2\/posts\/10461","targetHints":{"allow":["GET"]}}],"collection":[{"href":"https:\/\/brasilnoticias.org\/site\/wp-json\/wp\/v2\/posts"}],"about":[{"href":"https:\/\/brasilnoticias.org\/site\/wp-json\/wp\/v2\/types\/post"}],"author":[{"embeddable":true,"href":"https:\/\/brasilnoticias.org\/site\/wp-json\/wp\/v2\/users\/4"}],"replies":[{"embeddable":true,"href":"https:\/\/brasilnoticias.org\/site\/wp-json\/wp\/v2\/comments?post=10461"}],"version-history":[{"count":1,"href":"https:\/\/brasilnoticias.org\/site\/wp-json\/wp\/v2\/posts\/10461\/revisions"}],"predecessor-version":[{"id":10463,"href":"https:\/\/brasilnoticias.org\/site\/wp-json\/wp\/v2\/posts\/10461\/revisions\/10463"}],"wp:featuredmedia":[{"embeddable":true,"href":"https:\/\/brasilnoticias.org\/site\/wp-json\/wp\/v2\/media\/10462"}],"wp:attachment":[{"href":"https:\/\/brasilnoticias.org\/site\/wp-json\/wp\/v2\/media?parent=10461"}],"wp:term":[{"taxonomy":"category","embeddable":true,"href":"https:\/\/brasilnoticias.org\/site\/wp-json\/wp\/v2\/categories?post=10461"},{"taxonomy":"post_tag","embeddable":true,"href":"https:\/\/brasilnoticias.org\/site\/wp-json\/wp\/v2\/tags?post=10461"}],"curies":[{"name":"wp","href":"https:\/\/api.w.org\/{rel}","templated":true}]}}