{"id":1047,"date":"2022-07-31T19:18:33","date_gmt":"2022-07-31T22:18:33","guid":{"rendered":"https:\/\/brasilnoticias.org\/site\/?p=1047"},"modified":"2022-07-31T19:18:33","modified_gmt":"2022-07-31T22:18:33","slug":"advogado-de-jair-bolsonaro-tera-de-indenizar-ex-deputado-por-danos-morais-veja-quem","status":"publish","type":"post","link":"https:\/\/brasilnoticias.org\/site\/advogado-de-jair-bolsonaro-tera-de-indenizar-ex-deputado-por-danos-morais-veja-quem\/","title":{"rendered":"Advogado de Jair Bolsonaro ter\u00e1 de indenizar ex-deputado por danos morais; veja quem"},"content":{"rendered":"<p class=\"autor\"><span class=\"d-inline-block\"><img loading=\"lazy\" decoding=\"async\" class=\"mr-1\" src=\"https:\/\/www.bnews.com.br\/static\/img\/camera_icon.svg\" alt=\"\" width=\"14\" height=\"15\" \/>Reprodu\u00e7\u00e3o\/TVGlobo<\/span>\u00a0\u00a0\u00a0\u00a0<img loading=\"lazy\" decoding=\"async\" class=\"mr-1\" src=\"https:\/\/www.bnews.com.br\/static\/img\/profile_icon.svg\" alt=\"\" width=\"14\" height=\"15\" \/>Reda\u00e7\u00e3o BNews<\/p>\n<div class=\"addthis_block d-flex align-items-center my-2\">\n<p class=\"social-text text-uppercase mb-0 pr-2\">COMPARTILHE:<\/p>\n<div class=\"addthis_inline_share_toolbox\" data-url=\"https:\/\/www.bnews.com.br\/noticias\/politica\/advogado-de-jair-bolsonaro-tera-de-indenizar-ex-deputado-por-danos-morais-veja-quem.html\" data-title=\"Advogado de Jair Bolsonaro ter\u00e1 de indenizar ex-deputado por danos morais; veja quem\" data-description=\"Frederick Wasseff, advogado de Jair Bolsonaro (PL), ter\u00e1 de pagar R$ 20 mil por publicar inverdades sobre ex-deputado\">\n<div id=\"atstbx\" class=\"at-resp-share-element at-style-responsive at-mobile addthis-smartlayers addthis-animated at4-show\" role=\"region\" aria-labelledby=\"at-05e03e82-fc66-4be4-bbb3-3e8d47467e63\"><span id=\"at-05e03e82-fc66-4be4-bbb3-3e8d47467e63\" class=\"at4-visually-hidden\"><\/span><\/p>\n<div class=\"at-share-btn-elements\"><\/div>\n<\/div>\n<\/div>\n<\/div>\n<div class=\"artigo_texto\">\n<p>O advogado\u00a0<a href=\"https:\/\/www.bnews.com.br\/tags\/frederick-wasseff\" target=\"_blank\" rel=\"noopener\">Frederick Wassef<\/a>, que representa a fam\u00edlia do presidente\u00a0<a href=\"https:\/\/www.bnews.com.br\/personalidades\/jair-bolsonaro.html\" target=\"_blank\" rel=\"noopener\">Jair Bolsonaro<\/a>\u00a0(PL) em diversos processos, foi condenado pela Justi\u00e7a do Rio, por danos morais, em uma a\u00e7\u00e3o movida pelo ex-deputado\u00a0<a href=\"https:\/\/www.bnews.com.br\/tags\/jean-wyllys\" target=\"_blank\" rel=\"noopener\">Jean Wyllys<\/a>, atualmente filiado ao PT.<\/p>\n<p>O advogado teria sugerido, em postagens na internet, que o ex-deputado teria algum tipo de liga\u00e7\u00e3o com\u00a0<a href=\"https:\/\/www.bnews.com.br\/tags\/adelio-bispo\" target=\"_blank\" rel=\"noopener\">Ad\u00e9lio Bispo<\/a>, respons\u00e1vel pelo atentado ao presidente Jair Bolsonaro, ainda durante a campanha eleitoral \u00e0 Presid\u00eancia em 2018.<\/p>\n<p>Na decis\u00e3o, ficou definido que Wasseff ter\u00e1 de indenizar Wyllys em R$ 20 mil, acrescidos de juros e corre\u00e7\u00e3o monet\u00e1ria desde a cita\u00e7\u00e3o dele. Conforme o blog do colunista Ancelmo Gois, do jornal O Globo, o caso teve in\u00edcio em 2020.<\/p>\n<p>Ainda na delibera\u00e7\u00e3o, Wassef ainda ter\u00e1 de registrar retrata\u00e7\u00e3o p\u00fablica nos mesmos canais em que publicou a inverdade sobre o ex-parlamentar baiano.<\/p>\n<p>Vale lembrar que Frederick Wasseff se filiou ao PL e vai tentar uma vaga \u00e0 C\u00e2mara dos Deputados, nas elei\u00e7\u00f5es de outubro deste ano, pelo estado de S\u00e3o Paulo.<\/p>\n<p><strong>Bronca<\/strong><\/p>\n<p>Na \u00faltima sexta-feira (29), Frederick Wassef se envolveu em uma confus\u00e3o no Aeroporto de S\u00e3o Paulo, quando voltava de Bras\u00edlia.<\/p>\n<p>Conforme o colunista Lauro Jardim, do jornal O Globo, o advogado do presidente Jair Bolsonaro (PL) esbravejou ap\u00f3s o avi\u00e3o em que estava n\u00e3o ter parado na ponte de desembarque.<\/p>\n<p>Por conta disso, os passageiros precisaram deixar a pista em um \u00f4nibus. Ap\u00f3s o comandante do voo anunciar a realoca\u00e7\u00e3o, Wassef pegou o celular e come\u00e7ou a gravar, bradando em alto e bom som: \u201cIsso \u00e9 o comunismo, Latam comunista chilena!\u201d.<\/p>\n<p>Ele tamb\u00e9m reclamou que pagava mais de R$ 2 mil para ter direito a um \u201cbiscoitinho\u201d. E seguiu contrariado durante todo o trajeto.<\/p>\n<p>Ainda segundo o colunista, n\u00e3o \u00e9 a primeira vez que o advogado se envolve em um imbr\u00f3glio durante um voo da mesma companhia: em 2021, Wasseff embarcou sem m\u00e1scara contra a Covid. S\u00f3 colocou o item de prote\u00e7\u00e3o ap\u00f3s ser pressionado por um comiss\u00e1rio.<\/p>\n<p>\u00c0 coluna, sobre o fato da \u00faltima sexta-feira, Wasseff informou que n\u00e3o existiu &#8220;nenhum chilique e constrangimento&#8221;, e afirmou estar sendo v\u00edtima de mentiras maldosas por parte de jornalistas.<\/p>\n<\/div>\n<p>&nbsp;<\/p>\n<p>&nbsp;<\/p>\n<p>&nbsp;<\/p>\n<p>Bnews<\/p>\n<div class=\"artigo_texto\">\n<p>&nbsp;<\/p>\n<p><strong>\u00a0<\/strong><\/p>\n<p><strong>\u00a0<\/strong><\/p>\n<p>&nbsp;<\/p>\n<\/div>\n","protected":false},"excerpt":{"rendered":"<p>Reprodu\u00e7\u00e3o\/TVGlobo\u00a0\u00a0\u00a0\u00a0Reda\u00e7\u00e3o BNews COMPARTILHE: O advogado\u00a0Frederick Wassef, que representa a fam\u00edlia do presidente\u00a0Jair Bolsonaro\u00a0(PL) em diversos processos, foi condenado pela Justi\u00e7a<\/p>\n","protected":false},"author":2,"featured_media":1048,"comment_status":"open","ping_status":"open","sticky":false,"template":"","format":"standard","meta":{"colormag_page_container_layout":"default_layout","colormag_page_sidebar_layout":"default_layout","_FSMCFIC_featured_image_caption":"","_FSMCFIC_featured_image_nocaption":"","_FSMCFIC_featured_image_hide":"","footnotes":""},"categories":[5,1],"tags":[],"class_list":["post-1047","post","type-post","status-publish","format-standard","has-post-thumbnail","hentry","category-politica","category-ultimas"],"yoast_head":"<!-- This site is optimized with the Yoast SEO plugin v27.1.1 - https:\/\/yoast.com\/product\/yoast-seo-wordpress\/ -->\n<title>Advogado de Jair Bolsonaro ter\u00e1 de indenizar ex-deputado por danos morais; veja quem - Brasil not\u00edcias<\/title>\n<meta name=\"robots\" content=\"index, follow, max-snippet:-1, max-image-preview:large, max-video-preview:-1\" \/>\n<link rel=\"canonical\" href=\"https:\/\/brasilnoticias.org\/site\/advogado-de-jair-bolsonaro-tera-de-indenizar-ex-deputado-por-danos-morais-veja-quem\/\" \/>\n<meta property=\"og:locale\" content=\"pt_PT\" \/>\n<meta property=\"og:type\" content=\"article\" \/>\n<meta property=\"og:title\" content=\"Advogado de Jair Bolsonaro ter\u00e1 de indenizar ex-deputado por danos morais; veja quem - Brasil not\u00edcias\" \/>\n<meta property=\"og:description\" content=\"Reprodu\u00e7\u00e3o\/TVGlobo\u00a0\u00a0\u00a0\u00a0Reda\u00e7\u00e3o BNews COMPARTILHE: O advogado\u00a0Frederick Wassef, que representa a fam\u00edlia do presidente\u00a0Jair Bolsonaro\u00a0(PL) em diversos processos, foi condenado pela Justi\u00e7a\" \/>\n<meta property=\"og:url\" content=\"https:\/\/brasilnoticias.org\/site\/advogado-de-jair-bolsonaro-tera-de-indenizar-ex-deputado-por-danos-morais-veja-quem\/\" \/>\n<meta property=\"og:site_name\" content=\"Brasil not\u00edcias\" \/>\n<meta property=\"article:published_time\" content=\"2022-07-31T22:18:33+00:00\" \/>\n<meta property=\"og:image\" content=\"https:\/\/brasilnoticias.org\/site\/wp-content\/uploads\/2022\/07\/wasseff-reproducao-tvglobo_1_widelg-1.jpg\" \/>\n\t<meta property=\"og:image:width\" content=\"800\" \/>\n\t<meta property=\"og:image:height\" content=\"450\" \/>\n\t<meta property=\"og:image:type\" content=\"image\/jpeg\" \/>\n<meta name=\"author\" content=\"Reda\u00e7\u00e3o\" \/>\n<meta name=\"twitter:card\" content=\"summary_large_image\" \/>\n<meta name=\"twitter:label1\" content=\"Escrito por\" \/>\n\t<meta name=\"twitter:data1\" content=\"Reda\u00e7\u00e3o\" \/>\n\t<meta name=\"twitter:label2\" content=\"Tempo estimado de leitura\" \/>\n\t<meta name=\"twitter:data2\" content=\"2 minutos\" \/>\n<script type=\"application\/ld+json\" class=\"yoast-schema-graph\">{\"@context\":\"https:\/\/schema.org\",\"@graph\":[{\"@type\":\"Article\",\"@id\":\"https:\/\/brasilnoticias.org\/site\/advogado-de-jair-bolsonaro-tera-de-indenizar-ex-deputado-por-danos-morais-veja-quem\/#article\",\"isPartOf\":{\"@id\":\"https:\/\/brasilnoticias.org\/site\/advogado-de-jair-bolsonaro-tera-de-indenizar-ex-deputado-por-danos-morais-veja-quem\/\"},\"author\":{\"name\":\"Reda\u00e7\u00e3o\",\"@id\":\"https:\/\/brasilnoticias.org\/site\/#\/schema\/person\/f609fa847b5314f1c8b983342f34c798\"},\"headline\":\"Advogado de Jair Bolsonaro ter\u00e1 de indenizar ex-deputado por danos morais; veja quem\",\"datePublished\":\"2022-07-31T22:18:33+00:00\",\"mainEntityOfPage\":{\"@id\":\"https:\/\/brasilnoticias.org\/site\/advogado-de-jair-bolsonaro-tera-de-indenizar-ex-deputado-por-danos-morais-veja-quem\/\"},\"wordCount\":403,\"commentCount\":0,\"publisher\":{\"@id\":\"https:\/\/brasilnoticias.org\/site\/#organization\"},\"image\":{\"@id\":\"https:\/\/brasilnoticias.org\/site\/advogado-de-jair-bolsonaro-tera-de-indenizar-ex-deputado-por-danos-morais-veja-quem\/#primaryimage\"},\"thumbnailUrl\":\"https:\/\/brasilnoticias.org\/site\/wp-content\/uploads\/2022\/07\/wasseff-reproducao-tvglobo_1_widelg-1.jpg\",\"articleSection\":[\"Pol\u00edtica\",\"\u00daltimas\"],\"inLanguage\":\"pt-PT\",\"potentialAction\":[{\"@type\":\"CommentAction\",\"name\":\"Comment\",\"target\":[\"https:\/\/brasilnoticias.org\/site\/advogado-de-jair-bolsonaro-tera-de-indenizar-ex-deputado-por-danos-morais-veja-quem\/#respond\"]}]},{\"@type\":\"WebPage\",\"@id\":\"https:\/\/brasilnoticias.org\/site\/advogado-de-jair-bolsonaro-tera-de-indenizar-ex-deputado-por-danos-morais-veja-quem\/\",\"url\":\"https:\/\/brasilnoticias.org\/site\/advogado-de-jair-bolsonaro-tera-de-indenizar-ex-deputado-por-danos-morais-veja-quem\/\",\"name\":\"Advogado de Jair Bolsonaro ter\u00e1 de indenizar ex-deputado por danos morais; veja quem - Brasil not\u00edcias\",\"isPartOf\":{\"@id\":\"https:\/\/brasilnoticias.org\/site\/#website\"},\"primaryImageOfPage\":{\"@id\":\"https:\/\/brasilnoticias.org\/site\/advogado-de-jair-bolsonaro-tera-de-indenizar-ex-deputado-por-danos-morais-veja-quem\/#primaryimage\"},\"image\":{\"@id\":\"https:\/\/brasilnoticias.org\/site\/advogado-de-jair-bolsonaro-tera-de-indenizar-ex-deputado-por-danos-morais-veja-quem\/#primaryimage\"},\"thumbnailUrl\":\"https:\/\/brasilnoticias.org\/site\/wp-content\/uploads\/2022\/07\/wasseff-reproducao-tvglobo_1_widelg-1.jpg\",\"datePublished\":\"2022-07-31T22:18:33+00:00\",\"breadcrumb\":{\"@id\":\"https:\/\/brasilnoticias.org\/site\/advogado-de-jair-bolsonaro-tera-de-indenizar-ex-deputado-por-danos-morais-veja-quem\/#breadcrumb\"},\"inLanguage\":\"pt-PT\",\"potentialAction\":[{\"@type\":\"ReadAction\",\"target\":[\"https:\/\/brasilnoticias.org\/site\/advogado-de-jair-bolsonaro-tera-de-indenizar-ex-deputado-por-danos-morais-veja-quem\/\"]}]},{\"@type\":\"ImageObject\",\"inLanguage\":\"pt-PT\",\"@id\":\"https:\/\/brasilnoticias.org\/site\/advogado-de-jair-bolsonaro-tera-de-indenizar-ex-deputado-por-danos-morais-veja-quem\/#primaryimage\",\"url\":\"https:\/\/brasilnoticias.org\/site\/wp-content\/uploads\/2022\/07\/wasseff-reproducao-tvglobo_1_widelg-1.jpg\",\"contentUrl\":\"https:\/\/brasilnoticias.org\/site\/wp-content\/uploads\/2022\/07\/wasseff-reproducao-tvglobo_1_widelg-1.jpg\",\"width\":800,\"height\":450},{\"@type\":\"BreadcrumbList\",\"@id\":\"https:\/\/brasilnoticias.org\/site\/advogado-de-jair-bolsonaro-tera-de-indenizar-ex-deputado-por-danos-morais-veja-quem\/#breadcrumb\",\"itemListElement\":[{\"@type\":\"ListItem\",\"position\":1,\"name\":\"In\u00edcio\",\"item\":\"https:\/\/brasilnoticias.org\/site\/\"},{\"@type\":\"ListItem\",\"position\":2,\"name\":\"Advogado de Jair Bolsonaro ter\u00e1 de indenizar ex-deputado por danos morais; veja quem\"}]},{\"@type\":\"WebSite\",\"@id\":\"https:\/\/brasilnoticias.org\/site\/#website\",\"url\":\"https:\/\/brasilnoticias.org\/site\/\",\"name\":\"Brasil not\u00edcias\",\"description\":\"Brasil not\u00edcias\",\"publisher\":{\"@id\":\"https:\/\/brasilnoticias.org\/site\/#organization\"},\"potentialAction\":[{\"@type\":\"SearchAction\",\"target\":{\"@type\":\"EntryPoint\",\"urlTemplate\":\"https:\/\/brasilnoticias.org\/site\/?s={search_term_string}\"},\"query-input\":{\"@type\":\"PropertyValueSpecification\",\"valueRequired\":true,\"valueName\":\"search_term_string\"}}],\"inLanguage\":\"pt-PT\"},{\"@type\":\"Organization\",\"@id\":\"https:\/\/brasilnoticias.org\/site\/#organization\",\"name\":\"Brasil not\u00edcias\",\"url\":\"https:\/\/brasilnoticias.org\/site\/\",\"logo\":{\"@type\":\"ImageObject\",\"inLanguage\":\"pt-PT\",\"@id\":\"https:\/\/brasilnoticias.org\/site\/#\/schema\/logo\/image\/\",\"url\":\"https:\/\/brasilnoticias.org\/site\/wp-content\/uploads\/2022\/05\/cropped-brasilnoticias-mini.jpg\",\"contentUrl\":\"https:\/\/brasilnoticias.org\/site\/wp-content\/uploads\/2022\/05\/cropped-brasilnoticias-mini.jpg\",\"width\":314,\"height\":86,\"caption\":\"Brasil not\u00edcias\"},\"image\":{\"@id\":\"https:\/\/brasilnoticias.org\/site\/#\/schema\/logo\/image\/\"}},{\"@type\":\"Person\",\"@id\":\"https:\/\/brasilnoticias.org\/site\/#\/schema\/person\/f609fa847b5314f1c8b983342f34c798\",\"name\":\"Reda\u00e7\u00e3o\",\"image\":{\"@type\":\"ImageObject\",\"inLanguage\":\"pt-PT\",\"@id\":\"https:\/\/brasilnoticias.org\/site\/#\/schema\/person\/image\/\",\"url\":\"https:\/\/secure.gravatar.com\/avatar\/447284c06c1ad8b46465a36de9cd0d8326b73387a22799b8b1ffb1fbcff2ed0c?s=96&d=mm&r=g\",\"contentUrl\":\"https:\/\/secure.gravatar.com\/avatar\/447284c06c1ad8b46465a36de9cd0d8326b73387a22799b8b1ffb1fbcff2ed0c?s=96&d=mm&r=g\",\"caption\":\"Reda\u00e7\u00e3o\"},\"url\":\"https:\/\/brasilnoticias.org\/site\/author\/redacao\/\"}]}<\/script>\n<!-- \/ Yoast SEO plugin. -->","yoast_head_json":{"title":"Advogado de Jair Bolsonaro ter\u00e1 de indenizar ex-deputado por danos morais; veja quem - Brasil not\u00edcias","robots":{"index":"index","follow":"follow","max-snippet":"max-snippet:-1","max-image-preview":"max-image-preview:large","max-video-preview":"max-video-preview:-1"},"canonical":"https:\/\/brasilnoticias.org\/site\/advogado-de-jair-bolsonaro-tera-de-indenizar-ex-deputado-por-danos-morais-veja-quem\/","og_locale":"pt_PT","og_type":"article","og_title":"Advogado de Jair Bolsonaro ter\u00e1 de indenizar ex-deputado por danos morais; veja quem - Brasil not\u00edcias","og_description":"Reprodu\u00e7\u00e3o\/TVGlobo\u00a0\u00a0\u00a0\u00a0Reda\u00e7\u00e3o BNews COMPARTILHE: O advogado\u00a0Frederick Wassef, que representa a fam\u00edlia do presidente\u00a0Jair Bolsonaro\u00a0(PL) em diversos processos, foi condenado pela Justi\u00e7a","og_url":"https:\/\/brasilnoticias.org\/site\/advogado-de-jair-bolsonaro-tera-de-indenizar-ex-deputado-por-danos-morais-veja-quem\/","og_site_name":"Brasil not\u00edcias","article_published_time":"2022-07-31T22:18:33+00:00","og_image":[{"width":800,"height":450,"url":"https:\/\/brasilnoticias.org\/site\/wp-content\/uploads\/2022\/07\/wasseff-reproducao-tvglobo_1_widelg-1.jpg","type":"image\/jpeg"}],"author":"Reda\u00e7\u00e3o","twitter_card":"summary_large_image","twitter_misc":{"Escrito por":"Reda\u00e7\u00e3o","Tempo estimado de leitura":"2 minutos"},"schema":{"@context":"https:\/\/schema.org","@graph":[{"@type":"Article","@id":"https:\/\/brasilnoticias.org\/site\/advogado-de-jair-bolsonaro-tera-de-indenizar-ex-deputado-por-danos-morais-veja-quem\/#article","isPartOf":{"@id":"https:\/\/brasilnoticias.org\/site\/advogado-de-jair-bolsonaro-tera-de-indenizar-ex-deputado-por-danos-morais-veja-quem\/"},"author":{"name":"Reda\u00e7\u00e3o","@id":"https:\/\/brasilnoticias.org\/site\/#\/schema\/person\/f609fa847b5314f1c8b983342f34c798"},"headline":"Advogado de Jair Bolsonaro ter\u00e1 de indenizar ex-deputado por danos morais; veja quem","datePublished":"2022-07-31T22:18:33+00:00","mainEntityOfPage":{"@id":"https:\/\/brasilnoticias.org\/site\/advogado-de-jair-bolsonaro-tera-de-indenizar-ex-deputado-por-danos-morais-veja-quem\/"},"wordCount":403,"commentCount":0,"publisher":{"@id":"https:\/\/brasilnoticias.org\/site\/#organization"},"image":{"@id":"https:\/\/brasilnoticias.org\/site\/advogado-de-jair-bolsonaro-tera-de-indenizar-ex-deputado-por-danos-morais-veja-quem\/#primaryimage"},"thumbnailUrl":"https:\/\/brasilnoticias.org\/site\/wp-content\/uploads\/2022\/07\/wasseff-reproducao-tvglobo_1_widelg-1.jpg","articleSection":["Pol\u00edtica","\u00daltimas"],"inLanguage":"pt-PT","potentialAction":[{"@type":"CommentAction","name":"Comment","target":["https:\/\/brasilnoticias.org\/site\/advogado-de-jair-bolsonaro-tera-de-indenizar-ex-deputado-por-danos-morais-veja-quem\/#respond"]}]},{"@type":"WebPage","@id":"https:\/\/brasilnoticias.org\/site\/advogado-de-jair-bolsonaro-tera-de-indenizar-ex-deputado-por-danos-morais-veja-quem\/","url":"https:\/\/brasilnoticias.org\/site\/advogado-de-jair-bolsonaro-tera-de-indenizar-ex-deputado-por-danos-morais-veja-quem\/","name":"Advogado de Jair Bolsonaro ter\u00e1 de indenizar ex-deputado por danos morais; veja quem - Brasil not\u00edcias","isPartOf":{"@id":"https:\/\/brasilnoticias.org\/site\/#website"},"primaryImageOfPage":{"@id":"https:\/\/brasilnoticias.org\/site\/advogado-de-jair-bolsonaro-tera-de-indenizar-ex-deputado-por-danos-morais-veja-quem\/#primaryimage"},"image":{"@id":"https:\/\/brasilnoticias.org\/site\/advogado-de-jair-bolsonaro-tera-de-indenizar-ex-deputado-por-danos-morais-veja-quem\/#primaryimage"},"thumbnailUrl":"https:\/\/brasilnoticias.org\/site\/wp-content\/uploads\/2022\/07\/wasseff-reproducao-tvglobo_1_widelg-1.jpg","datePublished":"2022-07-31T22:18:33+00:00","breadcrumb":{"@id":"https:\/\/brasilnoticias.org\/site\/advogado-de-jair-bolsonaro-tera-de-indenizar-ex-deputado-por-danos-morais-veja-quem\/#breadcrumb"},"inLanguage":"pt-PT","potentialAction":[{"@type":"ReadAction","target":["https:\/\/brasilnoticias.org\/site\/advogado-de-jair-bolsonaro-tera-de-indenizar-ex-deputado-por-danos-morais-veja-quem\/"]}]},{"@type":"ImageObject","inLanguage":"pt-PT","@id":"https:\/\/brasilnoticias.org\/site\/advogado-de-jair-bolsonaro-tera-de-indenizar-ex-deputado-por-danos-morais-veja-quem\/#primaryimage","url":"https:\/\/brasilnoticias.org\/site\/wp-content\/uploads\/2022\/07\/wasseff-reproducao-tvglobo_1_widelg-1.jpg","contentUrl":"https:\/\/brasilnoticias.org\/site\/wp-content\/uploads\/2022\/07\/wasseff-reproducao-tvglobo_1_widelg-1.jpg","width":800,"height":450},{"@type":"BreadcrumbList","@id":"https:\/\/brasilnoticias.org\/site\/advogado-de-jair-bolsonaro-tera-de-indenizar-ex-deputado-por-danos-morais-veja-quem\/#breadcrumb","itemListElement":[{"@type":"ListItem","position":1,"name":"In\u00edcio","item":"https:\/\/brasilnoticias.org\/site\/"},{"@type":"ListItem","position":2,"name":"Advogado de Jair Bolsonaro ter\u00e1 de indenizar ex-deputado por danos morais; veja quem"}]},{"@type":"WebSite","@id":"https:\/\/brasilnoticias.org\/site\/#website","url":"https:\/\/brasilnoticias.org\/site\/","name":"Brasil not\u00edcias","description":"Brasil not\u00edcias","publisher":{"@id":"https:\/\/brasilnoticias.org\/site\/#organization"},"potentialAction":[{"@type":"SearchAction","target":{"@type":"EntryPoint","urlTemplate":"https:\/\/brasilnoticias.org\/site\/?s={search_term_string}"},"query-input":{"@type":"PropertyValueSpecification","valueRequired":true,"valueName":"search_term_string"}}],"inLanguage":"pt-PT"},{"@type":"Organization","@id":"https:\/\/brasilnoticias.org\/site\/#organization","name":"Brasil not\u00edcias","url":"https:\/\/brasilnoticias.org\/site\/","logo":{"@type":"ImageObject","inLanguage":"pt-PT","@id":"https:\/\/brasilnoticias.org\/site\/#\/schema\/logo\/image\/","url":"https:\/\/brasilnoticias.org\/site\/wp-content\/uploads\/2022\/05\/cropped-brasilnoticias-mini.jpg","contentUrl":"https:\/\/brasilnoticias.org\/site\/wp-content\/uploads\/2022\/05\/cropped-brasilnoticias-mini.jpg","width":314,"height":86,"caption":"Brasil not\u00edcias"},"image":{"@id":"https:\/\/brasilnoticias.org\/site\/#\/schema\/logo\/image\/"}},{"@type":"Person","@id":"https:\/\/brasilnoticias.org\/site\/#\/schema\/person\/f609fa847b5314f1c8b983342f34c798","name":"Reda\u00e7\u00e3o","image":{"@type":"ImageObject","inLanguage":"pt-PT","@id":"https:\/\/brasilnoticias.org\/site\/#\/schema\/person\/image\/","url":"https:\/\/secure.gravatar.com\/avatar\/447284c06c1ad8b46465a36de9cd0d8326b73387a22799b8b1ffb1fbcff2ed0c?s=96&d=mm&r=g","contentUrl":"https:\/\/secure.gravatar.com\/avatar\/447284c06c1ad8b46465a36de9cd0d8326b73387a22799b8b1ffb1fbcff2ed0c?s=96&d=mm&r=g","caption":"Reda\u00e7\u00e3o"},"url":"https:\/\/brasilnoticias.org\/site\/author\/redacao\/"}]}},"_links":{"self":[{"href":"https:\/\/brasilnoticias.org\/site\/wp-json\/wp\/v2\/posts\/1047","targetHints":{"allow":["GET"]}}],"collection":[{"href":"https:\/\/brasilnoticias.org\/site\/wp-json\/wp\/v2\/posts"}],"about":[{"href":"https:\/\/brasilnoticias.org\/site\/wp-json\/wp\/v2\/types\/post"}],"author":[{"embeddable":true,"href":"https:\/\/brasilnoticias.org\/site\/wp-json\/wp\/v2\/users\/2"}],"replies":[{"embeddable":true,"href":"https:\/\/brasilnoticias.org\/site\/wp-json\/wp\/v2\/comments?post=1047"}],"version-history":[{"count":1,"href":"https:\/\/brasilnoticias.org\/site\/wp-json\/wp\/v2\/posts\/1047\/revisions"}],"predecessor-version":[{"id":1049,"href":"https:\/\/brasilnoticias.org\/site\/wp-json\/wp\/v2\/posts\/1047\/revisions\/1049"}],"wp:featuredmedia":[{"embeddable":true,"href":"https:\/\/brasilnoticias.org\/site\/wp-json\/wp\/v2\/media\/1048"}],"wp:attachment":[{"href":"https:\/\/brasilnoticias.org\/site\/wp-json\/wp\/v2\/media?parent=1047"}],"wp:term":[{"taxonomy":"category","embeddable":true,"href":"https:\/\/brasilnoticias.org\/site\/wp-json\/wp\/v2\/categories?post=1047"},{"taxonomy":"post_tag","embeddable":true,"href":"https:\/\/brasilnoticias.org\/site\/wp-json\/wp\/v2\/tags?post=1047"}],"curies":[{"name":"wp","href":"https:\/\/api.w.org\/{rel}","templated":true}]}}