{"id":1050,"date":"2022-07-31T19:27:22","date_gmt":"2022-07-31T22:27:22","guid":{"rendered":"https:\/\/brasilnoticias.org\/site\/?p=1050"},"modified":"2022-07-31T19:27:22","modified_gmt":"2022-07-31T22:27:22","slug":"sobe-para-26-o-numero-de-mortos-em-inundacoes-no-kentucky","status":"publish","type":"post","link":"https:\/\/brasilnoticias.org\/site\/sobe-para-26-o-numero-de-mortos-em-inundacoes-no-kentucky\/","title":{"rendered":"Sobe para 26 o n\u00famero de mortos em inunda\u00e7\u00f5es no Kentucky"},"content":{"rendered":"<p>ubiu para 26 o n\u00famero de mortos em inunda\u00e7\u00f5es causadas por fortes chuvas no leste do estado norte-americano de Kentucky. E o n\u00famero de v\u00edtimas deve aumentar, disse o governador Andy Beshear neste domingo (31).<\/p>\n<p>Segundo a Reuters, h\u00e1 crian\u00e7as est\u00e3o entre os mortos. &#8220;H\u00e1 danos generalizados com muitas fam\u00edlias deslocadas e mais chuva esperada ao longo do dia seguinte&#8221;, afirmou Beshear.<\/p>\n<p>Ao canal NBC News, o governador do Kentucky afirmou que &#8220;muitos corpos ser\u00e3o encontrados nas pr\u00f3ximas semanas&#8221;.<\/p>\n<p>Quatro crian\u00e7as morreram nas inunda\u00e7\u00f5es, e as investiga\u00e7\u00f5es apontam que mais duas estariam entre as v\u00edtimas.<\/p>\n<p><strong>Mais chuva pela frente<\/strong><br \/>\nAs inunda\u00e7\u00f5es transformaram muitas estradas em rios, e algumas casas em \u00e1reas baixas ficaram quase completamente submersas, apenas com os telhados vis\u00edveis.<\/p>\n<p>&#8220;Com uma frente fria se movendo para o sul, a \u00e1rea permanecer\u00e1 praticamente seca at\u00e9 hoje. O tempo seco deve terminar na tarde de domingo, quando a barreira sobe para o norte de volta para a regi\u00e3o&#8221;, tu\u00edtou o escrit\u00f3rio do Servi\u00e7o Nacional Meteorologia em Jackson, Kentucky.<\/p>\n<p>Beshear explicou \u00e0 CNN que as chuvas iminentes representam um desafio, porque, embora n\u00e3o se espere que sejam &#8220;hist\u00f3ricas&#8221; em seus registros, constituir\u00e3o um cen\u00e1rio &#8220;dif\u00edcil&#8221;.<\/p>\n<p>As inunda\u00e7\u00f5es no leste de Kentucky s\u00e3o as \u00faltimas de uma s\u00e9rie de eventos extremos que os cientistas dizem ser um sinal claro da mudan\u00e7a clim\u00e1tica.<\/p>\n<p>Em dezembro, dezenas de tornados violentos atingiram cinco estados do centro dos Estados Unidos, principalmente Kentucky, matando pelo menos 79 pessoas.<\/p>\n<p>Aprendemos muitas li\u00e7\u00f5es no oeste do Kentucky com aqueles tornados devastadores h\u00e1 cerca de sete meses, ent\u00e3o estamos fornecendo todo o apoio que podemos e estamos nos movendo rapidamente para ajudar&#8221;, afirmou.<\/p>\n<p>O presidente dos Estados Unidos, Joe Biden, declarou o estado em &#8220;desastre natural&#8221; e aprovou refor\u00e7os federais para apoiar as \u00e1reas afetadas por &#8220;tempestades, inunda\u00e7\u00f5es, deslizamentos de terra e avalanches&#8221;.<\/p>\n<p>&nbsp;<\/p>\n<p>&nbsp;<\/p>\n<p>&nbsp;<\/p>\n<p>Bnews<\/p>\n","protected":false},"excerpt":{"rendered":"<p>ubiu para 26 o n\u00famero de mortos em inunda\u00e7\u00f5es causadas por fortes chuvas no leste do estado norte-americano de Kentucky.<\/p>\n","protected":false},"author":2,"featured_media":1052,"comment_status":"open","ping_status":"open","sticky":false,"template":"","format":"standard","meta":{"colormag_page_container_layout":"default_layout","colormag_page_sidebar_layout":"default_layout","_FSMCFIC_featured_image_caption":"","_FSMCFIC_featured_image_nocaption":"","_FSMCFIC_featured_image_hide":"","footnotes":""},"categories":[6,1],"tags":[],"class_list":["post-1050","post","type-post","status-publish","format-standard","has-post-thumbnail","hentry","category-mundo","category-ultimas"],"yoast_head":"<!-- This site is optimized with the Yoast SEO plugin v27.1.1 - https:\/\/yoast.com\/product\/yoast-seo-wordpress\/ -->\n<title>Sobe para 26 o n\u00famero de mortos em inunda\u00e7\u00f5es no Kentucky - Brasil not\u00edcias<\/title>\n<meta name=\"robots\" content=\"index, follow, max-snippet:-1, max-image-preview:large, max-video-preview:-1\" \/>\n<link rel=\"canonical\" href=\"https:\/\/brasilnoticias.org\/site\/sobe-para-26-o-numero-de-mortos-em-inundacoes-no-kentucky\/\" \/>\n<meta property=\"og:locale\" content=\"pt_PT\" \/>\n<meta property=\"og:type\" content=\"article\" \/>\n<meta property=\"og:title\" content=\"Sobe para 26 o n\u00famero de mortos em inunda\u00e7\u00f5es no Kentucky - Brasil not\u00edcias\" \/>\n<meta property=\"og:description\" content=\"ubiu para 26 o n\u00famero de mortos em inunda\u00e7\u00f5es causadas por fortes chuvas no leste do estado norte-americano de Kentucky.\" \/>\n<meta property=\"og:url\" content=\"https:\/\/brasilnoticias.org\/site\/sobe-para-26-o-numero-de-mortos-em-inundacoes-no-kentucky\/\" \/>\n<meta property=\"og:site_name\" content=\"Brasil not\u00edcias\" \/>\n<meta property=\"article:published_time\" content=\"2022-07-31T22:27:22+00:00\" \/>\n<meta property=\"og:image\" content=\"https:\/\/brasilnoticias.org\/site\/wp-content\/uploads\/2022\/07\/eua_widelg-1.jpg\" \/>\n\t<meta property=\"og:image:width\" content=\"800\" \/>\n\t<meta property=\"og:image:height\" content=\"450\" \/>\n\t<meta property=\"og:image:type\" content=\"image\/jpeg\" \/>\n<meta name=\"author\" content=\"Reda\u00e7\u00e3o\" \/>\n<meta name=\"twitter:card\" content=\"summary_large_image\" \/>\n<meta name=\"twitter:label1\" content=\"Escrito por\" \/>\n\t<meta name=\"twitter:data1\" content=\"Reda\u00e7\u00e3o\" \/>\n\t<meta name=\"twitter:label2\" content=\"Tempo estimado de leitura\" \/>\n\t<meta name=\"twitter:data2\" content=\"2 minutos\" \/>\n<script type=\"application\/ld+json\" class=\"yoast-schema-graph\">{\"@context\":\"https:\/\/schema.org\",\"@graph\":[{\"@type\":\"Article\",\"@id\":\"https:\/\/brasilnoticias.org\/site\/sobe-para-26-o-numero-de-mortos-em-inundacoes-no-kentucky\/#article\",\"isPartOf\":{\"@id\":\"https:\/\/brasilnoticias.org\/site\/sobe-para-26-o-numero-de-mortos-em-inundacoes-no-kentucky\/\"},\"author\":{\"name\":\"Reda\u00e7\u00e3o\",\"@id\":\"https:\/\/brasilnoticias.org\/site\/#\/schema\/person\/f609fa847b5314f1c8b983342f34c798\"},\"headline\":\"Sobe para 26 o n\u00famero de mortos em inunda\u00e7\u00f5es no Kentucky\",\"datePublished\":\"2022-07-31T22:27:22+00:00\",\"mainEntityOfPage\":{\"@id\":\"https:\/\/brasilnoticias.org\/site\/sobe-para-26-o-numero-de-mortos-em-inundacoes-no-kentucky\/\"},\"wordCount\":348,\"commentCount\":0,\"publisher\":{\"@id\":\"https:\/\/brasilnoticias.org\/site\/#organization\"},\"image\":{\"@id\":\"https:\/\/brasilnoticias.org\/site\/sobe-para-26-o-numero-de-mortos-em-inundacoes-no-kentucky\/#primaryimage\"},\"thumbnailUrl\":\"https:\/\/brasilnoticias.org\/site\/wp-content\/uploads\/2022\/07\/eua_widelg-1.jpg\",\"articleSection\":[\"Mundo\",\"\u00daltimas\"],\"inLanguage\":\"pt-PT\",\"potentialAction\":[{\"@type\":\"CommentAction\",\"name\":\"Comment\",\"target\":[\"https:\/\/brasilnoticias.org\/site\/sobe-para-26-o-numero-de-mortos-em-inundacoes-no-kentucky\/#respond\"]}]},{\"@type\":\"WebPage\",\"@id\":\"https:\/\/brasilnoticias.org\/site\/sobe-para-26-o-numero-de-mortos-em-inundacoes-no-kentucky\/\",\"url\":\"https:\/\/brasilnoticias.org\/site\/sobe-para-26-o-numero-de-mortos-em-inundacoes-no-kentucky\/\",\"name\":\"Sobe para 26 o n\u00famero de mortos em inunda\u00e7\u00f5es no Kentucky - Brasil not\u00edcias\",\"isPartOf\":{\"@id\":\"https:\/\/brasilnoticias.org\/site\/#website\"},\"primaryImageOfPage\":{\"@id\":\"https:\/\/brasilnoticias.org\/site\/sobe-para-26-o-numero-de-mortos-em-inundacoes-no-kentucky\/#primaryimage\"},\"image\":{\"@id\":\"https:\/\/brasilnoticias.org\/site\/sobe-para-26-o-numero-de-mortos-em-inundacoes-no-kentucky\/#primaryimage\"},\"thumbnailUrl\":\"https:\/\/brasilnoticias.org\/site\/wp-content\/uploads\/2022\/07\/eua_widelg-1.jpg\",\"datePublished\":\"2022-07-31T22:27:22+00:00\",\"breadcrumb\":{\"@id\":\"https:\/\/brasilnoticias.org\/site\/sobe-para-26-o-numero-de-mortos-em-inundacoes-no-kentucky\/#breadcrumb\"},\"inLanguage\":\"pt-PT\",\"potentialAction\":[{\"@type\":\"ReadAction\",\"target\":[\"https:\/\/brasilnoticias.org\/site\/sobe-para-26-o-numero-de-mortos-em-inundacoes-no-kentucky\/\"]}]},{\"@type\":\"ImageObject\",\"inLanguage\":\"pt-PT\",\"@id\":\"https:\/\/brasilnoticias.org\/site\/sobe-para-26-o-numero-de-mortos-em-inundacoes-no-kentucky\/#primaryimage\",\"url\":\"https:\/\/brasilnoticias.org\/site\/wp-content\/uploads\/2022\/07\/eua_widelg-1.jpg\",\"contentUrl\":\"https:\/\/brasilnoticias.org\/site\/wp-content\/uploads\/2022\/07\/eua_widelg-1.jpg\",\"width\":800,\"height\":450},{\"@type\":\"BreadcrumbList\",\"@id\":\"https:\/\/brasilnoticias.org\/site\/sobe-para-26-o-numero-de-mortos-em-inundacoes-no-kentucky\/#breadcrumb\",\"itemListElement\":[{\"@type\":\"ListItem\",\"position\":1,\"name\":\"In\u00edcio\",\"item\":\"https:\/\/brasilnoticias.org\/site\/\"},{\"@type\":\"ListItem\",\"position\":2,\"name\":\"Sobe para 26 o n\u00famero de mortos em inunda\u00e7\u00f5es no Kentucky\"}]},{\"@type\":\"WebSite\",\"@id\":\"https:\/\/brasilnoticias.org\/site\/#website\",\"url\":\"https:\/\/brasilnoticias.org\/site\/\",\"name\":\"Brasil not\u00edcias\",\"description\":\"Brasil not\u00edcias\",\"publisher\":{\"@id\":\"https:\/\/brasilnoticias.org\/site\/#organization\"},\"potentialAction\":[{\"@type\":\"SearchAction\",\"target\":{\"@type\":\"EntryPoint\",\"urlTemplate\":\"https:\/\/brasilnoticias.org\/site\/?s={search_term_string}\"},\"query-input\":{\"@type\":\"PropertyValueSpecification\",\"valueRequired\":true,\"valueName\":\"search_term_string\"}}],\"inLanguage\":\"pt-PT\"},{\"@type\":\"Organization\",\"@id\":\"https:\/\/brasilnoticias.org\/site\/#organization\",\"name\":\"Brasil not\u00edcias\",\"url\":\"https:\/\/brasilnoticias.org\/site\/\",\"logo\":{\"@type\":\"ImageObject\",\"inLanguage\":\"pt-PT\",\"@id\":\"https:\/\/brasilnoticias.org\/site\/#\/schema\/logo\/image\/\",\"url\":\"https:\/\/brasilnoticias.org\/site\/wp-content\/uploads\/2022\/05\/cropped-brasilnoticias-mini.jpg\",\"contentUrl\":\"https:\/\/brasilnoticias.org\/site\/wp-content\/uploads\/2022\/05\/cropped-brasilnoticias-mini.jpg\",\"width\":314,\"height\":86,\"caption\":\"Brasil not\u00edcias\"},\"image\":{\"@id\":\"https:\/\/brasilnoticias.org\/site\/#\/schema\/logo\/image\/\"}},{\"@type\":\"Person\",\"@id\":\"https:\/\/brasilnoticias.org\/site\/#\/schema\/person\/f609fa847b5314f1c8b983342f34c798\",\"name\":\"Reda\u00e7\u00e3o\",\"image\":{\"@type\":\"ImageObject\",\"inLanguage\":\"pt-PT\",\"@id\":\"https:\/\/brasilnoticias.org\/site\/#\/schema\/person\/image\/\",\"url\":\"https:\/\/secure.gravatar.com\/avatar\/447284c06c1ad8b46465a36de9cd0d8326b73387a22799b8b1ffb1fbcff2ed0c?s=96&d=mm&r=g\",\"contentUrl\":\"https:\/\/secure.gravatar.com\/avatar\/447284c06c1ad8b46465a36de9cd0d8326b73387a22799b8b1ffb1fbcff2ed0c?s=96&d=mm&r=g\",\"caption\":\"Reda\u00e7\u00e3o\"},\"url\":\"https:\/\/brasilnoticias.org\/site\/author\/redacao\/\"}]}<\/script>\n<!-- \/ Yoast SEO plugin. -->","yoast_head_json":{"title":"Sobe para 26 o n\u00famero de mortos em inunda\u00e7\u00f5es no Kentucky - Brasil not\u00edcias","robots":{"index":"index","follow":"follow","max-snippet":"max-snippet:-1","max-image-preview":"max-image-preview:large","max-video-preview":"max-video-preview:-1"},"canonical":"https:\/\/brasilnoticias.org\/site\/sobe-para-26-o-numero-de-mortos-em-inundacoes-no-kentucky\/","og_locale":"pt_PT","og_type":"article","og_title":"Sobe para 26 o n\u00famero de mortos em inunda\u00e7\u00f5es no Kentucky - Brasil not\u00edcias","og_description":"ubiu para 26 o n\u00famero de mortos em inunda\u00e7\u00f5es causadas por fortes chuvas no leste do estado norte-americano de Kentucky.","og_url":"https:\/\/brasilnoticias.org\/site\/sobe-para-26-o-numero-de-mortos-em-inundacoes-no-kentucky\/","og_site_name":"Brasil not\u00edcias","article_published_time":"2022-07-31T22:27:22+00:00","og_image":[{"width":800,"height":450,"url":"https:\/\/brasilnoticias.org\/site\/wp-content\/uploads\/2022\/07\/eua_widelg-1.jpg","type":"image\/jpeg"}],"author":"Reda\u00e7\u00e3o","twitter_card":"summary_large_image","twitter_misc":{"Escrito por":"Reda\u00e7\u00e3o","Tempo estimado de leitura":"2 minutos"},"schema":{"@context":"https:\/\/schema.org","@graph":[{"@type":"Article","@id":"https:\/\/brasilnoticias.org\/site\/sobe-para-26-o-numero-de-mortos-em-inundacoes-no-kentucky\/#article","isPartOf":{"@id":"https:\/\/brasilnoticias.org\/site\/sobe-para-26-o-numero-de-mortos-em-inundacoes-no-kentucky\/"},"author":{"name":"Reda\u00e7\u00e3o","@id":"https:\/\/brasilnoticias.org\/site\/#\/schema\/person\/f609fa847b5314f1c8b983342f34c798"},"headline":"Sobe para 26 o n\u00famero de mortos em inunda\u00e7\u00f5es no Kentucky","datePublished":"2022-07-31T22:27:22+00:00","mainEntityOfPage":{"@id":"https:\/\/brasilnoticias.org\/site\/sobe-para-26-o-numero-de-mortos-em-inundacoes-no-kentucky\/"},"wordCount":348,"commentCount":0,"publisher":{"@id":"https:\/\/brasilnoticias.org\/site\/#organization"},"image":{"@id":"https:\/\/brasilnoticias.org\/site\/sobe-para-26-o-numero-de-mortos-em-inundacoes-no-kentucky\/#primaryimage"},"thumbnailUrl":"https:\/\/brasilnoticias.org\/site\/wp-content\/uploads\/2022\/07\/eua_widelg-1.jpg","articleSection":["Mundo","\u00daltimas"],"inLanguage":"pt-PT","potentialAction":[{"@type":"CommentAction","name":"Comment","target":["https:\/\/brasilnoticias.org\/site\/sobe-para-26-o-numero-de-mortos-em-inundacoes-no-kentucky\/#respond"]}]},{"@type":"WebPage","@id":"https:\/\/brasilnoticias.org\/site\/sobe-para-26-o-numero-de-mortos-em-inundacoes-no-kentucky\/","url":"https:\/\/brasilnoticias.org\/site\/sobe-para-26-o-numero-de-mortos-em-inundacoes-no-kentucky\/","name":"Sobe para 26 o n\u00famero de mortos em inunda\u00e7\u00f5es no Kentucky - Brasil not\u00edcias","isPartOf":{"@id":"https:\/\/brasilnoticias.org\/site\/#website"},"primaryImageOfPage":{"@id":"https:\/\/brasilnoticias.org\/site\/sobe-para-26-o-numero-de-mortos-em-inundacoes-no-kentucky\/#primaryimage"},"image":{"@id":"https:\/\/brasilnoticias.org\/site\/sobe-para-26-o-numero-de-mortos-em-inundacoes-no-kentucky\/#primaryimage"},"thumbnailUrl":"https:\/\/brasilnoticias.org\/site\/wp-content\/uploads\/2022\/07\/eua_widelg-1.jpg","datePublished":"2022-07-31T22:27:22+00:00","breadcrumb":{"@id":"https:\/\/brasilnoticias.org\/site\/sobe-para-26-o-numero-de-mortos-em-inundacoes-no-kentucky\/#breadcrumb"},"inLanguage":"pt-PT","potentialAction":[{"@type":"ReadAction","target":["https:\/\/brasilnoticias.org\/site\/sobe-para-26-o-numero-de-mortos-em-inundacoes-no-kentucky\/"]}]},{"@type":"ImageObject","inLanguage":"pt-PT","@id":"https:\/\/brasilnoticias.org\/site\/sobe-para-26-o-numero-de-mortos-em-inundacoes-no-kentucky\/#primaryimage","url":"https:\/\/brasilnoticias.org\/site\/wp-content\/uploads\/2022\/07\/eua_widelg-1.jpg","contentUrl":"https:\/\/brasilnoticias.org\/site\/wp-content\/uploads\/2022\/07\/eua_widelg-1.jpg","width":800,"height":450},{"@type":"BreadcrumbList","@id":"https:\/\/brasilnoticias.org\/site\/sobe-para-26-o-numero-de-mortos-em-inundacoes-no-kentucky\/#breadcrumb","itemListElement":[{"@type":"ListItem","position":1,"name":"In\u00edcio","item":"https:\/\/brasilnoticias.org\/site\/"},{"@type":"ListItem","position":2,"name":"Sobe para 26 o n\u00famero de mortos em inunda\u00e7\u00f5es no Kentucky"}]},{"@type":"WebSite","@id":"https:\/\/brasilnoticias.org\/site\/#website","url":"https:\/\/brasilnoticias.org\/site\/","name":"Brasil not\u00edcias","description":"Brasil not\u00edcias","publisher":{"@id":"https:\/\/brasilnoticias.org\/site\/#organization"},"potentialAction":[{"@type":"SearchAction","target":{"@type":"EntryPoint","urlTemplate":"https:\/\/brasilnoticias.org\/site\/?s={search_term_string}"},"query-input":{"@type":"PropertyValueSpecification","valueRequired":true,"valueName":"search_term_string"}}],"inLanguage":"pt-PT"},{"@type":"Organization","@id":"https:\/\/brasilnoticias.org\/site\/#organization","name":"Brasil not\u00edcias","url":"https:\/\/brasilnoticias.org\/site\/","logo":{"@type":"ImageObject","inLanguage":"pt-PT","@id":"https:\/\/brasilnoticias.org\/site\/#\/schema\/logo\/image\/","url":"https:\/\/brasilnoticias.org\/site\/wp-content\/uploads\/2022\/05\/cropped-brasilnoticias-mini.jpg","contentUrl":"https:\/\/brasilnoticias.org\/site\/wp-content\/uploads\/2022\/05\/cropped-brasilnoticias-mini.jpg","width":314,"height":86,"caption":"Brasil not\u00edcias"},"image":{"@id":"https:\/\/brasilnoticias.org\/site\/#\/schema\/logo\/image\/"}},{"@type":"Person","@id":"https:\/\/brasilnoticias.org\/site\/#\/schema\/person\/f609fa847b5314f1c8b983342f34c798","name":"Reda\u00e7\u00e3o","image":{"@type":"ImageObject","inLanguage":"pt-PT","@id":"https:\/\/brasilnoticias.org\/site\/#\/schema\/person\/image\/","url":"https:\/\/secure.gravatar.com\/avatar\/447284c06c1ad8b46465a36de9cd0d8326b73387a22799b8b1ffb1fbcff2ed0c?s=96&d=mm&r=g","contentUrl":"https:\/\/secure.gravatar.com\/avatar\/447284c06c1ad8b46465a36de9cd0d8326b73387a22799b8b1ffb1fbcff2ed0c?s=96&d=mm&r=g","caption":"Reda\u00e7\u00e3o"},"url":"https:\/\/brasilnoticias.org\/site\/author\/redacao\/"}]}},"_links":{"self":[{"href":"https:\/\/brasilnoticias.org\/site\/wp-json\/wp\/v2\/posts\/1050","targetHints":{"allow":["GET"]}}],"collection":[{"href":"https:\/\/brasilnoticias.org\/site\/wp-json\/wp\/v2\/posts"}],"about":[{"href":"https:\/\/brasilnoticias.org\/site\/wp-json\/wp\/v2\/types\/post"}],"author":[{"embeddable":true,"href":"https:\/\/brasilnoticias.org\/site\/wp-json\/wp\/v2\/users\/2"}],"replies":[{"embeddable":true,"href":"https:\/\/brasilnoticias.org\/site\/wp-json\/wp\/v2\/comments?post=1050"}],"version-history":[{"count":1,"href":"https:\/\/brasilnoticias.org\/site\/wp-json\/wp\/v2\/posts\/1050\/revisions"}],"predecessor-version":[{"id":1053,"href":"https:\/\/brasilnoticias.org\/site\/wp-json\/wp\/v2\/posts\/1050\/revisions\/1053"}],"wp:featuredmedia":[{"embeddable":true,"href":"https:\/\/brasilnoticias.org\/site\/wp-json\/wp\/v2\/media\/1052"}],"wp:attachment":[{"href":"https:\/\/brasilnoticias.org\/site\/wp-json\/wp\/v2\/media?parent=1050"}],"wp:term":[{"taxonomy":"category","embeddable":true,"href":"https:\/\/brasilnoticias.org\/site\/wp-json\/wp\/v2\/categories?post=1050"},{"taxonomy":"post_tag","embeddable":true,"href":"https:\/\/brasilnoticias.org\/site\/wp-json\/wp\/v2\/tags?post=1050"}],"curies":[{"name":"wp","href":"https:\/\/api.w.org\/{rel}","templated":true}]}}