{"id":10502,"date":"2023-10-27T19:39:40","date_gmt":"2023-10-27T22:39:40","guid":{"rendered":"https:\/\/brasilnoticias.org\/site\/?p=10502"},"modified":"2023-10-27T19:39:40","modified_gmt":"2023-10-27T22:39:40","slug":"diretor-do-vitoria-abre-o-jogo-sobre-renovacao-de-leo-conde-assista","status":"publish","type":"post","link":"https:\/\/brasilnoticias.org\/site\/diretor-do-vitoria-abre-o-jogo-sobre-renovacao-de-leo-conde-assista\/","title":{"rendered":"Diretor do Vit\u00f3ria abre o jogo sobre renova\u00e7\u00e3o de L\u00e9o Cond\u00e9; assista"},"content":{"rendered":"<p>O diretor de futebol do Vit\u00f3ria, \u00cdtalo Rodrigues, afirmou que o treinador rubro-negro, L\u00e9o Cond\u00e9, \u00e9 merecedor de continuar no Le\u00e3o da Barra, em 2024. O executivo falou com exclusividade ao BNews o que pensa sobre a manuten\u00e7\u00e3o ou n\u00e3o do t\u00e9cnico do Vit\u00f3ria para a pr\u00f3xima temporada.<\/p>\n<p>&#8220;Se eu disser que o L\u00e9o n\u00e3o tem know-how, que \u00e9 inexperiente para a S\u00e9rie A, eu tamb\u00e9m sou, ent\u00e3o eu tamb\u00e9m n\u00e3o deveria ficar. O que eu vejo do futebol em geral \u00e9 voc\u00ea ter a capacidade de exercer o trabalho. O que muda para S\u00e9rie A para a S\u00e9rie B \u00e9 o n\u00edvel dos times que s\u00e3o muito maiores. \u00c9 muito mais relacionado ao elenco, ao n\u00edvel t\u00e9cnico que voc\u00ea vai montar. Eu tento desmistificar um pouco isso porque eu n\u00e3o acho que \u00e9 justo&#8221;, destacou o executivo rubro-negro.<\/p>\n<p>\u00cdtalo Rodrigues ainda explicou os motivos para o clube ainda n\u00e3o ter batido o martelo pela perman\u00eancia ou n\u00e3o de L\u00e9o Cond\u00e9. &#8220;Eu n\u00e3o posso cravar o nome do L\u00e9o aqui porque eu tamb\u00e9m n\u00e3o sei se eu vou estar aqui, porque tamb\u00e9m n\u00e3o renovei o meu contrato, mas sem d\u00favida alguma o L\u00e9o \u00e9 muito merecedor. Eu acredito que ele seja merecedor de continuar no Vit\u00f3ria&#8221;, ponderou Rodrigues.]<\/p>\n<p><iframe loading=\"lazy\" width=\"702\" height=\"395\" src=\"https:\/\/www.youtube.com\/embed\/YE1j-DwVPyY\" title=\"Diretor do Vit\u00f3ria abre o jogo sobre renova\u00e7\u00e3o de L\u00e9o Cond\u00e9; assista\" frameborder=\"0\" allow=\"accelerometer; autoplay; clipboard-write; encrypted-media; gyroscope; picture-in-picture; web-share\" allowfullscreen><\/iframe><\/p>\n<p>O diretor ainda comentou sobre essa situa\u00e7\u00e3o de haver &#8216;treinador de S\u00e9rie A e S\u00e9rie B&#8217;. Para ele \u00e9 preciso desmistificar essa quest\u00e3o. &#8220;Tem muito treinador que eu n\u00e3o contrataria para a S\u00e9rie B e que segue treinando na S\u00e9rie A e que muita vezes a torcida acha que \u00e9 um grande treinador, porque simplesmete ele foi rotulado como um treinador de S\u00e9rie A. Eu prefiro pensar um pouco fora da caixa&#8221;, concluiu \u00cdtalo Rodrigues.<\/p>\n<p>Foto: Reprodu\u00e7\u00e3o<br \/>\nBNews<\/p>\n","protected":false},"excerpt":{"rendered":"<p>O diretor de futebol do Vit\u00f3ria, \u00cdtalo Rodrigues, afirmou que o treinador rubro-negro, L\u00e9o Cond\u00e9, \u00e9 merecedor de continuar no<\/p>\n","protected":false},"author":4,"featured_media":10503,"comment_status":"open","ping_status":"open","sticky":false,"template":"","format":"standard","meta":{"colormag_page_container_layout":"default_layout","colormag_page_sidebar_layout":"default_layout","_FSMCFIC_featured_image_caption":"","_FSMCFIC_featured_image_nocaption":"","_FSMCFIC_featured_image_hide":"","footnotes":""},"categories":[4,1],"tags":[],"class_list":["post-10502","post","type-post","status-publish","format-standard","has-post-thumbnail","hentry","category-esporte","category-ultimas"],"yoast_head":"<!-- This site is optimized with the Yoast SEO plugin v27.1.1 - https:\/\/yoast.com\/product\/yoast-seo-wordpress\/ -->\n<title>Diretor do Vit\u00f3ria abre o jogo sobre renova\u00e7\u00e3o de L\u00e9o Cond\u00e9; assista - Brasil not\u00edcias<\/title>\n<meta name=\"robots\" content=\"index, follow, max-snippet:-1, max-image-preview:large, max-video-preview:-1\" \/>\n<link rel=\"canonical\" href=\"https:\/\/brasilnoticias.org\/site\/diretor-do-vitoria-abre-o-jogo-sobre-renovacao-de-leo-conde-assista\/\" \/>\n<meta property=\"og:locale\" content=\"pt_PT\" \/>\n<meta property=\"og:type\" content=\"article\" \/>\n<meta property=\"og:title\" content=\"Diretor do Vit\u00f3ria abre o jogo sobre renova\u00e7\u00e3o de L\u00e9o Cond\u00e9; assista - Brasil not\u00edcias\" \/>\n<meta property=\"og:description\" content=\"O diretor de futebol do Vit\u00f3ria, \u00cdtalo Rodrigues, afirmou que o treinador rubro-negro, L\u00e9o Cond\u00e9, \u00e9 merecedor de continuar no\" \/>\n<meta property=\"og:url\" content=\"https:\/\/brasilnoticias.org\/site\/diretor-do-vitoria-abre-o-jogo-sobre-renovacao-de-leo-conde-assista\/\" \/>\n<meta property=\"og:site_name\" content=\"Brasil not\u00edcias\" \/>\n<meta property=\"article:published_time\" content=\"2023-10-27T22:39:40+00:00\" \/>\n<meta property=\"og:image\" content=\"https:\/\/brasilnoticias.org\/site\/wp-content\/uploads\/2023\/10\/fotos_bnews_8_Q6Nm3TD_widelg.jpg\" \/>\n\t<meta property=\"og:image:width\" content=\"800\" \/>\n\t<meta property=\"og:image:height\" content=\"450\" \/>\n\t<meta property=\"og:image:type\" content=\"image\/jpeg\" \/>\n<meta name=\"author\" content=\"Reda\u00e7\u00e3o\" \/>\n<meta name=\"twitter:card\" content=\"summary_large_image\" \/>\n<meta name=\"twitter:label1\" content=\"Escrito por\" \/>\n\t<meta name=\"twitter:data1\" content=\"Reda\u00e7\u00e3o\" \/>\n<script type=\"application\/ld+json\" class=\"yoast-schema-graph\">{\"@context\":\"https:\/\/schema.org\",\"@graph\":[{\"@type\":\"Article\",\"@id\":\"https:\/\/brasilnoticias.org\/site\/diretor-do-vitoria-abre-o-jogo-sobre-renovacao-de-leo-conde-assista\/#article\",\"isPartOf\":{\"@id\":\"https:\/\/brasilnoticias.org\/site\/diretor-do-vitoria-abre-o-jogo-sobre-renovacao-de-leo-conde-assista\/\"},\"author\":{\"name\":\"Reda\u00e7\u00e3o\",\"@id\":\"https:\/\/brasilnoticias.org\/site\/#\/schema\/person\/03bbbfe6c7634ad18c26444ea39049fa\"},\"headline\":\"Diretor do Vit\u00f3ria abre o jogo sobre renova\u00e7\u00e3o de L\u00e9o Cond\u00e9; assista\",\"datePublished\":\"2023-10-27T22:39:40+00:00\",\"mainEntityOfPage\":{\"@id\":\"https:\/\/brasilnoticias.org\/site\/diretor-do-vitoria-abre-o-jogo-sobre-renovacao-de-leo-conde-assista\/\"},\"wordCount\":335,\"commentCount\":0,\"publisher\":{\"@id\":\"https:\/\/brasilnoticias.org\/site\/#organization\"},\"image\":{\"@id\":\"https:\/\/brasilnoticias.org\/site\/diretor-do-vitoria-abre-o-jogo-sobre-renovacao-de-leo-conde-assista\/#primaryimage\"},\"thumbnailUrl\":\"https:\/\/brasilnoticias.org\/site\/wp-content\/uploads\/2023\/10\/fotos_bnews_8_Q6Nm3TD_widelg.jpg\",\"articleSection\":[\"Esporte\",\"\u00daltimas\"],\"inLanguage\":\"pt-PT\",\"potentialAction\":[{\"@type\":\"CommentAction\",\"name\":\"Comment\",\"target\":[\"https:\/\/brasilnoticias.org\/site\/diretor-do-vitoria-abre-o-jogo-sobre-renovacao-de-leo-conde-assista\/#respond\"]}]},{\"@type\":\"WebPage\",\"@id\":\"https:\/\/brasilnoticias.org\/site\/diretor-do-vitoria-abre-o-jogo-sobre-renovacao-de-leo-conde-assista\/\",\"url\":\"https:\/\/brasilnoticias.org\/site\/diretor-do-vitoria-abre-o-jogo-sobre-renovacao-de-leo-conde-assista\/\",\"name\":\"Diretor do Vit\u00f3ria abre o jogo sobre renova\u00e7\u00e3o de L\u00e9o Cond\u00e9; assista - Brasil not\u00edcias\",\"isPartOf\":{\"@id\":\"https:\/\/brasilnoticias.org\/site\/#website\"},\"primaryImageOfPage\":{\"@id\":\"https:\/\/brasilnoticias.org\/site\/diretor-do-vitoria-abre-o-jogo-sobre-renovacao-de-leo-conde-assista\/#primaryimage\"},\"image\":{\"@id\":\"https:\/\/brasilnoticias.org\/site\/diretor-do-vitoria-abre-o-jogo-sobre-renovacao-de-leo-conde-assista\/#primaryimage\"},\"thumbnailUrl\":\"https:\/\/brasilnoticias.org\/site\/wp-content\/uploads\/2023\/10\/fotos_bnews_8_Q6Nm3TD_widelg.jpg\",\"datePublished\":\"2023-10-27T22:39:40+00:00\",\"breadcrumb\":{\"@id\":\"https:\/\/brasilnoticias.org\/site\/diretor-do-vitoria-abre-o-jogo-sobre-renovacao-de-leo-conde-assista\/#breadcrumb\"},\"inLanguage\":\"pt-PT\",\"potentialAction\":[{\"@type\":\"ReadAction\",\"target\":[\"https:\/\/brasilnoticias.org\/site\/diretor-do-vitoria-abre-o-jogo-sobre-renovacao-de-leo-conde-assista\/\"]}]},{\"@type\":\"ImageObject\",\"inLanguage\":\"pt-PT\",\"@id\":\"https:\/\/brasilnoticias.org\/site\/diretor-do-vitoria-abre-o-jogo-sobre-renovacao-de-leo-conde-assista\/#primaryimage\",\"url\":\"https:\/\/brasilnoticias.org\/site\/wp-content\/uploads\/2023\/10\/fotos_bnews_8_Q6Nm3TD_widelg.jpg\",\"contentUrl\":\"https:\/\/brasilnoticias.org\/site\/wp-content\/uploads\/2023\/10\/fotos_bnews_8_Q6Nm3TD_widelg.jpg\",\"width\":800,\"height\":450},{\"@type\":\"BreadcrumbList\",\"@id\":\"https:\/\/brasilnoticias.org\/site\/diretor-do-vitoria-abre-o-jogo-sobre-renovacao-de-leo-conde-assista\/#breadcrumb\",\"itemListElement\":[{\"@type\":\"ListItem\",\"position\":1,\"name\":\"In\u00edcio\",\"item\":\"https:\/\/brasilnoticias.org\/site\/\"},{\"@type\":\"ListItem\",\"position\":2,\"name\":\"Diretor do Vit\u00f3ria abre o jogo sobre renova\u00e7\u00e3o de L\u00e9o Cond\u00e9; assista\"}]},{\"@type\":\"WebSite\",\"@id\":\"https:\/\/brasilnoticias.org\/site\/#website\",\"url\":\"https:\/\/brasilnoticias.org\/site\/\",\"name\":\"Brasil not\u00edcias\",\"description\":\"Brasil not\u00edcias\",\"publisher\":{\"@id\":\"https:\/\/brasilnoticias.org\/site\/#organization\"},\"potentialAction\":[{\"@type\":\"SearchAction\",\"target\":{\"@type\":\"EntryPoint\",\"urlTemplate\":\"https:\/\/brasilnoticias.org\/site\/?s={search_term_string}\"},\"query-input\":{\"@type\":\"PropertyValueSpecification\",\"valueRequired\":true,\"valueName\":\"search_term_string\"}}],\"inLanguage\":\"pt-PT\"},{\"@type\":\"Organization\",\"@id\":\"https:\/\/brasilnoticias.org\/site\/#organization\",\"name\":\"Brasil not\u00edcias\",\"url\":\"https:\/\/brasilnoticias.org\/site\/\",\"logo\":{\"@type\":\"ImageObject\",\"inLanguage\":\"pt-PT\",\"@id\":\"https:\/\/brasilnoticias.org\/site\/#\/schema\/logo\/image\/\",\"url\":\"https:\/\/brasilnoticias.org\/site\/wp-content\/uploads\/2022\/05\/cropped-brasilnoticias-mini.jpg\",\"contentUrl\":\"https:\/\/brasilnoticias.org\/site\/wp-content\/uploads\/2022\/05\/cropped-brasilnoticias-mini.jpg\",\"width\":314,\"height\":86,\"caption\":\"Brasil not\u00edcias\"},\"image\":{\"@id\":\"https:\/\/brasilnoticias.org\/site\/#\/schema\/logo\/image\/\"}},{\"@type\":\"Person\",\"@id\":\"https:\/\/brasilnoticias.org\/site\/#\/schema\/person\/03bbbfe6c7634ad18c26444ea39049fa\",\"name\":\"Reda\u00e7\u00e3o\",\"image\":{\"@type\":\"ImageObject\",\"inLanguage\":\"pt-PT\",\"@id\":\"https:\/\/brasilnoticias.org\/site\/#\/schema\/person\/image\/\",\"url\":\"https:\/\/secure.gravatar.com\/avatar\/9ecaf7327a696cb23ad926fedded5f1f04d7049de9e445375d55b48c001a6e42?s=96&d=mm&r=g\",\"contentUrl\":\"https:\/\/secure.gravatar.com\/avatar\/9ecaf7327a696cb23ad926fedded5f1f04d7049de9e445375d55b48c001a6e42?s=96&d=mm&r=g\",\"caption\":\"Reda\u00e7\u00e3o\"},\"url\":\"https:\/\/brasilnoticias.org\/site\/author\/henrique\/\"}]}<\/script>\n<!-- \/ Yoast SEO plugin. -->","yoast_head_json":{"title":"Diretor do Vit\u00f3ria abre o jogo sobre renova\u00e7\u00e3o de L\u00e9o Cond\u00e9; assista - Brasil not\u00edcias","robots":{"index":"index","follow":"follow","max-snippet":"max-snippet:-1","max-image-preview":"max-image-preview:large","max-video-preview":"max-video-preview:-1"},"canonical":"https:\/\/brasilnoticias.org\/site\/diretor-do-vitoria-abre-o-jogo-sobre-renovacao-de-leo-conde-assista\/","og_locale":"pt_PT","og_type":"article","og_title":"Diretor do Vit\u00f3ria abre o jogo sobre renova\u00e7\u00e3o de L\u00e9o Cond\u00e9; assista - Brasil not\u00edcias","og_description":"O diretor de futebol do Vit\u00f3ria, \u00cdtalo Rodrigues, afirmou que o treinador rubro-negro, L\u00e9o Cond\u00e9, \u00e9 merecedor de continuar no","og_url":"https:\/\/brasilnoticias.org\/site\/diretor-do-vitoria-abre-o-jogo-sobre-renovacao-de-leo-conde-assista\/","og_site_name":"Brasil not\u00edcias","article_published_time":"2023-10-27T22:39:40+00:00","og_image":[{"width":800,"height":450,"url":"https:\/\/brasilnoticias.org\/site\/wp-content\/uploads\/2023\/10\/fotos_bnews_8_Q6Nm3TD_widelg.jpg","type":"image\/jpeg"}],"author":"Reda\u00e7\u00e3o","twitter_card":"summary_large_image","twitter_misc":{"Escrito por":"Reda\u00e7\u00e3o"},"schema":{"@context":"https:\/\/schema.org","@graph":[{"@type":"Article","@id":"https:\/\/brasilnoticias.org\/site\/diretor-do-vitoria-abre-o-jogo-sobre-renovacao-de-leo-conde-assista\/#article","isPartOf":{"@id":"https:\/\/brasilnoticias.org\/site\/diretor-do-vitoria-abre-o-jogo-sobre-renovacao-de-leo-conde-assista\/"},"author":{"name":"Reda\u00e7\u00e3o","@id":"https:\/\/brasilnoticias.org\/site\/#\/schema\/person\/03bbbfe6c7634ad18c26444ea39049fa"},"headline":"Diretor do Vit\u00f3ria abre o jogo sobre renova\u00e7\u00e3o de L\u00e9o Cond\u00e9; assista","datePublished":"2023-10-27T22:39:40+00:00","mainEntityOfPage":{"@id":"https:\/\/brasilnoticias.org\/site\/diretor-do-vitoria-abre-o-jogo-sobre-renovacao-de-leo-conde-assista\/"},"wordCount":335,"commentCount":0,"publisher":{"@id":"https:\/\/brasilnoticias.org\/site\/#organization"},"image":{"@id":"https:\/\/brasilnoticias.org\/site\/diretor-do-vitoria-abre-o-jogo-sobre-renovacao-de-leo-conde-assista\/#primaryimage"},"thumbnailUrl":"https:\/\/brasilnoticias.org\/site\/wp-content\/uploads\/2023\/10\/fotos_bnews_8_Q6Nm3TD_widelg.jpg","articleSection":["Esporte","\u00daltimas"],"inLanguage":"pt-PT","potentialAction":[{"@type":"CommentAction","name":"Comment","target":["https:\/\/brasilnoticias.org\/site\/diretor-do-vitoria-abre-o-jogo-sobre-renovacao-de-leo-conde-assista\/#respond"]}]},{"@type":"WebPage","@id":"https:\/\/brasilnoticias.org\/site\/diretor-do-vitoria-abre-o-jogo-sobre-renovacao-de-leo-conde-assista\/","url":"https:\/\/brasilnoticias.org\/site\/diretor-do-vitoria-abre-o-jogo-sobre-renovacao-de-leo-conde-assista\/","name":"Diretor do Vit\u00f3ria abre o jogo sobre renova\u00e7\u00e3o de L\u00e9o Cond\u00e9; assista - Brasil not\u00edcias","isPartOf":{"@id":"https:\/\/brasilnoticias.org\/site\/#website"},"primaryImageOfPage":{"@id":"https:\/\/brasilnoticias.org\/site\/diretor-do-vitoria-abre-o-jogo-sobre-renovacao-de-leo-conde-assista\/#primaryimage"},"image":{"@id":"https:\/\/brasilnoticias.org\/site\/diretor-do-vitoria-abre-o-jogo-sobre-renovacao-de-leo-conde-assista\/#primaryimage"},"thumbnailUrl":"https:\/\/brasilnoticias.org\/site\/wp-content\/uploads\/2023\/10\/fotos_bnews_8_Q6Nm3TD_widelg.jpg","datePublished":"2023-10-27T22:39:40+00:00","breadcrumb":{"@id":"https:\/\/brasilnoticias.org\/site\/diretor-do-vitoria-abre-o-jogo-sobre-renovacao-de-leo-conde-assista\/#breadcrumb"},"inLanguage":"pt-PT","potentialAction":[{"@type":"ReadAction","target":["https:\/\/brasilnoticias.org\/site\/diretor-do-vitoria-abre-o-jogo-sobre-renovacao-de-leo-conde-assista\/"]}]},{"@type":"ImageObject","inLanguage":"pt-PT","@id":"https:\/\/brasilnoticias.org\/site\/diretor-do-vitoria-abre-o-jogo-sobre-renovacao-de-leo-conde-assista\/#primaryimage","url":"https:\/\/brasilnoticias.org\/site\/wp-content\/uploads\/2023\/10\/fotos_bnews_8_Q6Nm3TD_widelg.jpg","contentUrl":"https:\/\/brasilnoticias.org\/site\/wp-content\/uploads\/2023\/10\/fotos_bnews_8_Q6Nm3TD_widelg.jpg","width":800,"height":450},{"@type":"BreadcrumbList","@id":"https:\/\/brasilnoticias.org\/site\/diretor-do-vitoria-abre-o-jogo-sobre-renovacao-de-leo-conde-assista\/#breadcrumb","itemListElement":[{"@type":"ListItem","position":1,"name":"In\u00edcio","item":"https:\/\/brasilnoticias.org\/site\/"},{"@type":"ListItem","position":2,"name":"Diretor do Vit\u00f3ria abre o jogo sobre renova\u00e7\u00e3o de L\u00e9o Cond\u00e9; assista"}]},{"@type":"WebSite","@id":"https:\/\/brasilnoticias.org\/site\/#website","url":"https:\/\/brasilnoticias.org\/site\/","name":"Brasil not\u00edcias","description":"Brasil not\u00edcias","publisher":{"@id":"https:\/\/brasilnoticias.org\/site\/#organization"},"potentialAction":[{"@type":"SearchAction","target":{"@type":"EntryPoint","urlTemplate":"https:\/\/brasilnoticias.org\/site\/?s={search_term_string}"},"query-input":{"@type":"PropertyValueSpecification","valueRequired":true,"valueName":"search_term_string"}}],"inLanguage":"pt-PT"},{"@type":"Organization","@id":"https:\/\/brasilnoticias.org\/site\/#organization","name":"Brasil not\u00edcias","url":"https:\/\/brasilnoticias.org\/site\/","logo":{"@type":"ImageObject","inLanguage":"pt-PT","@id":"https:\/\/brasilnoticias.org\/site\/#\/schema\/logo\/image\/","url":"https:\/\/brasilnoticias.org\/site\/wp-content\/uploads\/2022\/05\/cropped-brasilnoticias-mini.jpg","contentUrl":"https:\/\/brasilnoticias.org\/site\/wp-content\/uploads\/2022\/05\/cropped-brasilnoticias-mini.jpg","width":314,"height":86,"caption":"Brasil not\u00edcias"},"image":{"@id":"https:\/\/brasilnoticias.org\/site\/#\/schema\/logo\/image\/"}},{"@type":"Person","@id":"https:\/\/brasilnoticias.org\/site\/#\/schema\/person\/03bbbfe6c7634ad18c26444ea39049fa","name":"Reda\u00e7\u00e3o","image":{"@type":"ImageObject","inLanguage":"pt-PT","@id":"https:\/\/brasilnoticias.org\/site\/#\/schema\/person\/image\/","url":"https:\/\/secure.gravatar.com\/avatar\/9ecaf7327a696cb23ad926fedded5f1f04d7049de9e445375d55b48c001a6e42?s=96&d=mm&r=g","contentUrl":"https:\/\/secure.gravatar.com\/avatar\/9ecaf7327a696cb23ad926fedded5f1f04d7049de9e445375d55b48c001a6e42?s=96&d=mm&r=g","caption":"Reda\u00e7\u00e3o"},"url":"https:\/\/brasilnoticias.org\/site\/author\/henrique\/"}]}},"_links":{"self":[{"href":"https:\/\/brasilnoticias.org\/site\/wp-json\/wp\/v2\/posts\/10502","targetHints":{"allow":["GET"]}}],"collection":[{"href":"https:\/\/brasilnoticias.org\/site\/wp-json\/wp\/v2\/posts"}],"about":[{"href":"https:\/\/brasilnoticias.org\/site\/wp-json\/wp\/v2\/types\/post"}],"author":[{"embeddable":true,"href":"https:\/\/brasilnoticias.org\/site\/wp-json\/wp\/v2\/users\/4"}],"replies":[{"embeddable":true,"href":"https:\/\/brasilnoticias.org\/site\/wp-json\/wp\/v2\/comments?post=10502"}],"version-history":[{"count":1,"href":"https:\/\/brasilnoticias.org\/site\/wp-json\/wp\/v2\/posts\/10502\/revisions"}],"predecessor-version":[{"id":10504,"href":"https:\/\/brasilnoticias.org\/site\/wp-json\/wp\/v2\/posts\/10502\/revisions\/10504"}],"wp:featuredmedia":[{"embeddable":true,"href":"https:\/\/brasilnoticias.org\/site\/wp-json\/wp\/v2\/media\/10503"}],"wp:attachment":[{"href":"https:\/\/brasilnoticias.org\/site\/wp-json\/wp\/v2\/media?parent=10502"}],"wp:term":[{"taxonomy":"category","embeddable":true,"href":"https:\/\/brasilnoticias.org\/site\/wp-json\/wp\/v2\/categories?post=10502"},{"taxonomy":"post_tag","embeddable":true,"href":"https:\/\/brasilnoticias.org\/site\/wp-json\/wp\/v2\/tags?post=10502"}],"curies":[{"name":"wp","href":"https:\/\/api.w.org\/{rel}","templated":true}]}}