{"id":10523,"date":"2023-10-28T07:00:45","date_gmt":"2023-10-28T10:00:45","guid":{"rendered":"https:\/\/brasilnoticias.org\/site\/?p=10523"},"modified":"2023-10-27T19:55:10","modified_gmt":"2023-10-27T22:55:10","slug":"educacao-e-o-caminho-para-combater-criminalidade-diz-barroso","status":"publish","type":"post","link":"https:\/\/brasilnoticias.org\/site\/educacao-e-o-caminho-para-combater-criminalidade-diz-barroso\/","title":{"rendered":"Educa\u00e7\u00e3o \u00e9 o caminho para combater criminalidade, diz Barroso"},"content":{"rendered":"<p>Presidente do STF defende que o mais importante que um pa\u00eds pode fazer pelos seus filhos \u00e9 dar educa\u00e7\u00e3o b\u00e1sica de qualidade desde a primeira idade<\/p>\n<p>Educa\u00e7\u00e3o \u00e9 o que faz diferen\u00e7a na vida das pessoas, defende Lu\u00eds Roberto Barroso, presidente do Supremo Tribunal Federal (STF) e do Conselho Nacional de Justi\u00e7a (CNJ). Ele destacou que 57% dos internos no sistema penitenci\u00e1rio n\u00e3o completaram o ensino fundamental.<\/p>\n<p>Durante participa\u00e7\u00e3o no evento A leitura nos espa\u00e7os de priva\u00e7\u00e3o de liberdade &#8211; Encontro nacional de gestores de leitura em ambientes prisionais, na Biblioteca Nacional do Rio de Janeiro, Barroso afirmou que h\u00e1 uma conex\u00e3o direta entre baixa escolaridade e presen\u00e7a no sistema prisional.<\/p>\n<p>&#8220;O mais importante para combater a criminalidade e o encarceramento \u00e9 investir em educa\u00e7\u00e3o b\u00e1sica. O mais importante que um pa\u00eds pode fazer pelos seus filhos \u00e9 dar educa\u00e7\u00e3o b\u00e1sica de qualidade desde a primeira idade. Com isso, n\u00e3o precisaremos aumentar vagas no sistema penitenci\u00e1rio&#8221;, afirmou o presidente do STF.<\/p>\n<p>Barroso lembrou que pelo direito brasileiro, atrav\u00e9s da leitura a pessoa encarcerada pode diminuir a pena, pois a cada livro lido, o interno reduz em 4 dias a sua perman\u00eancia na pris\u00e3o at\u00e9 o m\u00e1ximo de 48 dias por ano.<\/p>\n<p>Segundo o Censo Nacional de Leitura em Pris\u00f5es, divulgado na quinta-feira (26), pouca gente consegue ter acesso \u00e0 remi\u00e7\u00e3o da pena. O estudo mostra que as atividades de leitura nos pres\u00eddios enfrentam uma s\u00e9rie de dificuldades, como a proibi\u00e7\u00e3o de t\u00edtulos, exclus\u00e3o de pessoas presas com baixa escolaridade e migrantes, al\u00e9m da falta transpar\u00eancia em rela\u00e7\u00e3o \u00e0 remi\u00e7\u00e3o da pena.<\/p>\n<p>Foto: Fernando Fraz\u00e3o\/Ag\u00eancia Brasil<br \/>\nPor: Metro1<\/p>\n","protected":false},"excerpt":{"rendered":"<p>Presidente do STF defende que o mais importante que um pa\u00eds pode fazer pelos seus filhos \u00e9 dar educa\u00e7\u00e3o b\u00e1sica<\/p>\n","protected":false},"author":4,"featured_media":10524,"comment_status":"open","ping_status":"open","sticky":false,"template":"","format":"standard","meta":{"colormag_page_container_layout":"default_layout","colormag_page_sidebar_layout":"default_layout","_FSMCFIC_featured_image_caption":"","_FSMCFIC_featured_image_nocaption":"","_FSMCFIC_featured_image_hide":"","footnotes":""},"categories":[7,1],"tags":[],"class_list":["post-10523","post","type-post","status-publish","format-standard","has-post-thumbnail","hentry","category-justica","category-ultimas"],"yoast_head":"<!-- This site is optimized with the Yoast SEO plugin v27.1.1 - https:\/\/yoast.com\/product\/yoast-seo-wordpress\/ -->\n<title>Educa\u00e7\u00e3o \u00e9 o caminho para combater criminalidade, diz Barroso - Brasil not\u00edcias<\/title>\n<meta name=\"robots\" content=\"index, follow, max-snippet:-1, max-image-preview:large, max-video-preview:-1\" \/>\n<link rel=\"canonical\" href=\"https:\/\/brasilnoticias.org\/site\/educacao-e-o-caminho-para-combater-criminalidade-diz-barroso\/\" \/>\n<meta property=\"og:locale\" content=\"pt_PT\" \/>\n<meta property=\"og:type\" content=\"article\" \/>\n<meta property=\"og:title\" content=\"Educa\u00e7\u00e3o \u00e9 o caminho para combater criminalidade, diz Barroso - Brasil not\u00edcias\" \/>\n<meta property=\"og:description\" content=\"Presidente do STF defende que o mais importante que um pa\u00eds pode fazer pelos seus filhos \u00e9 dar educa\u00e7\u00e3o b\u00e1sica\" \/>\n<meta property=\"og:url\" content=\"https:\/\/brasilnoticias.org\/site\/educacao-e-o-caminho-para-combater-criminalidade-diz-barroso\/\" \/>\n<meta property=\"og:site_name\" content=\"Brasil not\u00edcias\" \/>\n<meta property=\"article:published_time\" content=\"2023-10-28T10:00:45+00:00\" \/>\n<meta property=\"og:image\" content=\"https:\/\/brasilnoticias.org\/site\/wp-content\/uploads\/2023\/10\/142513educacao-e-o-caminho-para-combater-criminalidade-diz-barroso-3.jpg\" \/>\n\t<meta property=\"og:image:width\" content=\"1600\" \/>\n\t<meta property=\"og:image:height\" content=\"752\" \/>\n\t<meta property=\"og:image:type\" content=\"image\/jpeg\" \/>\n<meta name=\"author\" content=\"Reda\u00e7\u00e3o\" \/>\n<meta name=\"twitter:card\" content=\"summary_large_image\" \/>\n<meta name=\"twitter:label1\" content=\"Escrito por\" \/>\n\t<meta name=\"twitter:data1\" content=\"Reda\u00e7\u00e3o\" \/>\n<script type=\"application\/ld+json\" class=\"yoast-schema-graph\">{\"@context\":\"https:\/\/schema.org\",\"@graph\":[{\"@type\":\"Article\",\"@id\":\"https:\/\/brasilnoticias.org\/site\/educacao-e-o-caminho-para-combater-criminalidade-diz-barroso\/#article\",\"isPartOf\":{\"@id\":\"https:\/\/brasilnoticias.org\/site\/educacao-e-o-caminho-para-combater-criminalidade-diz-barroso\/\"},\"author\":{\"name\":\"Reda\u00e7\u00e3o\",\"@id\":\"https:\/\/brasilnoticias.org\/site\/#\/schema\/person\/03bbbfe6c7634ad18c26444ea39049fa\"},\"headline\":\"Educa\u00e7\u00e3o \u00e9 o caminho para combater criminalidade, diz Barroso\",\"datePublished\":\"2023-10-28T10:00:45+00:00\",\"mainEntityOfPage\":{\"@id\":\"https:\/\/brasilnoticias.org\/site\/educacao-e-o-caminho-para-combater-criminalidade-diz-barroso\/\"},\"wordCount\":305,\"commentCount\":0,\"publisher\":{\"@id\":\"https:\/\/brasilnoticias.org\/site\/#organization\"},\"image\":{\"@id\":\"https:\/\/brasilnoticias.org\/site\/educacao-e-o-caminho-para-combater-criminalidade-diz-barroso\/#primaryimage\"},\"thumbnailUrl\":\"https:\/\/brasilnoticias.org\/site\/wp-content\/uploads\/2023\/10\/142513educacao-e-o-caminho-para-combater-criminalidade-diz-barroso-3.jpg\",\"articleSection\":[\"Justi\u00e7a\",\"\u00daltimas\"],\"inLanguage\":\"pt-PT\",\"potentialAction\":[{\"@type\":\"CommentAction\",\"name\":\"Comment\",\"target\":[\"https:\/\/brasilnoticias.org\/site\/educacao-e-o-caminho-para-combater-criminalidade-diz-barroso\/#respond\"]}]},{\"@type\":\"WebPage\",\"@id\":\"https:\/\/brasilnoticias.org\/site\/educacao-e-o-caminho-para-combater-criminalidade-diz-barroso\/\",\"url\":\"https:\/\/brasilnoticias.org\/site\/educacao-e-o-caminho-para-combater-criminalidade-diz-barroso\/\",\"name\":\"Educa\u00e7\u00e3o \u00e9 o caminho para combater criminalidade, diz Barroso - Brasil not\u00edcias\",\"isPartOf\":{\"@id\":\"https:\/\/brasilnoticias.org\/site\/#website\"},\"primaryImageOfPage\":{\"@id\":\"https:\/\/brasilnoticias.org\/site\/educacao-e-o-caminho-para-combater-criminalidade-diz-barroso\/#primaryimage\"},\"image\":{\"@id\":\"https:\/\/brasilnoticias.org\/site\/educacao-e-o-caminho-para-combater-criminalidade-diz-barroso\/#primaryimage\"},\"thumbnailUrl\":\"https:\/\/brasilnoticias.org\/site\/wp-content\/uploads\/2023\/10\/142513educacao-e-o-caminho-para-combater-criminalidade-diz-barroso-3.jpg\",\"datePublished\":\"2023-10-28T10:00:45+00:00\",\"breadcrumb\":{\"@id\":\"https:\/\/brasilnoticias.org\/site\/educacao-e-o-caminho-para-combater-criminalidade-diz-barroso\/#breadcrumb\"},\"inLanguage\":\"pt-PT\",\"potentialAction\":[{\"@type\":\"ReadAction\",\"target\":[\"https:\/\/brasilnoticias.org\/site\/educacao-e-o-caminho-para-combater-criminalidade-diz-barroso\/\"]}]},{\"@type\":\"ImageObject\",\"inLanguage\":\"pt-PT\",\"@id\":\"https:\/\/brasilnoticias.org\/site\/educacao-e-o-caminho-para-combater-criminalidade-diz-barroso\/#primaryimage\",\"url\":\"https:\/\/brasilnoticias.org\/site\/wp-content\/uploads\/2023\/10\/142513educacao-e-o-caminho-para-combater-criminalidade-diz-barroso-3.jpg\",\"contentUrl\":\"https:\/\/brasilnoticias.org\/site\/wp-content\/uploads\/2023\/10\/142513educacao-e-o-caminho-para-combater-criminalidade-diz-barroso-3.jpg\",\"width\":1600,\"height\":752},{\"@type\":\"BreadcrumbList\",\"@id\":\"https:\/\/brasilnoticias.org\/site\/educacao-e-o-caminho-para-combater-criminalidade-diz-barroso\/#breadcrumb\",\"itemListElement\":[{\"@type\":\"ListItem\",\"position\":1,\"name\":\"In\u00edcio\",\"item\":\"https:\/\/brasilnoticias.org\/site\/\"},{\"@type\":\"ListItem\",\"position\":2,\"name\":\"Educa\u00e7\u00e3o \u00e9 o caminho para combater criminalidade, diz Barroso\"}]},{\"@type\":\"WebSite\",\"@id\":\"https:\/\/brasilnoticias.org\/site\/#website\",\"url\":\"https:\/\/brasilnoticias.org\/site\/\",\"name\":\"Brasil not\u00edcias\",\"description\":\"Brasil not\u00edcias\",\"publisher\":{\"@id\":\"https:\/\/brasilnoticias.org\/site\/#organization\"},\"potentialAction\":[{\"@type\":\"SearchAction\",\"target\":{\"@type\":\"EntryPoint\",\"urlTemplate\":\"https:\/\/brasilnoticias.org\/site\/?s={search_term_string}\"},\"query-input\":{\"@type\":\"PropertyValueSpecification\",\"valueRequired\":true,\"valueName\":\"search_term_string\"}}],\"inLanguage\":\"pt-PT\"},{\"@type\":\"Organization\",\"@id\":\"https:\/\/brasilnoticias.org\/site\/#organization\",\"name\":\"Brasil not\u00edcias\",\"url\":\"https:\/\/brasilnoticias.org\/site\/\",\"logo\":{\"@type\":\"ImageObject\",\"inLanguage\":\"pt-PT\",\"@id\":\"https:\/\/brasilnoticias.org\/site\/#\/schema\/logo\/image\/\",\"url\":\"https:\/\/brasilnoticias.org\/site\/wp-content\/uploads\/2022\/05\/cropped-brasilnoticias-mini.jpg\",\"contentUrl\":\"https:\/\/brasilnoticias.org\/site\/wp-content\/uploads\/2022\/05\/cropped-brasilnoticias-mini.jpg\",\"width\":314,\"height\":86,\"caption\":\"Brasil not\u00edcias\"},\"image\":{\"@id\":\"https:\/\/brasilnoticias.org\/site\/#\/schema\/logo\/image\/\"}},{\"@type\":\"Person\",\"@id\":\"https:\/\/brasilnoticias.org\/site\/#\/schema\/person\/03bbbfe6c7634ad18c26444ea39049fa\",\"name\":\"Reda\u00e7\u00e3o\",\"image\":{\"@type\":\"ImageObject\",\"inLanguage\":\"pt-PT\",\"@id\":\"https:\/\/brasilnoticias.org\/site\/#\/schema\/person\/image\/\",\"url\":\"https:\/\/secure.gravatar.com\/avatar\/9ecaf7327a696cb23ad926fedded5f1f04d7049de9e445375d55b48c001a6e42?s=96&d=mm&r=g\",\"contentUrl\":\"https:\/\/secure.gravatar.com\/avatar\/9ecaf7327a696cb23ad926fedded5f1f04d7049de9e445375d55b48c001a6e42?s=96&d=mm&r=g\",\"caption\":\"Reda\u00e7\u00e3o\"},\"url\":\"https:\/\/brasilnoticias.org\/site\/author\/henrique\/\"}]}<\/script>\n<!-- \/ Yoast SEO plugin. -->","yoast_head_json":{"title":"Educa\u00e7\u00e3o \u00e9 o caminho para combater criminalidade, diz Barroso - Brasil not\u00edcias","robots":{"index":"index","follow":"follow","max-snippet":"max-snippet:-1","max-image-preview":"max-image-preview:large","max-video-preview":"max-video-preview:-1"},"canonical":"https:\/\/brasilnoticias.org\/site\/educacao-e-o-caminho-para-combater-criminalidade-diz-barroso\/","og_locale":"pt_PT","og_type":"article","og_title":"Educa\u00e7\u00e3o \u00e9 o caminho para combater criminalidade, diz Barroso - Brasil not\u00edcias","og_description":"Presidente do STF defende que o mais importante que um pa\u00eds pode fazer pelos seus filhos \u00e9 dar educa\u00e7\u00e3o b\u00e1sica","og_url":"https:\/\/brasilnoticias.org\/site\/educacao-e-o-caminho-para-combater-criminalidade-diz-barroso\/","og_site_name":"Brasil not\u00edcias","article_published_time":"2023-10-28T10:00:45+00:00","og_image":[{"width":1600,"height":752,"url":"https:\/\/brasilnoticias.org\/site\/wp-content\/uploads\/2023\/10\/142513educacao-e-o-caminho-para-combater-criminalidade-diz-barroso-3.jpg","type":"image\/jpeg"}],"author":"Reda\u00e7\u00e3o","twitter_card":"summary_large_image","twitter_misc":{"Escrito por":"Reda\u00e7\u00e3o"},"schema":{"@context":"https:\/\/schema.org","@graph":[{"@type":"Article","@id":"https:\/\/brasilnoticias.org\/site\/educacao-e-o-caminho-para-combater-criminalidade-diz-barroso\/#article","isPartOf":{"@id":"https:\/\/brasilnoticias.org\/site\/educacao-e-o-caminho-para-combater-criminalidade-diz-barroso\/"},"author":{"name":"Reda\u00e7\u00e3o","@id":"https:\/\/brasilnoticias.org\/site\/#\/schema\/person\/03bbbfe6c7634ad18c26444ea39049fa"},"headline":"Educa\u00e7\u00e3o \u00e9 o caminho para combater criminalidade, diz Barroso","datePublished":"2023-10-28T10:00:45+00:00","mainEntityOfPage":{"@id":"https:\/\/brasilnoticias.org\/site\/educacao-e-o-caminho-para-combater-criminalidade-diz-barroso\/"},"wordCount":305,"commentCount":0,"publisher":{"@id":"https:\/\/brasilnoticias.org\/site\/#organization"},"image":{"@id":"https:\/\/brasilnoticias.org\/site\/educacao-e-o-caminho-para-combater-criminalidade-diz-barroso\/#primaryimage"},"thumbnailUrl":"https:\/\/brasilnoticias.org\/site\/wp-content\/uploads\/2023\/10\/142513educacao-e-o-caminho-para-combater-criminalidade-diz-barroso-3.jpg","articleSection":["Justi\u00e7a","\u00daltimas"],"inLanguage":"pt-PT","potentialAction":[{"@type":"CommentAction","name":"Comment","target":["https:\/\/brasilnoticias.org\/site\/educacao-e-o-caminho-para-combater-criminalidade-diz-barroso\/#respond"]}]},{"@type":"WebPage","@id":"https:\/\/brasilnoticias.org\/site\/educacao-e-o-caminho-para-combater-criminalidade-diz-barroso\/","url":"https:\/\/brasilnoticias.org\/site\/educacao-e-o-caminho-para-combater-criminalidade-diz-barroso\/","name":"Educa\u00e7\u00e3o \u00e9 o caminho para combater criminalidade, diz Barroso - Brasil not\u00edcias","isPartOf":{"@id":"https:\/\/brasilnoticias.org\/site\/#website"},"primaryImageOfPage":{"@id":"https:\/\/brasilnoticias.org\/site\/educacao-e-o-caminho-para-combater-criminalidade-diz-barroso\/#primaryimage"},"image":{"@id":"https:\/\/brasilnoticias.org\/site\/educacao-e-o-caminho-para-combater-criminalidade-diz-barroso\/#primaryimage"},"thumbnailUrl":"https:\/\/brasilnoticias.org\/site\/wp-content\/uploads\/2023\/10\/142513educacao-e-o-caminho-para-combater-criminalidade-diz-barroso-3.jpg","datePublished":"2023-10-28T10:00:45+00:00","breadcrumb":{"@id":"https:\/\/brasilnoticias.org\/site\/educacao-e-o-caminho-para-combater-criminalidade-diz-barroso\/#breadcrumb"},"inLanguage":"pt-PT","potentialAction":[{"@type":"ReadAction","target":["https:\/\/brasilnoticias.org\/site\/educacao-e-o-caminho-para-combater-criminalidade-diz-barroso\/"]}]},{"@type":"ImageObject","inLanguage":"pt-PT","@id":"https:\/\/brasilnoticias.org\/site\/educacao-e-o-caminho-para-combater-criminalidade-diz-barroso\/#primaryimage","url":"https:\/\/brasilnoticias.org\/site\/wp-content\/uploads\/2023\/10\/142513educacao-e-o-caminho-para-combater-criminalidade-diz-barroso-3.jpg","contentUrl":"https:\/\/brasilnoticias.org\/site\/wp-content\/uploads\/2023\/10\/142513educacao-e-o-caminho-para-combater-criminalidade-diz-barroso-3.jpg","width":1600,"height":752},{"@type":"BreadcrumbList","@id":"https:\/\/brasilnoticias.org\/site\/educacao-e-o-caminho-para-combater-criminalidade-diz-barroso\/#breadcrumb","itemListElement":[{"@type":"ListItem","position":1,"name":"In\u00edcio","item":"https:\/\/brasilnoticias.org\/site\/"},{"@type":"ListItem","position":2,"name":"Educa\u00e7\u00e3o \u00e9 o caminho para combater criminalidade, diz Barroso"}]},{"@type":"WebSite","@id":"https:\/\/brasilnoticias.org\/site\/#website","url":"https:\/\/brasilnoticias.org\/site\/","name":"Brasil not\u00edcias","description":"Brasil not\u00edcias","publisher":{"@id":"https:\/\/brasilnoticias.org\/site\/#organization"},"potentialAction":[{"@type":"SearchAction","target":{"@type":"EntryPoint","urlTemplate":"https:\/\/brasilnoticias.org\/site\/?s={search_term_string}"},"query-input":{"@type":"PropertyValueSpecification","valueRequired":true,"valueName":"search_term_string"}}],"inLanguage":"pt-PT"},{"@type":"Organization","@id":"https:\/\/brasilnoticias.org\/site\/#organization","name":"Brasil not\u00edcias","url":"https:\/\/brasilnoticias.org\/site\/","logo":{"@type":"ImageObject","inLanguage":"pt-PT","@id":"https:\/\/brasilnoticias.org\/site\/#\/schema\/logo\/image\/","url":"https:\/\/brasilnoticias.org\/site\/wp-content\/uploads\/2022\/05\/cropped-brasilnoticias-mini.jpg","contentUrl":"https:\/\/brasilnoticias.org\/site\/wp-content\/uploads\/2022\/05\/cropped-brasilnoticias-mini.jpg","width":314,"height":86,"caption":"Brasil not\u00edcias"},"image":{"@id":"https:\/\/brasilnoticias.org\/site\/#\/schema\/logo\/image\/"}},{"@type":"Person","@id":"https:\/\/brasilnoticias.org\/site\/#\/schema\/person\/03bbbfe6c7634ad18c26444ea39049fa","name":"Reda\u00e7\u00e3o","image":{"@type":"ImageObject","inLanguage":"pt-PT","@id":"https:\/\/brasilnoticias.org\/site\/#\/schema\/person\/image\/","url":"https:\/\/secure.gravatar.com\/avatar\/9ecaf7327a696cb23ad926fedded5f1f04d7049de9e445375d55b48c001a6e42?s=96&d=mm&r=g","contentUrl":"https:\/\/secure.gravatar.com\/avatar\/9ecaf7327a696cb23ad926fedded5f1f04d7049de9e445375d55b48c001a6e42?s=96&d=mm&r=g","caption":"Reda\u00e7\u00e3o"},"url":"https:\/\/brasilnoticias.org\/site\/author\/henrique\/"}]}},"_links":{"self":[{"href":"https:\/\/brasilnoticias.org\/site\/wp-json\/wp\/v2\/posts\/10523","targetHints":{"allow":["GET"]}}],"collection":[{"href":"https:\/\/brasilnoticias.org\/site\/wp-json\/wp\/v2\/posts"}],"about":[{"href":"https:\/\/brasilnoticias.org\/site\/wp-json\/wp\/v2\/types\/post"}],"author":[{"embeddable":true,"href":"https:\/\/brasilnoticias.org\/site\/wp-json\/wp\/v2\/users\/4"}],"replies":[{"embeddable":true,"href":"https:\/\/brasilnoticias.org\/site\/wp-json\/wp\/v2\/comments?post=10523"}],"version-history":[{"count":1,"href":"https:\/\/brasilnoticias.org\/site\/wp-json\/wp\/v2\/posts\/10523\/revisions"}],"predecessor-version":[{"id":10525,"href":"https:\/\/brasilnoticias.org\/site\/wp-json\/wp\/v2\/posts\/10523\/revisions\/10525"}],"wp:featuredmedia":[{"embeddable":true,"href":"https:\/\/brasilnoticias.org\/site\/wp-json\/wp\/v2\/media\/10524"}],"wp:attachment":[{"href":"https:\/\/brasilnoticias.org\/site\/wp-json\/wp\/v2\/media?parent=10523"}],"wp:term":[{"taxonomy":"category","embeddable":true,"href":"https:\/\/brasilnoticias.org\/site\/wp-json\/wp\/v2\/categories?post=10523"},{"taxonomy":"post_tag","embeddable":true,"href":"https:\/\/brasilnoticias.org\/site\/wp-json\/wp\/v2\/tags?post=10523"}],"curies":[{"name":"wp","href":"https:\/\/api.w.org\/{rel}","templated":true}]}}